{"id":5839,"date":"2021-01-03T21:42:00","date_gmt":"2021-01-03T20:42:00","guid":{"rendered":"https:\/\/santbult.es\/?p=5839"},"modified":"2023-11-29T22:01:35","modified_gmt":"2023-11-29T21:01:35","slug":"subscripcio","status":"publish","type":"post","link":"https:\/\/santbult.es\/va\/subscripcio\/","title":{"rendered":"Subscripci\u00f3"},"content":{"rendered":"<p>Usa el <a href=\"https:\/\/santbult.es\/va\/subscripcio\/\">formulari de subscripci\u00f3<\/a> i no et pergues cap de les not\u00edcies de la Festa de Sant Bult.<\/p>\n<p>\u00c9s gratu\u00eft i confidencial, les senyes que nos facilites seran guardats en el nostre ficher de senyes i s&#8217;usaren sol i exclusivament per a l&#8217;enviament de les not\u00edcies que publiquem en la nostra p\u00e0gina web: <a href=\"https:\/\/santbult.es\/va\">https:\/\/santbult.es\/va<\/a><\/p>\n<p>Esperem que et subscrigues i pugues seguir conectat a la p\u00e0gina de Sant Bult i enterar-te abans que ning\u00fa de les nostres not\u00edcies.<\/p>\n<p>\t\t\t<iframe loading=\"lazy\" width=\"540\" height=\"900\" src=\"https:\/\/892375fc.sibforms.com\/serve\/MUIEABaYylleuHEgl6wcB9a1JgN20xlmVjwiIKdC19PTgRsmF_gOY4uE120E5Xc5TzeAs24yRWrgoL-vOiAHCvHMKY5c0SCchdOdlqS37_ezclxqLcHHWZIEyBZLJTUq6ilaewFXFCyGlWXwb0zDhX_qz7095OWw33aMJ2Pw2J0EURk6rdE7YrRhzqAc5jOMX2CdVYJ3TX-C-CiZ\" frameborder=\"0\" scrolling=\"auto\" allowfullscreen style=\"display: block;margin-left: auto;margin-right: auto;max-width: 100%;\"><\/iframe><\/p>\n","protected":false},"excerpt":{"rendered":"<p>Usa el formulari de subscripci\u00f3 i no et pergues cap de les not\u00edcies de la Festa de Sant Bult. \u00c9s gratu\u00eft i confidencial, les senyes&hellip;<\/p>\n","protected":false},"author":1,"featured_media":0,"comment_status":"closed","ping_status":"closed","sticky":false,"template":"","format":"standard","meta":{"footnotes":""},"categories":[177,493,352],"tags":[],"class_list":["post-5839","post","type-post","status-publish","format-standard","hentry","category-archiu-historic","category-inici","category-raco-personal"],"yoast_head":"<!-- This site is optimized with the Yoast SEO Premium plugin v24.8 (Yoast SEO v27.4) - https:\/\/yoast.com\/product\/yoast-seo-premium-wordpress\/ -->\n<title>Subscripci\u00f3 al bollet\u00ed de not\u00edcies de la Festa de Sant Bult<\/title>\n<meta name=\"description\" content=\"Subscripci\u00f3 a la Newsletter sobre contingut nou publicat en la web de Sant Bult, important estar sempre informat de les nostres noticies\" \/>\n<meta name=\"robots\" content=\"index, follow, max-snippet:-1, max-image-preview:large, max-video-preview:-1\" \/>\n<link rel=\"canonical\" href=\"https:\/\/santbult.es\/va\/subscripcio\/\" \/>\n<meta property=\"og:locale\" content=\"en_US\" \/>\n<meta property=\"og:type\" content=\"article\" \/>\n<meta property=\"og:title\" content=\"Subscripci\u00f3\" \/>\n<meta property=\"og:description\" content=\"Festes de Sant Bult \u2013 La Xerea\" \/>\n<meta property=\"og:url\" content=\"https:\/\/santbult.es\/va\/subscripcio\/\" \/>\n<meta property=\"og:site_name\" content=\"Festes de Sant Bult \u2013 La Xerea\" \/>\n<meta property=\"article:publisher\" content=\"https:\/\/www.facebook.com\/santbult\" \/>\n<meta property=\"article:published_time\" content=\"2021-01-03T20:42:00+00:00\" \/>\n<meta property=\"article:modified_time\" content=\"2023-11-29T21:01:35+00:00\" \/>\n<meta property=\"og:image\" content=\"https:\/\/santbult.es\/wp-content\/uploads\/2019\/04\/mini-sant-bult.png\" \/>\n\t<meta property=\"og:image:width\" content=\"330\" \/>\n\t<meta property=\"og:image:height\" content=\"330\" \/>\n\t<meta property=\"og:image:type\" content=\"image\/png\" \/>\n<meta name=\"author\" content=\"santbult\" \/>\n<meta name=\"twitter:card\" content=\"summary_large_image\" \/>\n<meta name=\"twitter:creator\" content=\"@sant_bult\" \/>\n<meta name=\"twitter:site\" content=\"@sant_bult\" \/>\n<meta name=\"twitter:label1\" content=\"Written by\" \/>\n\t<meta name=\"twitter:data1\" content=\"santbult\" \/>\n\t<meta name=\"twitter:label2\" content=\"Est. reading time\" \/>\n\t<meta name=\"twitter:data2\" content=\"1 minute\" \/>\n<script type=\"application\/ld+json\" class=\"yoast-schema-graph\">{\"@context\":\"https:\\\/\\\/schema.org\",\"@graph\":[{\"@type\":\"Article\",\"@id\":\"https:\\\/\\\/santbult.es\\\/va\\\/subscripcio\\\/#article\",\"isPartOf\":{\"@id\":\"https:\\\/\\\/santbult.es\\\/va\\\/subscripcio\\\/\"},\"author\":{\"name\":\"santbult\",\"@id\":\"https:\\\/\\\/santbult.es\\\/#\\\/schema\\\/person\\\/a2291a6450b44bc876c6fe81b146f15d\"},\"headline\":\"Subscripci\u00f3\",\"datePublished\":\"2021-01-03T20:42:00+00:00\",\"dateModified\":\"2023-11-29T21:01:35+00:00\",\"mainEntityOfPage\":{\"@id\":\"https:\\\/\\\/santbult.es\\\/va\\\/subscripcio\\\/\"},\"wordCount\":90,\"publisher\":{\"@id\":\"https:\\\/\\\/santbult.es\\\/#organization\"},\"articleSection\":[\"Archiu Hist\u00f2ric\",\"Inici\",\"Rac\u00f3 Personal\"],\"inLanguage\":\"val\"},{\"@type\":\"WebPage\",\"@id\":\"https:\\\/\\\/santbult.es\\\/va\\\/subscripcio\\\/\",\"url\":\"https:\\\/\\\/santbult.es\\\/va\\\/subscripcio\\\/\",\"name\":\"Subscripci\u00f3 al bollet\u00ed de not\u00edcies de la Festa de Sant Bult\",\"isPartOf\":{\"@id\":\"https:\\\/\\\/santbult.es\\\/#website\"},\"datePublished\":\"2021-01-03T20:42:00+00:00\",\"dateModified\":\"2023-11-29T21:01:35+00:00\",\"description\":\"Subscripci\u00f3 a la Newsletter sobre contingut nou publicat en la web de Sant Bult, important estar sempre informat de les nostres noticies\",\"breadcrumb\":{\"@id\":\"https:\\\/\\\/santbult.es\\\/va\\\/subscripcio\\\/#breadcrumb\"},\"inLanguage\":\"val\",\"potentialAction\":[{\"@type\":\"ReadAction\",\"target\":[\"https:\\\/\\\/santbult.es\\\/va\\\/subscripcio\\\/\"]}]},{\"@type\":\"BreadcrumbList\",\"@id\":\"https:\\\/\\\/santbult.es\\\/va\\\/subscripcio\\\/#breadcrumb\",\"itemListElement\":[{\"@type\":\"ListItem\",\"position\":1,\"name\":\"Archiu Hist\u00f2ric\",\"item\":\"https:\\\/\\\/santbult.es\\\/va\\\/category\\\/archiu-historic\\\/\"},{\"@type\":\"ListItem\",\"position\":2,\"name\":\"Subscripci\u00f3\"}]},{\"@type\":\"WebSite\",\"@id\":\"https:\\\/\\\/santbult.es\\\/#website\",\"url\":\"https:\\\/\\\/santbult.es\\\/\",\"name\":\"Festes de Sant Bult \u2013 La Xerea\",\"description\":\"B\u00e9 Rellev\u00e0ncia Local Immaterial\",\"publisher\":{\"@id\":\"https:\\\/\\\/santbult.es\\\/#organization\"},\"potentialAction\":[{\"@type\":\"SearchAction\",\"target\":{\"@type\":\"EntryPoint\",\"urlTemplate\":\"https:\\\/\\\/santbult.es\\\/?s={search_term_string}\"},\"query-input\":{\"@type\":\"PropertyValueSpecification\",\"valueRequired\":true,\"valueName\":\"search_term_string\"}}],\"inLanguage\":\"val\"},{\"@type\":\"Organization\",\"@id\":\"https:\\\/\\\/santbult.es\\\/#organization\",\"name\":\"Sant Bult\",\"url\":\"https:\\\/\\\/santbult.es\\\/\",\"logo\":{\"@type\":\"ImageObject\",\"inLanguage\":\"val\",\"@id\":\"https:\\\/\\\/santbult.es\\\/#\\\/schema\\\/logo\\\/image\\\/\",\"url\":\"https:\\\/\\\/santbult.es\\\/wp-content\\\/uploads\\\/2019\\\/04\\\/mini-sant-bult.png\",\"contentUrl\":\"https:\\\/\\\/santbult.es\\\/wp-content\\\/uploads\\\/2019\\\/04\\\/mini-sant-bult.png\",\"width\":330,\"height\":330,\"caption\":\"Sant Bult\"},\"image\":{\"@id\":\"https:\\\/\\\/santbult.es\\\/#\\\/schema\\\/logo\\\/image\\\/\"},\"sameAs\":[\"https:\\\/\\\/www.facebook.com\\\/santbult\",\"https:\\\/\\\/x.com\\\/sant_bult\",\"https:\\\/\\\/www.instagram.com\\\/sant_bult\\\/\",\"https:\\\/\\\/www.youtube.com\\\/channel\\\/UCViTQedoyMvyMj-pAq4doMA\"]},{\"@type\":\"Person\",\"@id\":\"https:\\\/\\\/santbult.es\\\/#\\\/schema\\\/person\\\/a2291a6450b44bc876c6fe81b146f15d\",\"name\":\"santbult\",\"image\":{\"@type\":\"ImageObject\",\"inLanguage\":\"val\",\"@id\":\"https:\\\/\\\/secure.gravatar.com\\\/avatar\\\/946e8694005d0bd75998ba9f0cf5ce2939c3dc003df972082147d2a625f3837d?s=96&d=mm&r=g\",\"url\":\"https:\\\/\\\/secure.gravatar.com\\\/avatar\\\/946e8694005d0bd75998ba9f0cf5ce2939c3dc003df972082147d2a625f3837d?s=96&d=mm&r=g\",\"contentUrl\":\"https:\\\/\\\/secure.gravatar.com\\\/avatar\\\/946e8694005d0bd75998ba9f0cf5ce2939c3dc003df972082147d2a625f3837d?s=96&d=mm&r=g\",\"caption\":\"santbult\"},\"sameAs\":[\"https:\\\/\\\/santbult.es\"]}]}<\/script>\n<!-- \/ Yoast SEO Premium plugin. -->","yoast_head_json":{"title":"Subscripci\u00f3 al bollet\u00ed de not\u00edcies de la Festa de Sant Bult","description":"Subscripci\u00f3 a la Newsletter sobre contingut nou publicat en la web de Sant Bult, important estar sempre informat de les nostres noticies","robots":{"index":"index","follow":"follow","max-snippet":"max-snippet:-1","max-image-preview":"max-image-preview:large","max-video-preview":"max-video-preview:-1"},"canonical":"https:\/\/santbult.es\/va\/subscripcio\/","og_locale":"en_US","og_type":"article","og_title":"Subscripci\u00f3","og_description":"Festes de Sant Bult \u2013 La Xerea","og_url":"https:\/\/santbult.es\/va\/subscripcio\/","og_site_name":"Festes de Sant Bult \u2013 La Xerea","article_publisher":"https:\/\/www.facebook.com\/santbult","article_published_time":"2021-01-03T20:42:00+00:00","article_modified_time":"2023-11-29T21:01:35+00:00","og_image":[{"width":330,"height":330,"url":"https:\/\/santbult.es\/wp-content\/uploads\/2019\/04\/mini-sant-bult.png","type":"image\/png"}],"author":"santbult","twitter_card":"summary_large_image","twitter_creator":"@sant_bult","twitter_site":"@sant_bult","twitter_misc":{"Written by":"santbult","Est. reading time":"1 minute"},"schema":{"@context":"https:\/\/schema.org","@graph":[{"@type":"Article","@id":"https:\/\/santbult.es\/va\/subscripcio\/#article","isPartOf":{"@id":"https:\/\/santbult.es\/va\/subscripcio\/"},"author":{"name":"santbult","@id":"https:\/\/santbult.es\/#\/schema\/person\/a2291a6450b44bc876c6fe81b146f15d"},"headline":"Subscripci\u00f3","datePublished":"2021-01-03T20:42:00+00:00","dateModified":"2023-11-29T21:01:35+00:00","mainEntityOfPage":{"@id":"https:\/\/santbult.es\/va\/subscripcio\/"},"wordCount":90,"publisher":{"@id":"https:\/\/santbult.es\/#organization"},"articleSection":["Archiu Hist\u00f2ric","Inici","Rac\u00f3 Personal"],"inLanguage":"val"},{"@type":"WebPage","@id":"https:\/\/santbult.es\/va\/subscripcio\/","url":"https:\/\/santbult.es\/va\/subscripcio\/","name":"Subscripci\u00f3 al bollet\u00ed de not\u00edcies de la Festa de Sant Bult","isPartOf":{"@id":"https:\/\/santbult.es\/#website"},"datePublished":"2021-01-03T20:42:00+00:00","dateModified":"2023-11-29T21:01:35+00:00","description":"Subscripci\u00f3 a la Newsletter sobre contingut nou publicat en la web de Sant Bult, important estar sempre informat de les nostres noticies","breadcrumb":{"@id":"https:\/\/santbult.es\/va\/subscripcio\/#breadcrumb"},"inLanguage":"val","potentialAction":[{"@type":"ReadAction","target":["https:\/\/santbult.es\/va\/subscripcio\/"]}]},{"@type":"BreadcrumbList","@id":"https:\/\/santbult.es\/va\/subscripcio\/#breadcrumb","itemListElement":[{"@type":"ListItem","position":1,"name":"Archiu Hist\u00f2ric","item":"https:\/\/santbult.es\/va\/category\/archiu-historic\/"},{"@type":"ListItem","position":2,"name":"Subscripci\u00f3"}]},{"@type":"WebSite","@id":"https:\/\/santbult.es\/#website","url":"https:\/\/santbult.es\/","name":"Festes de Sant Bult \u2013 La Xerea","description":"B\u00e9 Rellev\u00e0ncia Local Immaterial","publisher":{"@id":"https:\/\/santbult.es\/#organization"},"potentialAction":[{"@type":"SearchAction","target":{"@type":"EntryPoint","urlTemplate":"https:\/\/santbult.es\/?s={search_term_string}"},"query-input":{"@type":"PropertyValueSpecification","valueRequired":true,"valueName":"search_term_string"}}],"inLanguage":"val"},{"@type":"Organization","@id":"https:\/\/santbult.es\/#organization","name":"Sant Bult","url":"https:\/\/santbult.es\/","logo":{"@type":"ImageObject","inLanguage":"val","@id":"https:\/\/santbult.es\/#\/schema\/logo\/image\/","url":"https:\/\/santbult.es\/wp-content\/uploads\/2019\/04\/mini-sant-bult.png","contentUrl":"https:\/\/santbult.es\/wp-content\/uploads\/2019\/04\/mini-sant-bult.png","width":330,"height":330,"caption":"Sant Bult"},"image":{"@id":"https:\/\/santbult.es\/#\/schema\/logo\/image\/"},"sameAs":["https:\/\/www.facebook.com\/santbult","https:\/\/x.com\/sant_bult","https:\/\/www.instagram.com\/sant_bult\/","https:\/\/www.youtube.com\/channel\/UCViTQedoyMvyMj-pAq4doMA"]},{"@type":"Person","@id":"https:\/\/santbult.es\/#\/schema\/person\/a2291a6450b44bc876c6fe81b146f15d","name":"santbult","image":{"@type":"ImageObject","inLanguage":"val","@id":"https:\/\/secure.gravatar.com\/avatar\/946e8694005d0bd75998ba9f0cf5ce2939c3dc003df972082147d2a625f3837d?s=96&d=mm&r=g","url":"https:\/\/secure.gravatar.com\/avatar\/946e8694005d0bd75998ba9f0cf5ce2939c3dc003df972082147d2a625f3837d?s=96&d=mm&r=g","contentUrl":"https:\/\/secure.gravatar.com\/avatar\/946e8694005d0bd75998ba9f0cf5ce2939c3dc003df972082147d2a625f3837d?s=96&d=mm&r=g","caption":"santbult"},"sameAs":["https:\/\/santbult.es"]}]}},"_links":{"self":[{"href":"https:\/\/santbult.es\/va\/wp-json\/wp\/v2\/posts\/5839","targetHints":{"allow":["GET"]}}],"collection":[{"href":"https:\/\/santbult.es\/va\/wp-json\/wp\/v2\/posts"}],"about":[{"href":"https:\/\/santbult.es\/va\/wp-json\/wp\/v2\/types\/post"}],"author":[{"embeddable":true,"href":"https:\/\/santbult.es\/va\/wp-json\/wp\/v2\/users\/1"}],"replies":[{"embeddable":true,"href":"https:\/\/santbult.es\/va\/wp-json\/wp\/v2\/comments?post=5839"}],"version-history":[{"count":1,"href":"https:\/\/santbult.es\/va\/wp-json\/wp\/v2\/posts\/5839\/revisions"}],"predecessor-version":[{"id":13125,"href":"https:\/\/santbult.es\/va\/wp-json\/wp\/v2\/posts\/5839\/revisions\/13125"}],"wp:attachment":[{"href":"https:\/\/santbult.es\/va\/wp-json\/wp\/v2\/media?parent=5839"}],"wp:term":[{"taxonomy":"category","embeddable":true,"href":"https:\/\/santbult.es\/va\/wp-json\/wp\/v2\/categories?post=5839"},{"taxonomy":"post_tag","embeddable":true,"href":"https:\/\/santbult.es\/va\/wp-json\/wp\/v2\/tags?post=5839"}],"curies":[{"name":"wp","href":"https:\/\/api.w.org\/{rel}","templated":true}]}}