{"id":5279,"date":"2024-01-22T09:00:00","date_gmt":"2024-01-22T08:00:00","guid":{"rendered":"https:\/\/santbult.es\/?p=5279"},"modified":"2024-04-03T14:58:25","modified_gmt":"2024-04-03T12:58:25","slug":"sant-vicente-martir","status":"publish","type":"post","link":"https:\/\/santbult.es\/va\/sant-vicente-martir\/","title":{"rendered":"Hist\u00f2ria Sant Vicente M\u00e1rtir, Patr\u00f3 de Val\u00e9ncia"},"content":{"rendered":"<div class=\"wpb-content-wrapper\"><p>[vc_row][vc_column][vc_separator color=&#8221;blue&#8221; align=&#8221;align_left&#8221; border_width=&#8221;2&#8243; el_width=&#8221;10&#8243;][\/vc_column][\/vc_row][vc_row][vc_column][vc_single_image image=&#8221;5282&#8243; img_size=&#8221;full&#8221; alignment=&#8221;center&#8221;][\/vc_column][\/vc_row][vc_row][vc_column][vc_empty_space][\/vc_column][\/vc_row][vc_row][vc_column][vc_column_text]Vicente descendia d\u2019una noble fam\u00edlia aragonesa puix el seu pare , Euticio, era fill del c\u00f2nsul de Saragossa Agreso. El nom de la seua mare era Enola, natural de la ciutat d\u2019Osca.<\/p>\n<p>Des de molt menut va estudiar baix la direcci\u00f3 del Bisbe de Saragossa, Valero. Va ser Vicente nomenat Arcediano, o siga el primer dels s\u00e8t di\u00e1conos que solia haver en les primitives igl\u00e9sies.<\/p>\n<p>El Bisbe Valero, ya vell, era tartamut i tenia grans dificultats en la predicaci\u00f3 per lo que va encomanar este treball al seu di\u00e1cono Vicente. Quan a finals de 303 va entrar Daciano en Saragossa, lo primer que va fer va ser capturar al Bisbe Valero i al seu *di\u00e1cono Vicente. Pero el mandat imperial li va obligar a eixir r\u00e0pidament de la ciutat i va ordenar se\u2019ls fera anar, maniatar, a Val\u00e9ncia.<\/p>\n<p>All\u00ed va comen\u00e7ar l\u2019interrogatori, i com el bisbe tinguera dificultats per a respondre per la seua tartamudez, va prendre la paraula Vicente. Resultat d\u2019este primer interrogatori va ser condenat al desterro a Valero i va comen\u00e7ar els tormentos contra el seu arcediano.<\/p>\n<p>Hi havia en els tormentos dels m\u00e0rtirs varis graus, que s\u2019anaven aplicant successivament, en la finalitat de fer vacilar la seua const\u00e0ncia.[\/vc_column_text][\/vc_column][\/vc_row][vc_row][vc_column][vc_single_image image=&#8221;5281&#8243; img_size=&#8221;full&#8221; alignment=&#8221;center&#8221;][\/vc_column][\/vc_row][vc_row][vc_column][vc_column_text]El primer dels tormentos era el potro o ecuelo consistent en un aspa de fusta en els extrems de la qual es fixaven mans i peus per a desconjuntar els membres en estendre l\u2019aspa. En ell varen estendre a Vicente i despuix de desconjuntar tots els seus membres ho varen esgarrar en garfios de ferro. Despr\u00e9s se li va colocar sobre un llit incandescent, suprem grau de tortura, segons diu Prudencio. Vicente va eixir triunfante de la prova, i va ser tirat en una masmorra. Se li va tancar en calab\u00f3s estret, descrit per Prudencio, que ho va deure visitar, en estos t\u00e9rmens: \u201cEn el lloc m\u00e9s baix de la pres\u00f3 hi ha un lloc m\u00e9s negre que les mateixes tenebres, tancat i estrangulat per les estretes pedres d\u2019una volta baj\u00edsima. All\u00ed s\u2019amaga l\u2019eterna nit, sense que jamai penetre un raig de llum. All\u00ed t\u00e9 l\u2019horrible pres\u00f3 el seu infern\u201d. Esta d\u2019est genere de calabossos sinistres, cridats \u201cTullianum\u201d, Salustio i atres escritors llatins.<\/p>\n<p>En este calab\u00f3s va ser ficat Vicente, introduint els seus peus en uns ceps de fusta, de modo que les seues cames estiguessin violentament separades una d\u2019una atra; i a fin de que la v\u00edctima no poguera trobar rep\u00f2s, varen sembrar el sol de p\u00e9ntols de cacharros puntaguts.<\/p>\n<p>Estant Vicente en la pres\u00f3 sofrint este tormento va succeir un milacre que conten tant les actes com Prudencio: De sobte es va allumenar el calab\u00f3s; el sol, cobert de cudols puntaguts, es va convertir en una estora de flors, i mentrestant, els \u00e0ngels recreaven els o\u00efts de Vicente en suav\u00edssima melodia. Enterat de lo que passava, Daciano va donar \u00f3rdens per a que tractaren al m\u00e0rtir en tota consideraci\u00f3 i curaren les seues llagues. El carceler, que s\u2019havia convertit al cristianisme, va eixecutar l\u2019orde gozoso; va preparar un llit mullido a Vicente, li va gitar en ell i va deixar entrar als cristians en el calab\u00f3s. Entre demostracions de carinyo exhal\u00f3 Vicente el seu ultime sospir.<\/p>\n<p>En enterar-se Daciano de la mort del m\u00e0rtir, va manar tirar el seu cos en el camp, per a que fora pastura de la feres i aus de rapa; pero, per singular provid\u00e8ncia, va ser respectat per totes.<\/p>\n<p>En vista d\u2019a\u00e7\u00f2, se li va ficar en un sac @coser, del que pender una pedra molt pesada, i se li va tirar en la mar; pero les ones li varen traure a la vora, cobrint-li d\u2019arena. All\u00ed va quedar, fins que, anys m\u00e9s vesprada, va ser extraordin\u00e0ria. Sant Agust\u00edn va predicar quatre sermones en el dia de la seua festa. Sant Le\u00f3n Magne sembla haver tingut tamb\u00e9 un serm\u00f3n el dia de la seua festivitat, en Roma. All\u00ed mateixa existien, en l\u2019edat Edat Mija, tres igl\u00e9sies en el seu honor. Pero lo m\u00e9s sorprenent de tot \u00e9s el cult de que va ser objecte en la Dalmacia. Tamb\u00e9 en Fran\u00e7a el cult de Sant Vicente est\u00e0 molt est\u00e9s. Se li coneix com a patr\u00f3 dels vi\u00f1adores.<\/p>\n<p>Text tret de:\u00a0<a href=\"http:\/\/www.sanvicentelaroqueta.es\/HISTORIA-DE-S-VICENTE-MARTIR\">http:\/\/www.sanvicentelaroqueta.es\/HISTORIA-DE-S-VICENTE-MARTIR<\/a>[\/vc_column_text][\/vc_column][\/vc_row]<\/p>\n<\/div>","protected":false},"excerpt":{"rendered":"<p>[vc_row][vc_column][vc_separator color=&#8221;blue&#8221; align=&#8221;align_left&#8221; border_width=&#8221;2&#8243; el_width=&#8221;10&#8243;][\/vc_column][\/vc_row][vc_row][vc_column][vc_single_image image=&#8221;5282&#8243; img_size=&#8221;full&#8221; alignment=&#8221;center&#8221;][\/vc_column][\/vc_row][vc_row][vc_column][vc_empty_space][\/vc_column][\/vc_row][vc_row][vc_column][vc_column_text]Vicente descendia d\u2019una noble fam\u00edlia aragonesa puix el seu pare , Euticio, era fill del c\u00f2nsul de Saragossa&hellip;<\/p>\n","protected":false},"author":1,"featured_media":13357,"comment_status":"closed","ping_status":"closed","sticky":false,"template":"","format":"standard","meta":{"footnotes":""},"categories":[747,177,493,352],"tags":[],"class_list":["post-5279","post","type-post","status-publish","format-standard","has-post-thumbnail","hentry","category-2024-va","category-archiu-historic","category-inici","category-raco-personal"],"yoast_head":"<!-- This site is optimized with the Yoast SEO Premium plugin v24.8 (Yoast SEO v27.4) - https:\/\/yoast.com\/product\/yoast-seo-premium-wordpress\/ -->\n<title>Hist\u00f2ria Sant Vicente M\u00e1rtir, Patr\u00f3 de Val\u00e9ncia - Festes de Sant Bult \u2013 La Xerea<\/title>\n<meta name=\"description\" content=\"SANT BULT | Hist\u00f2ria de Sant Vicente M\u00e0rtir, Patr\u00f3 de la Ciutat de Val\u00e9ncia Vicente descendia d&#039;una noble fam\u00edlia aragonesa...\" \/>\n<meta name=\"robots\" content=\"index, follow, max-snippet:-1, max-image-preview:large, max-video-preview:-1\" \/>\n<link rel=\"canonical\" href=\"https:\/\/santbult.es\/va\/sant-vicente-martir\/\" \/>\n<meta property=\"og:locale\" content=\"en_US\" \/>\n<meta property=\"og:type\" content=\"article\" \/>\n<meta property=\"og:title\" content=\"Hist\u00f2ria Sant Vicente M\u00e1rtir, Patr\u00f3 de Val\u00e9ncia\" \/>\n<meta property=\"og:description\" content=\"Festes de Sant Bult \u2013 La Xerea\" \/>\n<meta property=\"og:url\" content=\"https:\/\/santbult.es\/va\/sant-vicente-martir\/\" \/>\n<meta property=\"og:site_name\" content=\"Festes de Sant Bult \u2013 La Xerea\" \/>\n<meta property=\"article:publisher\" content=\"https:\/\/www.facebook.com\/santbult\" \/>\n<meta property=\"article:published_time\" content=\"2024-01-22T08:00:00+00:00\" \/>\n<meta property=\"article:modified_time\" content=\"2024-04-03T12:58:25+00:00\" \/>\n<meta property=\"og:image\" content=\"https:\/\/santbult.es\/wp-content\/uploads\/2022\/01\/San-Vicente-Martir.jpg\" \/>\n\t<meta property=\"og:image:width\" content=\"1280\" \/>\n\t<meta property=\"og:image:height\" content=\"720\" \/>\n\t<meta property=\"og:image:type\" content=\"image\/jpeg\" \/>\n<meta name=\"author\" content=\"santbult\" \/>\n<meta name=\"twitter:card\" content=\"summary_large_image\" \/>\n<meta name=\"twitter:creator\" content=\"@sant_bult\" \/>\n<meta name=\"twitter:site\" content=\"@sant_bult\" \/>\n<meta name=\"twitter:label1\" content=\"Written by\" \/>\n\t<meta name=\"twitter:data1\" content=\"santbult\" \/>\n\t<meta name=\"twitter:label2\" content=\"Est. reading time\" \/>\n\t<meta name=\"twitter:data2\" content=\"4 minutes\" \/>\n<script type=\"application\/ld+json\" class=\"yoast-schema-graph\">{\"@context\":\"https:\\\/\\\/schema.org\",\"@graph\":[{\"@type\":\"Article\",\"@id\":\"https:\\\/\\\/santbult.es\\\/va\\\/sant-vicente-martir\\\/#article\",\"isPartOf\":{\"@id\":\"https:\\\/\\\/santbult.es\\\/va\\\/sant-vicente-martir\\\/\"},\"author\":{\"name\":\"santbult\",\"@id\":\"https:\\\/\\\/santbult.es\\\/#\\\/schema\\\/person\\\/a2291a6450b44bc876c6fe81b146f15d\"},\"headline\":\"Hist\u00f2ria Sant Vicente M\u00e1rtir, Patr\u00f3 de Val\u00e9ncia\",\"datePublished\":\"2024-01-22T08:00:00+00:00\",\"dateModified\":\"2024-04-03T12:58:25+00:00\",\"mainEntityOfPage\":{\"@id\":\"https:\\\/\\\/santbult.es\\\/va\\\/sant-vicente-martir\\\/\"},\"wordCount\":861,\"publisher\":{\"@id\":\"https:\\\/\\\/santbult.es\\\/#organization\"},\"image\":{\"@id\":\"https:\\\/\\\/santbult.es\\\/va\\\/sant-vicente-martir\\\/#primaryimage\"},\"thumbnailUrl\":\"https:\\\/\\\/santbult.es\\\/wp-content\\\/uploads\\\/2022\\\/01\\\/San-Vicente-Martir.jpg\",\"articleSection\":[\"2024\",\"Archiu Hist\u00f2ric\",\"Inici\",\"Rac\u00f3 Personal\"],\"inLanguage\":\"val\"},{\"@type\":\"WebPage\",\"@id\":\"https:\\\/\\\/santbult.es\\\/va\\\/sant-vicente-martir\\\/\",\"url\":\"https:\\\/\\\/santbult.es\\\/va\\\/sant-vicente-martir\\\/\",\"name\":\"Hist\u00f2ria Sant Vicente M\u00e1rtir, Patr\u00f3 de Val\u00e9ncia - Festes de Sant Bult \u2013 La Xerea\",\"isPartOf\":{\"@id\":\"https:\\\/\\\/santbult.es\\\/#website\"},\"primaryImageOfPage\":{\"@id\":\"https:\\\/\\\/santbult.es\\\/va\\\/sant-vicente-martir\\\/#primaryimage\"},\"image\":{\"@id\":\"https:\\\/\\\/santbult.es\\\/va\\\/sant-vicente-martir\\\/#primaryimage\"},\"thumbnailUrl\":\"https:\\\/\\\/santbult.es\\\/wp-content\\\/uploads\\\/2022\\\/01\\\/San-Vicente-Martir.jpg\",\"datePublished\":\"2024-01-22T08:00:00+00:00\",\"dateModified\":\"2024-04-03T12:58:25+00:00\",\"description\":\"SANT BULT | Hist\u00f2ria de Sant Vicente M\u00e0rtir, Patr\u00f3 de la Ciutat de Val\u00e9ncia Vicente descendia d'una noble fam\u00edlia aragonesa...\",\"breadcrumb\":{\"@id\":\"https:\\\/\\\/santbult.es\\\/va\\\/sant-vicente-martir\\\/#breadcrumb\"},\"inLanguage\":\"val\",\"potentialAction\":[{\"@type\":\"ReadAction\",\"target\":[\"https:\\\/\\\/santbult.es\\\/va\\\/sant-vicente-martir\\\/\"]}]},{\"@type\":\"ImageObject\",\"inLanguage\":\"val\",\"@id\":\"https:\\\/\\\/santbult.es\\\/va\\\/sant-vicente-martir\\\/#primaryimage\",\"url\":\"https:\\\/\\\/santbult.es\\\/wp-content\\\/uploads\\\/2022\\\/01\\\/San-Vicente-Martir.jpg\",\"contentUrl\":\"https:\\\/\\\/santbult.es\\\/wp-content\\\/uploads\\\/2022\\\/01\\\/San-Vicente-Martir.jpg\",\"width\":1280,\"height\":720},{\"@type\":\"BreadcrumbList\",\"@id\":\"https:\\\/\\\/santbult.es\\\/va\\\/sant-vicente-martir\\\/#breadcrumb\",\"itemListElement\":[{\"@type\":\"ListItem\",\"position\":1,\"name\":\"Archiu Hist\u00f2ric\",\"item\":\"https:\\\/\\\/santbult.es\\\/va\\\/category\\\/archiu-historic\\\/\"},{\"@type\":\"ListItem\",\"position\":2,\"name\":\"Hist\u00f2ria Sant Vicente M\u00e1rtir, Patr\u00f3 de Val\u00e9ncia\"}]},{\"@type\":\"WebSite\",\"@id\":\"https:\\\/\\\/santbult.es\\\/#website\",\"url\":\"https:\\\/\\\/santbult.es\\\/\",\"name\":\"Festes de Sant Bult \u2013 La Xerea\",\"description\":\"B\u00e9 Rellev\u00e0ncia Local Immaterial\",\"publisher\":{\"@id\":\"https:\\\/\\\/santbult.es\\\/#organization\"},\"potentialAction\":[{\"@type\":\"SearchAction\",\"target\":{\"@type\":\"EntryPoint\",\"urlTemplate\":\"https:\\\/\\\/santbult.es\\\/?s={search_term_string}\"},\"query-input\":{\"@type\":\"PropertyValueSpecification\",\"valueRequired\":true,\"valueName\":\"search_term_string\"}}],\"inLanguage\":\"val\"},{\"@type\":\"Organization\",\"@id\":\"https:\\\/\\\/santbult.es\\\/#organization\",\"name\":\"Sant Bult\",\"url\":\"https:\\\/\\\/santbult.es\\\/\",\"logo\":{\"@type\":\"ImageObject\",\"inLanguage\":\"val\",\"@id\":\"https:\\\/\\\/santbult.es\\\/#\\\/schema\\\/logo\\\/image\\\/\",\"url\":\"https:\\\/\\\/santbult.es\\\/wp-content\\\/uploads\\\/2019\\\/04\\\/mini-sant-bult.png\",\"contentUrl\":\"https:\\\/\\\/santbult.es\\\/wp-content\\\/uploads\\\/2019\\\/04\\\/mini-sant-bult.png\",\"width\":330,\"height\":330,\"caption\":\"Sant Bult\"},\"image\":{\"@id\":\"https:\\\/\\\/santbult.es\\\/#\\\/schema\\\/logo\\\/image\\\/\"},\"sameAs\":[\"https:\\\/\\\/www.facebook.com\\\/santbult\",\"https:\\\/\\\/x.com\\\/sant_bult\",\"https:\\\/\\\/www.instagram.com\\\/sant_bult\\\/\",\"https:\\\/\\\/www.youtube.com\\\/channel\\\/UCViTQedoyMvyMj-pAq4doMA\"]},{\"@type\":\"Person\",\"@id\":\"https:\\\/\\\/santbult.es\\\/#\\\/schema\\\/person\\\/a2291a6450b44bc876c6fe81b146f15d\",\"name\":\"santbult\",\"image\":{\"@type\":\"ImageObject\",\"inLanguage\":\"val\",\"@id\":\"https:\\\/\\\/secure.gravatar.com\\\/avatar\\\/946e8694005d0bd75998ba9f0cf5ce2939c3dc003df972082147d2a625f3837d?s=96&d=mm&r=g\",\"url\":\"https:\\\/\\\/secure.gravatar.com\\\/avatar\\\/946e8694005d0bd75998ba9f0cf5ce2939c3dc003df972082147d2a625f3837d?s=96&d=mm&r=g\",\"contentUrl\":\"https:\\\/\\\/secure.gravatar.com\\\/avatar\\\/946e8694005d0bd75998ba9f0cf5ce2939c3dc003df972082147d2a625f3837d?s=96&d=mm&r=g\",\"caption\":\"santbult\"},\"sameAs\":[\"https:\\\/\\\/santbult.es\"]}]}<\/script>\n<!-- \/ Yoast SEO Premium plugin. -->","yoast_head_json":{"title":"Hist\u00f2ria Sant Vicente M\u00e1rtir, Patr\u00f3 de Val\u00e9ncia - Festes de Sant Bult \u2013 La Xerea","description":"SANT BULT | Hist\u00f2ria de Sant Vicente M\u00e0rtir, Patr\u00f3 de la Ciutat de Val\u00e9ncia Vicente descendia d'una noble fam\u00edlia aragonesa...","robots":{"index":"index","follow":"follow","max-snippet":"max-snippet:-1","max-image-preview":"max-image-preview:large","max-video-preview":"max-video-preview:-1"},"canonical":"https:\/\/santbult.es\/va\/sant-vicente-martir\/","og_locale":"en_US","og_type":"article","og_title":"Hist\u00f2ria Sant Vicente M\u00e1rtir, Patr\u00f3 de Val\u00e9ncia","og_description":"Festes de Sant Bult \u2013 La Xerea","og_url":"https:\/\/santbult.es\/va\/sant-vicente-martir\/","og_site_name":"Festes de Sant Bult \u2013 La Xerea","article_publisher":"https:\/\/www.facebook.com\/santbult","article_published_time":"2024-01-22T08:00:00+00:00","article_modified_time":"2024-04-03T12:58:25+00:00","og_image":[{"width":1280,"height":720,"url":"https:\/\/santbult.es\/wp-content\/uploads\/2022\/01\/San-Vicente-Martir.jpg","type":"image\/jpeg"}],"author":"santbult","twitter_card":"summary_large_image","twitter_creator":"@sant_bult","twitter_site":"@sant_bult","twitter_misc":{"Written by":"santbult","Est. reading time":"4 minutes"},"schema":{"@context":"https:\/\/schema.org","@graph":[{"@type":"Article","@id":"https:\/\/santbult.es\/va\/sant-vicente-martir\/#article","isPartOf":{"@id":"https:\/\/santbult.es\/va\/sant-vicente-martir\/"},"author":{"name":"santbult","@id":"https:\/\/santbult.es\/#\/schema\/person\/a2291a6450b44bc876c6fe81b146f15d"},"headline":"Hist\u00f2ria Sant Vicente M\u00e1rtir, Patr\u00f3 de Val\u00e9ncia","datePublished":"2024-01-22T08:00:00+00:00","dateModified":"2024-04-03T12:58:25+00:00","mainEntityOfPage":{"@id":"https:\/\/santbult.es\/va\/sant-vicente-martir\/"},"wordCount":861,"publisher":{"@id":"https:\/\/santbult.es\/#organization"},"image":{"@id":"https:\/\/santbult.es\/va\/sant-vicente-martir\/#primaryimage"},"thumbnailUrl":"https:\/\/santbult.es\/wp-content\/uploads\/2022\/01\/San-Vicente-Martir.jpg","articleSection":["2024","Archiu Hist\u00f2ric","Inici","Rac\u00f3 Personal"],"inLanguage":"val"},{"@type":"WebPage","@id":"https:\/\/santbult.es\/va\/sant-vicente-martir\/","url":"https:\/\/santbult.es\/va\/sant-vicente-martir\/","name":"Hist\u00f2ria Sant Vicente M\u00e1rtir, Patr\u00f3 de Val\u00e9ncia - Festes de Sant Bult \u2013 La Xerea","isPartOf":{"@id":"https:\/\/santbult.es\/#website"},"primaryImageOfPage":{"@id":"https:\/\/santbult.es\/va\/sant-vicente-martir\/#primaryimage"},"image":{"@id":"https:\/\/santbult.es\/va\/sant-vicente-martir\/#primaryimage"},"thumbnailUrl":"https:\/\/santbult.es\/wp-content\/uploads\/2022\/01\/San-Vicente-Martir.jpg","datePublished":"2024-01-22T08:00:00+00:00","dateModified":"2024-04-03T12:58:25+00:00","description":"SANT BULT | Hist\u00f2ria de Sant Vicente M\u00e0rtir, Patr\u00f3 de la Ciutat de Val\u00e9ncia Vicente descendia d'una noble fam\u00edlia aragonesa...","breadcrumb":{"@id":"https:\/\/santbult.es\/va\/sant-vicente-martir\/#breadcrumb"},"inLanguage":"val","potentialAction":[{"@type":"ReadAction","target":["https:\/\/santbult.es\/va\/sant-vicente-martir\/"]}]},{"@type":"ImageObject","inLanguage":"val","@id":"https:\/\/santbult.es\/va\/sant-vicente-martir\/#primaryimage","url":"https:\/\/santbult.es\/wp-content\/uploads\/2022\/01\/San-Vicente-Martir.jpg","contentUrl":"https:\/\/santbult.es\/wp-content\/uploads\/2022\/01\/San-Vicente-Martir.jpg","width":1280,"height":720},{"@type":"BreadcrumbList","@id":"https:\/\/santbult.es\/va\/sant-vicente-martir\/#breadcrumb","itemListElement":[{"@type":"ListItem","position":1,"name":"Archiu Hist\u00f2ric","item":"https:\/\/santbult.es\/va\/category\/archiu-historic\/"},{"@type":"ListItem","position":2,"name":"Hist\u00f2ria Sant Vicente M\u00e1rtir, Patr\u00f3 de Val\u00e9ncia"}]},{"@type":"WebSite","@id":"https:\/\/santbult.es\/#website","url":"https:\/\/santbult.es\/","name":"Festes de Sant Bult \u2013 La Xerea","description":"B\u00e9 Rellev\u00e0ncia Local Immaterial","publisher":{"@id":"https:\/\/santbult.es\/#organization"},"potentialAction":[{"@type":"SearchAction","target":{"@type":"EntryPoint","urlTemplate":"https:\/\/santbult.es\/?s={search_term_string}"},"query-input":{"@type":"PropertyValueSpecification","valueRequired":true,"valueName":"search_term_string"}}],"inLanguage":"val"},{"@type":"Organization","@id":"https:\/\/santbult.es\/#organization","name":"Sant Bult","url":"https:\/\/santbult.es\/","logo":{"@type":"ImageObject","inLanguage":"val","@id":"https:\/\/santbult.es\/#\/schema\/logo\/image\/","url":"https:\/\/santbult.es\/wp-content\/uploads\/2019\/04\/mini-sant-bult.png","contentUrl":"https:\/\/santbult.es\/wp-content\/uploads\/2019\/04\/mini-sant-bult.png","width":330,"height":330,"caption":"Sant Bult"},"image":{"@id":"https:\/\/santbult.es\/#\/schema\/logo\/image\/"},"sameAs":["https:\/\/www.facebook.com\/santbult","https:\/\/x.com\/sant_bult","https:\/\/www.instagram.com\/sant_bult\/","https:\/\/www.youtube.com\/channel\/UCViTQedoyMvyMj-pAq4doMA"]},{"@type":"Person","@id":"https:\/\/santbult.es\/#\/schema\/person\/a2291a6450b44bc876c6fe81b146f15d","name":"santbult","image":{"@type":"ImageObject","inLanguage":"val","@id":"https:\/\/secure.gravatar.com\/avatar\/946e8694005d0bd75998ba9f0cf5ce2939c3dc003df972082147d2a625f3837d?s=96&d=mm&r=g","url":"https:\/\/secure.gravatar.com\/avatar\/946e8694005d0bd75998ba9f0cf5ce2939c3dc003df972082147d2a625f3837d?s=96&d=mm&r=g","contentUrl":"https:\/\/secure.gravatar.com\/avatar\/946e8694005d0bd75998ba9f0cf5ce2939c3dc003df972082147d2a625f3837d?s=96&d=mm&r=g","caption":"santbult"},"sameAs":["https:\/\/santbult.es"]}]}},"_links":{"self":[{"href":"https:\/\/santbult.es\/va\/wp-json\/wp\/v2\/posts\/5279","targetHints":{"allow":["GET"]}}],"collection":[{"href":"https:\/\/santbult.es\/va\/wp-json\/wp\/v2\/posts"}],"about":[{"href":"https:\/\/santbult.es\/va\/wp-json\/wp\/v2\/types\/post"}],"author":[{"embeddable":true,"href":"https:\/\/santbult.es\/va\/wp-json\/wp\/v2\/users\/1"}],"replies":[{"embeddable":true,"href":"https:\/\/santbult.es\/va\/wp-json\/wp\/v2\/comments?post=5279"}],"version-history":[{"count":3,"href":"https:\/\/santbult.es\/va\/wp-json\/wp\/v2\/posts\/5279\/revisions"}],"predecessor-version":[{"id":14444,"href":"https:\/\/santbult.es\/va\/wp-json\/wp\/v2\/posts\/5279\/revisions\/14444"}],"wp:featuredmedia":[{"embeddable":true,"href":"https:\/\/santbult.es\/va\/wp-json\/wp\/v2\/media\/13357"}],"wp:attachment":[{"href":"https:\/\/santbult.es\/va\/wp-json\/wp\/v2\/media?parent=5279"}],"wp:term":[{"taxonomy":"category","embeddable":true,"href":"https:\/\/santbult.es\/va\/wp-json\/wp\/v2\/categories?post=5279"},{"taxonomy":"post_tag","embeddable":true,"href":"https:\/\/santbult.es\/va\/wp-json\/wp\/v2\/tags?post=5279"}],"curies":[{"name":"wp","href":"https:\/\/api.w.org\/{rel}","templated":true}]}}