{"id":5109,"date":"2018-05-02T11:48:30","date_gmt":"2018-05-02T09:48:30","guid":{"rendered":"https:\/\/santbult.es\/?p=5109"},"modified":"2023-11-29T22:01:46","modified_gmt":"2023-11-29T21:01:46","slug":"gojos","status":"publish","type":"post","link":"https:\/\/santbult.es\/va\/gojos\/","title":{"rendered":"Gojos a Sant Bult"},"content":{"rendered":"<p style=\"text-align: center;\"><strong>Gojos a l&#8217;Image de Sant Bult de la Xerea<br \/>\n<\/strong><\/p>\n<figure class=\"gallery-item\">\n\t\t\t\t<a data-elementor-open-lightbox=\"yes\" data-elementor-lightbox-slideshow=\"3554ac5\" data-elementor-lightbox-title=\"gozos\" href=\"https:\/\/santbult.es\/wp-content\/uploads\/2018\/05\/gozos.jpg\"><img decoding=\"async\" width=\"737\" height=\"1027\" src=\"https:\/\/santbult.es\/wp-content\/uploads\/2018\/05\/gozos.jpg\" alt=\"gozos Sant Bult\" loading=\"lazy\" srcset=\"https:\/\/i2.wp.com\/santbult.es\/wp-content\/uploads\/2018\/05\/gozos.jpg?w=737&amp;ssl=1 737w, https:\/\/i2.wp.com\/santbult.es\/wp-content\/uploads\/2018\/05\/gozos.jpg?resize=215%2C300&amp;ssl=1 215w, https:\/\/i2.wp.com\/santbult.es\/wp-content\/uploads\/2018\/05\/gozos.jpg?resize=735%2C1024&amp;ssl=1 735w\" sizes=\"auto, (max-width: 737px) 100vw, 737px\"><\/a><\/figure>\n<figure class=\"gallery-item\">\n\t\t\t\t<a data-elementor-open-lightbox=\"yes\" data-elementor-lightbox-slideshow=\"3554ac5\" data-elementor-lightbox-title=\"gozos01\" href=\"https:\/\/santbult.es\/wp-content\/uploads\/2018\/05\/gozos01.jpg\"><img decoding=\"async\" width=\"768\" height=\"1137\" src=\"https:\/\/santbult.es\/wp-content\/uploads\/2018\/05\/gozos01-768x1137.jpg\" alt=\"gozos Sant Bult\" loading=\"lazy\" srcset=\"https:\/\/i1.wp.com\/santbult.es\/wp-content\/uploads\/2018\/05\/gozos01.jpg?resize=768%2C1137&amp;ssl=1 768w, https:\/\/i1.wp.com\/santbult.es\/wp-content\/uploads\/2018\/05\/gozos01.jpg?resize=203%2C300&amp;ssl=1 203w, https:\/\/i1.wp.com\/santbult.es\/wp-content\/uploads\/2018\/05\/gozos01.jpg?resize=692%2C1024&amp;ssl=1 692w, https:\/\/i1.wp.com\/santbult.es\/wp-content\/uploads\/2018\/05\/gozos01.jpg?w=828&amp;ssl=1 828w\" sizes=\"auto, (max-width: 768px) 100vw, 768px\"><\/a><\/figure>\n<p>Coro: <strong>Sois imagen Celestial<\/strong><br \/>\n<strong>Del alto Dios Consagrado<\/strong><\/p>\n<p>Pueblo: <strong>DEFENDENOS DEL PECADO <\/strong><strong>BULTO DE CRISTO INMORTAL.<\/strong><\/p>\n<p>Estrofas<\/p>\n<p>Del original pecado<br \/>\nque Ad\u00e1n nos ocasion\u00f3,<br \/>\nla sangre de Dios borr\u00f3<br \/>\nmuriendo crucificado.<br \/>\ny el bulto de Dios sagrado<br \/>\nes su imagen principal.<\/p>\n<p><strong>DEFENDENOS DEL PECADO<\/strong><br \/>\n<strong>BULTO DE CRISTO INMORTAL.<\/strong><\/p>\n<p>En un llano junto al Turia<br \/>\nen que la Xerea exist\u00eda,<br \/>\nos encontr\u00f3 un alma p\u00eda<br \/>\nen una sima ocultado.<br \/>\nFue en el siglo trece hallado<br \/>\ny es tradici\u00f3n regional.<\/p>\n<p><strong>DEFENDENOS DEL PECADO<\/strong><br \/>\n<strong>BULTO DE CRISTO INMORTAL.<\/strong><\/p>\n<p>Un alba\u00f1il muy piadoso<br \/>\nManuel Navarro llamado,<br \/>\nfue el mortal afortunado<br \/>\nde este hallazgo portentoso.<br \/>\nY al barrio fue confiado<br \/>\ncon Escritura Real<\/p>\n<p><strong>DEFENDENOS DEL PECADO<\/strong><br \/>\n<strong>BULTO DE CRISTO INMORTAL.<\/strong><\/p>\n<p>Siempre por Pascua florida<br \/>\ncon la mayor devoci\u00f3n,<br \/>\ncelebra el Barrio funci\u00f3n<br \/>\na esta imagen venerada.<br \/>\nY le pide confiado<br \/>\nNos libre de todo mal.<\/p>\n<p><strong>DEFENDENOS DEL PECADO<\/strong><br \/>\n<strong>BULTO DE CRISTO INMORTAL.<\/strong><\/p>\n<p><iframe loading=\"lazy\" title=\"Escoleta - Gozos a Sant Bult (2006)\" width=\"843\" height=\"632\" src=\"https:\/\/www.youtube.com\/embed\/GRi8njw_lKc?feature=oembed\" frameborder=\"0\" allow=\"accelerometer; autoplay; clipboard-write; encrypted-media; gyroscope; picture-in-picture; web-share\" allowfullscreen><\/iframe><\/p>\n<p style=\"text-align: center;\"><strong>Menut fragment dels Gojos a Sant Bult<\/strong><\/p>\n","protected":false},"excerpt":{"rendered":"<p>Gojos a l&#8217;Image de Sant Bult de la Xerea Coro: Sois imagen Celestial Del alto Dios Consagrado Pueblo: DEFENDENOS DEL PECADO BULTO DE CRISTO INMORTAL.&hellip;<\/p>\n","protected":false},"author":1,"featured_media":6215,"comment_status":"closed","ping_status":"closed","sticky":false,"template":"","format":"standard","meta":{"footnotes":""},"categories":[177,13,493,352],"tags":[],"class_list":["post-5109","post","type-post","status-publish","format-standard","has-post-thumbnail","hentry","category-archiu-historic","category-cancionero","category-inici","category-raco-personal"],"yoast_head":"<!-- This site is optimized with the Yoast SEO Premium plugin v24.8 (Yoast SEO v27.4) - https:\/\/yoast.com\/product\/yoast-seo-premium-wordpress\/ -->\n<title>Gojos a la Image del Crist de Sant Bult - Festes de Sant Bult \u2013 La Xerea<\/title>\n<meta name=\"description\" content=\"Gojos que es reciten entorn a l&#039;Image de Sant Bult i nos conta una miqueta la seua aparici\u00f3 en l&#039;hist\u00f2ria de Val\u00e9ncia des de 1238\" \/>\n<meta name=\"robots\" content=\"index, follow, max-snippet:-1, max-image-preview:large, max-video-preview:-1\" \/>\n<link rel=\"canonical\" href=\"https:\/\/santbult.es\/va\/gojos\/\" \/>\n<meta property=\"og:locale\" content=\"en_US\" \/>\n<meta property=\"og:type\" content=\"article\" \/>\n<meta property=\"og:title\" content=\"Gojos a Sant Bult\" \/>\n<meta property=\"og:description\" content=\"Festes de Sant Bult \u2013 La Xerea\" \/>\n<meta property=\"og:url\" content=\"https:\/\/santbult.es\/va\/gojos\/\" \/>\n<meta property=\"og:site_name\" content=\"Festes de Sant Bult \u2013 La Xerea\" \/>\n<meta property=\"article:publisher\" content=\"https:\/\/www.facebook.com\/santbult\" \/>\n<meta property=\"article:published_time\" content=\"2018-05-02T09:48:30+00:00\" \/>\n<meta property=\"article:modified_time\" content=\"2023-11-29T21:01:46+00:00\" \/>\n<meta property=\"og:image\" content=\"https:\/\/santbult.es\/wp-content\/uploads\/2018\/05\/header-gozos.jpg\" \/>\n\t<meta property=\"og:image:width\" content=\"640\" \/>\n\t<meta property=\"og:image:height\" content=\"448\" \/>\n\t<meta property=\"og:image:type\" content=\"image\/jpeg\" \/>\n<meta name=\"author\" content=\"santbult\" \/>\n<meta name=\"twitter:card\" content=\"summary_large_image\" \/>\n<meta name=\"twitter:creator\" content=\"@sant_bult\" \/>\n<meta name=\"twitter:site\" content=\"@sant_bult\" \/>\n<meta name=\"twitter:label1\" content=\"Written by\" \/>\n\t<meta name=\"twitter:data1\" content=\"santbult\" \/>\n\t<meta name=\"twitter:label2\" content=\"Est. reading time\" \/>\n\t<meta name=\"twitter:data2\" content=\"2 minutes\" \/>\n<script type=\"application\/ld+json\" class=\"yoast-schema-graph\">{\"@context\":\"https:\\\/\\\/schema.org\",\"@graph\":[{\"@type\":\"Article\",\"@id\":\"https:\\\/\\\/santbult.es\\\/va\\\/gojos\\\/#article\",\"isPartOf\":{\"@id\":\"https:\\\/\\\/santbult.es\\\/va\\\/gojos\\\/\"},\"author\":{\"name\":\"santbult\",\"@id\":\"https:\\\/\\\/santbult.es\\\/#\\\/schema\\\/person\\\/a2291a6450b44bc876c6fe81b146f15d\"},\"headline\":\"Gojos a Sant Bult\",\"datePublished\":\"2018-05-02T09:48:30+00:00\",\"dateModified\":\"2023-11-29T21:01:46+00:00\",\"mainEntityOfPage\":{\"@id\":\"https:\\\/\\\/santbult.es\\\/va\\\/gojos\\\/\"},\"wordCount\":184,\"publisher\":{\"@id\":\"https:\\\/\\\/santbult.es\\\/#organization\"},\"image\":{\"@id\":\"https:\\\/\\\/santbult.es\\\/va\\\/gojos\\\/#primaryimage\"},\"thumbnailUrl\":\"https:\\\/\\\/santbult.es\\\/wp-content\\\/uploads\\\/2018\\\/05\\\/header-gozos.jpg\",\"articleSection\":[\"Archiu Hist\u00f2ric\",\"Cancionero\",\"Inici\",\"Rac\u00f3 Personal\"],\"inLanguage\":\"val\"},{\"@type\":\"WebPage\",\"@id\":\"https:\\\/\\\/santbult.es\\\/va\\\/gojos\\\/\",\"url\":\"https:\\\/\\\/santbult.es\\\/va\\\/gojos\\\/\",\"name\":\"Gojos a la Image del Crist de Sant Bult - Festes de Sant Bult \u2013 La Xerea\",\"isPartOf\":{\"@id\":\"https:\\\/\\\/santbult.es\\\/#website\"},\"primaryImageOfPage\":{\"@id\":\"https:\\\/\\\/santbult.es\\\/va\\\/gojos\\\/#primaryimage\"},\"image\":{\"@id\":\"https:\\\/\\\/santbult.es\\\/va\\\/gojos\\\/#primaryimage\"},\"thumbnailUrl\":\"https:\\\/\\\/santbult.es\\\/wp-content\\\/uploads\\\/2018\\\/05\\\/header-gozos.jpg\",\"datePublished\":\"2018-05-02T09:48:30+00:00\",\"dateModified\":\"2023-11-29T21:01:46+00:00\",\"description\":\"Gojos que es reciten entorn a l'Image de Sant Bult i nos conta una miqueta la seua aparici\u00f3 en l'hist\u00f2ria de Val\u00e9ncia des de 1238\",\"breadcrumb\":{\"@id\":\"https:\\\/\\\/santbult.es\\\/va\\\/gojos\\\/#breadcrumb\"},\"inLanguage\":\"val\",\"potentialAction\":[{\"@type\":\"ReadAction\",\"target\":[\"https:\\\/\\\/santbult.es\\\/va\\\/gojos\\\/\"]}]},{\"@type\":\"ImageObject\",\"inLanguage\":\"val\",\"@id\":\"https:\\\/\\\/santbult.es\\\/va\\\/gojos\\\/#primaryimage\",\"url\":\"https:\\\/\\\/santbult.es\\\/wp-content\\\/uploads\\\/2018\\\/05\\\/header-gozos.jpg\",\"contentUrl\":\"https:\\\/\\\/santbult.es\\\/wp-content\\\/uploads\\\/2018\\\/05\\\/header-gozos.jpg\",\"width\":640,\"height\":448},{\"@type\":\"BreadcrumbList\",\"@id\":\"https:\\\/\\\/santbult.es\\\/va\\\/gojos\\\/#breadcrumb\",\"itemListElement\":[{\"@type\":\"ListItem\",\"position\":1,\"name\":\"Can\u00e7oner\",\"item\":\"https:\\\/\\\/santbult.es\\\/va\\\/category\\\/cancionero-val\\\/\"},{\"@type\":\"ListItem\",\"position\":2,\"name\":\"Gojos a Sant Bult\"}]},{\"@type\":\"WebSite\",\"@id\":\"https:\\\/\\\/santbult.es\\\/#website\",\"url\":\"https:\\\/\\\/santbult.es\\\/\",\"name\":\"Festes de Sant Bult \u2013 La Xerea\",\"description\":\"B\u00e9 Rellev\u00e0ncia Local Immaterial\",\"publisher\":{\"@id\":\"https:\\\/\\\/santbult.es\\\/#organization\"},\"potentialAction\":[{\"@type\":\"SearchAction\",\"target\":{\"@type\":\"EntryPoint\",\"urlTemplate\":\"https:\\\/\\\/santbult.es\\\/?s={search_term_string}\"},\"query-input\":{\"@type\":\"PropertyValueSpecification\",\"valueRequired\":true,\"valueName\":\"search_term_string\"}}],\"inLanguage\":\"val\"},{\"@type\":\"Organization\",\"@id\":\"https:\\\/\\\/santbult.es\\\/#organization\",\"name\":\"Sant Bult\",\"url\":\"https:\\\/\\\/santbult.es\\\/\",\"logo\":{\"@type\":\"ImageObject\",\"inLanguage\":\"val\",\"@id\":\"https:\\\/\\\/santbult.es\\\/#\\\/schema\\\/logo\\\/image\\\/\",\"url\":\"https:\\\/\\\/santbult.es\\\/wp-content\\\/uploads\\\/2019\\\/04\\\/mini-sant-bult.png\",\"contentUrl\":\"https:\\\/\\\/santbult.es\\\/wp-content\\\/uploads\\\/2019\\\/04\\\/mini-sant-bult.png\",\"width\":330,\"height\":330,\"caption\":\"Sant Bult\"},\"image\":{\"@id\":\"https:\\\/\\\/santbult.es\\\/#\\\/schema\\\/logo\\\/image\\\/\"},\"sameAs\":[\"https:\\\/\\\/www.facebook.com\\\/santbult\",\"https:\\\/\\\/x.com\\\/sant_bult\",\"https:\\\/\\\/www.instagram.com\\\/sant_bult\\\/\",\"https:\\\/\\\/www.youtube.com\\\/channel\\\/UCViTQedoyMvyMj-pAq4doMA\"]},{\"@type\":\"Person\",\"@id\":\"https:\\\/\\\/santbult.es\\\/#\\\/schema\\\/person\\\/a2291a6450b44bc876c6fe81b146f15d\",\"name\":\"santbult\",\"image\":{\"@type\":\"ImageObject\",\"inLanguage\":\"val\",\"@id\":\"https:\\\/\\\/secure.gravatar.com\\\/avatar\\\/946e8694005d0bd75998ba9f0cf5ce2939c3dc003df972082147d2a625f3837d?s=96&d=mm&r=g\",\"url\":\"https:\\\/\\\/secure.gravatar.com\\\/avatar\\\/946e8694005d0bd75998ba9f0cf5ce2939c3dc003df972082147d2a625f3837d?s=96&d=mm&r=g\",\"contentUrl\":\"https:\\\/\\\/secure.gravatar.com\\\/avatar\\\/946e8694005d0bd75998ba9f0cf5ce2939c3dc003df972082147d2a625f3837d?s=96&d=mm&r=g\",\"caption\":\"santbult\"},\"sameAs\":[\"https:\\\/\\\/santbult.es\"]}]}<\/script>\n<!-- \/ Yoast SEO Premium plugin. -->","yoast_head_json":{"title":"Gojos a la Image del Crist de Sant Bult - Festes de Sant Bult \u2013 La Xerea","description":"Gojos que es reciten entorn a l'Image de Sant Bult i nos conta una miqueta la seua aparici\u00f3 en l'hist\u00f2ria de Val\u00e9ncia des de 1238","robots":{"index":"index","follow":"follow","max-snippet":"max-snippet:-1","max-image-preview":"max-image-preview:large","max-video-preview":"max-video-preview:-1"},"canonical":"https:\/\/santbult.es\/va\/gojos\/","og_locale":"en_US","og_type":"article","og_title":"Gojos a Sant Bult","og_description":"Festes de Sant Bult \u2013 La Xerea","og_url":"https:\/\/santbult.es\/va\/gojos\/","og_site_name":"Festes de Sant Bult \u2013 La Xerea","article_publisher":"https:\/\/www.facebook.com\/santbult","article_published_time":"2018-05-02T09:48:30+00:00","article_modified_time":"2023-11-29T21:01:46+00:00","og_image":[{"width":640,"height":448,"url":"https:\/\/santbult.es\/wp-content\/uploads\/2018\/05\/header-gozos.jpg","type":"image\/jpeg"}],"author":"santbult","twitter_card":"summary_large_image","twitter_creator":"@sant_bult","twitter_site":"@sant_bult","twitter_misc":{"Written by":"santbult","Est. reading time":"2 minutes"},"schema":{"@context":"https:\/\/schema.org","@graph":[{"@type":"Article","@id":"https:\/\/santbult.es\/va\/gojos\/#article","isPartOf":{"@id":"https:\/\/santbult.es\/va\/gojos\/"},"author":{"name":"santbult","@id":"https:\/\/santbult.es\/#\/schema\/person\/a2291a6450b44bc876c6fe81b146f15d"},"headline":"Gojos a Sant Bult","datePublished":"2018-05-02T09:48:30+00:00","dateModified":"2023-11-29T21:01:46+00:00","mainEntityOfPage":{"@id":"https:\/\/santbult.es\/va\/gojos\/"},"wordCount":184,"publisher":{"@id":"https:\/\/santbult.es\/#organization"},"image":{"@id":"https:\/\/santbult.es\/va\/gojos\/#primaryimage"},"thumbnailUrl":"https:\/\/santbult.es\/wp-content\/uploads\/2018\/05\/header-gozos.jpg","articleSection":["Archiu Hist\u00f2ric","Cancionero","Inici","Rac\u00f3 Personal"],"inLanguage":"val"},{"@type":"WebPage","@id":"https:\/\/santbult.es\/va\/gojos\/","url":"https:\/\/santbult.es\/va\/gojos\/","name":"Gojos a la Image del Crist de Sant Bult - Festes de Sant Bult \u2013 La Xerea","isPartOf":{"@id":"https:\/\/santbult.es\/#website"},"primaryImageOfPage":{"@id":"https:\/\/santbult.es\/va\/gojos\/#primaryimage"},"image":{"@id":"https:\/\/santbult.es\/va\/gojos\/#primaryimage"},"thumbnailUrl":"https:\/\/santbult.es\/wp-content\/uploads\/2018\/05\/header-gozos.jpg","datePublished":"2018-05-02T09:48:30+00:00","dateModified":"2023-11-29T21:01:46+00:00","description":"Gojos que es reciten entorn a l'Image de Sant Bult i nos conta una miqueta la seua aparici\u00f3 en l'hist\u00f2ria de Val\u00e9ncia des de 1238","breadcrumb":{"@id":"https:\/\/santbult.es\/va\/gojos\/#breadcrumb"},"inLanguage":"val","potentialAction":[{"@type":"ReadAction","target":["https:\/\/santbult.es\/va\/gojos\/"]}]},{"@type":"ImageObject","inLanguage":"val","@id":"https:\/\/santbult.es\/va\/gojos\/#primaryimage","url":"https:\/\/santbult.es\/wp-content\/uploads\/2018\/05\/header-gozos.jpg","contentUrl":"https:\/\/santbult.es\/wp-content\/uploads\/2018\/05\/header-gozos.jpg","width":640,"height":448},{"@type":"BreadcrumbList","@id":"https:\/\/santbult.es\/va\/gojos\/#breadcrumb","itemListElement":[{"@type":"ListItem","position":1,"name":"Can\u00e7oner","item":"https:\/\/santbult.es\/va\/category\/cancionero-val\/"},{"@type":"ListItem","position":2,"name":"Gojos a Sant Bult"}]},{"@type":"WebSite","@id":"https:\/\/santbult.es\/#website","url":"https:\/\/santbult.es\/","name":"Festes de Sant Bult \u2013 La Xerea","description":"B\u00e9 Rellev\u00e0ncia Local Immaterial","publisher":{"@id":"https:\/\/santbult.es\/#organization"},"potentialAction":[{"@type":"SearchAction","target":{"@type":"EntryPoint","urlTemplate":"https:\/\/santbult.es\/?s={search_term_string}"},"query-input":{"@type":"PropertyValueSpecification","valueRequired":true,"valueName":"search_term_string"}}],"inLanguage":"val"},{"@type":"Organization","@id":"https:\/\/santbult.es\/#organization","name":"Sant Bult","url":"https:\/\/santbult.es\/","logo":{"@type":"ImageObject","inLanguage":"val","@id":"https:\/\/santbult.es\/#\/schema\/logo\/image\/","url":"https:\/\/santbult.es\/wp-content\/uploads\/2019\/04\/mini-sant-bult.png","contentUrl":"https:\/\/santbult.es\/wp-content\/uploads\/2019\/04\/mini-sant-bult.png","width":330,"height":330,"caption":"Sant Bult"},"image":{"@id":"https:\/\/santbult.es\/#\/schema\/logo\/image\/"},"sameAs":["https:\/\/www.facebook.com\/santbult","https:\/\/x.com\/sant_bult","https:\/\/www.instagram.com\/sant_bult\/","https:\/\/www.youtube.com\/channel\/UCViTQedoyMvyMj-pAq4doMA"]},{"@type":"Person","@id":"https:\/\/santbult.es\/#\/schema\/person\/a2291a6450b44bc876c6fe81b146f15d","name":"santbult","image":{"@type":"ImageObject","inLanguage":"val","@id":"https:\/\/secure.gravatar.com\/avatar\/946e8694005d0bd75998ba9f0cf5ce2939c3dc003df972082147d2a625f3837d?s=96&d=mm&r=g","url":"https:\/\/secure.gravatar.com\/avatar\/946e8694005d0bd75998ba9f0cf5ce2939c3dc003df972082147d2a625f3837d?s=96&d=mm&r=g","contentUrl":"https:\/\/secure.gravatar.com\/avatar\/946e8694005d0bd75998ba9f0cf5ce2939c3dc003df972082147d2a625f3837d?s=96&d=mm&r=g","caption":"santbult"},"sameAs":["https:\/\/santbult.es"]}]}},"_links":{"self":[{"href":"https:\/\/santbult.es\/va\/wp-json\/wp\/v2\/posts\/5109","targetHints":{"allow":["GET"]}}],"collection":[{"href":"https:\/\/santbult.es\/va\/wp-json\/wp\/v2\/posts"}],"about":[{"href":"https:\/\/santbult.es\/va\/wp-json\/wp\/v2\/types\/post"}],"author":[{"embeddable":true,"href":"https:\/\/santbult.es\/va\/wp-json\/wp\/v2\/users\/1"}],"replies":[{"embeddable":true,"href":"https:\/\/santbult.es\/va\/wp-json\/wp\/v2\/comments?post=5109"}],"version-history":[{"count":1,"href":"https:\/\/santbult.es\/va\/wp-json\/wp\/v2\/posts\/5109\/revisions"}],"predecessor-version":[{"id":13136,"href":"https:\/\/santbult.es\/va\/wp-json\/wp\/v2\/posts\/5109\/revisions\/13136"}],"wp:featuredmedia":[{"embeddable":true,"href":"https:\/\/santbult.es\/va\/wp-json\/wp\/v2\/media\/6215"}],"wp:attachment":[{"href":"https:\/\/santbult.es\/va\/wp-json\/wp\/v2\/media?parent=5109"}],"wp:term":[{"taxonomy":"category","embeddable":true,"href":"https:\/\/santbult.es\/va\/wp-json\/wp\/v2\/categories?post=5109"},{"taxonomy":"post_tag","embeddable":true,"href":"https:\/\/santbult.es\/va\/wp-json\/wp\/v2\/tags?post=5109"}],"curies":[{"name":"wp","href":"https:\/\/api.w.org\/{rel}","templated":true}]}}