{"id":5097,"date":"2018-05-03T11:27:22","date_gmt":"2018-05-03T09:27:22","guid":{"rendered":"https:\/\/santbult.es\/?p=5097"},"modified":"2024-04-03T14:46:35","modified_gmt":"2024-04-03T12:46:35","slug":"historia-sant-bult","status":"publish","type":"post","link":"https:\/\/santbult.es\/va\/historia-sant-bult\/","title":{"rendered":"Hist\u00f2ria de Sant Bult"},"content":{"rendered":"<div class=\"wpb-content-wrapper\"><p>[vc_row][vc_column][vc_separator color=&#8221;blue&#8221; align=&#8221;align_left&#8221; border_width=&#8221;2&#8243; el_width=&#8221;10&#8243;][\/vc_column][\/vc_row][vc_row][vc_column][vc_empty_space][\/vc_column][\/vc_row][vc_row][vc_column][vc_column_text]<\/p>\n<h3><strong>La tradici\u00f3 del Sant Bult de la Xerea<\/strong><\/h3>\n<p>Sense \u00e0nim de realisar un eixercici d\u2019hist\u00f2ria, si que anem a oferir unes r\u00e0pides pinzellades a lo que signifiquen les festes de Sant Bult, la seua cronologia, la seua relaci\u00f3 en el barri de la Xerea aixina com de que forma s\u2019han organisat estes festes a lo llarc de l\u2019hist\u00f2ria i de que manera<br \/>\nfrut d\u2019esta tradici\u00f3 que ha perdurat a trav\u00e9s dels sigles va n\u00e0ixer la\u00a0<a href=\"https:\/\/santbult.es\/va\/rehabilitacio_llar\/\">Llar Escola Sant Bult<\/a>.<\/p>\n<p>Estimem que esta \u00e9s la millor manera de situar un proyecte que enclavamos dins d\u2019un espai urb\u00e0 determinat i que adem\u00e9s vol relacionar-se en una tradici\u00f3 que ha marcat definitivament la realitat d\u2019eixe espai urb\u00e0 inserido en la Ciutat Vella de la ciutat de Val\u00e9ncia.[\/vc_column_text][\/vc_column][\/vc_row][vc_row][vc_column][vc_column_text]<\/p>\n<h3><strong>Els inicis de la tradicio festiva en la Xerea: \u201cLes Festes de Sant Bult\u201d<\/strong><\/h3>\n<p>La tradici\u00f3 nos conta que\u00a0<a href=\"https:\/\/santbult.es\/va\/restauracio\/\">l\u2019image del Crist de Sant Bult<\/a>\u00a0va ser trobada en l\u2019any de la conquista jaumina de la ciutat i Regne de Val\u00e9ncia. Estem parlant, per tant, d\u2019una image rom\u00e0nica, d\u2019un crist de campanya de redu\u00efdes dimensions que arreplega ya l\u2019idea del Crist en majestad, el Crist que ha ven\u00e7ut a la mort. El\u00a0<a href=\"https:\/\/santbult.es\/va\/historia-sant-bult\/\">nom de Sant Bult<\/a>\u00a0vindria etimol\u00f3gicamente de la paraula llatina \u201cvultus\u201d que significa \u201cimage de Crist\u201d i que t\u00e9 paralelisme en el Sant Volto de la ciutat italiana de Lucca que guarda moltes semblances en l\u2019image de la Xerea, i que era l\u2019image titular de l\u2019orde de Sant Joan de l\u2019Hospital de Jerusalem.<\/p>\n<p>Seguint les ensenyances de la tradici\u00f3 este Crist va ser donat al barri de la Xerea, antic arraval musulm\u00e0 anterior a la conquista, per Manuel Navarro, quedant en l\u2019obligaci\u00f3 dels ve\u00efns de la Xerea el realisar-li festa i cult religi\u00f3s anualment.[\/vc_column_text][\/vc_column][\/vc_row][vc_row][vc_column][vc_column_text]<\/p>\n<h3><strong>Sant Bult \u201cFesta de Carrer\u201d en l\u2019Epoca Foral<\/strong><\/h3>\n<p>En els archius catedralicios de la\u00a0<a href=\"https:\/\/santbult.es\/va\/catedral\/\">Seu valenciana<\/a>\u00a0s\u2019arreplega que, des de principis del sigle XIV el barri de la Xerea tributa festes a l\u2019image de Sant Bult. Com be podem consultar en els llibres de medievalistas com Rafael Narbona o de soci\u00f2lecs com\u00a0<a href=\"https:\/\/santbult.es\/va\/pregoners\/\">Antonio Ari\u00f1o<\/a>, la ciutat<br \/>\nforal de Val\u00e9ncia era un espai ritual on les festes marcaven de manera absoluta el calendari i l\u2019image que els seus governants, els jurats, volien exportar de la capital regn\u00edcola. Val\u00e9ncia era coneguda en tota Europa per la seua infinitat de festes de carrer, entre les quals destacava la de Sant Bult.<\/p>\n<p>Durant tota l\u2019\u00e9poca foral, les festes de Sant Bult es mantindrien fidels a l\u2019esquema t\u00edpic dels festes de carrer valencianes combinant des dels seus inicis el seu esperit religi\u00f3s en aspectes de car\u00e0cter m\u00e9s l\u00fadic i c\u00edvic. Tot aix\u00f2 plenament relacionat en l\u2019espiritualitat mediterr\u00e0nea.<\/p>\n<p>Poc a poc, hem anat coneixent que l\u2019image de Sant Bult va ser tenint altars en diferents igl\u00e9sies de la ciutat. A falta de poder concretar cronologia, podem saber que tenia un altar en la Seu valenciana, era l\u2019image patrona dels sacristanes de la Catedral, i que tamb\u00e9 va estar residint en\u00a0<a href=\"https:\/\/sanjuandelhospital.es\/\">l\u2019igl\u00e9sia de Sant Joan de l\u2019Hospital<\/a>, on en el sigle XVI se li va impondre la Creu de Malta -pr\u00f2pia de totes les im\u00e0gens hospital\u00e0ries-, aixina com en atres igl\u00e9sies com la de Sant Esteban i el Temple. En l\u2019actualitat, en ocasi\u00f3 de les festes, l\u2019image es guarda durant una nit en la\u00a0<a href=\"https:\/\/tomasapostol.es\/wp\/\">parr\u00f2quia de Sant Tom\u00e1s i Sant Felipe Neri<\/a>.<\/p>\n<p>A pesar de tot aix\u00f2, el barri de la Xerea va continuar tenint la propietat de l\u2019image i la custodiava durant els dies de festa. Els ve\u00efns de la Xerea feyen valdre davant l\u2019Igl\u00e9sia els seus drets sobre l\u2019image de Sant Bult. Igualment coneixem l\u2019exist\u00e8ncia d\u2019un altar de Sant Bult situat en l\u2019actual cant\u00f3 del carrer En Blanch i la Pla\u00e7a de Sant Bult. Un altar que va ser derru\u00eft a mitat del sigle XVIII en virtut de les ordenances municipals, donant testimoni dels nous gusts de la societat burguesa, que obligaven a la desaparici\u00f3 dels altars dels carrers.[\/vc_column_text][\/vc_column][\/vc_row][vc_row][vc_column][vc_single_image image=&#8221;205&#8243; img_size=&#8221;full&#8221;][\/vc_column][\/vc_row][vc_row][vc_column][vc_column_text]Foto: Javier Ramos[\/vc_column_text][\/vc_column][\/vc_row][vc_row][vc_column][vc_column_text]<\/p>\n<h3><strong>Els canvis en la societat, i en la Festa, en L\u2019\u00c9poca Contemporanea<\/strong><\/h3>\n<p>La societat contempor\u00e0nea del sigle XIX en les seues revolucions lliberals i l\u2019ascens de la societat burguesa va provocar, tamb\u00e9 canvis en les festes populars. A pesar d\u2019aix\u00f2 les festes de Sant Bult es varen mantindre. La tradici\u00f3 de la Xerea entorn de Sant Bult va perman\u00e9ixer<br \/>\ninvariable a lo llarc dels anys pese a pert\u00e0nyer al n\u00facleu de les festes tradicionals provinents de l\u2019\u00e9poca foral. De mitat del sigle XIX es conserva abundant documentaci\u00f3 relativa sobre la \u201cAssociaci\u00f3 de Sant Bult\u201d que era l\u2019entitat encarregada de realisar les festes i els depositario de l\u2019image.<\/p>\n<p>En els seus Estatuts, visats pel Governador de l\u2019\u00e9poca, s\u2019estipulava, per eixemple, que l\u2019image no podia passar m\u00e9s de 24 hores dins d\u2019un recint eclesi\u00e0stic, aixina com que els ve\u00efns de la Xerea estaven obligats a tributar festes a Sant Bult anualment.[\/vc_column_text][\/vc_column][\/vc_row][vc_row][vc_column][vc_column_text]<\/p>\n<h3><strong>El naiximent del\u00a0<a href=\"https:\/\/santbult.es\/va\/rehabilitacio_llar\/\">Patronat Llar \u2013 Escola de Sant Bult<\/a><\/strong><\/h3>\n<p>L\u2019Associaci\u00f3 del Sant Bulto es mantindria fins a 1951, any en el que es fundaria la Llar Escola Sant Bult. Esta entitat va n\u00e0ixer des de l\u2019Associaci\u00f3 de Sant Bult en la finalitat de crear una s\u00e8u social entorn de l\u2019image i de la festa, al temps de potenciar la seua consolidaci\u00f3 com el centre sociocultural i educatiu del barri. Si be l\u2019Associaci\u00f3 de Sant Bult va perman\u00e9ixer en la funci\u00f3 de l\u2019organisaci\u00f3 de les festes, la Llar Escola va fundar un espai c\u00edvic en el carrer En Blanch on es realisaven multitut d\u2019activitats que en seguida resenyarem.<\/p>\n<p>Grup de teatre, equip de ciclisme, equip de futbol, grup de rondallas, un cor, colombaires\u2026. estes eren les activitats que englobava la Llar Sant Bult. Pero sobretot cal recordar l\u2019Escola de Sant Bult. Una escola de barri que es va fundar en una \u00e9poca molt dif\u00edcil per a assegurar l\u2019educaci\u00f3 i el conte d\u2019uns chiquets que, en un barri humil de la Val\u00e9ncia de posguerra, tenien molt dif\u00edcil el seu futur. \u00d2bviament esta escola no nom\u00e9s tenia la funci\u00f3 d\u2019impartir ensenyances, tamb\u00e9 suplia, en alguns casos, d\u00e8ficits de nutrici\u00f3 dels chiquets que acodien a elles.<\/p>\n<p>Mentrestant, l\u2019antiga Associaci\u00f3 de Sant Bult va passar a denominar-se Junta de *Clavarios de Sant Bult tenint les mateixes funcions d\u2019organisaci\u00f3 de la festa. Esta Junta de Clavarios es va convertir en l\u2019instrument de les noves generacions per a integrar-se en la festa i mantindre<br \/>\nla tradici\u00f3 sense renunciar a potenciar l\u2019aspecte c\u00edvic i cultural de la festa.<\/p>\n<p>En l\u2019arribada de la transici\u00f3 la festa es va ser adaptant als nous temps a trav\u00e9s de la seua\u00a0<a href=\"https:\/\/santbult.es\/va\/clavaris\/\">Junta de Clavarios<\/a>\u00a0en un proc\u00e9s que va concloure en l\u2019any 2000 quan es permetria l\u2019entrada de d\u00f2nes en la Junta de Clavarios. Mentrestant, la Llar Escola iniciaria una etapa sense grans canvis que duraria fins a finals dels anys huitanta.[\/vc_column_text][\/vc_column][\/vc_row][vc_row][vc_column][vc_single_image image=&#8221;207&#8243; img_size=&#8221;full&#8221;][\/vc_column][\/vc_row][vc_row][vc_column][vc_column_text]Foto: Jes\u00fas Morte[\/vc_column_text][\/vc_column][\/vc_row][vc_row][vc_column][vc_column_text]<\/p>\n<h3><strong>L\u2019arribada d\u2019un nou segle<\/strong><\/h3>\n<p>Poc a poc les coses varen millorar, des de fa uns anys cal mirar en esperan\u00e7a el futur d\u2019un barri que veu com torna a estar habitat i a convertir-se en una de les zones m\u00e9s agradables per a residir. La Llar Escola, per la seua banda, va iniciar des de fa uns anys una etapa en una voluntat ferma d\u2019obrir-se a la ciutat de Val\u00e9ncia i ha recuperat la seua faceta de realisar un *servici\u00f3 educatiu i cultural en els ve\u00efns de la Xerea.<\/p>\n<p>L\u2019Escoleta, el Cor de l\u2019Escoleta, la realisaci\u00f3 de taules redones, exposicions de fotografia, els cert\u00e0mens de Narrativa *Curta, les nits de M\u00fasica jove s\u00f3n frut d\u2019esta voluntat d\u2019obertura i modernisaci\u00f3. L\u2019Escoleta precisament \u00e9s el proyecte estelar, ya que recupera la tradici\u00f3 de que els chiquets i chiquetes del barri donen classe en la Llar: classes de rep\u00e0s, iniciaci\u00f3 a l\u2019angl\u00e9s i l\u2019inform\u00e0tica,\u2026\u2026\u2026\u2026 Un proyecte carregat de voluntarisme, pero que necessita d\u2019una millora de les infraestructures per a poder realisar la llabor educativa en dignitat.<\/p>\n<p>Junt a aix\u00f2 les festes de Sant Bult varen continuar profundisant en la confecci\u00f3 d\u2019un programa festiu plural i divers, i buscant en tot moment l\u2019acostar a la ciutadania valenciana a eixe rac\u00f3 desconegut que era la Xerea com bellamente escrivia Juan Luis Corb\u00edn. Una iniciativa molt interessant en esta direcci\u00f3 ha segut que l\u2019image de Sant Bult ixquera en process\u00f3 en la\u00a0<a href=\"https:\/\/www.semanasantamarinera.org\/\">Semana Santa Marinera<\/a>\u00a0en un eixercici d\u2019intercanvi d\u2019experi\u00e8ncies en la\u00a0<a href=\"http:\/\/www.jesusconlacruz.es\/es\">Germandat de Jes\u00fas en la Creu.<\/a>[\/vc_column_text][\/vc_column][\/vc_row][vc_row][vc_column][vc_column_text]<\/p>\n<h3><strong>Unes paraules sobre el futur<\/strong><\/h3>\n<p>La tradici\u00f3 desenrollada en la Xerea al covil d\u2019un Crist rom\u00e0nic del sigle XII s\u2019ha mantingut a lo llarc dels temps. Aix\u00f2 ha segut possible a causa de moltes raons, pero, sense lloc a dubtes, la voluntat de modernisaci\u00f3 i renovaci\u00f3 de la festa ha segut un dels factors clau. En estos moments el present de la festa i de l\u2019entitat, la Llar Escola Sant Bult, est\u00e0 raonablement garantisat. No obstant no podem dir lo mateix del futur.<\/p>\n<p>Des de la Llar Escola Sant Bult entenem que l\u2019idea de comen\u00e7ar la rehabilitaci\u00f3 integral de l\u2019edifici segons la remodelaci\u00f3 de l\u2019espai de l\u2019antic cine-teatre segons la construcci\u00f3 d\u2019una sala polifuncional i dissenyada per a poder albergar montages art\u00edstics de car\u00e0cter multidisciplinar \u00e9s absolutament apropiada per a tornar a integrar el barri de la Xerea dins del circuit de generaci\u00f3 de cultura de la nostra ciutat.<\/p>\n<p>El proyecte t\u00e9, pel seu car\u00e0cter innovador i ambici\u00f3s, tots els requisits per a poder conformar-se com el punt de partida per a poder seguir oferint des de la Llar-Escola una llabor cultural i educativa per als ve\u00efns de la Xerea i, en general, dels ciutadans i ciutadanes de Val\u00e9ncia.<\/p>\n<p>Atres q\u00fcestions b\u00e0siques per a assegurar-nos un futur estan relacionades en el fecundo clima de cooperaci\u00f3 existent entre les diverses associacions que existixen en la Xerea:\u00a0<a href=\"https:\/\/www.fallaplazasantbult.com\/\">Falla<\/a>,\u00a0<a href=\"https:\/\/santbult.es\/va\/junta_clavariesas\/\">Grup de Clavariesas<\/a>, Associaci\u00f3 de Ve\u00efns, els comer\u00e7os del barri i en els ve\u00efns i ve\u00efnes en general.[\/vc_column_text][\/vc_column][\/vc_row][vc_row][vc_column][vc_column_text]\u201c<strong>Contem en un passat molt important, un present esperan\u00e7ador i un futur que dia a dia tindrem que afrontar per a resoldre en \u00e8xit els reptes que el dem\u00e0 nos planteja.<\/strong>\u201d[\/vc_column_text][\/vc_column][\/vc_row][vc_row][vc_column][vc_single_image image=&#8221;220&#8243; img_size=&#8221;full&#8221;][\/vc_column][\/vc_row][vc_row][vc_column][vc_column_text]Foto: Jes\u00fas Morte[\/vc_column_text][\/vc_column][\/vc_row]<\/p>\n<\/div>","protected":false},"excerpt":{"rendered":"<p>[vc_row][vc_column][vc_separator color=&#8221;blue&#8221; align=&#8221;align_left&#8221; border_width=&#8221;2&#8243; el_width=&#8221;10&#8243;][\/vc_column][\/vc_row][vc_row][vc_column][vc_empty_space][\/vc_column][\/vc_row][vc_row][vc_column][vc_column_text] La tradici\u00f3 del Sant Bult de la Xerea Sense \u00e0nim de realisar un eixercici d\u2019hist\u00f2ria, si que anem a oferir&hellip;<\/p>\n","protected":false},"author":1,"featured_media":6210,"comment_status":"closed","ping_status":"closed","sticky":false,"template":"","format":"standard","meta":{"footnotes":""},"categories":[177,493,352],"tags":[],"class_list":["post-5097","post","type-post","status-publish","format-standard","has-post-thumbnail","hentry","category-archiu-historic","category-inici","category-raco-personal"],"yoast_head":"<!-- This site is optimized with the Yoast SEO Premium plugin v24.8 (Yoast SEO v27.4) - https:\/\/yoast.com\/product\/yoast-seo-premium-wordpress\/ -->\n<title>Hist\u00f2ria Sant Bult, Patr\u00f3 del barri de la Xerea en Val\u00e9ncia<\/title>\n<meta name=\"description\" content=\"Hist\u00f2ria Sant Bult i de com va aplegar al barri de la Xerea de la Ciutat de Val\u00e9ncia i com a dia de hui se seguix celebrant festa #SantBult\" \/>\n<meta name=\"robots\" content=\"index, follow, max-snippet:-1, max-image-preview:large, max-video-preview:-1\" \/>\n<link rel=\"canonical\" href=\"https:\/\/santbult.es\/va\/historia-sant-bult\/\" \/>\n<meta property=\"og:locale\" content=\"en_US\" \/>\n<meta property=\"og:type\" content=\"article\" \/>\n<meta property=\"og:title\" content=\"Hist\u00f2ria de Sant Bult\" \/>\n<meta property=\"og:description\" content=\"Festes de Sant Bult \u2013 La Xerea\" \/>\n<meta property=\"og:url\" content=\"https:\/\/santbult.es\/va\/historia-sant-bult\/\" \/>\n<meta property=\"og:site_name\" content=\"Festes de Sant Bult \u2013 La Xerea\" \/>\n<meta property=\"article:publisher\" content=\"https:\/\/www.facebook.com\/santbult\" \/>\n<meta property=\"article:published_time\" content=\"2018-05-03T09:27:22+00:00\" \/>\n<meta property=\"article:modified_time\" content=\"2024-04-03T12:46:35+00:00\" \/>\n<meta property=\"og:image\" content=\"https:\/\/santbult.es\/wp-content\/uploads\/2018\/05\/header-historia.jpg\" \/>\n\t<meta property=\"og:image:width\" content=\"640\" \/>\n\t<meta property=\"og:image:height\" content=\"448\" \/>\n\t<meta property=\"og:image:type\" content=\"image\/jpeg\" \/>\n<meta name=\"author\" content=\"santbult\" \/>\n<meta name=\"twitter:card\" content=\"summary_large_image\" \/>\n<meta name=\"twitter:creator\" content=\"@sant_bult\" \/>\n<meta name=\"twitter:site\" content=\"@sant_bult\" \/>\n<meta name=\"twitter:label1\" content=\"Written by\" \/>\n\t<meta name=\"twitter:data1\" content=\"santbult\" \/>\n\t<meta name=\"twitter:label2\" content=\"Est. reading time\" \/>\n\t<meta name=\"twitter:data2\" content=\"9 minutes\" \/>\n<script type=\"application\/ld+json\" class=\"yoast-schema-graph\">{\"@context\":\"https:\\\/\\\/schema.org\",\"@graph\":[{\"@type\":\"Article\",\"@id\":\"https:\\\/\\\/santbult.es\\\/va\\\/historia-sant-bult\\\/#article\",\"isPartOf\":{\"@id\":\"https:\\\/\\\/santbult.es\\\/va\\\/historia-sant-bult\\\/\"},\"author\":{\"name\":\"santbult\",\"@id\":\"https:\\\/\\\/santbult.es\\\/#\\\/schema\\\/person\\\/a2291a6450b44bc876c6fe81b146f15d\"},\"headline\":\"Hist\u00f2ria de Sant Bult\",\"datePublished\":\"2018-05-03T09:27:22+00:00\",\"dateModified\":\"2024-04-03T12:46:35+00:00\",\"mainEntityOfPage\":{\"@id\":\"https:\\\/\\\/santbult.es\\\/va\\\/historia-sant-bult\\\/\"},\"wordCount\":2066,\"publisher\":{\"@id\":\"https:\\\/\\\/santbult.es\\\/#organization\"},\"image\":{\"@id\":\"https:\\\/\\\/santbult.es\\\/va\\\/historia-sant-bult\\\/#primaryimage\"},\"thumbnailUrl\":\"https:\\\/\\\/santbult.es\\\/wp-content\\\/uploads\\\/2018\\\/05\\\/header-historia.jpg\",\"articleSection\":[\"Archiu Hist\u00f2ric\",\"Inici\",\"Rac\u00f3 Personal\"],\"inLanguage\":\"val\"},{\"@type\":\"WebPage\",\"@id\":\"https:\\\/\\\/santbult.es\\\/va\\\/historia-sant-bult\\\/\",\"url\":\"https:\\\/\\\/santbult.es\\\/va\\\/historia-sant-bult\\\/\",\"name\":\"Hist\u00f2ria Sant Bult, Patr\u00f3 del barri de la Xerea en Val\u00e9ncia\",\"isPartOf\":{\"@id\":\"https:\\\/\\\/santbult.es\\\/#website\"},\"primaryImageOfPage\":{\"@id\":\"https:\\\/\\\/santbult.es\\\/va\\\/historia-sant-bult\\\/#primaryimage\"},\"image\":{\"@id\":\"https:\\\/\\\/santbult.es\\\/va\\\/historia-sant-bult\\\/#primaryimage\"},\"thumbnailUrl\":\"https:\\\/\\\/santbult.es\\\/wp-content\\\/uploads\\\/2018\\\/05\\\/header-historia.jpg\",\"datePublished\":\"2018-05-03T09:27:22+00:00\",\"dateModified\":\"2024-04-03T12:46:35+00:00\",\"description\":\"Hist\u00f2ria Sant Bult i de com va aplegar al barri de la Xerea de la Ciutat de Val\u00e9ncia i com a dia de hui se seguix celebrant festa #SantBult\",\"breadcrumb\":{\"@id\":\"https:\\\/\\\/santbult.es\\\/va\\\/historia-sant-bult\\\/#breadcrumb\"},\"inLanguage\":\"val\",\"potentialAction\":[{\"@type\":\"ReadAction\",\"target\":[\"https:\\\/\\\/santbult.es\\\/va\\\/historia-sant-bult\\\/\"]}]},{\"@type\":\"ImageObject\",\"inLanguage\":\"val\",\"@id\":\"https:\\\/\\\/santbult.es\\\/va\\\/historia-sant-bult\\\/#primaryimage\",\"url\":\"https:\\\/\\\/santbult.es\\\/wp-content\\\/uploads\\\/2018\\\/05\\\/header-historia.jpg\",\"contentUrl\":\"https:\\\/\\\/santbult.es\\\/wp-content\\\/uploads\\\/2018\\\/05\\\/header-historia.jpg\",\"width\":640,\"height\":448},{\"@type\":\"BreadcrumbList\",\"@id\":\"https:\\\/\\\/santbult.es\\\/va\\\/historia-sant-bult\\\/#breadcrumb\",\"itemListElement\":[{\"@type\":\"ListItem\",\"position\":1,\"name\":\"Archiu Hist\u00f2ric\",\"item\":\"https:\\\/\\\/santbult.es\\\/va\\\/category\\\/archiu-historic\\\/\"},{\"@type\":\"ListItem\",\"position\":2,\"name\":\"Hist\u00f2ria de Sant Bult\"}]},{\"@type\":\"WebSite\",\"@id\":\"https:\\\/\\\/santbult.es\\\/#website\",\"url\":\"https:\\\/\\\/santbult.es\\\/\",\"name\":\"Festes de Sant Bult \u2013 La Xerea\",\"description\":\"B\u00e9 Rellev\u00e0ncia Local Immaterial\",\"publisher\":{\"@id\":\"https:\\\/\\\/santbult.es\\\/#organization\"},\"potentialAction\":[{\"@type\":\"SearchAction\",\"target\":{\"@type\":\"EntryPoint\",\"urlTemplate\":\"https:\\\/\\\/santbult.es\\\/?s={search_term_string}\"},\"query-input\":{\"@type\":\"PropertyValueSpecification\",\"valueRequired\":true,\"valueName\":\"search_term_string\"}}],\"inLanguage\":\"val\"},{\"@type\":\"Organization\",\"@id\":\"https:\\\/\\\/santbult.es\\\/#organization\",\"name\":\"Sant Bult\",\"url\":\"https:\\\/\\\/santbult.es\\\/\",\"logo\":{\"@type\":\"ImageObject\",\"inLanguage\":\"val\",\"@id\":\"https:\\\/\\\/santbult.es\\\/#\\\/schema\\\/logo\\\/image\\\/\",\"url\":\"https:\\\/\\\/santbult.es\\\/wp-content\\\/uploads\\\/2019\\\/04\\\/mini-sant-bult.png\",\"contentUrl\":\"https:\\\/\\\/santbult.es\\\/wp-content\\\/uploads\\\/2019\\\/04\\\/mini-sant-bult.png\",\"width\":330,\"height\":330,\"caption\":\"Sant Bult\"},\"image\":{\"@id\":\"https:\\\/\\\/santbult.es\\\/#\\\/schema\\\/logo\\\/image\\\/\"},\"sameAs\":[\"https:\\\/\\\/www.facebook.com\\\/santbult\",\"https:\\\/\\\/x.com\\\/sant_bult\",\"https:\\\/\\\/www.instagram.com\\\/sant_bult\\\/\",\"https:\\\/\\\/www.youtube.com\\\/channel\\\/UCViTQedoyMvyMj-pAq4doMA\"]},{\"@type\":\"Person\",\"@id\":\"https:\\\/\\\/santbult.es\\\/#\\\/schema\\\/person\\\/a2291a6450b44bc876c6fe81b146f15d\",\"name\":\"santbult\",\"image\":{\"@type\":\"ImageObject\",\"inLanguage\":\"val\",\"@id\":\"https:\\\/\\\/secure.gravatar.com\\\/avatar\\\/946e8694005d0bd75998ba9f0cf5ce2939c3dc003df972082147d2a625f3837d?s=96&d=mm&r=g\",\"url\":\"https:\\\/\\\/secure.gravatar.com\\\/avatar\\\/946e8694005d0bd75998ba9f0cf5ce2939c3dc003df972082147d2a625f3837d?s=96&d=mm&r=g\",\"contentUrl\":\"https:\\\/\\\/secure.gravatar.com\\\/avatar\\\/946e8694005d0bd75998ba9f0cf5ce2939c3dc003df972082147d2a625f3837d?s=96&d=mm&r=g\",\"caption\":\"santbult\"},\"sameAs\":[\"https:\\\/\\\/santbult.es\"]}]}<\/script>\n<!-- \/ Yoast SEO Premium plugin. -->","yoast_head_json":{"title":"Hist\u00f2ria Sant Bult, Patr\u00f3 del barri de la Xerea en Val\u00e9ncia","description":"Hist\u00f2ria Sant Bult i de com va aplegar al barri de la Xerea de la Ciutat de Val\u00e9ncia i com a dia de hui se seguix celebrant festa #SantBult","robots":{"index":"index","follow":"follow","max-snippet":"max-snippet:-1","max-image-preview":"max-image-preview:large","max-video-preview":"max-video-preview:-1"},"canonical":"https:\/\/santbult.es\/va\/historia-sant-bult\/","og_locale":"en_US","og_type":"article","og_title":"Hist\u00f2ria de Sant Bult","og_description":"Festes de Sant Bult \u2013 La Xerea","og_url":"https:\/\/santbult.es\/va\/historia-sant-bult\/","og_site_name":"Festes de Sant Bult \u2013 La Xerea","article_publisher":"https:\/\/www.facebook.com\/santbult","article_published_time":"2018-05-03T09:27:22+00:00","article_modified_time":"2024-04-03T12:46:35+00:00","og_image":[{"width":640,"height":448,"url":"https:\/\/santbult.es\/wp-content\/uploads\/2018\/05\/header-historia.jpg","type":"image\/jpeg"}],"author":"santbult","twitter_card":"summary_large_image","twitter_creator":"@sant_bult","twitter_site":"@sant_bult","twitter_misc":{"Written by":"santbult","Est. reading time":"9 minutes"},"schema":{"@context":"https:\/\/schema.org","@graph":[{"@type":"Article","@id":"https:\/\/santbult.es\/va\/historia-sant-bult\/#article","isPartOf":{"@id":"https:\/\/santbult.es\/va\/historia-sant-bult\/"},"author":{"name":"santbult","@id":"https:\/\/santbult.es\/#\/schema\/person\/a2291a6450b44bc876c6fe81b146f15d"},"headline":"Hist\u00f2ria de Sant Bult","datePublished":"2018-05-03T09:27:22+00:00","dateModified":"2024-04-03T12:46:35+00:00","mainEntityOfPage":{"@id":"https:\/\/santbult.es\/va\/historia-sant-bult\/"},"wordCount":2066,"publisher":{"@id":"https:\/\/santbult.es\/#organization"},"image":{"@id":"https:\/\/santbult.es\/va\/historia-sant-bult\/#primaryimage"},"thumbnailUrl":"https:\/\/santbult.es\/wp-content\/uploads\/2018\/05\/header-historia.jpg","articleSection":["Archiu Hist\u00f2ric","Inici","Rac\u00f3 Personal"],"inLanguage":"val"},{"@type":"WebPage","@id":"https:\/\/santbult.es\/va\/historia-sant-bult\/","url":"https:\/\/santbult.es\/va\/historia-sant-bult\/","name":"Hist\u00f2ria Sant Bult, Patr\u00f3 del barri de la Xerea en Val\u00e9ncia","isPartOf":{"@id":"https:\/\/santbult.es\/#website"},"primaryImageOfPage":{"@id":"https:\/\/santbult.es\/va\/historia-sant-bult\/#primaryimage"},"image":{"@id":"https:\/\/santbult.es\/va\/historia-sant-bult\/#primaryimage"},"thumbnailUrl":"https:\/\/santbult.es\/wp-content\/uploads\/2018\/05\/header-historia.jpg","datePublished":"2018-05-03T09:27:22+00:00","dateModified":"2024-04-03T12:46:35+00:00","description":"Hist\u00f2ria Sant Bult i de com va aplegar al barri de la Xerea de la Ciutat de Val\u00e9ncia i com a dia de hui se seguix celebrant festa #SantBult","breadcrumb":{"@id":"https:\/\/santbult.es\/va\/historia-sant-bult\/#breadcrumb"},"inLanguage":"val","potentialAction":[{"@type":"ReadAction","target":["https:\/\/santbult.es\/va\/historia-sant-bult\/"]}]},{"@type":"ImageObject","inLanguage":"val","@id":"https:\/\/santbult.es\/va\/historia-sant-bult\/#primaryimage","url":"https:\/\/santbult.es\/wp-content\/uploads\/2018\/05\/header-historia.jpg","contentUrl":"https:\/\/santbult.es\/wp-content\/uploads\/2018\/05\/header-historia.jpg","width":640,"height":448},{"@type":"BreadcrumbList","@id":"https:\/\/santbult.es\/va\/historia-sant-bult\/#breadcrumb","itemListElement":[{"@type":"ListItem","position":1,"name":"Archiu Hist\u00f2ric","item":"https:\/\/santbult.es\/va\/category\/archiu-historic\/"},{"@type":"ListItem","position":2,"name":"Hist\u00f2ria de Sant Bult"}]},{"@type":"WebSite","@id":"https:\/\/santbult.es\/#website","url":"https:\/\/santbult.es\/","name":"Festes de Sant Bult \u2013 La Xerea","description":"B\u00e9 Rellev\u00e0ncia Local Immaterial","publisher":{"@id":"https:\/\/santbult.es\/#organization"},"potentialAction":[{"@type":"SearchAction","target":{"@type":"EntryPoint","urlTemplate":"https:\/\/santbult.es\/?s={search_term_string}"},"query-input":{"@type":"PropertyValueSpecification","valueRequired":true,"valueName":"search_term_string"}}],"inLanguage":"val"},{"@type":"Organization","@id":"https:\/\/santbult.es\/#organization","name":"Sant Bult","url":"https:\/\/santbult.es\/","logo":{"@type":"ImageObject","inLanguage":"val","@id":"https:\/\/santbult.es\/#\/schema\/logo\/image\/","url":"https:\/\/santbult.es\/wp-content\/uploads\/2019\/04\/mini-sant-bult.png","contentUrl":"https:\/\/santbult.es\/wp-content\/uploads\/2019\/04\/mini-sant-bult.png","width":330,"height":330,"caption":"Sant Bult"},"image":{"@id":"https:\/\/santbult.es\/#\/schema\/logo\/image\/"},"sameAs":["https:\/\/www.facebook.com\/santbult","https:\/\/x.com\/sant_bult","https:\/\/www.instagram.com\/sant_bult\/","https:\/\/www.youtube.com\/channel\/UCViTQedoyMvyMj-pAq4doMA"]},{"@type":"Person","@id":"https:\/\/santbult.es\/#\/schema\/person\/a2291a6450b44bc876c6fe81b146f15d","name":"santbult","image":{"@type":"ImageObject","inLanguage":"val","@id":"https:\/\/secure.gravatar.com\/avatar\/946e8694005d0bd75998ba9f0cf5ce2939c3dc003df972082147d2a625f3837d?s=96&d=mm&r=g","url":"https:\/\/secure.gravatar.com\/avatar\/946e8694005d0bd75998ba9f0cf5ce2939c3dc003df972082147d2a625f3837d?s=96&d=mm&r=g","contentUrl":"https:\/\/secure.gravatar.com\/avatar\/946e8694005d0bd75998ba9f0cf5ce2939c3dc003df972082147d2a625f3837d?s=96&d=mm&r=g","caption":"santbult"},"sameAs":["https:\/\/santbult.es"]}]}},"_links":{"self":[{"href":"https:\/\/santbult.es\/va\/wp-json\/wp\/v2\/posts\/5097","targetHints":{"allow":["GET"]}}],"collection":[{"href":"https:\/\/santbult.es\/va\/wp-json\/wp\/v2\/posts"}],"about":[{"href":"https:\/\/santbult.es\/va\/wp-json\/wp\/v2\/types\/post"}],"author":[{"embeddable":true,"href":"https:\/\/santbult.es\/va\/wp-json\/wp\/v2\/users\/1"}],"replies":[{"embeddable":true,"href":"https:\/\/santbult.es\/va\/wp-json\/wp\/v2\/comments?post=5097"}],"version-history":[{"count":4,"href":"https:\/\/santbult.es\/va\/wp-json\/wp\/v2\/posts\/5097\/revisions"}],"predecessor-version":[{"id":14438,"href":"https:\/\/santbult.es\/va\/wp-json\/wp\/v2\/posts\/5097\/revisions\/14438"}],"wp:featuredmedia":[{"embeddable":true,"href":"https:\/\/santbult.es\/va\/wp-json\/wp\/v2\/media\/6210"}],"wp:attachment":[{"href":"https:\/\/santbult.es\/va\/wp-json\/wp\/v2\/media?parent=5097"}],"wp:term":[{"taxonomy":"category","embeddable":true,"href":"https:\/\/santbult.es\/va\/wp-json\/wp\/v2\/categories?post=5097"},{"taxonomy":"post_tag","embeddable":true,"href":"https:\/\/santbult.es\/va\/wp-json\/wp\/v2\/tags?post=5097"}],"curies":[{"name":"wp","href":"https:\/\/api.w.org\/{rel}","templated":true}]}}