{"id":4942,"date":"2023-11-01T11:00:00","date_gmt":"2023-11-01T10:00:00","guid":{"rendered":"https:\/\/santbult.es\/?p=4942"},"modified":"2023-11-29T22:00:41","modified_gmt":"2023-11-29T21:00:41","slug":"tots_sants","status":"publish","type":"post","link":"https:\/\/santbult.es\/va\/tots_sants\/","title":{"rendered":"1 Novembre, Dia de Tots els Sants Cristians"},"content":{"rendered":"<h3><strong>Hist\u00f2ria dia de Tots Sants<br \/>\n<\/strong><\/h3>\n<p>L&#8217;Igl\u00e9sia primitiva acostumava a celebrar l&#8217;aniversari de la mort d&#8217;un m\u00e0rtir en el lloc del martiri. Freq\u00fcentment, els grups de m\u00e0rtirs morien el mateix dia, la qual cosa va conduir naturalment a una celebraci\u00f3 comuna. En la persecuci\u00f3 de Diocleciano, el n\u00famero de m\u00e0rtirs va aplegar a ser tan gran, que no es podia separar un dia per a assignar-li-la. Pero l&#8217;Igl\u00e9sia, creent que cada m\u00e0rtir devia ser venerat, va senyalar un dia en com\u00fa per a tots. La primera mostra d&#8217;aix\u00f2 es remonta a Antioquia en el dumenge abans de Pentecostes.<\/p>\n<p>Tamb\u00e9 es menciona este dia en com\u00fa en un serm\u00f3n de sant Efr\u00e9n el Siri en 373. En un principi, solament els m\u00e0rtirs i sant Juan Bautista eren honrats per un dia especial. Atres sants es varen ser assignant gradualment, i es va incrementar quan es va fixar el proc\u00e9s regular de canonisaci\u00f3; a principis de 411 hi havia encara en el calendari caldeo dels cristians orientals una \u00abCommemoratio Confessorum\u00bb per al divendres. En l&#8217;Igl\u00e9sia d&#8217;Occident, el papa Bonifacio IV va consagrar, entre 609 i 610, el Pante\u00f3n de Roma a la Sant\u00edssima Verge i a tots els m\u00e0rtirs, donant-li un aniversari.<\/p>\n<p>Gregorio III (731-741) va consagrar una capella en la Bas\u00edlica de Sant Pedro a tots els sants i va fixar l&#8217;aniversari per a l&#8217;1 de novembre. Gregorio IV va estendre la celebraci\u00f3 de l&#8217;1 de novembre a tota l&#8217;Igl\u00e9sia, a mitan del sigle IX.<\/p>\n<h4><strong>Sant Crist de Sant Bult<\/strong><\/h4>\n<p>Una de les im\u00e0gens de Crist m\u00e9s singulars i venerades de Val\u00e9ncia \u00e9s sense dubte la que fa refer\u00e8ncia al Crist de Sant Bult. Esta \u00e9s una image rom\u00e0nica, lo que nos porta a pensar que \u00e9s anterior a la Conquista de Jaime I, que presuntament seria amagada pels cristians durant la dominaci\u00f3 isl\u00e0mica d&#8217;estes terres.<\/p>\n<p><a href=\"http:\/\/santbult.es\/wp-content\/uploads\/2019\/08\/05.jpg\" data-elementor-open-lightbox=\"yes\" data-elementor-lightbox-title=\"05\"><br \/>\n<img loading=\"lazy\" decoding=\"async\" src=\"https:\/\/santbult.es\/wp-content\/uploads\/2019\/08\/05.jpg\" sizes=\"auto, (max-width: 2248px) 100vw, 2248px\" srcset=\"https:\/\/i2.wp.com\/santbult.es\/wp-content\/uploads\/2019\/08\/05.jpg?w=2248&amp;ssl=1 2248w, https:\/\/i2.wp.com\/santbult.es\/wp-content\/uploads\/2019\/08\/05.jpg?resize=300%2C200&amp;ssl=1 300w, https:\/\/i2.wp.com\/santbult.es\/wp-content\/uploads\/2019\/08\/05.jpg?resize=768%2C512&amp;ssl=1 768w, https:\/\/i2.wp.com\/santbult.es\/wp-content\/uploads\/2019\/08\/05.jpg?resize=1024%2C683&amp;ssl=1 1024w, https:\/\/i2.wp.com\/santbult.es\/wp-content\/uploads\/2019\/08\/05.jpg?resize=360%2C239&amp;ssl=1 360w, https:\/\/i2.wp.com\/santbult.es\/wp-content\/uploads\/2019\/08\/05.jpg?w=1686&amp;ssl=1 1686w\" alt=\"Sant Bult DOGV\" width=\"2248\" height=\"1500\" \/> <\/a><\/p>\n<p>Se nos presenta com un Crist no dolor\u00f3s, victori\u00f3s, majestu\u00f3s. Etimol\u00f3gicamente Bult en valenci\u00e0, evolucionat del &#8220;<strong>vult<\/strong>&#8221; llat\u00ed, significa image de Crist. Pero nostra especial singularitat \u00e9s que esta talla d&#8217;esc\u00e0s tamany representa a Jes\u00fas clavat en la creu, vestit en un corfoll, en tiara en el Cap i un c\u00e1liz als peus.<\/p>\n<p>Va ser trobada en una anex del quarter d&#8217;Infanteria. Una roman\u00e7ada piadosa situaria l&#8217;orige de l&#8217;image en els temps dels ap\u00f2stols, m\u00e9s concretament la relacionen en <a href=\"http:\/\/santbult.es\/val\/santo_bulto_lucca\/\">Nicodemo<\/a>. Com hem vist en atres casos, la llegenda de que els ap\u00f2stols varen tallar im\u00e0gens religioses per a repartir-les pel orbe va estar molt estesa i est seria un cas. Es creu per aix\u00f2 que varen manar fer im\u00e0gens de Crist que despr\u00e9s distribuirien per tot lo m\u00f3n en els seus viages apost\u00f3licos de evangelizaci\u00f3n.<\/p>\n<p><a href=\"http:\/\/santbult.es\/wp-content\/uploads\/2018\/04\/FOTO_02.jpg\" data-elementor-open-lightbox=\"yes\" data-elementor-lightbox-title=\"FOTO_02\"><br \/>\n<img loading=\"lazy\" decoding=\"async\" src=\"https:\/\/santbult.es\/wp-content\/uploads\/2018\/04\/FOTO_02.jpg\" sizes=\"auto, (max-width: 895px) 100vw, 895px\" srcset=\"https:\/\/i0.wp.com\/santbult.es\/wp-content\/uploads\/2018\/04\/FOTO_02.jpg?w=895&amp;ssl=1 895w, https:\/\/i0.wp.com\/santbult.es\/wp-content\/uploads\/2018\/04\/FOTO_02.jpg?resize=300%2C257&amp;ssl=1 300w, https:\/\/i0.wp.com\/santbult.es\/wp-content\/uploads\/2018\/04\/FOTO_02.jpg?resize=768%2C659&amp;ssl=1 768w\" alt=\"\" width=\"895\" height=\"768\" \/> <\/a><\/p>\n<p>Respecte a esta talla la va poder portar a Val\u00e9ncia <strong>Santiago Ap\u00f2stol<\/strong>, segons la tradici\u00f3, o algun dels seus disc\u00edpuls. Abans de l&#8217;invasi\u00f3 musulmana alcan\u00e7aria gran popularitat i seria amagada en motiu de les primeres onades mahometanas per a salvar-la de la destrucci\u00f3. \u00c9s obvi que esta opci\u00f3 \u00e9s m\u00e9s que discutible puix relaciona una talla rom\u00e0nica en els temps premusulmanes.<\/p>\n<p>Pero nos seguix contant la nostra hist\u00f2ria que, despuix de la conquista de Val\u00e9ncia per <strong>Jaime I<\/strong>, va oc\u00f3rrer un incendi en un corral\u00f3n del <strong>Convent de Sant Dumenge<\/strong>, hui en dia edifici de Capitania, i en anar a apagar el f\u00f2c, un dels ve\u00efns que era alba\u00f1il, <strong>Manuel Navarro<\/strong>, va descobrir una miqueta en el fondo del qual va trobar esta image en perfecte estat. Conta la piadosa roman\u00e7ada que en la oquedad hi havia llum i una agradable frag\u00e0ncia. Pero des de l&#8217;any 1538 \u00e9s quan va adquirir la denominaci\u00f3 actual en que la coneixem.<\/p>\n<p><a href=\"http:\/\/santbult.es\/wp-content\/uploads\/2019\/10\/sant_bult_barroco.jpg\" data-elementor-open-lightbox=\"yes\" data-elementor-lightbox-title=\"sant_bult_barroco\"><br \/>\n<img loading=\"lazy\" decoding=\"async\" src=\"https:\/\/santbult.es\/wp-content\/uploads\/2019\/10\/sant_bult_barroco.jpg\" sizes=\"auto, (max-width: 573px) 100vw, 573px\" srcset=\"https:\/\/i0.wp.com\/santbult.es\/wp-content\/uploads\/2019\/10\/sant_bult_barroco.jpg?w=573&amp;ssl=1 573w, https:\/\/i0.wp.com\/santbult.es\/wp-content\/uploads\/2019\/10\/sant_bult_barroco.jpg?resize=207%2C300&amp;ssl=1 207w\" alt=\"grabado Sant Bult\" width=\"573\" height=\"832\" \/> <\/a><\/p>\n<p>La devoci\u00f3 popular d&#8217;esta talla va arra\u00eflar de colp i repent i hui t\u00e9 la seua s\u00e8u en una casa social del Carrer En Blanch. Est\u00e0 documentat des del sigle XIV que<em> La Xerea, Exedrea o Share<\/em>a, barri \u00e0rap de la ciutat, festeja a Sant Bult, image que \u00e9s propietat del poble, en este cas del ve\u00efnat i no de l&#8217;igl\u00e9sia. En un context en el qual Val\u00e9ncia era coneguda en tota Europa per la seua infinitat de <strong>festes de carrer<\/strong>; dedicades a im\u00e0gens religioses ve\u00efnals la de Sant Bult destacava en gran manera per la ostentosidad de les seues festes importants i junt al Corpus, com a patrimoni de tota la ciutat, s&#8217;al\u00e7ava en absoluta magnificencia.<\/p>\n<p>Per aix\u00f2 l&#8217;image de Sant Bult va ser tenint altars en diferents igl\u00e9sies de la ciutat i fins i tot sabem que va tindre un en la Seu de X\u00e0tiva, llavors cridada Ciutat de Sant Felipe per caprig macabre del Borb\u00f3n Felipe V. Adem\u00e9s, podem saber que t\u00e9nia un altar en la <a href=\"https:\/\/santbult.es\/va\/catedral-2\/\">Seu Valenciana<\/a>, era l&#8217;image patrona dels sacristanes de la Catedral i que tamb\u00e9 va estar residint en <a href=\"https:\/\/sanjuandelhospital.es\/\">l&#8217;Igl\u00e9sia de Sant Joan de l&#8217;Hospital<\/a>.<\/p>\n<p style=\"text-align: right;\">Salvador Raga Navarro<\/p>\n<p style=\"text-align: right;\"><em><strong>President Associaci\u00f3 Cultural VIA VICENTIUS &#8211; GOGISTES VALENCIANS<\/strong><\/em><\/p>\n<p><strong>Enlla\u00e7os d&#8217;Inter\u00e9s:<\/strong><\/p>\n<p>Hist\u00f2ria dia de Tots Sants: <a href=\"https:\/\/es.wikipedia.org\/wiki\/D%C3%ADa_de_Todos_los_Santos\">ENLACE<\/a>.<\/p>\n<p>Sant Crist de Sant Bult: <a href=\"http:\/\/www.preguntasantoral.es\/2012\/11\/santo-cristo-del-sant-bult\/\">ENLACE<\/a>.<\/p>\n","protected":false},"excerpt":{"rendered":"<p>Todos santos | En este d\u00eda la Iglesia celebra fiesta solemne por todos aquellos difuntos que, habiendo superado el purgatorio, se han santificado totalmente<\/p>\n","protected":false},"author":1,"featured_media":0,"comment_status":"closed","ping_status":"closed","sticky":false,"template":"","format":"standard","meta":{"footnotes":""},"categories":[177,493,352],"tags":[],"class_list":["post-4942","post","type-post","status-publish","format-standard","hentry","category-archiu-historic","category-inici","category-raco-personal"],"yoast_head":"<!-- This site is optimized with the Yoast SEO Premium plugin v24.8 (Yoast SEO v27.4) - https:\/\/yoast.com\/product\/yoast-seo-premium-wordpress\/ -->\n<title>1 Novembre, Dia de Tots els Sants Cristians - Festes de Sant Bult \u2013 La Xerea<\/title>\n<meta name=\"description\" content=\"Tots sants | En este dia l&#039;Igl\u00e9sia celebra festa solemne per tots aquells difunts que, havent superat el purgatori\" \/>\n<meta name=\"robots\" content=\"index, follow, max-snippet:-1, max-image-preview:large, max-video-preview:-1\" \/>\n<link rel=\"canonical\" href=\"https:\/\/santbult.es\/va\/tots_sants\/\" \/>\n<meta property=\"og:locale\" content=\"en_US\" \/>\n<meta property=\"og:type\" content=\"article\" \/>\n<meta property=\"og:title\" content=\"1 Novembre, Dia de Tots els Sants Cristians\" \/>\n<meta property=\"og:description\" content=\"Tots sants | En este dia l&#039;Igl\u00e9sia celebra festa solemne per tots aquells difunts que, havent superat el purgatori\" \/>\n<meta property=\"og:url\" content=\"https:\/\/santbult.es\/va\/tots_sants\/\" \/>\n<meta property=\"og:site_name\" content=\"Festes de Sant Bult \u2013 La Xerea\" \/>\n<meta property=\"article:publisher\" content=\"https:\/\/www.facebook.com\/santbult\" \/>\n<meta property=\"article:published_time\" content=\"2023-11-01T10:00:00+00:00\" \/>\n<meta property=\"article:modified_time\" content=\"2023-11-29T21:00:41+00:00\" \/>\n<meta property=\"og:image\" content=\"https:\/\/santbult.es\/wp-content\/uploads\/2021\/06\/DSC01495-scaled.jpg\" \/>\n\t<meta property=\"og:image:width\" content=\"2560\" \/>\n\t<meta property=\"og:image:height\" content=\"1920\" \/>\n\t<meta property=\"og:image:type\" content=\"image\/jpeg\" \/>\n<meta name=\"author\" content=\"santbult\" \/>\n<meta name=\"twitter:card\" content=\"summary_large_image\" \/>\n<meta name=\"twitter:description\" content=\"Tots sants | En este dia l&#039;Igl\u00e9sia celebra festa solemne per tots aquells difunts que, havent superat el purgatori\" \/>\n<meta name=\"twitter:creator\" content=\"@sant_bult\" \/>\n<meta name=\"twitter:site\" content=\"@sant_bult\" \/>\n<meta name=\"twitter:label1\" content=\"Written by\" \/>\n\t<meta name=\"twitter:data1\" content=\"santbult\" \/>\n\t<meta name=\"twitter:label2\" content=\"Est. reading time\" \/>\n\t<meta name=\"twitter:data2\" content=\"5 minutes\" \/>\n<script type=\"application\/ld+json\" class=\"yoast-schema-graph\">{\"@context\":\"https:\\\/\\\/schema.org\",\"@graph\":[{\"@type\":\"Article\",\"@id\":\"https:\\\/\\\/santbult.es\\\/va\\\/tots_sants\\\/#article\",\"isPartOf\":{\"@id\":\"https:\\\/\\\/santbult.es\\\/va\\\/tots_sants\\\/\"},\"author\":{\"name\":\"santbult\",\"@id\":\"https:\\\/\\\/santbult.es\\\/#\\\/schema\\\/person\\\/a2291a6450b44bc876c6fe81b146f15d\"},\"headline\":\"1 Novembre, Dia de Tots els Sants Cristians\",\"datePublished\":\"2023-11-01T10:00:00+00:00\",\"dateModified\":\"2023-11-29T21:00:41+00:00\",\"mainEntityOfPage\":{\"@id\":\"https:\\\/\\\/santbult.es\\\/va\\\/tots_sants\\\/\"},\"wordCount\":914,\"publisher\":{\"@id\":\"https:\\\/\\\/santbult.es\\\/#organization\"},\"image\":{\"@id\":\"https:\\\/\\\/santbult.es\\\/va\\\/tots_sants\\\/#primaryimage\"},\"thumbnailUrl\":\"https:\\\/\\\/santbult.es\\\/wp-content\\\/uploads\\\/2019\\\/08\\\/05.jpg\",\"articleSection\":[\"Archiu Hist\u00f2ric\",\"Inici\",\"Rac\u00f3 Personal\"],\"inLanguage\":\"val\"},{\"@type\":\"WebPage\",\"@id\":\"https:\\\/\\\/santbult.es\\\/va\\\/tots_sants\\\/\",\"url\":\"https:\\\/\\\/santbult.es\\\/va\\\/tots_sants\\\/\",\"name\":\"1 Novembre, Dia de Tots els Sants Cristians - Festes de Sant Bult \u2013 La Xerea\",\"isPartOf\":{\"@id\":\"https:\\\/\\\/santbult.es\\\/#website\"},\"primaryImageOfPage\":{\"@id\":\"https:\\\/\\\/santbult.es\\\/va\\\/tots_sants\\\/#primaryimage\"},\"image\":{\"@id\":\"https:\\\/\\\/santbult.es\\\/va\\\/tots_sants\\\/#primaryimage\"},\"thumbnailUrl\":\"https:\\\/\\\/santbult.es\\\/wp-content\\\/uploads\\\/2019\\\/08\\\/05.jpg\",\"datePublished\":\"2023-11-01T10:00:00+00:00\",\"dateModified\":\"2023-11-29T21:00:41+00:00\",\"description\":\"Tots sants | En este dia l'Igl\u00e9sia celebra festa solemne per tots aquells difunts que, havent superat el purgatori\",\"breadcrumb\":{\"@id\":\"https:\\\/\\\/santbult.es\\\/va\\\/tots_sants\\\/#breadcrumb\"},\"inLanguage\":\"val\",\"potentialAction\":[{\"@type\":\"ReadAction\",\"target\":[\"https:\\\/\\\/santbult.es\\\/va\\\/tots_sants\\\/\"]}]},{\"@type\":\"ImageObject\",\"inLanguage\":\"val\",\"@id\":\"https:\\\/\\\/santbult.es\\\/va\\\/tots_sants\\\/#primaryimage\",\"url\":\"https:\\\/\\\/santbult.es\\\/wp-content\\\/uploads\\\/2019\\\/08\\\/05.jpg\",\"contentUrl\":\"https:\\\/\\\/santbult.es\\\/wp-content\\\/uploads\\\/2019\\\/08\\\/05.jpg\"},{\"@type\":\"BreadcrumbList\",\"@id\":\"https:\\\/\\\/santbult.es\\\/va\\\/tots_sants\\\/#breadcrumb\",\"itemListElement\":[{\"@type\":\"ListItem\",\"position\":1,\"name\":\"Archiu Hist\u00f2ric\",\"item\":\"https:\\\/\\\/santbult.es\\\/va\\\/category\\\/archiu-historic\\\/\"},{\"@type\":\"ListItem\",\"position\":2,\"name\":\"1 Novembre, Dia de Tots els Sants Cristians\"}]},{\"@type\":\"WebSite\",\"@id\":\"https:\\\/\\\/santbult.es\\\/#website\",\"url\":\"https:\\\/\\\/santbult.es\\\/\",\"name\":\"Festes de Sant Bult \u2013 La Xerea\",\"description\":\"B\u00e9 Rellev\u00e0ncia Local Immaterial\",\"publisher\":{\"@id\":\"https:\\\/\\\/santbult.es\\\/#organization\"},\"potentialAction\":[{\"@type\":\"SearchAction\",\"target\":{\"@type\":\"EntryPoint\",\"urlTemplate\":\"https:\\\/\\\/santbult.es\\\/?s={search_term_string}\"},\"query-input\":{\"@type\":\"PropertyValueSpecification\",\"valueRequired\":true,\"valueName\":\"search_term_string\"}}],\"inLanguage\":\"val\"},{\"@type\":\"Organization\",\"@id\":\"https:\\\/\\\/santbult.es\\\/#organization\",\"name\":\"Sant Bult\",\"url\":\"https:\\\/\\\/santbult.es\\\/\",\"logo\":{\"@type\":\"ImageObject\",\"inLanguage\":\"val\",\"@id\":\"https:\\\/\\\/santbult.es\\\/#\\\/schema\\\/logo\\\/image\\\/\",\"url\":\"https:\\\/\\\/santbult.es\\\/wp-content\\\/uploads\\\/2019\\\/04\\\/mini-sant-bult.png\",\"contentUrl\":\"https:\\\/\\\/santbult.es\\\/wp-content\\\/uploads\\\/2019\\\/04\\\/mini-sant-bult.png\",\"width\":330,\"height\":330,\"caption\":\"Sant Bult\"},\"image\":{\"@id\":\"https:\\\/\\\/santbult.es\\\/#\\\/schema\\\/logo\\\/image\\\/\"},\"sameAs\":[\"https:\\\/\\\/www.facebook.com\\\/santbult\",\"https:\\\/\\\/x.com\\\/sant_bult\",\"https:\\\/\\\/www.instagram.com\\\/sant_bult\\\/\",\"https:\\\/\\\/www.youtube.com\\\/channel\\\/UCViTQedoyMvyMj-pAq4doMA\"]},{\"@type\":\"Person\",\"@id\":\"https:\\\/\\\/santbult.es\\\/#\\\/schema\\\/person\\\/a2291a6450b44bc876c6fe81b146f15d\",\"name\":\"santbult\",\"image\":{\"@type\":\"ImageObject\",\"inLanguage\":\"val\",\"@id\":\"https:\\\/\\\/secure.gravatar.com\\\/avatar\\\/946e8694005d0bd75998ba9f0cf5ce2939c3dc003df972082147d2a625f3837d?s=96&d=mm&r=g\",\"url\":\"https:\\\/\\\/secure.gravatar.com\\\/avatar\\\/946e8694005d0bd75998ba9f0cf5ce2939c3dc003df972082147d2a625f3837d?s=96&d=mm&r=g\",\"contentUrl\":\"https:\\\/\\\/secure.gravatar.com\\\/avatar\\\/946e8694005d0bd75998ba9f0cf5ce2939c3dc003df972082147d2a625f3837d?s=96&d=mm&r=g\",\"caption\":\"santbult\"},\"sameAs\":[\"https:\\\/\\\/santbult.es\"]}]}<\/script>\n<!-- \/ Yoast SEO Premium plugin. -->","yoast_head_json":{"title":"1 Novembre, Dia de Tots els Sants Cristians - Festes de Sant Bult \u2013 La Xerea","description":"Tots sants | En este dia l'Igl\u00e9sia celebra festa solemne per tots aquells difunts que, havent superat el purgatori","robots":{"index":"index","follow":"follow","max-snippet":"max-snippet:-1","max-image-preview":"max-image-preview:large","max-video-preview":"max-video-preview:-1"},"canonical":"https:\/\/santbult.es\/va\/tots_sants\/","og_locale":"en_US","og_type":"article","og_title":"1 Novembre, Dia de Tots els Sants Cristians","og_description":"Tots sants | En este dia l'Igl\u00e9sia celebra festa solemne per tots aquells difunts que, havent superat el purgatori","og_url":"https:\/\/santbult.es\/va\/tots_sants\/","og_site_name":"Festes de Sant Bult \u2013 La Xerea","article_publisher":"https:\/\/www.facebook.com\/santbult","article_published_time":"2023-11-01T10:00:00+00:00","article_modified_time":"2023-11-29T21:00:41+00:00","og_image":[{"width":2560,"height":1920,"url":"https:\/\/santbult.es\/wp-content\/uploads\/2021\/06\/DSC01495-scaled.jpg","type":"image\/jpeg"}],"author":"santbult","twitter_card":"summary_large_image","twitter_description":"Tots sants | En este dia l'Igl\u00e9sia celebra festa solemne per tots aquells difunts que, havent superat el purgatori","twitter_creator":"@sant_bult","twitter_site":"@sant_bult","twitter_misc":{"Written by":"santbult","Est. reading time":"5 minutes"},"schema":{"@context":"https:\/\/schema.org","@graph":[{"@type":"Article","@id":"https:\/\/santbult.es\/va\/tots_sants\/#article","isPartOf":{"@id":"https:\/\/santbult.es\/va\/tots_sants\/"},"author":{"name":"santbult","@id":"https:\/\/santbult.es\/#\/schema\/person\/a2291a6450b44bc876c6fe81b146f15d"},"headline":"1 Novembre, Dia de Tots els Sants Cristians","datePublished":"2023-11-01T10:00:00+00:00","dateModified":"2023-11-29T21:00:41+00:00","mainEntityOfPage":{"@id":"https:\/\/santbult.es\/va\/tots_sants\/"},"wordCount":914,"publisher":{"@id":"https:\/\/santbult.es\/#organization"},"image":{"@id":"https:\/\/santbult.es\/va\/tots_sants\/#primaryimage"},"thumbnailUrl":"https:\/\/santbult.es\/wp-content\/uploads\/2019\/08\/05.jpg","articleSection":["Archiu Hist\u00f2ric","Inici","Rac\u00f3 Personal"],"inLanguage":"val"},{"@type":"WebPage","@id":"https:\/\/santbult.es\/va\/tots_sants\/","url":"https:\/\/santbult.es\/va\/tots_sants\/","name":"1 Novembre, Dia de Tots els Sants Cristians - Festes de Sant Bult \u2013 La Xerea","isPartOf":{"@id":"https:\/\/santbult.es\/#website"},"primaryImageOfPage":{"@id":"https:\/\/santbult.es\/va\/tots_sants\/#primaryimage"},"image":{"@id":"https:\/\/santbult.es\/va\/tots_sants\/#primaryimage"},"thumbnailUrl":"https:\/\/santbult.es\/wp-content\/uploads\/2019\/08\/05.jpg","datePublished":"2023-11-01T10:00:00+00:00","dateModified":"2023-11-29T21:00:41+00:00","description":"Tots sants | En este dia l'Igl\u00e9sia celebra festa solemne per tots aquells difunts que, havent superat el purgatori","breadcrumb":{"@id":"https:\/\/santbult.es\/va\/tots_sants\/#breadcrumb"},"inLanguage":"val","potentialAction":[{"@type":"ReadAction","target":["https:\/\/santbult.es\/va\/tots_sants\/"]}]},{"@type":"ImageObject","inLanguage":"val","@id":"https:\/\/santbult.es\/va\/tots_sants\/#primaryimage","url":"https:\/\/santbult.es\/wp-content\/uploads\/2019\/08\/05.jpg","contentUrl":"https:\/\/santbult.es\/wp-content\/uploads\/2019\/08\/05.jpg"},{"@type":"BreadcrumbList","@id":"https:\/\/santbult.es\/va\/tots_sants\/#breadcrumb","itemListElement":[{"@type":"ListItem","position":1,"name":"Archiu Hist\u00f2ric","item":"https:\/\/santbult.es\/va\/category\/archiu-historic\/"},{"@type":"ListItem","position":2,"name":"1 Novembre, Dia de Tots els Sants Cristians"}]},{"@type":"WebSite","@id":"https:\/\/santbult.es\/#website","url":"https:\/\/santbult.es\/","name":"Festes de Sant Bult \u2013 La Xerea","description":"B\u00e9 Rellev\u00e0ncia Local Immaterial","publisher":{"@id":"https:\/\/santbult.es\/#organization"},"potentialAction":[{"@type":"SearchAction","target":{"@type":"EntryPoint","urlTemplate":"https:\/\/santbult.es\/?s={search_term_string}"},"query-input":{"@type":"PropertyValueSpecification","valueRequired":true,"valueName":"search_term_string"}}],"inLanguage":"val"},{"@type":"Organization","@id":"https:\/\/santbult.es\/#organization","name":"Sant Bult","url":"https:\/\/santbult.es\/","logo":{"@type":"ImageObject","inLanguage":"val","@id":"https:\/\/santbult.es\/#\/schema\/logo\/image\/","url":"https:\/\/santbult.es\/wp-content\/uploads\/2019\/04\/mini-sant-bult.png","contentUrl":"https:\/\/santbult.es\/wp-content\/uploads\/2019\/04\/mini-sant-bult.png","width":330,"height":330,"caption":"Sant Bult"},"image":{"@id":"https:\/\/santbult.es\/#\/schema\/logo\/image\/"},"sameAs":["https:\/\/www.facebook.com\/santbult","https:\/\/x.com\/sant_bult","https:\/\/www.instagram.com\/sant_bult\/","https:\/\/www.youtube.com\/channel\/UCViTQedoyMvyMj-pAq4doMA"]},{"@type":"Person","@id":"https:\/\/santbult.es\/#\/schema\/person\/a2291a6450b44bc876c6fe81b146f15d","name":"santbult","image":{"@type":"ImageObject","inLanguage":"val","@id":"https:\/\/secure.gravatar.com\/avatar\/946e8694005d0bd75998ba9f0cf5ce2939c3dc003df972082147d2a625f3837d?s=96&d=mm&r=g","url":"https:\/\/secure.gravatar.com\/avatar\/946e8694005d0bd75998ba9f0cf5ce2939c3dc003df972082147d2a625f3837d?s=96&d=mm&r=g","contentUrl":"https:\/\/secure.gravatar.com\/avatar\/946e8694005d0bd75998ba9f0cf5ce2939c3dc003df972082147d2a625f3837d?s=96&d=mm&r=g","caption":"santbult"},"sameAs":["https:\/\/santbult.es"]}]}},"_links":{"self":[{"href":"https:\/\/santbult.es\/va\/wp-json\/wp\/v2\/posts\/4942","targetHints":{"allow":["GET"]}}],"collection":[{"href":"https:\/\/santbult.es\/va\/wp-json\/wp\/v2\/posts"}],"about":[{"href":"https:\/\/santbult.es\/va\/wp-json\/wp\/v2\/types\/post"}],"author":[{"embeddable":true,"href":"https:\/\/santbult.es\/va\/wp-json\/wp\/v2\/users\/1"}],"replies":[{"embeddable":true,"href":"https:\/\/santbult.es\/va\/wp-json\/wp\/v2\/comments?post=4942"}],"version-history":[{"count":2,"href":"https:\/\/santbult.es\/va\/wp-json\/wp\/v2\/posts\/4942\/revisions"}],"predecessor-version":[{"id":13094,"href":"https:\/\/santbult.es\/va\/wp-json\/wp\/v2\/posts\/4942\/revisions\/13094"}],"wp:attachment":[{"href":"https:\/\/santbult.es\/va\/wp-json\/wp\/v2\/media?parent=4942"}],"wp:term":[{"taxonomy":"category","embeddable":true,"href":"https:\/\/santbult.es\/va\/wp-json\/wp\/v2\/categories?post=4942"},{"taxonomy":"post_tag","embeddable":true,"href":"https:\/\/santbult.es\/va\/wp-json\/wp\/v2\/tags?post=4942"}],"curies":[{"name":"wp","href":"https:\/\/api.w.org\/{rel}","templated":true}]}}