{"id":4864,"date":"2020-02-25T12:23:18","date_gmt":"2020-02-25T11:23:18","guid":{"rendered":"https:\/\/santbult.es\/?p=4864"},"modified":"2023-11-29T22:01:38","modified_gmt":"2023-11-29T21:01:38","slug":"llenc_hospital","status":"publish","type":"post","link":"https:\/\/santbult.es\/va\/llenc_hospital\/","title":{"rendered":"Llen\u00e7 Sant Bult, Igl\u00e9sia Sant Joan de l&#8217;Hospital"},"content":{"rendered":"<p><img decoding=\"async\" width=\"768\" height=\"1010\" src=\"https:\/\/santbult.es\/wp-content\/uploads\/2020\/02\/lienzo-hospital-01.jpg\" alt=\"lienzo san juan hospital sant bult\" loading=\"lazy\" srcset=\"https:\/\/i0.wp.com\/santbult.es\/wp-content\/uploads\/2020\/02\/lienzo-hospital-01.jpg?w=768&amp;ssl=1 768w, https:\/\/i0.wp.com\/santbult.es\/wp-content\/uploads\/2020\/02\/lienzo-hospital-01.jpg?resize=228%2C300&amp;ssl=1 228w\" sizes=\"auto, (max-width: 768px) 100vw, 768px\"><\/p>\n<h3><strong>SANT BULT DE LA XEREA I SANT JOAN DE L&#8217;HOSPITAL<\/strong><\/h3>\n<p><strong>QUADRO A l&#8217;OLI DEL S. XVIII. AN\u00d2NIM<\/strong><\/p>\n<p>El quadro de &#8220;<strong>Sant Bult<\/strong>&#8221; representa una talla de Crist crucificado, en els ulls oberts, de tamany aproximat a tres pams, cobert per un corfoll nugat en la cintura en un cordoncillo i coronat en la triple tiara de pont\u00edfex o Sum Sacerdot. Als seus peus es troba un Sant C\u00e1liz del Sopar del Senyor.<\/p>\n<p>En l&#8217;\u00e9poca posterior a la reconquista de Val\u00e9ncia per <strong>En Jaume I<\/strong>, hi havia unes caballerizas prop de l&#8217;empla\u00e7ament dels Cavallers del Temple en les que es va produir un gran incendi. Un ve\u00ed del barri, <strong>Manuel Navarro<\/strong>, alba\u00f1il, ajudava a apagar-ho quan va vore en el sol una llosa que cobria un profunt pou, retirant-la en els seus companyers i descendint al vore llums, va trobar en el fondo l&#8217;image d&#8217;un Crist en majestad, crucificado.<\/p>\n<p>L&#8217;encarregat de les obres en les caballerizas va intentar apropiar-li-la i Navarro va tindre que reclamar davant la Just\u00edcia, obtenint-la va passar des de llavors al barri de la Xerea en els ll\u00edmits de la muralla este de la ciutat. Lindaba en la Juder\u00eda i en el Conjunt de l&#8217;Orde religi\u00f3s-militar de l&#8217;Hospital de Sant Joan de Jerusalem, verdadera fortalea i refugi de peregrins. Consta que celebraven la festa d&#8217;aniversari de la trobada de Sant Bult, en l&#8217;igl\u00e9sia de <strong>Sant Joan de l&#8217;Hospital<\/strong>.<\/p>\n<p>El barri es va estendre posteriorment m\u00e9s all\u00e0 de la Porta de L&#8217;Xerea o Exedrea, cap a la Rambla de Predicadores, (actual Pla\u00e7a de Tetu\u00e1n). La festa es va traslladar llavors al Convent de Sant Dumenge. Actualment se celebra en la Parr\u00f2quia de Sant Tom\u00e1s Ap\u00f2stol, centre d&#8217;esta demarcaci\u00f3, a la que acodix en process\u00f3 des de la seua &#8220;<a style=\"color: #000000;\" href=\"http:\/\/santbult.es\/val\/rehabilitacio\/\"><strong>Llar Social<\/strong><\/a>&#8221; el dia de la festa, per a all\u00ed cantar-li els Gojos.<\/p>\n<p>En l&#8217;archiu de l&#8217;actual <strong>Casa Social<\/strong> del Sant Bulto de Jes\u00fas existix una cr\u00f2nica on es narren els acontenyiments m\u00e9s significatius.<\/p>\n<p>En ella es llig que l&#8217;any 1556, es varen celebrar els oficis religiosos habituals en l&#8217;igl\u00e9sia de Sant Joan de l&#8217;Hospital. El prior, <strong>Fray Juan de Val-letta<\/strong>, va regalar a l&#8217;Image la Creu Militar de la Sobirana Orde de Malta i ell mateixa la va colocar sobre el seu pit. La base \u00e9s d&#8217;or i en esmalt blanc la creu de huit puntes que el Papa els va otorgar en el s. XIII, quatre diamants llu\u00efxen en els \u00e0nguls. Tots els anys la llu\u00efx sobre el corfoll durant la process\u00f3<\/p>\n<p>En l&#8217;any 1998, el primer dumenge de Juny, es varen celebrar els actes del 750 aniversari i rememorant l&#8217;antiqu\u00edssima hist\u00f2ria, la Santa image, va tornar a visitar el temple de <strong>Sant Joan de l&#8217;Hospital<\/strong>, en l&#8217;interior del qual se li va fer un devot homenage.<\/p>\n<p><img decoding=\"async\" width=\"1200\" height=\"1600\" src=\"https:\/\/santbult.es\/wp-content\/uploads\/2020\/02\/lienzo-hospital-02.jpg\" alt=\"lienzo san juan hospital sant bult\" loading=\"lazy\" srcset=\"https:\/\/i0.wp.com\/santbult.es\/wp-content\/uploads\/2020\/02\/lienzo-hospital-02.jpg?w=1200&amp;ssl=1 1200w, https:\/\/i0.wp.com\/santbult.es\/wp-content\/uploads\/2020\/02\/lienzo-hospital-02.jpg?resize=225%2C300&amp;ssl=1 225w, https:\/\/i0.wp.com\/santbult.es\/wp-content\/uploads\/2020\/02\/lienzo-hospital-02.jpg?resize=768%2C1024&amp;ssl=1 768w, https:\/\/i0.wp.com\/santbult.es\/wp-content\/uploads\/2020\/02\/lienzo-hospital-02.jpg?resize=1152%2C1536&amp;ssl=1 1152w\" sizes=\"auto, (max-width: 1200px) 100vw, 1200px\"><\/p>\n<p>Informaci\u00f3 extreta de la web de Sant Joan de l&#8217;Hospital: <strong><a style=\"color: #000000;\" href=\"https:\/\/sanjuandelhospital.es\/sant-built-visita-san-juan-del-hospital\/\">ENLACE<\/a><\/strong><\/p>\n<p>Ya esta expost el Oleo a Sant Bult en la Sacristia: <a href=\"https:\/\/santbult.es\/va\/oleo_sant_bult\/\">UBICACI\u00d3N<\/a><\/p>\n<p style=\"text-align: right;\"><strong>Fotos: Llen\u00e7 i Text Igl\u00e9sia Sant Joan de l&#8217;Hospital (Val\u00e9ncia)<\/strong><\/p>\n","protected":false},"excerpt":{"rendered":"<p>SAN BULT DE LA XEREA Y SAN JUAN DEL HOSPITAL CUADRO AL \u00d3LEO DEL S. XVIII. AN\u00d3NIMO El cuadro de &#8220;Sant Bult&#8221; representa una talla de Cristo crucificado&#8230;<\/p>\n","protected":false},"author":1,"featured_media":6221,"comment_status":"closed","ping_status":"closed","sticky":false,"template":"","format":"standard","meta":{"footnotes":""},"categories":[177,493,352],"tags":[],"class_list":["post-4864","post","type-post","status-publish","format-standard","has-post-thumbnail","hentry","category-archiu-historic","category-inici","category-raco-personal"],"yoast_head":"<!-- This site is optimized with the Yoast SEO Premium plugin v24.8 (Yoast SEO v27.4) - https:\/\/yoast.com\/product\/yoast-seo-premium-wordpress\/ -->\n<title>Llen\u00e7 Sant Bult, Igl\u00e9sia Sant Joan de l&#039;Hospital - Festes de Sant Bult \u2013 La Xerea<\/title>\n<meta name=\"description\" content=\"SANT BULT DE LA XEREA I SANT JOAN DE L&#039;HOSPITAL QUADRE A l&#039;OLI DEL S. XVIII. AN\u00d2NIM El quadro de &quot;Sant Bult&quot; representa una talla de Crist\" \/>\n<meta name=\"robots\" content=\"index, follow, max-snippet:-1, max-image-preview:large, max-video-preview:-1\" \/>\n<link rel=\"canonical\" href=\"https:\/\/santbult.es\/va\/llenc_hospital\/\" \/>\n<meta property=\"og:locale\" content=\"en_US\" \/>\n<meta property=\"og:type\" content=\"article\" \/>\n<meta property=\"og:title\" content=\"Llen\u00e7 Sant Bult, Igl\u00e9sia Sant Joan de l&#039;Hospital\" \/>\n<meta property=\"og:description\" content=\"Festes de Sant Bult \u2013 La Xerea\" \/>\n<meta property=\"og:url\" content=\"https:\/\/santbult.es\/va\/llenc_hospital\/\" \/>\n<meta property=\"og:site_name\" content=\"Festes de Sant Bult \u2013 La Xerea\" \/>\n<meta property=\"article:publisher\" content=\"https:\/\/www.facebook.com\/santbult\" \/>\n<meta property=\"article:published_time\" content=\"2020-02-25T11:23:18+00:00\" \/>\n<meta property=\"article:modified_time\" content=\"2023-11-29T21:01:38+00:00\" \/>\n<meta property=\"og:image\" content=\"https:\/\/santbult.es\/wp-content\/uploads\/2020\/02\/header-lienzo.jpg\" \/>\n\t<meta property=\"og:image:width\" content=\"640\" \/>\n\t<meta property=\"og:image:height\" content=\"448\" \/>\n\t<meta property=\"og:image:type\" content=\"image\/jpeg\" \/>\n<meta name=\"author\" content=\"santbult\" \/>\n<meta name=\"twitter:card\" content=\"summary_large_image\" \/>\n<meta name=\"twitter:creator\" content=\"@sant_bult\" \/>\n<meta name=\"twitter:site\" content=\"@sant_bult\" \/>\n<meta name=\"twitter:label1\" content=\"Written by\" \/>\n\t<meta name=\"twitter:data1\" content=\"santbult\" \/>\n\t<meta name=\"twitter:label2\" content=\"Est. reading time\" \/>\n\t<meta name=\"twitter:data2\" content=\"3 minutes\" \/>\n<script type=\"application\/ld+json\" class=\"yoast-schema-graph\">{\"@context\":\"https:\\\/\\\/schema.org\",\"@graph\":[{\"@type\":\"Article\",\"@id\":\"https:\\\/\\\/santbult.es\\\/va\\\/llenc_hospital\\\/#article\",\"isPartOf\":{\"@id\":\"https:\\\/\\\/santbult.es\\\/va\\\/llenc_hospital\\\/\"},\"author\":{\"name\":\"santbult\",\"@id\":\"https:\\\/\\\/santbult.es\\\/#\\\/schema\\\/person\\\/a2291a6450b44bc876c6fe81b146f15d\"},\"headline\":\"Llen\u00e7 Sant Bult, Igl\u00e9sia Sant Joan de l&#8217;Hospital\",\"datePublished\":\"2020-02-25T11:23:18+00:00\",\"dateModified\":\"2023-11-29T21:01:38+00:00\",\"mainEntityOfPage\":{\"@id\":\"https:\\\/\\\/santbult.es\\\/va\\\/llenc_hospital\\\/\"},\"wordCount\":554,\"publisher\":{\"@id\":\"https:\\\/\\\/santbult.es\\\/#organization\"},\"image\":{\"@id\":\"https:\\\/\\\/santbult.es\\\/va\\\/llenc_hospital\\\/#primaryimage\"},\"thumbnailUrl\":\"https:\\\/\\\/santbult.es\\\/wp-content\\\/uploads\\\/2020\\\/02\\\/header-lienzo.jpg\",\"articleSection\":[\"Archiu Hist\u00f2ric\",\"Inici\",\"Rac\u00f3 Personal\"],\"inLanguage\":\"val\"},{\"@type\":\"WebPage\",\"@id\":\"https:\\\/\\\/santbult.es\\\/va\\\/llenc_hospital\\\/\",\"url\":\"https:\\\/\\\/santbult.es\\\/va\\\/llenc_hospital\\\/\",\"name\":\"Llen\u00e7 Sant Bult, Igl\u00e9sia Sant Joan de l'Hospital - Festes de Sant Bult \u2013 La Xerea\",\"isPartOf\":{\"@id\":\"https:\\\/\\\/santbult.es\\\/#website\"},\"primaryImageOfPage\":{\"@id\":\"https:\\\/\\\/santbult.es\\\/va\\\/llenc_hospital\\\/#primaryimage\"},\"image\":{\"@id\":\"https:\\\/\\\/santbult.es\\\/va\\\/llenc_hospital\\\/#primaryimage\"},\"thumbnailUrl\":\"https:\\\/\\\/santbult.es\\\/wp-content\\\/uploads\\\/2020\\\/02\\\/header-lienzo.jpg\",\"datePublished\":\"2020-02-25T11:23:18+00:00\",\"dateModified\":\"2023-11-29T21:01:38+00:00\",\"description\":\"SANT BULT DE LA XEREA I SANT JOAN DE L'HOSPITAL QUADRE A l'OLI DEL S. XVIII. AN\u00d2NIM El quadro de \\\"Sant Bult\\\" representa una talla de Crist\",\"breadcrumb\":{\"@id\":\"https:\\\/\\\/santbult.es\\\/va\\\/llenc_hospital\\\/#breadcrumb\"},\"inLanguage\":\"val\",\"potentialAction\":[{\"@type\":\"ReadAction\",\"target\":[\"https:\\\/\\\/santbult.es\\\/va\\\/llenc_hospital\\\/\"]}]},{\"@type\":\"ImageObject\",\"inLanguage\":\"val\",\"@id\":\"https:\\\/\\\/santbult.es\\\/va\\\/llenc_hospital\\\/#primaryimage\",\"url\":\"https:\\\/\\\/santbult.es\\\/wp-content\\\/uploads\\\/2020\\\/02\\\/header-lienzo.jpg\",\"contentUrl\":\"https:\\\/\\\/santbult.es\\\/wp-content\\\/uploads\\\/2020\\\/02\\\/header-lienzo.jpg\",\"width\":640,\"height\":448},{\"@type\":\"BreadcrumbList\",\"@id\":\"https:\\\/\\\/santbult.es\\\/va\\\/llenc_hospital\\\/#breadcrumb\",\"itemListElement\":[{\"@type\":\"ListItem\",\"position\":1,\"name\":\"Rac\u00f3 Personal\",\"item\":\"https:\\\/\\\/santbult.es\\\/va\\\/category\\\/raco-personal\\\/\"},{\"@type\":\"ListItem\",\"position\":2,\"name\":\"Llen\u00e7 Sant Bult, Igl\u00e9sia Sant Joan de l&#8217;Hospital\"}]},{\"@type\":\"WebSite\",\"@id\":\"https:\\\/\\\/santbult.es\\\/#website\",\"url\":\"https:\\\/\\\/santbult.es\\\/\",\"name\":\"Festes de Sant Bult \u2013 La Xerea\",\"description\":\"B\u00e9 Rellev\u00e0ncia Local Immaterial\",\"publisher\":{\"@id\":\"https:\\\/\\\/santbult.es\\\/#organization\"},\"potentialAction\":[{\"@type\":\"SearchAction\",\"target\":{\"@type\":\"EntryPoint\",\"urlTemplate\":\"https:\\\/\\\/santbult.es\\\/?s={search_term_string}\"},\"query-input\":{\"@type\":\"PropertyValueSpecification\",\"valueRequired\":true,\"valueName\":\"search_term_string\"}}],\"inLanguage\":\"val\"},{\"@type\":\"Organization\",\"@id\":\"https:\\\/\\\/santbult.es\\\/#organization\",\"name\":\"Sant Bult\",\"url\":\"https:\\\/\\\/santbult.es\\\/\",\"logo\":{\"@type\":\"ImageObject\",\"inLanguage\":\"val\",\"@id\":\"https:\\\/\\\/santbult.es\\\/#\\\/schema\\\/logo\\\/image\\\/\",\"url\":\"https:\\\/\\\/santbult.es\\\/wp-content\\\/uploads\\\/2019\\\/04\\\/mini-sant-bult.png\",\"contentUrl\":\"https:\\\/\\\/santbult.es\\\/wp-content\\\/uploads\\\/2019\\\/04\\\/mini-sant-bult.png\",\"width\":330,\"height\":330,\"caption\":\"Sant Bult\"},\"image\":{\"@id\":\"https:\\\/\\\/santbult.es\\\/#\\\/schema\\\/logo\\\/image\\\/\"},\"sameAs\":[\"https:\\\/\\\/www.facebook.com\\\/santbult\",\"https:\\\/\\\/x.com\\\/sant_bult\",\"https:\\\/\\\/www.instagram.com\\\/sant_bult\\\/\",\"https:\\\/\\\/www.youtube.com\\\/channel\\\/UCViTQedoyMvyMj-pAq4doMA\"]},{\"@type\":\"Person\",\"@id\":\"https:\\\/\\\/santbult.es\\\/#\\\/schema\\\/person\\\/a2291a6450b44bc876c6fe81b146f15d\",\"name\":\"santbult\",\"image\":{\"@type\":\"ImageObject\",\"inLanguage\":\"val\",\"@id\":\"https:\\\/\\\/secure.gravatar.com\\\/avatar\\\/946e8694005d0bd75998ba9f0cf5ce2939c3dc003df972082147d2a625f3837d?s=96&d=mm&r=g\",\"url\":\"https:\\\/\\\/secure.gravatar.com\\\/avatar\\\/946e8694005d0bd75998ba9f0cf5ce2939c3dc003df972082147d2a625f3837d?s=96&d=mm&r=g\",\"contentUrl\":\"https:\\\/\\\/secure.gravatar.com\\\/avatar\\\/946e8694005d0bd75998ba9f0cf5ce2939c3dc003df972082147d2a625f3837d?s=96&d=mm&r=g\",\"caption\":\"santbult\"},\"sameAs\":[\"https:\\\/\\\/santbult.es\"]}]}<\/script>\n<!-- \/ Yoast SEO Premium plugin. -->","yoast_head_json":{"title":"Llen\u00e7 Sant Bult, Igl\u00e9sia Sant Joan de l'Hospital - Festes de Sant Bult \u2013 La Xerea","description":"SANT BULT DE LA XEREA I SANT JOAN DE L'HOSPITAL QUADRE A l'OLI DEL S. XVIII. AN\u00d2NIM El quadro de \"Sant Bult\" representa una talla de Crist","robots":{"index":"index","follow":"follow","max-snippet":"max-snippet:-1","max-image-preview":"max-image-preview:large","max-video-preview":"max-video-preview:-1"},"canonical":"https:\/\/santbult.es\/va\/llenc_hospital\/","og_locale":"en_US","og_type":"article","og_title":"Llen\u00e7 Sant Bult, Igl\u00e9sia Sant Joan de l'Hospital","og_description":"Festes de Sant Bult \u2013 La Xerea","og_url":"https:\/\/santbult.es\/va\/llenc_hospital\/","og_site_name":"Festes de Sant Bult \u2013 La Xerea","article_publisher":"https:\/\/www.facebook.com\/santbult","article_published_time":"2020-02-25T11:23:18+00:00","article_modified_time":"2023-11-29T21:01:38+00:00","og_image":[{"width":640,"height":448,"url":"https:\/\/santbult.es\/wp-content\/uploads\/2020\/02\/header-lienzo.jpg","type":"image\/jpeg"}],"author":"santbult","twitter_card":"summary_large_image","twitter_creator":"@sant_bult","twitter_site":"@sant_bult","twitter_misc":{"Written by":"santbult","Est. reading time":"3 minutes"},"schema":{"@context":"https:\/\/schema.org","@graph":[{"@type":"Article","@id":"https:\/\/santbult.es\/va\/llenc_hospital\/#article","isPartOf":{"@id":"https:\/\/santbult.es\/va\/llenc_hospital\/"},"author":{"name":"santbult","@id":"https:\/\/santbult.es\/#\/schema\/person\/a2291a6450b44bc876c6fe81b146f15d"},"headline":"Llen\u00e7 Sant Bult, Igl\u00e9sia Sant Joan de l&#8217;Hospital","datePublished":"2020-02-25T11:23:18+00:00","dateModified":"2023-11-29T21:01:38+00:00","mainEntityOfPage":{"@id":"https:\/\/santbult.es\/va\/llenc_hospital\/"},"wordCount":554,"publisher":{"@id":"https:\/\/santbult.es\/#organization"},"image":{"@id":"https:\/\/santbult.es\/va\/llenc_hospital\/#primaryimage"},"thumbnailUrl":"https:\/\/santbult.es\/wp-content\/uploads\/2020\/02\/header-lienzo.jpg","articleSection":["Archiu Hist\u00f2ric","Inici","Rac\u00f3 Personal"],"inLanguage":"val"},{"@type":"WebPage","@id":"https:\/\/santbult.es\/va\/llenc_hospital\/","url":"https:\/\/santbult.es\/va\/llenc_hospital\/","name":"Llen\u00e7 Sant Bult, Igl\u00e9sia Sant Joan de l'Hospital - Festes de Sant Bult \u2013 La Xerea","isPartOf":{"@id":"https:\/\/santbult.es\/#website"},"primaryImageOfPage":{"@id":"https:\/\/santbult.es\/va\/llenc_hospital\/#primaryimage"},"image":{"@id":"https:\/\/santbult.es\/va\/llenc_hospital\/#primaryimage"},"thumbnailUrl":"https:\/\/santbult.es\/wp-content\/uploads\/2020\/02\/header-lienzo.jpg","datePublished":"2020-02-25T11:23:18+00:00","dateModified":"2023-11-29T21:01:38+00:00","description":"SANT BULT DE LA XEREA I SANT JOAN DE L'HOSPITAL QUADRE A l'OLI DEL S. XVIII. AN\u00d2NIM El quadro de \"Sant Bult\" representa una talla de Crist","breadcrumb":{"@id":"https:\/\/santbult.es\/va\/llenc_hospital\/#breadcrumb"},"inLanguage":"val","potentialAction":[{"@type":"ReadAction","target":["https:\/\/santbult.es\/va\/llenc_hospital\/"]}]},{"@type":"ImageObject","inLanguage":"val","@id":"https:\/\/santbult.es\/va\/llenc_hospital\/#primaryimage","url":"https:\/\/santbult.es\/wp-content\/uploads\/2020\/02\/header-lienzo.jpg","contentUrl":"https:\/\/santbult.es\/wp-content\/uploads\/2020\/02\/header-lienzo.jpg","width":640,"height":448},{"@type":"BreadcrumbList","@id":"https:\/\/santbult.es\/va\/llenc_hospital\/#breadcrumb","itemListElement":[{"@type":"ListItem","position":1,"name":"Rac\u00f3 Personal","item":"https:\/\/santbult.es\/va\/category\/raco-personal\/"},{"@type":"ListItem","position":2,"name":"Llen\u00e7 Sant Bult, Igl\u00e9sia Sant Joan de l&#8217;Hospital"}]},{"@type":"WebSite","@id":"https:\/\/santbult.es\/#website","url":"https:\/\/santbult.es\/","name":"Festes de Sant Bult \u2013 La Xerea","description":"B\u00e9 Rellev\u00e0ncia Local Immaterial","publisher":{"@id":"https:\/\/santbult.es\/#organization"},"potentialAction":[{"@type":"SearchAction","target":{"@type":"EntryPoint","urlTemplate":"https:\/\/santbult.es\/?s={search_term_string}"},"query-input":{"@type":"PropertyValueSpecification","valueRequired":true,"valueName":"search_term_string"}}],"inLanguage":"val"},{"@type":"Organization","@id":"https:\/\/santbult.es\/#organization","name":"Sant Bult","url":"https:\/\/santbult.es\/","logo":{"@type":"ImageObject","inLanguage":"val","@id":"https:\/\/santbult.es\/#\/schema\/logo\/image\/","url":"https:\/\/santbult.es\/wp-content\/uploads\/2019\/04\/mini-sant-bult.png","contentUrl":"https:\/\/santbult.es\/wp-content\/uploads\/2019\/04\/mini-sant-bult.png","width":330,"height":330,"caption":"Sant Bult"},"image":{"@id":"https:\/\/santbult.es\/#\/schema\/logo\/image\/"},"sameAs":["https:\/\/www.facebook.com\/santbult","https:\/\/x.com\/sant_bult","https:\/\/www.instagram.com\/sant_bult\/","https:\/\/www.youtube.com\/channel\/UCViTQedoyMvyMj-pAq4doMA"]},{"@type":"Person","@id":"https:\/\/santbult.es\/#\/schema\/person\/a2291a6450b44bc876c6fe81b146f15d","name":"santbult","image":{"@type":"ImageObject","inLanguage":"val","@id":"https:\/\/secure.gravatar.com\/avatar\/946e8694005d0bd75998ba9f0cf5ce2939c3dc003df972082147d2a625f3837d?s=96&d=mm&r=g","url":"https:\/\/secure.gravatar.com\/avatar\/946e8694005d0bd75998ba9f0cf5ce2939c3dc003df972082147d2a625f3837d?s=96&d=mm&r=g","contentUrl":"https:\/\/secure.gravatar.com\/avatar\/946e8694005d0bd75998ba9f0cf5ce2939c3dc003df972082147d2a625f3837d?s=96&d=mm&r=g","caption":"santbult"},"sameAs":["https:\/\/santbult.es"]}]}},"_links":{"self":[{"href":"https:\/\/santbult.es\/va\/wp-json\/wp\/v2\/posts\/4864","targetHints":{"allow":["GET"]}}],"collection":[{"href":"https:\/\/santbult.es\/va\/wp-json\/wp\/v2\/posts"}],"about":[{"href":"https:\/\/santbult.es\/va\/wp-json\/wp\/v2\/types\/post"}],"author":[{"embeddable":true,"href":"https:\/\/santbult.es\/va\/wp-json\/wp\/v2\/users\/1"}],"replies":[{"embeddable":true,"href":"https:\/\/santbult.es\/va\/wp-json\/wp\/v2\/comments?post=4864"}],"version-history":[{"count":1,"href":"https:\/\/santbult.es\/va\/wp-json\/wp\/v2\/posts\/4864\/revisions"}],"predecessor-version":[{"id":13128,"href":"https:\/\/santbult.es\/va\/wp-json\/wp\/v2\/posts\/4864\/revisions\/13128"}],"wp:featuredmedia":[{"embeddable":true,"href":"https:\/\/santbult.es\/va\/wp-json\/wp\/v2\/media\/6221"}],"wp:attachment":[{"href":"https:\/\/santbult.es\/va\/wp-json\/wp\/v2\/media?parent=4864"}],"wp:term":[{"taxonomy":"category","embeddable":true,"href":"https:\/\/santbult.es\/va\/wp-json\/wp\/v2\/categories?post=4864"},{"taxonomy":"post_tag","embeddable":true,"href":"https:\/\/santbult.es\/va\/wp-json\/wp\/v2\/tags?post=4864"}],"curies":[{"name":"wp","href":"https:\/\/api.w.org\/{rel}","templated":true}]}}