{"id":4836,"date":"2018-04-24T13:35:00","date_gmt":"2018-04-24T11:35:00","guid":{"rendered":"https:\/\/santbult.es\/?p=4836"},"modified":"2025-07-24T16:20:28","modified_gmt":"2025-07-24T14:20:28","slug":"catedral","status":"publish","type":"post","link":"https:\/\/santbult.es\/va\/catedral\/","title":{"rendered":"Sant Bult a la Catedral"},"content":{"rendered":"<div class=\"wpb-content-wrapper\"><p>[vc_row][vc_column][vc_separator color=&#8221;blue&#8221; align=&#8221;align_left&#8221; border_width=&#8221;2&#8243; el_width=&#8221;10&#8243;][\/vc_column][\/vc_row][vc_row][vc_column][vc_single_image source=&#8221;external_link&#8221; alignment=&#8221;center&#8221; css=&#8221;&#8221; custom_src=&#8221;https:\/\/i2.wp.com\/santbult.es\/wp-content\/uploads\/2018\/04\/catedral-valencia.jpg?resize=1536%2C1024&amp;ssl=1&#8243;][\/vc_column][\/vc_row][vc_row][vc_column][vc_empty_space][\/vc_column][\/vc_row][vc_row][vc_column][vc_column_text css=&#8221;&#8221;]El barri de la Xerea \u00e9s molt especial i important per a l\u2019hist\u00f2ria de la ciutat de Val\u00e9ncia. Tots els seus racons estan plens d\u2019an\u00e8cdotes, de grans personages com la fam\u00edlia\u00a0<strong>Perpinya<\/strong>\u00a0que va estar molt implicada en la conquista de la ciutat de\u00a0<strong>Jaume I<\/strong>, que va donar adem\u00e9s un mestre Racional i un Cavaller de l\u2019orde Hospital\u00e0ria, i segons la tradici\u00f3 tamb\u00e9 va viure en el barri la germana de\u00a0<strong>Sant Vicente Ferrer<\/strong>\u00a0i\u00a0<strong>Juan Vicente Roca<\/strong>\u00a0entre molts valencians ilustres.<\/p>\n<p>Pero el ve\u00ed m\u00e9s important, i que no nos ha abandonat des de que en 1238 va ser trobat per\u00a0<strong>Manuel Navarro<\/strong>, \u00e9s el\u00a0<strong>Sant Crist de Sant Bult<\/strong>, pendent sempre de cada una de les fam\u00edlies que vivim en el barri i d\u2019aquelles, que encara que no vixquen en ell, els mou la seua devoci\u00f3 al sant. Flaquean el barri una s\u00e9rie d\u2019igl\u00e9sies monumentals com s\u00f3n:\u00a0<strong>Sant Tomas Ap\u00f2stol i Sant Felipe Neri<\/strong>, el convent de\u00a0<strong>Sant Dumenge<\/strong>\u00a0i el\u00a0<strong>Temple<\/strong>\u00a0en la proximitat de l\u2019igl\u00e9sia de\u00a0<strong>Sant Joan de l\u2019Hospital<\/strong>\u00a0i la pr\u00f2pia\u00a0<strong>Catedral<\/strong>. En tot este bagage devocional i de patrimoni est\u00e0 clara l\u2019import\u00e0ncia i singularitat de la Xerea.<\/p>\n<p>L\u2019Image del Sant Bult va ser tan important que va tindre el seu lloc destacat en la pr\u00f2pia Catedral, com nos relata el Canonge\u00a0<strong>En Jos\u00e9 Sanch\u00eds Civera<\/strong>\u00a0en la seua obra \u201cLa Catedral de Val\u00e9ncia\u201d (guia hist\u00f2rica i art\u00edstica) citant-ho en el capitule XV i en el XVIII.<\/p>\n<p>En el capitule XV \u201cL\u2019atra capella esta dedicada al Crucifix o Bulto de Jes\u00fas i concedida abans de construir-se a\u00a0<strong>Ram\u00f3n Torrelles<\/strong>\u00a0i hereus\u201d. Va ser el seu patr\u00f3 el\u00a0<strong>comte de Villanueva<\/strong>, que ostentava en el seu escut d\u2019armes un camp vert en quatre franges d\u2019or, i seguix relatant les vicissituts d\u2019esta capella.<\/p>\n<p>Per una atra part i seguint en lo relatat en esta obra veem que en el capitule XVIII parla l\u2019autor de la nau de l\u2019Ep\u00edstola, i nos diu: \u201cEn este mateix lloc trobava segons altar dedicat al\u00a0<strong>Sant Bult de Jes\u00fas<\/strong>, que va construir el mestre\u00a0<strong>Balaguer<\/strong>\u00a0en 1449 d\u2019orde del noble\u00a0<strong>Jer\u00f3nimo Catalunya<\/strong>\u201c. El carpintero\u00a0<strong>Guill\u00e9n Ferrer<\/strong>\u00a0va fer el retaule, que pinte\u00a0<strong>Pedro Sanz<\/strong>, lo mateix que el brocat de la paret i la diadema per a l\u2019image major; davant hi havia una reixa de ferro.<\/p>\n<p>Tenien el patronat d\u2019esta capella els sacristanes de l\u2019igl\u00e9sia. En estos dos cap\u00edtuls del llibre de la Catedral es nomena al Sant Bult i se li \u00fanica per tant en la capella del costat de l\u2019Ep\u00edstola que sempre es va pensar. Pero es pert, possiblement en l\u2019incendi de 1936, perque lo que \u00e9s una evid\u00e8ncia, \u00e9s que els diferents cabildos mai s\u2019han despr\u00e9s de cap pe\u00e7a encara que estiguera molt deteriorada. Per esta ra\u00f3, en les t\u00e8cniques que dominem actualment, s\u2019han pogut restaurar moltes obres de les que varen sofrir el mateix incendi.<\/p>\n<p>Encara que en 1940 els servicis de recuperaci\u00f3 del patrimoni els varen dir que les taules eren irrecuperables, no es varen desfer d\u2019elles, les varen almagasenar i varen deixar passar el temps.<\/p>\n<p>Molts anys despuix, quan s\u2019instaure l\u2019especialitat de restauraci\u00f3 en\u00a0<strong>l\u2019Universitat Polit\u00e8cnica de Val\u00e9ncia, D. Jaime Sancho<\/strong>, Canonge responsable del Patrimoni de la Catedral es va posar al parla en mi i les primeres taules afectades per l\u2019incendi es varen tractar en la c\u00e0tedra que yo dirigia, una atra s\u2019han restaurat en el\u00a0<strong>IVC+R<\/strong>\u00a0i una atra les han restaurat la professora restauradora\u00a0<strong>Mar\u00eda G\u00f3mez<\/strong>. Per aix\u00f2, al no trobar-se l\u2019image del Sant Bult, \u00e9s de supondre que quedaria totalment calcinada com a pas en algunes atres.<\/p>\n<p>Carmen P\u00e9rez Garc\u00eda<\/p>\n<p><strong>Catedr\u00e0tica de Belles arts. Departament de Restauraci\u00f3 d\u2019UPV<\/strong>[\/vc_column_text][\/vc_column][\/vc_row]<\/p>\n<\/div>","protected":false},"excerpt":{"rendered":"<p>Sant Bult va tindre una Capell\u00e1 en la Catedral de Val\u00e9ncia al costat de l&#8217;actual sacristia, un incendi al 1936 va cremar un lienzo y destruir-ho tot<\/p>\n","protected":false},"author":1,"featured_media":7819,"comment_status":"closed","ping_status":"closed","sticky":false,"template":"","format":"standard","meta":{"footnotes":""},"categories":[766,177],"tags":[],"class_list":["post-4836","post","type-post","status-publish","format-standard","has-post-thumbnail","hentry","category-2018-va","category-archiu-historic"],"yoast_head":"<!-- This site is optimized with the Yoast SEO Premium plugin v24.8 (Yoast SEO v27.4) - https:\/\/yoast.com\/product\/yoast-seo-premium-wordpress\/ -->\n<title>Capilla de Sant Bult en la Catedral de Valencia - Festes de Sant Bult \u2013 La Xerea<\/title>\n<meta name=\"description\" content=\"Sant Bult va tindre una Capell\u00e1 en la Catedral de Val\u00e9ncia al costat de l&#039;actual sacristia, un incendi al 1936 va cremar un lienzo y destruir-ho tot\" \/>\n<meta name=\"robots\" content=\"index, follow, max-snippet:-1, max-image-preview:large, max-video-preview:-1\" \/>\n<link rel=\"canonical\" href=\"https:\/\/santbult.es\/va\/catedral\/\" \/>\n<meta property=\"og:locale\" content=\"en_US\" \/>\n<meta property=\"og:type\" content=\"article\" \/>\n<meta property=\"og:title\" content=\"Sant Bult a la Catedral\" \/>\n<meta property=\"og:description\" content=\"Festes de Sant Bult \u2013 La Xerea\" \/>\n<meta property=\"og:url\" content=\"https:\/\/santbult.es\/va\/catedral\/\" \/>\n<meta property=\"og:site_name\" content=\"Festes de Sant Bult \u2013 La Xerea\" \/>\n<meta property=\"article:publisher\" content=\"https:\/\/www.facebook.com\/santbult\" \/>\n<meta property=\"article:published_time\" content=\"2018-04-24T11:35:00+00:00\" \/>\n<meta property=\"article:modified_time\" content=\"2025-07-24T14:20:28+00:00\" \/>\n<meta property=\"og:image\" content=\"https:\/\/santbult.es\/wp-content\/uploads\/2018\/04\/catedral-valencia.jpg\" \/>\n\t<meta property=\"og:image:width\" content=\"2000\" \/>\n\t<meta property=\"og:image:height\" content=\"1333\" \/>\n\t<meta property=\"og:image:type\" content=\"image\/jpeg\" \/>\n<meta name=\"author\" content=\"santbult\" \/>\n<meta name=\"twitter:card\" content=\"summary_large_image\" \/>\n<meta name=\"twitter:creator\" content=\"@sant_bult\" \/>\n<meta name=\"twitter:site\" content=\"@sant_bult\" \/>\n<meta name=\"twitter:label1\" content=\"Written by\" \/>\n\t<meta name=\"twitter:data1\" content=\"santbult\" \/>\n\t<meta name=\"twitter:label2\" content=\"Est. reading time\" \/>\n\t<meta name=\"twitter:data2\" content=\"4 minutes\" \/>\n<script type=\"application\/ld+json\" class=\"yoast-schema-graph\">{\"@context\":\"https:\\\/\\\/schema.org\",\"@graph\":[{\"@type\":\"Article\",\"@id\":\"https:\\\/\\\/santbult.es\\\/va\\\/catedral\\\/#article\",\"isPartOf\":{\"@id\":\"https:\\\/\\\/santbult.es\\\/va\\\/catedral\\\/\"},\"author\":{\"name\":\"santbult\",\"@id\":\"https:\\\/\\\/santbult.es\\\/#\\\/schema\\\/person\\\/a2291a6450b44bc876c6fe81b146f15d\"},\"headline\":\"Sant Bult a la Catedral\",\"datePublished\":\"2018-04-24T11:35:00+00:00\",\"dateModified\":\"2025-07-24T14:20:28+00:00\",\"mainEntityOfPage\":{\"@id\":\"https:\\\/\\\/santbult.es\\\/va\\\/catedral\\\/\"},\"wordCount\":760,\"publisher\":{\"@id\":\"https:\\\/\\\/santbult.es\\\/#organization\"},\"image\":{\"@id\":\"https:\\\/\\\/santbult.es\\\/va\\\/catedral\\\/#primaryimage\"},\"thumbnailUrl\":\"https:\\\/\\\/santbult.es\\\/wp-content\\\/uploads\\\/2018\\\/04\\\/catedral-valencia.jpg\",\"articleSection\":[\"2018\",\"Archiu Hist\u00f2ric\"],\"inLanguage\":\"val\"},{\"@type\":\"WebPage\",\"@id\":\"https:\\\/\\\/santbult.es\\\/va\\\/catedral\\\/\",\"url\":\"https:\\\/\\\/santbult.es\\\/va\\\/catedral\\\/\",\"name\":\"Capilla de Sant Bult en la Catedral de Valencia - Festes de Sant Bult \u2013 La Xerea\",\"isPartOf\":{\"@id\":\"https:\\\/\\\/santbult.es\\\/#website\"},\"primaryImageOfPage\":{\"@id\":\"https:\\\/\\\/santbult.es\\\/va\\\/catedral\\\/#primaryimage\"},\"image\":{\"@id\":\"https:\\\/\\\/santbult.es\\\/va\\\/catedral\\\/#primaryimage\"},\"thumbnailUrl\":\"https:\\\/\\\/santbult.es\\\/wp-content\\\/uploads\\\/2018\\\/04\\\/catedral-valencia.jpg\",\"datePublished\":\"2018-04-24T11:35:00+00:00\",\"dateModified\":\"2025-07-24T14:20:28+00:00\",\"description\":\"Sant Bult va tindre una Capell\u00e1 en la Catedral de Val\u00e9ncia al costat de l'actual sacristia, un incendi al 1936 va cremar un lienzo y destruir-ho tot\",\"breadcrumb\":{\"@id\":\"https:\\\/\\\/santbult.es\\\/va\\\/catedral\\\/#breadcrumb\"},\"inLanguage\":\"val\",\"potentialAction\":[{\"@type\":\"ReadAction\",\"target\":[\"https:\\\/\\\/santbult.es\\\/va\\\/catedral\\\/\"]}]},{\"@type\":\"ImageObject\",\"inLanguage\":\"val\",\"@id\":\"https:\\\/\\\/santbult.es\\\/va\\\/catedral\\\/#primaryimage\",\"url\":\"https:\\\/\\\/santbult.es\\\/wp-content\\\/uploads\\\/2018\\\/04\\\/catedral-valencia.jpg\",\"contentUrl\":\"https:\\\/\\\/santbult.es\\\/wp-content\\\/uploads\\\/2018\\\/04\\\/catedral-valencia.jpg\",\"width\":2000,\"height\":1333},{\"@type\":\"BreadcrumbList\",\"@id\":\"https:\\\/\\\/santbult.es\\\/va\\\/catedral\\\/#breadcrumb\",\"itemListElement\":[{\"@type\":\"ListItem\",\"position\":1,\"name\":\"Archiu Hist\u00f2ric\",\"item\":\"https:\\\/\\\/santbult.es\\\/va\\\/category\\\/archiu-historic\\\/\"},{\"@type\":\"ListItem\",\"position\":2,\"name\":\"Sant Bult a la Catedral\"}]},{\"@type\":\"WebSite\",\"@id\":\"https:\\\/\\\/santbult.es\\\/#website\",\"url\":\"https:\\\/\\\/santbult.es\\\/\",\"name\":\"Festes de Sant Bult \u2013 La Xerea\",\"description\":\"B\u00e9 Rellev\u00e0ncia Local Immaterial\",\"publisher\":{\"@id\":\"https:\\\/\\\/santbult.es\\\/#organization\"},\"potentialAction\":[{\"@type\":\"SearchAction\",\"target\":{\"@type\":\"EntryPoint\",\"urlTemplate\":\"https:\\\/\\\/santbult.es\\\/?s={search_term_string}\"},\"query-input\":{\"@type\":\"PropertyValueSpecification\",\"valueRequired\":true,\"valueName\":\"search_term_string\"}}],\"inLanguage\":\"val\"},{\"@type\":\"Organization\",\"@id\":\"https:\\\/\\\/santbult.es\\\/#organization\",\"name\":\"Sant Bult\",\"url\":\"https:\\\/\\\/santbult.es\\\/\",\"logo\":{\"@type\":\"ImageObject\",\"inLanguage\":\"val\",\"@id\":\"https:\\\/\\\/santbult.es\\\/#\\\/schema\\\/logo\\\/image\\\/\",\"url\":\"https:\\\/\\\/santbult.es\\\/wp-content\\\/uploads\\\/2019\\\/04\\\/mini-sant-bult.png\",\"contentUrl\":\"https:\\\/\\\/santbult.es\\\/wp-content\\\/uploads\\\/2019\\\/04\\\/mini-sant-bult.png\",\"width\":330,\"height\":330,\"caption\":\"Sant Bult\"},\"image\":{\"@id\":\"https:\\\/\\\/santbult.es\\\/#\\\/schema\\\/logo\\\/image\\\/\"},\"sameAs\":[\"https:\\\/\\\/www.facebook.com\\\/santbult\",\"https:\\\/\\\/x.com\\\/sant_bult\",\"https:\\\/\\\/www.instagram.com\\\/sant_bult\\\/\",\"https:\\\/\\\/www.youtube.com\\\/channel\\\/UCViTQedoyMvyMj-pAq4doMA\"]},{\"@type\":\"Person\",\"@id\":\"https:\\\/\\\/santbult.es\\\/#\\\/schema\\\/person\\\/a2291a6450b44bc876c6fe81b146f15d\",\"name\":\"santbult\",\"image\":{\"@type\":\"ImageObject\",\"inLanguage\":\"val\",\"@id\":\"https:\\\/\\\/secure.gravatar.com\\\/avatar\\\/946e8694005d0bd75998ba9f0cf5ce2939c3dc003df972082147d2a625f3837d?s=96&d=mm&r=g\",\"url\":\"https:\\\/\\\/secure.gravatar.com\\\/avatar\\\/946e8694005d0bd75998ba9f0cf5ce2939c3dc003df972082147d2a625f3837d?s=96&d=mm&r=g\",\"contentUrl\":\"https:\\\/\\\/secure.gravatar.com\\\/avatar\\\/946e8694005d0bd75998ba9f0cf5ce2939c3dc003df972082147d2a625f3837d?s=96&d=mm&r=g\",\"caption\":\"santbult\"},\"sameAs\":[\"https:\\\/\\\/santbult.es\"]}]}<\/script>\n<!-- \/ Yoast SEO Premium plugin. -->","yoast_head_json":{"title":"Capilla de Sant Bult en la Catedral de Valencia - Festes de Sant Bult \u2013 La Xerea","description":"Sant Bult va tindre una Capell\u00e1 en la Catedral de Val\u00e9ncia al costat de l'actual sacristia, un incendi al 1936 va cremar un lienzo y destruir-ho tot","robots":{"index":"index","follow":"follow","max-snippet":"max-snippet:-1","max-image-preview":"max-image-preview:large","max-video-preview":"max-video-preview:-1"},"canonical":"https:\/\/santbult.es\/va\/catedral\/","og_locale":"en_US","og_type":"article","og_title":"Sant Bult a la Catedral","og_description":"Festes de Sant Bult \u2013 La Xerea","og_url":"https:\/\/santbult.es\/va\/catedral\/","og_site_name":"Festes de Sant Bult \u2013 La Xerea","article_publisher":"https:\/\/www.facebook.com\/santbult","article_published_time":"2018-04-24T11:35:00+00:00","article_modified_time":"2025-07-24T14:20:28+00:00","og_image":[{"width":2000,"height":1333,"url":"https:\/\/santbult.es\/wp-content\/uploads\/2018\/04\/catedral-valencia.jpg","type":"image\/jpeg"}],"author":"santbult","twitter_card":"summary_large_image","twitter_creator":"@sant_bult","twitter_site":"@sant_bult","twitter_misc":{"Written by":"santbult","Est. reading time":"4 minutes"},"schema":{"@context":"https:\/\/schema.org","@graph":[{"@type":"Article","@id":"https:\/\/santbult.es\/va\/catedral\/#article","isPartOf":{"@id":"https:\/\/santbult.es\/va\/catedral\/"},"author":{"name":"santbult","@id":"https:\/\/santbult.es\/#\/schema\/person\/a2291a6450b44bc876c6fe81b146f15d"},"headline":"Sant Bult a la Catedral","datePublished":"2018-04-24T11:35:00+00:00","dateModified":"2025-07-24T14:20:28+00:00","mainEntityOfPage":{"@id":"https:\/\/santbult.es\/va\/catedral\/"},"wordCount":760,"publisher":{"@id":"https:\/\/santbult.es\/#organization"},"image":{"@id":"https:\/\/santbult.es\/va\/catedral\/#primaryimage"},"thumbnailUrl":"https:\/\/santbult.es\/wp-content\/uploads\/2018\/04\/catedral-valencia.jpg","articleSection":["2018","Archiu Hist\u00f2ric"],"inLanguage":"val"},{"@type":"WebPage","@id":"https:\/\/santbult.es\/va\/catedral\/","url":"https:\/\/santbult.es\/va\/catedral\/","name":"Capilla de Sant Bult en la Catedral de Valencia - Festes de Sant Bult \u2013 La Xerea","isPartOf":{"@id":"https:\/\/santbult.es\/#website"},"primaryImageOfPage":{"@id":"https:\/\/santbult.es\/va\/catedral\/#primaryimage"},"image":{"@id":"https:\/\/santbult.es\/va\/catedral\/#primaryimage"},"thumbnailUrl":"https:\/\/santbult.es\/wp-content\/uploads\/2018\/04\/catedral-valencia.jpg","datePublished":"2018-04-24T11:35:00+00:00","dateModified":"2025-07-24T14:20:28+00:00","description":"Sant Bult va tindre una Capell\u00e1 en la Catedral de Val\u00e9ncia al costat de l'actual sacristia, un incendi al 1936 va cremar un lienzo y destruir-ho tot","breadcrumb":{"@id":"https:\/\/santbult.es\/va\/catedral\/#breadcrumb"},"inLanguage":"val","potentialAction":[{"@type":"ReadAction","target":["https:\/\/santbult.es\/va\/catedral\/"]}]},{"@type":"ImageObject","inLanguage":"val","@id":"https:\/\/santbult.es\/va\/catedral\/#primaryimage","url":"https:\/\/santbult.es\/wp-content\/uploads\/2018\/04\/catedral-valencia.jpg","contentUrl":"https:\/\/santbult.es\/wp-content\/uploads\/2018\/04\/catedral-valencia.jpg","width":2000,"height":1333},{"@type":"BreadcrumbList","@id":"https:\/\/santbult.es\/va\/catedral\/#breadcrumb","itemListElement":[{"@type":"ListItem","position":1,"name":"Archiu Hist\u00f2ric","item":"https:\/\/santbult.es\/va\/category\/archiu-historic\/"},{"@type":"ListItem","position":2,"name":"Sant Bult a la Catedral"}]},{"@type":"WebSite","@id":"https:\/\/santbult.es\/#website","url":"https:\/\/santbult.es\/","name":"Festes de Sant Bult \u2013 La Xerea","description":"B\u00e9 Rellev\u00e0ncia Local Immaterial","publisher":{"@id":"https:\/\/santbult.es\/#organization"},"potentialAction":[{"@type":"SearchAction","target":{"@type":"EntryPoint","urlTemplate":"https:\/\/santbult.es\/?s={search_term_string}"},"query-input":{"@type":"PropertyValueSpecification","valueRequired":true,"valueName":"search_term_string"}}],"inLanguage":"val"},{"@type":"Organization","@id":"https:\/\/santbult.es\/#organization","name":"Sant Bult","url":"https:\/\/santbult.es\/","logo":{"@type":"ImageObject","inLanguage":"val","@id":"https:\/\/santbult.es\/#\/schema\/logo\/image\/","url":"https:\/\/santbult.es\/wp-content\/uploads\/2019\/04\/mini-sant-bult.png","contentUrl":"https:\/\/santbult.es\/wp-content\/uploads\/2019\/04\/mini-sant-bult.png","width":330,"height":330,"caption":"Sant Bult"},"image":{"@id":"https:\/\/santbult.es\/#\/schema\/logo\/image\/"},"sameAs":["https:\/\/www.facebook.com\/santbult","https:\/\/x.com\/sant_bult","https:\/\/www.instagram.com\/sant_bult\/","https:\/\/www.youtube.com\/channel\/UCViTQedoyMvyMj-pAq4doMA"]},{"@type":"Person","@id":"https:\/\/santbult.es\/#\/schema\/person\/a2291a6450b44bc876c6fe81b146f15d","name":"santbult","image":{"@type":"ImageObject","inLanguage":"val","@id":"https:\/\/secure.gravatar.com\/avatar\/946e8694005d0bd75998ba9f0cf5ce2939c3dc003df972082147d2a625f3837d?s=96&d=mm&r=g","url":"https:\/\/secure.gravatar.com\/avatar\/946e8694005d0bd75998ba9f0cf5ce2939c3dc003df972082147d2a625f3837d?s=96&d=mm&r=g","contentUrl":"https:\/\/secure.gravatar.com\/avatar\/946e8694005d0bd75998ba9f0cf5ce2939c3dc003df972082147d2a625f3837d?s=96&d=mm&r=g","caption":"santbult"},"sameAs":["https:\/\/santbult.es"]}]}},"_links":{"self":[{"href":"https:\/\/santbult.es\/va\/wp-json\/wp\/v2\/posts\/4836","targetHints":{"allow":["GET"]}}],"collection":[{"href":"https:\/\/santbult.es\/va\/wp-json\/wp\/v2\/posts"}],"about":[{"href":"https:\/\/santbult.es\/va\/wp-json\/wp\/v2\/types\/post"}],"author":[{"embeddable":true,"href":"https:\/\/santbult.es\/va\/wp-json\/wp\/v2\/users\/1"}],"replies":[{"embeddable":true,"href":"https:\/\/santbult.es\/va\/wp-json\/wp\/v2\/comments?post=4836"}],"version-history":[{"count":2,"href":"https:\/\/santbult.es\/va\/wp-json\/wp\/v2\/posts\/4836\/revisions"}],"predecessor-version":[{"id":17263,"href":"https:\/\/santbult.es\/va\/wp-json\/wp\/v2\/posts\/4836\/revisions\/17263"}],"wp:featuredmedia":[{"embeddable":true,"href":"https:\/\/santbult.es\/va\/wp-json\/wp\/v2\/media\/7819"}],"wp:attachment":[{"href":"https:\/\/santbult.es\/va\/wp-json\/wp\/v2\/media?parent=4836"}],"wp:term":[{"taxonomy":"category","embeddable":true,"href":"https:\/\/santbult.es\/va\/wp-json\/wp\/v2\/categories?post=4836"},{"taxonomy":"post_tag","embeddable":true,"href":"https:\/\/santbult.es\/va\/wp-json\/wp\/v2\/tags?post=4836"}],"curies":[{"name":"wp","href":"https:\/\/api.w.org\/{rel}","templated":true}]}}