{"id":17879,"date":"2026-03-03T19:23:39","date_gmt":"2026-03-03T18:23:39","guid":{"rendered":"https:\/\/santbult.es\/?p=17879"},"modified":"2026-03-03T19:23:40","modified_gmt":"2026-03-03T18:23:40","slug":"clavaris-majors-sant-bult-2026-picasent","status":"publish","type":"post","link":"https:\/\/santbult.es\/va\/clavaris-majors-sant-bult-2026-picasent\/","title":{"rendered":"Sant Bult visita els Clavaris Majors 2026 a Picasent"},"content":{"rendered":"<div class=\"wpb-content-wrapper\"><p>[vc_row][vc_column][vc_separator color=&#8221;blue&#8221; align=&#8221;align_left&#8221; border_width=&#8221;2&#8243; el_width=&#8221;10&#8243;][\/vc_column][\/vc_row][vc_row][vc_column][vc_single_image image=&#8221;17870&#8243; img_size=&#8221;full&#8221; alignment=&#8221;center&#8221; css=&#8221;&#8221;][\/vc_column][\/vc_row][vc_row][vc_column][vc_empty_space][\/vc_column][\/vc_row][vc_row][vc_column][vc_column_text css=&#8221;&#8221;]<\/p>\n<p data-start=\"170\" data-end=\"372\">El passat <strong data-start=\"180\" data-end=\"205\">dissabte 28 de febrer<\/strong>, la Festa de Sant Bult va viure un encontre pr\u00f2xim i ple de significat amb els <strong data-start=\"285\" data-end=\"309\">Clavaris Majors 2026<\/strong>, <strong data-start=\"311\" data-end=\"337\">D. Pedro Sendra Cuenca<\/strong> i <strong data-start=\"340\" data-end=\"371\">D\u00f1a. Marian Zaragoz\u00e1 Guaita<\/strong>.<\/p>\n<p data-start=\"374\" data-end=\"642\">La comitiva es va despla\u00e7ar fins a <strong data-start=\"409\" data-end=\"421\">Picasent<\/strong>, on residixen, i all\u00ed obriren les portes de sa casa amb una acollida c\u00e0lida i familiar. Reberen amb il\u00b7lusi\u00f3 a Sant Bult i es va compartir un moment molt agradable, marcat per la conversa, l\u2019emoci\u00f3 i el sentiment festiu.<\/p>\n<p data-start=\"644\" data-end=\"1055\">Durant l\u2019acte, <strong data-start=\"659\" data-end=\"761\">D\u00f1a. Paula Bellido, Presidenta de les Festes de Sant Bult i Presidenta de la Llar Escola Sant Bult<\/strong>, va dirigir unes paraules d\u2019agra\u00efment i suport en esta nova etapa que inicien com a m\u00e0xims representants de la Festa. Tamb\u00e9 <strong data-start=\"886\" data-end=\"937\">Madel V\u00e9lez, Clavariesa Major de Sant Bult 2025<\/strong>, va dedicar unes paraules, igual que els propis Clavaris, que expressaren la seua il\u00b7lusi\u00f3 i comprom\u00eds amb Sant Bult.<\/p>\n<p data-start=\"1057\" data-end=\"1398\">A l\u2019acte acud\u00ed part de la Junta Directiva de Sant Bult, aix\u00ed com familiars i amics dels protagonistes. Entre els assistents es trobava el president del <span class=\"hover:entity-accent entity-underline inline cursor-pointer align-baseline\"><span class=\"whitespace-normal\">Tribunal de las Aguas de la Vega de Valencia<\/span><\/span>. Igualment, acud\u00ed <strong data-start=\"1265\" data-end=\"1326\">D\u00f1a. Pepa Benito Bort, Presidenta del Grup de Clavarieses<\/strong>, qui volgu\u00e9 acompanyar els futurs Clavaris en este moment tan especial.<\/p>\n<p data-start=\"1400\" data-end=\"1662\">Per a con\u00e9ixer m\u00e9s sobre els Clavaris Majors 2026 es pot consultar la p\u00e0gina oficial:<br data-start=\"1485\" data-end=\"1488\" \/><a href=\"https:\/\/santbult.es\/va\/clavaris-majors-2026\/\">Clavaris Majors Sant Bult 2026: D. Pedro Sendra Cuenca i D\u00f1a. Marian Zaragoz\u00e1 Guaita<\/a>.<\/p>\n<p data-start=\"1664\" data-end=\"1852\">Estos encontres recorden que Sant Bult \u00e9s tradici\u00f3, fam\u00edlia, uni\u00f3 i continu\u00eftat. La transmissi\u00f3 de les nostres arrels es refor\u00e7a en moments com este, compartint casa, paraules i comprom\u00eds.<\/p>\n<p>[\/vc_column_text][\/vc_column][\/vc_row][vc_row][vc_column][vc_single_image image=&#8221;17872&#8243; img_size=&#8221;full&#8221; alignment=&#8221;center&#8221; css=&#8221;&#8221;][\/vc_column][\/vc_row][vc_row][vc_column width=&#8221;1\/2&#8243;][vc_single_image image=&#8221;17874&#8243; img_size=&#8221;full&#8221; alignment=&#8221;center&#8221; css=&#8221;&#8221;][\/vc_column][vc_column width=&#8221;1\/2&#8243;][vc_single_image image=&#8221;17876&#8243; img_size=&#8221;full&#8221; alignment=&#8221;center&#8221; css=&#8221;&#8221;][\/vc_column][\/vc_row]<\/p>\n<\/div>","protected":false},"excerpt":{"rendered":"<p>La Festa de Sant Bult visit\u00e0 a Picasent els Clavaris Majors 2026 en un acte presidit per D\u00f1a. Paula Bellido i acompanyat per la Junta Directiva i el Grup de Clavarieses.<\/p>\n<p>#SantBult #LaXerea #FestesDeCarrer<\/p>\n","protected":false},"author":1,"featured_media":17871,"comment_status":"closed","ping_status":"closed","sticky":false,"template":"","format":"standard","meta":{"footnotes":""},"categories":[788,177,493],"tags":[],"class_list":["post-17879","post","type-post","status-publish","format-standard","has-post-thumbnail","hentry","category-2026-archiu-historic","category-archiu-historic","category-inici"],"yoast_head":"<!-- This site is optimized with the Yoast SEO Premium plugin v24.8 (Yoast SEO v27.4) - https:\/\/yoast.com\/product\/yoast-seo-premium-wordpress\/ -->\n<title>Sant Bult visita els Clavaris Majors 2026 a Picasent<\/title>\n<meta name=\"description\" content=\"Sant Bult visit\u00e0 el 28 de febrer a Picasent els Clavaris Majors 2026, D. Pedro Sendra Cuenca i D\u00f1a. Marian Zaragoz\u00e1 Guaita, en un encontre institucional emotiu.\" \/>\n<meta name=\"robots\" content=\"index, follow, max-snippet:-1, max-image-preview:large, max-video-preview:-1\" \/>\n<link rel=\"canonical\" href=\"https:\/\/santbult.es\/va\/clavaris-majors-sant-bult-2026-picasent\/\" \/>\n<meta property=\"og:locale\" content=\"en_US\" \/>\n<meta property=\"og:type\" content=\"article\" \/>\n<meta property=\"og:title\" content=\"Sant Bult visita els Clavaris Majors 2026 a Picasent\" \/>\n<meta property=\"og:description\" content=\"Festes de Sant Bult \u2013 La Xerea\" \/>\n<meta property=\"og:url\" content=\"https:\/\/santbult.es\/va\/clavaris-majors-sant-bult-2026-picasent\/\" \/>\n<meta property=\"og:site_name\" content=\"Festes de Sant Bult \u2013 La Xerea\" \/>\n<meta property=\"article:publisher\" content=\"https:\/\/www.facebook.com\/santbult\" \/>\n<meta property=\"article:published_time\" content=\"2026-03-03T18:23:39+00:00\" \/>\n<meta property=\"article:modified_time\" content=\"2026-03-03T18:23:40+00:00\" \/>\n<meta property=\"og:image\" content=\"https:\/\/santbult.es\/wp-content\/uploads\/2026\/03\/Encuentro-con-los-Clavarios-Mayores-Sant-Bult-2026-7.jpg\" \/>\n\t<meta property=\"og:image:width\" content=\"1201\" \/>\n\t<meta property=\"og:image:height\" content=\"878\" \/>\n\t<meta property=\"og:image:type\" content=\"image\/jpeg\" \/>\n<meta name=\"author\" content=\"santbult\" \/>\n<meta name=\"twitter:card\" content=\"summary_large_image\" \/>\n<meta name=\"twitter:creator\" content=\"@sant_bult\" \/>\n<meta name=\"twitter:site\" content=\"@sant_bult\" \/>\n<meta name=\"twitter:label1\" content=\"Written by\" \/>\n\t<meta name=\"twitter:data1\" content=\"santbult\" \/>\n\t<meta name=\"twitter:label2\" content=\"Est. reading time\" \/>\n\t<meta name=\"twitter:data2\" content=\"2 minutes\" \/>\n<script type=\"application\/ld+json\" class=\"yoast-schema-graph\">{\"@context\":\"https:\\\/\\\/schema.org\",\"@graph\":[{\"@type\":\"Article\",\"@id\":\"https:\\\/\\\/santbult.es\\\/va\\\/clavaris-majors-sant-bult-2026-picasent\\\/#article\",\"isPartOf\":{\"@id\":\"https:\\\/\\\/santbult.es\\\/va\\\/clavaris-majors-sant-bult-2026-picasent\\\/\"},\"author\":{\"name\":\"santbult\",\"@id\":\"https:\\\/\\\/santbult.es\\\/#\\\/schema\\\/person\\\/a2291a6450b44bc876c6fe81b146f15d\"},\"headline\":\"Sant Bult visita els Clavaris Majors 2026 a Picasent\",\"datePublished\":\"2026-03-03T18:23:39+00:00\",\"dateModified\":\"2026-03-03T18:23:40+00:00\",\"mainEntityOfPage\":{\"@id\":\"https:\\\/\\\/santbult.es\\\/va\\\/clavaris-majors-sant-bult-2026-picasent\\\/\"},\"wordCount\":406,\"publisher\":{\"@id\":\"https:\\\/\\\/santbult.es\\\/#organization\"},\"image\":{\"@id\":\"https:\\\/\\\/santbult.es\\\/va\\\/clavaris-majors-sant-bult-2026-picasent\\\/#primaryimage\"},\"thumbnailUrl\":\"https:\\\/\\\/santbult.es\\\/wp-content\\\/uploads\\\/2026\\\/03\\\/Encuentro-con-los-Clavarios-Mayores-Sant-Bult-2026-7.jpg\",\"articleSection\":[\"2026\",\"Archiu Hist\u00f2ric\",\"Inici\"],\"inLanguage\":\"val\"},{\"@type\":\"WebPage\",\"@id\":\"https:\\\/\\\/santbult.es\\\/va\\\/clavaris-majors-sant-bult-2026-picasent\\\/\",\"url\":\"https:\\\/\\\/santbult.es\\\/va\\\/clavaris-majors-sant-bult-2026-picasent\\\/\",\"name\":\"Sant Bult visita els Clavaris Majors 2026 a Picasent\",\"isPartOf\":{\"@id\":\"https:\\\/\\\/santbult.es\\\/#website\"},\"primaryImageOfPage\":{\"@id\":\"https:\\\/\\\/santbult.es\\\/va\\\/clavaris-majors-sant-bult-2026-picasent\\\/#primaryimage\"},\"image\":{\"@id\":\"https:\\\/\\\/santbult.es\\\/va\\\/clavaris-majors-sant-bult-2026-picasent\\\/#primaryimage\"},\"thumbnailUrl\":\"https:\\\/\\\/santbult.es\\\/wp-content\\\/uploads\\\/2026\\\/03\\\/Encuentro-con-los-Clavarios-Mayores-Sant-Bult-2026-7.jpg\",\"datePublished\":\"2026-03-03T18:23:39+00:00\",\"dateModified\":\"2026-03-03T18:23:40+00:00\",\"description\":\"Sant Bult visit\u00e0 el 28 de febrer a Picasent els Clavaris Majors 2026, D. Pedro Sendra Cuenca i D\u00f1a. Marian Zaragoz\u00e1 Guaita, en un encontre institucional emotiu.\",\"breadcrumb\":{\"@id\":\"https:\\\/\\\/santbult.es\\\/va\\\/clavaris-majors-sant-bult-2026-picasent\\\/#breadcrumb\"},\"inLanguage\":\"val\",\"potentialAction\":[{\"@type\":\"ReadAction\",\"target\":[\"https:\\\/\\\/santbult.es\\\/va\\\/clavaris-majors-sant-bult-2026-picasent\\\/\"]}]},{\"@type\":\"ImageObject\",\"inLanguage\":\"val\",\"@id\":\"https:\\\/\\\/santbult.es\\\/va\\\/clavaris-majors-sant-bult-2026-picasent\\\/#primaryimage\",\"url\":\"https:\\\/\\\/santbult.es\\\/wp-content\\\/uploads\\\/2026\\\/03\\\/Encuentro-con-los-Clavarios-Mayores-Sant-Bult-2026-7.jpg\",\"contentUrl\":\"https:\\\/\\\/santbult.es\\\/wp-content\\\/uploads\\\/2026\\\/03\\\/Encuentro-con-los-Clavarios-Mayores-Sant-Bult-2026-7.jpg\",\"width\":1201,\"height\":878},{\"@type\":\"BreadcrumbList\",\"@id\":\"https:\\\/\\\/santbult.es\\\/va\\\/clavaris-majors-sant-bult-2026-picasent\\\/#breadcrumb\",\"itemListElement\":[{\"@type\":\"ListItem\",\"position\":1,\"name\":\"Archivo Hist\u00f3rico\",\"item\":\"https:\\\/\\\/santbult.es\\\/category\\\/archivo-historico\\\/\"},{\"@type\":\"ListItem\",\"position\":2,\"name\":\"Sant Bult visita els Clavaris Majors 2026 a Picasent\"}]},{\"@type\":\"WebSite\",\"@id\":\"https:\\\/\\\/santbult.es\\\/#website\",\"url\":\"https:\\\/\\\/santbult.es\\\/\",\"name\":\"Festes de Sant Bult \u2013 La Xerea\",\"description\":\"B\u00e9 Rellev\u00e0ncia Local Immaterial\",\"publisher\":{\"@id\":\"https:\\\/\\\/santbult.es\\\/#organization\"},\"potentialAction\":[{\"@type\":\"SearchAction\",\"target\":{\"@type\":\"EntryPoint\",\"urlTemplate\":\"https:\\\/\\\/santbult.es\\\/?s={search_term_string}\"},\"query-input\":{\"@type\":\"PropertyValueSpecification\",\"valueRequired\":true,\"valueName\":\"search_term_string\"}}],\"inLanguage\":\"val\"},{\"@type\":\"Organization\",\"@id\":\"https:\\\/\\\/santbult.es\\\/#organization\",\"name\":\"Sant Bult\",\"url\":\"https:\\\/\\\/santbult.es\\\/\",\"logo\":{\"@type\":\"ImageObject\",\"inLanguage\":\"val\",\"@id\":\"https:\\\/\\\/santbult.es\\\/#\\\/schema\\\/logo\\\/image\\\/\",\"url\":\"https:\\\/\\\/santbult.es\\\/wp-content\\\/uploads\\\/2019\\\/04\\\/mini-sant-bult.png\",\"contentUrl\":\"https:\\\/\\\/santbult.es\\\/wp-content\\\/uploads\\\/2019\\\/04\\\/mini-sant-bult.png\",\"width\":330,\"height\":330,\"caption\":\"Sant Bult\"},\"image\":{\"@id\":\"https:\\\/\\\/santbult.es\\\/#\\\/schema\\\/logo\\\/image\\\/\"},\"sameAs\":[\"https:\\\/\\\/www.facebook.com\\\/santbult\",\"https:\\\/\\\/x.com\\\/sant_bult\",\"https:\\\/\\\/www.instagram.com\\\/sant_bult\\\/\",\"https:\\\/\\\/www.youtube.com\\\/channel\\\/UCViTQedoyMvyMj-pAq4doMA\"]},{\"@type\":\"Person\",\"@id\":\"https:\\\/\\\/santbult.es\\\/#\\\/schema\\\/person\\\/a2291a6450b44bc876c6fe81b146f15d\",\"name\":\"santbult\",\"image\":{\"@type\":\"ImageObject\",\"inLanguage\":\"val\",\"@id\":\"https:\\\/\\\/secure.gravatar.com\\\/avatar\\\/946e8694005d0bd75998ba9f0cf5ce2939c3dc003df972082147d2a625f3837d?s=96&d=mm&r=g\",\"url\":\"https:\\\/\\\/secure.gravatar.com\\\/avatar\\\/946e8694005d0bd75998ba9f0cf5ce2939c3dc003df972082147d2a625f3837d?s=96&d=mm&r=g\",\"contentUrl\":\"https:\\\/\\\/secure.gravatar.com\\\/avatar\\\/946e8694005d0bd75998ba9f0cf5ce2939c3dc003df972082147d2a625f3837d?s=96&d=mm&r=g\",\"caption\":\"santbult\"},\"sameAs\":[\"https:\\\/\\\/santbult.es\"]}]}<\/script>\n<!-- \/ Yoast SEO Premium plugin. -->","yoast_head_json":{"title":"Sant Bult visita els Clavaris Majors 2026 a Picasent","description":"Sant Bult visit\u00e0 el 28 de febrer a Picasent els Clavaris Majors 2026, D. Pedro Sendra Cuenca i D\u00f1a. Marian Zaragoz\u00e1 Guaita, en un encontre institucional emotiu.","robots":{"index":"index","follow":"follow","max-snippet":"max-snippet:-1","max-image-preview":"max-image-preview:large","max-video-preview":"max-video-preview:-1"},"canonical":"https:\/\/santbult.es\/va\/clavaris-majors-sant-bult-2026-picasent\/","og_locale":"en_US","og_type":"article","og_title":"Sant Bult visita els Clavaris Majors 2026 a Picasent","og_description":"Festes de Sant Bult \u2013 La Xerea","og_url":"https:\/\/santbult.es\/va\/clavaris-majors-sant-bult-2026-picasent\/","og_site_name":"Festes de Sant Bult \u2013 La Xerea","article_publisher":"https:\/\/www.facebook.com\/santbult","article_published_time":"2026-03-03T18:23:39+00:00","article_modified_time":"2026-03-03T18:23:40+00:00","og_image":[{"width":1201,"height":878,"url":"https:\/\/santbult.es\/wp-content\/uploads\/2026\/03\/Encuentro-con-los-Clavarios-Mayores-Sant-Bult-2026-7.jpg","type":"image\/jpeg"}],"author":"santbult","twitter_card":"summary_large_image","twitter_creator":"@sant_bult","twitter_site":"@sant_bult","twitter_misc":{"Written by":"santbult","Est. reading time":"2 minutes"},"schema":{"@context":"https:\/\/schema.org","@graph":[{"@type":"Article","@id":"https:\/\/santbult.es\/va\/clavaris-majors-sant-bult-2026-picasent\/#article","isPartOf":{"@id":"https:\/\/santbult.es\/va\/clavaris-majors-sant-bult-2026-picasent\/"},"author":{"name":"santbult","@id":"https:\/\/santbult.es\/#\/schema\/person\/a2291a6450b44bc876c6fe81b146f15d"},"headline":"Sant Bult visita els Clavaris Majors 2026 a Picasent","datePublished":"2026-03-03T18:23:39+00:00","dateModified":"2026-03-03T18:23:40+00:00","mainEntityOfPage":{"@id":"https:\/\/santbult.es\/va\/clavaris-majors-sant-bult-2026-picasent\/"},"wordCount":406,"publisher":{"@id":"https:\/\/santbult.es\/#organization"},"image":{"@id":"https:\/\/santbult.es\/va\/clavaris-majors-sant-bult-2026-picasent\/#primaryimage"},"thumbnailUrl":"https:\/\/santbult.es\/wp-content\/uploads\/2026\/03\/Encuentro-con-los-Clavarios-Mayores-Sant-Bult-2026-7.jpg","articleSection":["2026","Archiu Hist\u00f2ric","Inici"],"inLanguage":"val"},{"@type":"WebPage","@id":"https:\/\/santbult.es\/va\/clavaris-majors-sant-bult-2026-picasent\/","url":"https:\/\/santbult.es\/va\/clavaris-majors-sant-bult-2026-picasent\/","name":"Sant Bult visita els Clavaris Majors 2026 a Picasent","isPartOf":{"@id":"https:\/\/santbult.es\/#website"},"primaryImageOfPage":{"@id":"https:\/\/santbult.es\/va\/clavaris-majors-sant-bult-2026-picasent\/#primaryimage"},"image":{"@id":"https:\/\/santbult.es\/va\/clavaris-majors-sant-bult-2026-picasent\/#primaryimage"},"thumbnailUrl":"https:\/\/santbult.es\/wp-content\/uploads\/2026\/03\/Encuentro-con-los-Clavarios-Mayores-Sant-Bult-2026-7.jpg","datePublished":"2026-03-03T18:23:39+00:00","dateModified":"2026-03-03T18:23:40+00:00","description":"Sant Bult visit\u00e0 el 28 de febrer a Picasent els Clavaris Majors 2026, D. Pedro Sendra Cuenca i D\u00f1a. Marian Zaragoz\u00e1 Guaita, en un encontre institucional emotiu.","breadcrumb":{"@id":"https:\/\/santbult.es\/va\/clavaris-majors-sant-bult-2026-picasent\/#breadcrumb"},"inLanguage":"val","potentialAction":[{"@type":"ReadAction","target":["https:\/\/santbult.es\/va\/clavaris-majors-sant-bult-2026-picasent\/"]}]},{"@type":"ImageObject","inLanguage":"val","@id":"https:\/\/santbult.es\/va\/clavaris-majors-sant-bult-2026-picasent\/#primaryimage","url":"https:\/\/santbult.es\/wp-content\/uploads\/2026\/03\/Encuentro-con-los-Clavarios-Mayores-Sant-Bult-2026-7.jpg","contentUrl":"https:\/\/santbult.es\/wp-content\/uploads\/2026\/03\/Encuentro-con-los-Clavarios-Mayores-Sant-Bult-2026-7.jpg","width":1201,"height":878},{"@type":"BreadcrumbList","@id":"https:\/\/santbult.es\/va\/clavaris-majors-sant-bult-2026-picasent\/#breadcrumb","itemListElement":[{"@type":"ListItem","position":1,"name":"Archivo Hist\u00f3rico","item":"https:\/\/santbult.es\/category\/archivo-historico\/"},{"@type":"ListItem","position":2,"name":"Sant Bult visita els Clavaris Majors 2026 a Picasent"}]},{"@type":"WebSite","@id":"https:\/\/santbult.es\/#website","url":"https:\/\/santbult.es\/","name":"Festes de Sant Bult \u2013 La Xerea","description":"B\u00e9 Rellev\u00e0ncia Local Immaterial","publisher":{"@id":"https:\/\/santbult.es\/#organization"},"potentialAction":[{"@type":"SearchAction","target":{"@type":"EntryPoint","urlTemplate":"https:\/\/santbult.es\/?s={search_term_string}"},"query-input":{"@type":"PropertyValueSpecification","valueRequired":true,"valueName":"search_term_string"}}],"inLanguage":"val"},{"@type":"Organization","@id":"https:\/\/santbult.es\/#organization","name":"Sant Bult","url":"https:\/\/santbult.es\/","logo":{"@type":"ImageObject","inLanguage":"val","@id":"https:\/\/santbult.es\/#\/schema\/logo\/image\/","url":"https:\/\/santbult.es\/wp-content\/uploads\/2019\/04\/mini-sant-bult.png","contentUrl":"https:\/\/santbult.es\/wp-content\/uploads\/2019\/04\/mini-sant-bult.png","width":330,"height":330,"caption":"Sant Bult"},"image":{"@id":"https:\/\/santbult.es\/#\/schema\/logo\/image\/"},"sameAs":["https:\/\/www.facebook.com\/santbult","https:\/\/x.com\/sant_bult","https:\/\/www.instagram.com\/sant_bult\/","https:\/\/www.youtube.com\/channel\/UCViTQedoyMvyMj-pAq4doMA"]},{"@type":"Person","@id":"https:\/\/santbult.es\/#\/schema\/person\/a2291a6450b44bc876c6fe81b146f15d","name":"santbult","image":{"@type":"ImageObject","inLanguage":"val","@id":"https:\/\/secure.gravatar.com\/avatar\/946e8694005d0bd75998ba9f0cf5ce2939c3dc003df972082147d2a625f3837d?s=96&d=mm&r=g","url":"https:\/\/secure.gravatar.com\/avatar\/946e8694005d0bd75998ba9f0cf5ce2939c3dc003df972082147d2a625f3837d?s=96&d=mm&r=g","contentUrl":"https:\/\/secure.gravatar.com\/avatar\/946e8694005d0bd75998ba9f0cf5ce2939c3dc003df972082147d2a625f3837d?s=96&d=mm&r=g","caption":"santbult"},"sameAs":["https:\/\/santbult.es"]}]}},"_links":{"self":[{"href":"https:\/\/santbult.es\/va\/wp-json\/wp\/v2\/posts\/17879","targetHints":{"allow":["GET"]}}],"collection":[{"href":"https:\/\/santbult.es\/va\/wp-json\/wp\/v2\/posts"}],"about":[{"href":"https:\/\/santbult.es\/va\/wp-json\/wp\/v2\/types\/post"}],"author":[{"embeddable":true,"href":"https:\/\/santbult.es\/va\/wp-json\/wp\/v2\/users\/1"}],"replies":[{"embeddable":true,"href":"https:\/\/santbult.es\/va\/wp-json\/wp\/v2\/comments?post=17879"}],"version-history":[{"count":2,"href":"https:\/\/santbult.es\/va\/wp-json\/wp\/v2\/posts\/17879\/revisions"}],"predecessor-version":[{"id":17881,"href":"https:\/\/santbult.es\/va\/wp-json\/wp\/v2\/posts\/17879\/revisions\/17881"}],"wp:featuredmedia":[{"embeddable":true,"href":"https:\/\/santbult.es\/va\/wp-json\/wp\/v2\/media\/17871"}],"wp:attachment":[{"href":"https:\/\/santbult.es\/va\/wp-json\/wp\/v2\/media?parent=17879"}],"wp:term":[{"taxonomy":"category","embeddable":true,"href":"https:\/\/santbult.es\/va\/wp-json\/wp\/v2\/categories?post=17879"},{"taxonomy":"post_tag","embeddable":true,"href":"https:\/\/santbult.es\/va\/wp-json\/wp\/v2\/tags?post=17879"}],"curies":[{"name":"wp","href":"https:\/\/api.w.org\/{rel}","templated":true}]}}