{"id":17518,"date":"2026-01-26T11:00:42","date_gmt":"2026-01-26T10:00:42","guid":{"rendered":"https:\/\/santbult.es\/?p=17518"},"modified":"2026-01-26T13:33:08","modified_gmt":"2026-01-26T12:33:08","slug":"clavaris-majors-2026","status":"publish","type":"post","link":"https:\/\/santbult.es\/va\/clavaris-majors-2026\/","title":{"rendered":"Clavaris Majors Sant Bult 2026"},"content":{"rendered":"<div class=\"wpb-content-wrapper\"><p>[vc_row][vc_column][vc_separator color=&#8221;blue&#8221; align=&#8221;align_left&#8221; border_width=&#8221;2&#8243; el_width=&#8221;10&#8243;][\/vc_column][\/vc_row][vc_row][vc_column][vc_single_image image=&#8221;17515&#8243; img_size=&#8221;full&#8221; alignment=&#8221;center&#8221; css=&#8221;&#8221;][\/vc_column][\/vc_row][vc_row][vc_column][vc_empty_space][\/vc_column][\/vc_row][vc_row][vc_column][vc_column_text css=&#8221;&#8221;]<\/p>\n<p data-start=\"84\" data-end=\"494\"><strong>En Pedro Sendra Cuenca<\/strong> \u00e9s un home polifac\u00e8tic i amb inquietuds. Ha sigut funcionari de l\u2019Administraci\u00f3, inversor i directiu del Reial Club N\u00e0utic de Val\u00e8ncia, aix\u00ed com d\u2019altres clubs esportius com el Club de Tennis El Saladar o el Club de Vela Llatina de Silla, a l\u2019Albufera de Val\u00e8ncia. Tamb\u00e9 ha exercit el c\u00e0rrec de vicepresident de la Fundaci\u00f3 Casa de l\u2019Artista i \u00e9s membre de la Germandat Mon\u00e0rquica Nacional.<\/p>\n<p data-start=\"496\" data-end=\"658\">Entre les seues aficions esportives destaquen l\u2019equitaci\u00f3 i la navegaci\u00f3, sent Patr\u00f3 de Iot. Pel que fa a les art\u00edstiques, cultiva la pintura i la talla en fusta.<\/p>\n<p data-start=\"660\" data-end=\"840\"><strong>Na Marian Zaragoz\u00e1 Guaita<\/strong> \u00e9s llicenciada en Hist\u00f2ria de l\u2019Art, M\u00e0ster en Museologia i Mestra de Llengua Valenciana. Actualment treballa com a funcion\u00e0ria de la Generalitat Valenciana.<\/p>\n<p data-start=\"842\" data-end=\"978\">Entre les seues aficions es troben la lectura, l\u2019art i la decoraci\u00f3, i li agrada especialment viatjar per a nodrir-se de noves cultures.<\/p>\n<p data-start=\"980\" data-end=\"1092\">Ambd\u00f3s senten un especial arrelament per la cultura valenciana, aix\u00ed com a les seues tradicions, costums i festes.<\/p>\n<p>[\/vc_column_text][\/vc_column][\/vc_row]<\/p>\n<\/div>","protected":false},"excerpt":{"rendered":"<p>Pedro Sendra Cuenca i Marian Zaragoz\u00e1 Guaita s\u00f3n els Clavaris Majors de la Festa de Sant Bult 2026, compromesos amb la cultura valenciana.<br \/>\n#SantBult #LaXerea #FestesDeCarrer<\/p>\n","protected":false},"author":1,"featured_media":17516,"comment_status":"closed","ping_status":"closed","sticky":false,"template":"","format":"standard","meta":{"footnotes":""},"categories":[788,177,493,783],"tags":[],"class_list":["post-17518","post","type-post","status-publish","format-standard","has-post-thumbnail","hentry","category-2026-archiu-historic","category-archiu-historic","category-inici","category-posterior-va"],"yoast_head":"<!-- This site is optimized with the Yoast SEO Premium plugin v24.8 (Yoast SEO v27.4) - https:\/\/yoast.com\/product\/yoast-seo-premium-wordpress\/ -->\n<title>Clavaris Majors Sant Bult 2026 - Festes de Sant Bult \u2013 La Xerea<\/title>\n<meta name=\"description\" content=\"Pedro Sendra Cuenca i Marian Zaragoz\u00e1 Guaita s\u00f3n els Clavaris Majors de la Festa de Sant Bult 2026, compromesos amb la cultura valenciana.\" \/>\n<meta name=\"robots\" content=\"index, follow, max-snippet:-1, max-image-preview:large, max-video-preview:-1\" \/>\n<link rel=\"canonical\" href=\"https:\/\/santbult.es\/va\/clavaris-majors-2026\/\" \/>\n<meta property=\"og:locale\" content=\"en_US\" \/>\n<meta property=\"og:type\" content=\"article\" \/>\n<meta property=\"og:title\" content=\"Clavaris Majors Sant Bult 2026\" \/>\n<meta property=\"og:description\" content=\"Festes de Sant Bult \u2013 La Xerea\" \/>\n<meta property=\"og:url\" content=\"https:\/\/santbult.es\/va\/clavaris-majors-2026\/\" \/>\n<meta property=\"og:site_name\" content=\"Festes de Sant Bult \u2013 La Xerea\" \/>\n<meta property=\"article:publisher\" content=\"https:\/\/www.facebook.com\/santbult\" \/>\n<meta property=\"article:published_time\" content=\"2026-01-26T10:00:42+00:00\" \/>\n<meta property=\"article:modified_time\" content=\"2026-01-26T12:33:08+00:00\" \/>\n<meta property=\"og:image\" content=\"https:\/\/santbult.es\/wp-content\/uploads\/2026\/01\/CLAVARIOS-2026-WEB.jpg\" \/>\n\t<meta property=\"og:image:width\" content=\"1920\" \/>\n\t<meta property=\"og:image:height\" content=\"1280\" \/>\n\t<meta property=\"og:image:type\" content=\"image\/jpeg\" \/>\n<meta name=\"author\" content=\"santbult\" \/>\n<meta name=\"twitter:card\" content=\"summary_large_image\" \/>\n<meta name=\"twitter:creator\" content=\"@sant_bult\" \/>\n<meta name=\"twitter:site\" content=\"@sant_bult\" \/>\n<meta name=\"twitter:label1\" content=\"Written by\" \/>\n\t<meta name=\"twitter:data1\" content=\"santbult\" \/>\n\t<meta name=\"twitter:label2\" content=\"Est. reading time\" \/>\n\t<meta name=\"twitter:data2\" content=\"2 minutes\" \/>\n<script type=\"application\/ld+json\" class=\"yoast-schema-graph\">{\"@context\":\"https:\\\/\\\/schema.org\",\"@graph\":[{\"@type\":\"Article\",\"@id\":\"https:\\\/\\\/santbult.es\\\/va\\\/clavaris-majors-2026\\\/#article\",\"isPartOf\":{\"@id\":\"https:\\\/\\\/santbult.es\\\/va\\\/clavaris-majors-2026\\\/\"},\"author\":{\"name\":\"santbult\",\"@id\":\"https:\\\/\\\/santbult.es\\\/#\\\/schema\\\/person\\\/a2291a6450b44bc876c6fe81b146f15d\"},\"headline\":\"Clavaris Majors Sant Bult 2026\",\"datePublished\":\"2026-01-26T10:00:42+00:00\",\"dateModified\":\"2026-01-26T12:33:08+00:00\",\"mainEntityOfPage\":{\"@id\":\"https:\\\/\\\/santbult.es\\\/va\\\/clavaris-majors-2026\\\/\"},\"wordCount\":251,\"publisher\":{\"@id\":\"https:\\\/\\\/santbult.es\\\/#organization\"},\"image\":{\"@id\":\"https:\\\/\\\/santbult.es\\\/va\\\/clavaris-majors-2026\\\/#primaryimage\"},\"thumbnailUrl\":\"https:\\\/\\\/santbult.es\\\/wp-content\\\/uploads\\\/2026\\\/01\\\/CLAVARIOS-2026-WEB.jpg\",\"articleSection\":[\"2026\",\"Archiu Hist\u00f2ric\",\"Inici\",\"Posterior\"],\"inLanguage\":\"val\"},{\"@type\":\"WebPage\",\"@id\":\"https:\\\/\\\/santbult.es\\\/va\\\/clavaris-majors-2026\\\/\",\"url\":\"https:\\\/\\\/santbult.es\\\/va\\\/clavaris-majors-2026\\\/\",\"name\":\"Clavaris Majors Sant Bult 2026 - Festes de Sant Bult \u2013 La Xerea\",\"isPartOf\":{\"@id\":\"https:\\\/\\\/santbult.es\\\/#website\"},\"primaryImageOfPage\":{\"@id\":\"https:\\\/\\\/santbult.es\\\/va\\\/clavaris-majors-2026\\\/#primaryimage\"},\"image\":{\"@id\":\"https:\\\/\\\/santbult.es\\\/va\\\/clavaris-majors-2026\\\/#primaryimage\"},\"thumbnailUrl\":\"https:\\\/\\\/santbult.es\\\/wp-content\\\/uploads\\\/2026\\\/01\\\/CLAVARIOS-2026-WEB.jpg\",\"datePublished\":\"2026-01-26T10:00:42+00:00\",\"dateModified\":\"2026-01-26T12:33:08+00:00\",\"description\":\"Pedro Sendra Cuenca i Marian Zaragoz\u00e1 Guaita s\u00f3n els Clavaris Majors de la Festa de Sant Bult 2026, compromesos amb la cultura valenciana.\",\"breadcrumb\":{\"@id\":\"https:\\\/\\\/santbult.es\\\/va\\\/clavaris-majors-2026\\\/#breadcrumb\"},\"inLanguage\":\"val\",\"potentialAction\":[{\"@type\":\"ReadAction\",\"target\":[\"https:\\\/\\\/santbult.es\\\/va\\\/clavaris-majors-2026\\\/\"]}]},{\"@type\":\"ImageObject\",\"inLanguage\":\"val\",\"@id\":\"https:\\\/\\\/santbult.es\\\/va\\\/clavaris-majors-2026\\\/#primaryimage\",\"url\":\"https:\\\/\\\/santbult.es\\\/wp-content\\\/uploads\\\/2026\\\/01\\\/CLAVARIOS-2026-WEB.jpg\",\"contentUrl\":\"https:\\\/\\\/santbult.es\\\/wp-content\\\/uploads\\\/2026\\\/01\\\/CLAVARIOS-2026-WEB.jpg\",\"width\":1920,\"height\":1280},{\"@type\":\"BreadcrumbList\",\"@id\":\"https:\\\/\\\/santbult.es\\\/va\\\/clavaris-majors-2026\\\/#breadcrumb\",\"itemListElement\":[{\"@type\":\"ListItem\",\"position\":1,\"name\":\"Archiu Hist\u00f2ric\",\"item\":\"https:\\\/\\\/santbult.es\\\/va\\\/category\\\/archiu-historic\\\/\"},{\"@type\":\"ListItem\",\"position\":2,\"name\":\"2026\",\"item\":\"https:\\\/\\\/santbult.es\\\/va\\\/category\\\/archiu-historic\\\/2026-archiu-historic\\\/\"},{\"@type\":\"ListItem\",\"position\":3,\"name\":\"Clavaris Majors Sant Bult 2026\"}]},{\"@type\":\"WebSite\",\"@id\":\"https:\\\/\\\/santbult.es\\\/#website\",\"url\":\"https:\\\/\\\/santbult.es\\\/\",\"name\":\"Festes de Sant Bult \u2013 La Xerea\",\"description\":\"B\u00e9 Rellev\u00e0ncia Local Immaterial\",\"publisher\":{\"@id\":\"https:\\\/\\\/santbult.es\\\/#organization\"},\"potentialAction\":[{\"@type\":\"SearchAction\",\"target\":{\"@type\":\"EntryPoint\",\"urlTemplate\":\"https:\\\/\\\/santbult.es\\\/?s={search_term_string}\"},\"query-input\":{\"@type\":\"PropertyValueSpecification\",\"valueRequired\":true,\"valueName\":\"search_term_string\"}}],\"inLanguage\":\"val\"},{\"@type\":\"Organization\",\"@id\":\"https:\\\/\\\/santbult.es\\\/#organization\",\"name\":\"Sant Bult\",\"url\":\"https:\\\/\\\/santbult.es\\\/\",\"logo\":{\"@type\":\"ImageObject\",\"inLanguage\":\"val\",\"@id\":\"https:\\\/\\\/santbult.es\\\/#\\\/schema\\\/logo\\\/image\\\/\",\"url\":\"https:\\\/\\\/santbult.es\\\/wp-content\\\/uploads\\\/2019\\\/04\\\/mini-sant-bult.png\",\"contentUrl\":\"https:\\\/\\\/santbult.es\\\/wp-content\\\/uploads\\\/2019\\\/04\\\/mini-sant-bult.png\",\"width\":330,\"height\":330,\"caption\":\"Sant Bult\"},\"image\":{\"@id\":\"https:\\\/\\\/santbult.es\\\/#\\\/schema\\\/logo\\\/image\\\/\"},\"sameAs\":[\"https:\\\/\\\/www.facebook.com\\\/santbult\",\"https:\\\/\\\/x.com\\\/sant_bult\",\"https:\\\/\\\/www.instagram.com\\\/sant_bult\\\/\",\"https:\\\/\\\/www.youtube.com\\\/channel\\\/UCViTQedoyMvyMj-pAq4doMA\"]},{\"@type\":\"Person\",\"@id\":\"https:\\\/\\\/santbult.es\\\/#\\\/schema\\\/person\\\/a2291a6450b44bc876c6fe81b146f15d\",\"name\":\"santbult\",\"image\":{\"@type\":\"ImageObject\",\"inLanguage\":\"val\",\"@id\":\"https:\\\/\\\/secure.gravatar.com\\\/avatar\\\/946e8694005d0bd75998ba9f0cf5ce2939c3dc003df972082147d2a625f3837d?s=96&d=mm&r=g\",\"url\":\"https:\\\/\\\/secure.gravatar.com\\\/avatar\\\/946e8694005d0bd75998ba9f0cf5ce2939c3dc003df972082147d2a625f3837d?s=96&d=mm&r=g\",\"contentUrl\":\"https:\\\/\\\/secure.gravatar.com\\\/avatar\\\/946e8694005d0bd75998ba9f0cf5ce2939c3dc003df972082147d2a625f3837d?s=96&d=mm&r=g\",\"caption\":\"santbult\"},\"sameAs\":[\"https:\\\/\\\/santbult.es\"]}]}<\/script>\n<!-- \/ Yoast SEO Premium plugin. -->","yoast_head_json":{"title":"Clavaris Majors Sant Bult 2026 - Festes de Sant Bult \u2013 La Xerea","description":"Pedro Sendra Cuenca i Marian Zaragoz\u00e1 Guaita s\u00f3n els Clavaris Majors de la Festa de Sant Bult 2026, compromesos amb la cultura valenciana.","robots":{"index":"index","follow":"follow","max-snippet":"max-snippet:-1","max-image-preview":"max-image-preview:large","max-video-preview":"max-video-preview:-1"},"canonical":"https:\/\/santbult.es\/va\/clavaris-majors-2026\/","og_locale":"en_US","og_type":"article","og_title":"Clavaris Majors Sant Bult 2026","og_description":"Festes de Sant Bult \u2013 La Xerea","og_url":"https:\/\/santbult.es\/va\/clavaris-majors-2026\/","og_site_name":"Festes de Sant Bult \u2013 La Xerea","article_publisher":"https:\/\/www.facebook.com\/santbult","article_published_time":"2026-01-26T10:00:42+00:00","article_modified_time":"2026-01-26T12:33:08+00:00","og_image":[{"width":1920,"height":1280,"url":"https:\/\/santbult.es\/wp-content\/uploads\/2026\/01\/CLAVARIOS-2026-WEB.jpg","type":"image\/jpeg"}],"author":"santbult","twitter_card":"summary_large_image","twitter_creator":"@sant_bult","twitter_site":"@sant_bult","twitter_misc":{"Written by":"santbult","Est. reading time":"2 minutes"},"schema":{"@context":"https:\/\/schema.org","@graph":[{"@type":"Article","@id":"https:\/\/santbult.es\/va\/clavaris-majors-2026\/#article","isPartOf":{"@id":"https:\/\/santbult.es\/va\/clavaris-majors-2026\/"},"author":{"name":"santbult","@id":"https:\/\/santbult.es\/#\/schema\/person\/a2291a6450b44bc876c6fe81b146f15d"},"headline":"Clavaris Majors Sant Bult 2026","datePublished":"2026-01-26T10:00:42+00:00","dateModified":"2026-01-26T12:33:08+00:00","mainEntityOfPage":{"@id":"https:\/\/santbult.es\/va\/clavaris-majors-2026\/"},"wordCount":251,"publisher":{"@id":"https:\/\/santbult.es\/#organization"},"image":{"@id":"https:\/\/santbult.es\/va\/clavaris-majors-2026\/#primaryimage"},"thumbnailUrl":"https:\/\/santbult.es\/wp-content\/uploads\/2026\/01\/CLAVARIOS-2026-WEB.jpg","articleSection":["2026","Archiu Hist\u00f2ric","Inici","Posterior"],"inLanguage":"val"},{"@type":"WebPage","@id":"https:\/\/santbult.es\/va\/clavaris-majors-2026\/","url":"https:\/\/santbult.es\/va\/clavaris-majors-2026\/","name":"Clavaris Majors Sant Bult 2026 - Festes de Sant Bult \u2013 La Xerea","isPartOf":{"@id":"https:\/\/santbult.es\/#website"},"primaryImageOfPage":{"@id":"https:\/\/santbult.es\/va\/clavaris-majors-2026\/#primaryimage"},"image":{"@id":"https:\/\/santbult.es\/va\/clavaris-majors-2026\/#primaryimage"},"thumbnailUrl":"https:\/\/santbult.es\/wp-content\/uploads\/2026\/01\/CLAVARIOS-2026-WEB.jpg","datePublished":"2026-01-26T10:00:42+00:00","dateModified":"2026-01-26T12:33:08+00:00","description":"Pedro Sendra Cuenca i Marian Zaragoz\u00e1 Guaita s\u00f3n els Clavaris Majors de la Festa de Sant Bult 2026, compromesos amb la cultura valenciana.","breadcrumb":{"@id":"https:\/\/santbult.es\/va\/clavaris-majors-2026\/#breadcrumb"},"inLanguage":"val","potentialAction":[{"@type":"ReadAction","target":["https:\/\/santbult.es\/va\/clavaris-majors-2026\/"]}]},{"@type":"ImageObject","inLanguage":"val","@id":"https:\/\/santbult.es\/va\/clavaris-majors-2026\/#primaryimage","url":"https:\/\/santbult.es\/wp-content\/uploads\/2026\/01\/CLAVARIOS-2026-WEB.jpg","contentUrl":"https:\/\/santbult.es\/wp-content\/uploads\/2026\/01\/CLAVARIOS-2026-WEB.jpg","width":1920,"height":1280},{"@type":"BreadcrumbList","@id":"https:\/\/santbult.es\/va\/clavaris-majors-2026\/#breadcrumb","itemListElement":[{"@type":"ListItem","position":1,"name":"Archiu Hist\u00f2ric","item":"https:\/\/santbult.es\/va\/category\/archiu-historic\/"},{"@type":"ListItem","position":2,"name":"2026","item":"https:\/\/santbult.es\/va\/category\/archiu-historic\/2026-archiu-historic\/"},{"@type":"ListItem","position":3,"name":"Clavaris Majors Sant Bult 2026"}]},{"@type":"WebSite","@id":"https:\/\/santbult.es\/#website","url":"https:\/\/santbult.es\/","name":"Festes de Sant Bult \u2013 La Xerea","description":"B\u00e9 Rellev\u00e0ncia Local Immaterial","publisher":{"@id":"https:\/\/santbult.es\/#organization"},"potentialAction":[{"@type":"SearchAction","target":{"@type":"EntryPoint","urlTemplate":"https:\/\/santbult.es\/?s={search_term_string}"},"query-input":{"@type":"PropertyValueSpecification","valueRequired":true,"valueName":"search_term_string"}}],"inLanguage":"val"},{"@type":"Organization","@id":"https:\/\/santbult.es\/#organization","name":"Sant Bult","url":"https:\/\/santbult.es\/","logo":{"@type":"ImageObject","inLanguage":"val","@id":"https:\/\/santbult.es\/#\/schema\/logo\/image\/","url":"https:\/\/santbult.es\/wp-content\/uploads\/2019\/04\/mini-sant-bult.png","contentUrl":"https:\/\/santbult.es\/wp-content\/uploads\/2019\/04\/mini-sant-bult.png","width":330,"height":330,"caption":"Sant Bult"},"image":{"@id":"https:\/\/santbult.es\/#\/schema\/logo\/image\/"},"sameAs":["https:\/\/www.facebook.com\/santbult","https:\/\/x.com\/sant_bult","https:\/\/www.instagram.com\/sant_bult\/","https:\/\/www.youtube.com\/channel\/UCViTQedoyMvyMj-pAq4doMA"]},{"@type":"Person","@id":"https:\/\/santbult.es\/#\/schema\/person\/a2291a6450b44bc876c6fe81b146f15d","name":"santbult","image":{"@type":"ImageObject","inLanguage":"val","@id":"https:\/\/secure.gravatar.com\/avatar\/946e8694005d0bd75998ba9f0cf5ce2939c3dc003df972082147d2a625f3837d?s=96&d=mm&r=g","url":"https:\/\/secure.gravatar.com\/avatar\/946e8694005d0bd75998ba9f0cf5ce2939c3dc003df972082147d2a625f3837d?s=96&d=mm&r=g","contentUrl":"https:\/\/secure.gravatar.com\/avatar\/946e8694005d0bd75998ba9f0cf5ce2939c3dc003df972082147d2a625f3837d?s=96&d=mm&r=g","caption":"santbult"},"sameAs":["https:\/\/santbult.es"]}]}},"_links":{"self":[{"href":"https:\/\/santbult.es\/va\/wp-json\/wp\/v2\/posts\/17518","targetHints":{"allow":["GET"]}}],"collection":[{"href":"https:\/\/santbult.es\/va\/wp-json\/wp\/v2\/posts"}],"about":[{"href":"https:\/\/santbult.es\/va\/wp-json\/wp\/v2\/types\/post"}],"author":[{"embeddable":true,"href":"https:\/\/santbult.es\/va\/wp-json\/wp\/v2\/users\/1"}],"replies":[{"embeddable":true,"href":"https:\/\/santbult.es\/va\/wp-json\/wp\/v2\/comments?post=17518"}],"version-history":[{"count":2,"href":"https:\/\/santbult.es\/va\/wp-json\/wp\/v2\/posts\/17518\/revisions"}],"predecessor-version":[{"id":17541,"href":"https:\/\/santbult.es\/va\/wp-json\/wp\/v2\/posts\/17518\/revisions\/17541"}],"wp:featuredmedia":[{"embeddable":true,"href":"https:\/\/santbult.es\/va\/wp-json\/wp\/v2\/media\/17516"}],"wp:attachment":[{"href":"https:\/\/santbult.es\/va\/wp-json\/wp\/v2\/media?parent=17518"}],"wp:term":[{"taxonomy":"category","embeddable":true,"href":"https:\/\/santbult.es\/va\/wp-json\/wp\/v2\/categories?post=17518"},{"taxonomy":"post_tag","embeddable":true,"href":"https:\/\/santbult.es\/va\/wp-json\/wp\/v2\/tags?post=17518"}],"curies":[{"name":"wp","href":"https:\/\/api.w.org\/{rel}","templated":true}]}}