{"id":17508,"date":"2025-12-19T16:38:56","date_gmt":"2025-12-19T15:38:56","guid":{"rendered":"https:\/\/santbult.es\/?p=17508"},"modified":"2025-12-19T17:53:56","modified_gmt":"2025-12-19T16:53:56","slug":"picaeta-nadal-sant-bult-2025","status":"publish","type":"post","link":"https:\/\/santbult.es\/va\/picaeta-nadal-sant-bult-2025\/","title":{"rendered":"Picaeta de Nadal de Sant Bult 2025 | Tradici\u00f3 i conviv\u00e8ncia"},"content":{"rendered":"<div class=\"wpb-content-wrapper\"><p>[vc_row][vc_column][vc_separator color=&#8221;blue&#8221; align=&#8221;align_left&#8221; border_width=&#8221;2&#8243; el_width=&#8221;10&#8243;][\/vc_column][\/vc_row][vc_row][vc_column][vc_single_image image=&#8221;17484&#8243; img_size=&#8221;full&#8221; alignment=&#8221;center&#8221; css=&#8221;&#8221;][\/vc_column][\/vc_row][vc_row][vc_column][vc_empty_space][\/vc_column][\/vc_row][vc_row][vc_column][vc_column_text css=&#8221;&#8221;]<\/p>\n<h3 data-start=\"2634\" data-end=\"2728\">La Junta de Clavaris i Clav\u00e0ries de Sant Bult celebra la seua tradicional picaeta de Nadal<\/h3>\n<p data-start=\"2730\" data-end=\"3062\">El passat <strong data-start=\"2740\" data-end=\"2755\">dissabte 13<\/strong>, i davant la proximitat de les ja imminents <strong data-start=\"2800\" data-end=\"2819\">Festes de Nadal<\/strong>, la <strong data-start=\"2824\" data-end=\"2870\">Junta de Clavaris i Clav\u00e0ries de Sant Bult<\/strong> va celebrar la seua tradicional <strong data-start=\"2903\" data-end=\"2923\">picaeta de Nadal<\/strong> a la <strong data-start=\"2929\" data-end=\"2956\">seu social de Sant Bult<\/strong>, una trobada molt esperada que va permetre compartir un ambient de conviv\u00e8ncia, germanor i bons desitjos.<\/p>\n<p data-start=\"3064\" data-end=\"3334\">Esta cita nadalenca va reunir <strong data-start=\"3094\" data-end=\"3162\">clavaris, clav\u00e0ries, el grup de clavariesses i amics de la festa<\/strong>, amb l\u2019esperan\u00e7a comuna de poder gaudir d\u2019unes <strong data-start=\"3210\" data-end=\"3263\">festes nadalenques plenes de salut, pau i alegria<\/strong>, refor\u00e7ant els vincles que ens uneixen com a col\u00b7lectiu i com a barri.<\/p>\n<p data-start=\"3336\" data-end=\"3876\">Durant la trobada, la seu social va lluir una decoraci\u00f3 molt especial gr\u00e0cies a un <strong data-start=\"3419\" data-end=\"3437\">arbre de Nadal<\/strong>, ornamentat amb les <strong data-start=\"3458\" data-end=\"3522\">fotografies dels dibuixos realitzats pels xiquets i xiquetes<\/strong> el dissabte al mat\u00ed, durant el cap de setmana de Sant Bult. En aquella jornada, els m\u00e9s menuts <strong data-start=\"3618\" data-end=\"3702\">van participar activament en la creaci\u00f3 de les seues pr\u00f2pies postals nadalenques<\/strong>, que posteriorment van formar part de la decoraci\u00f3 junt amb diverses <strong data-start=\"3772\" data-end=\"3826\">imatges representatives de les Festes de Sant Bult<\/strong>, creant un ambient c\u00e0lid, familiar i molt emotiu.<\/p>\n<p data-start=\"3878\" data-end=\"4114\">Des de la Junta volem <strong data-start=\"3900\" data-end=\"3961\">felicitar de manera especial les clav\u00e0ries Claudia i Vera<\/strong> pel magn\u00edfic treball realitzat <strong data-start=\"3993\" data-end=\"4023\">en l\u2019ornamentaci\u00f3 del sal\u00f3<\/strong>, cuidant cada detall i contribuint decisivament a crear l\u2019ambient nadalenc d\u2019esta trobada.<\/p>\n<p data-start=\"4116\" data-end=\"4434\">L\u2019acte va comptar tamb\u00e9 amb la pres\u00e8ncia de <strong data-start=\"4160\" data-end=\"4221\">D\u00f1a. Paula Bellido, Presidenta de les Festes de Sant Bult<\/strong>, aix\u00ed com del <strong data-start=\"4236\" data-end=\"4313\">grup de clavariesses, encap\u00e7alat per la seua Presidenta, D\u00f1a. Pepa Benito<\/strong>, de <strong data-start=\"4318\" data-end=\"4338\">D\u00f1a. Madel V\u00e9lez<\/strong> i d\u2019altres <strong data-start=\"4350\" data-end=\"4369\">clavaris majors<\/strong>, donant encara m\u00e9s rellev\u00e0ncia a esta trobada tan significativa.<\/p>\n<p data-start=\"4436\" data-end=\"4758\">Des de la Junta de Clavaris i Clav\u00e0ries de Sant Bult volem agrair l\u2019assist\u00e8ncia de totes les persones que es van acostar a compartir este moment, i convidar-vos a visitar la <strong data-start=\"4610\" data-end=\"4661\">Postal de Nadal 2025 de les Festes de Sant Bult<\/strong>, disponible al seg\u00fcent enlla\u00e7:<br data-start=\"4692\" data-end=\"4695\" \/><a class=\"decorated-link\" href=\"https:\/\/santbult.es\/va\/felicitacio-nadal-2025-festes-sant-bult\/\" target=\"_new\" rel=\"noopener\" data-start=\"4695\" data-end=\"4758\">https:\/\/santbult.es\/va\/felicitacio-nadal-2025-festes-sant-bult\/<\/a><\/p>\n<p data-start=\"4760\" data-end=\"4875\">Amb esta senzilla per\u00f2 sentida trobada, Sant Bult dona la benvinguda al Nadal mantenint vives les seues tradicions.<\/p>\n<p>[\/vc_column_text][\/vc_column][\/vc_row][vc_row][vc_column width=&#8221;1\/2&#8243;][vc_single_image image=&#8221;17486&#8243; img_size=&#8221;full&#8221; alignment=&#8221;center&#8221; css=&#8221;&#8221;][\/vc_column][vc_column width=&#8221;1\/2&#8243;][vc_single_image image=&#8221;17488&#8243; img_size=&#8221;full&#8221; alignment=&#8221;center&#8221; css=&#8221;&#8221;][\/vc_column][\/vc_row][vc_row][vc_column width=&#8221;1\/2&#8243;][vc_single_image image=&#8221;17490&#8243; img_size=&#8221;full&#8221; alignment=&#8221;center&#8221; css=&#8221;&#8221;][\/vc_column][vc_column width=&#8221;1\/2&#8243;][vc_single_image image=&#8221;17492&#8243; img_size=&#8221;full&#8221; alignment=&#8221;center&#8221; css=&#8221;&#8221;][\/vc_column][\/vc_row][vc_row][vc_column][vc_images_carousel images=&#8221;17496,17498,17500,17502,17504&#8243; img_size=&#8221;full&#8221; speed=&#8221;3000&#8243; autoplay=&#8221;yes&#8221; wrap=&#8221;yes&#8221; css=&#8221;&#8221;][\/vc_column][\/vc_row]<\/p>\n<\/div>","protected":false},"excerpt":{"rendered":"<p>La Junta de Clavaris i Clav\u00e0ries de Sant Bult va celebrar la seua tradicional picaeta de Nadal a la seu social, compartint conviv\u00e8ncia, tradici\u00f3 i esperit nadalenc.<\/p>\n<p>#SantBult #LaXerea #FestesDeCarrer #BonNadal<\/p>\n","protected":false},"author":1,"featured_media":17485,"comment_status":"closed","ping_status":"closed","sticky":false,"template":"","format":"standard","meta":{"footnotes":""},"categories":[781,177,493],"tags":[],"class_list":["post-17508","post","type-post","status-publish","format-standard","has-post-thumbnail","hentry","category-2025-archiu-historic","category-archiu-historic","category-inici"],"yoast_head":"<!-- This site is optimized with the Yoast SEO Premium plugin v24.8 (Yoast SEO v27.4) - https:\/\/yoast.com\/product\/yoast-seo-premium-wordpress\/ -->\n<title>Picaeta de Nadal de Sant Bult 2025 | Tradici\u00f3 i conviv\u00e8ncia - Festes de Sant Bult \u2013 La Xerea<\/title>\n<meta name=\"description\" content=\"La Junta de Clavaris i Clav\u00e0ries de Sant Bult va celebrar la seua tradicional picaeta de Nadal a la seu social, compartint conviv\u00e8ncia, tradici\u00f3 i esperit nadalenc.\" \/>\n<meta name=\"robots\" content=\"index, follow, max-snippet:-1, max-image-preview:large, max-video-preview:-1\" \/>\n<link rel=\"canonical\" href=\"https:\/\/santbult.es\/va\/picaeta-nadal-sant-bult-2025\/\" \/>\n<meta property=\"og:locale\" content=\"en_US\" \/>\n<meta property=\"og:type\" content=\"article\" \/>\n<meta property=\"og:title\" content=\"Picaeta de Nadal de Sant Bult 2025 | Tradici\u00f3 i conviv\u00e8ncia\" \/>\n<meta property=\"og:description\" content=\"Festes de Sant Bult \u2013 La Xerea\" \/>\n<meta property=\"og:url\" content=\"https:\/\/santbult.es\/va\/picaeta-nadal-sant-bult-2025\/\" \/>\n<meta property=\"og:site_name\" content=\"Festes de Sant Bult \u2013 La Xerea\" \/>\n<meta property=\"article:publisher\" content=\"https:\/\/www.facebook.com\/santbult\" \/>\n<meta property=\"article:published_time\" content=\"2025-12-19T15:38:56+00:00\" \/>\n<meta property=\"article:modified_time\" content=\"2025-12-19T16:53:56+00:00\" \/>\n<meta property=\"og:image\" content=\"https:\/\/santbult.es\/wp-content\/uploads\/2025\/12\/HEADER.jpeg\" \/>\n\t<meta property=\"og:image:width\" content=\"1200\" \/>\n\t<meta property=\"og:image:height\" content=\"855\" \/>\n\t<meta property=\"og:image:type\" content=\"image\/jpeg\" \/>\n<meta name=\"author\" content=\"santbult\" \/>\n<meta name=\"twitter:card\" content=\"summary_large_image\" \/>\n<meta name=\"twitter:creator\" content=\"@sant_bult\" \/>\n<meta name=\"twitter:site\" content=\"@sant_bult\" \/>\n<meta name=\"twitter:label1\" content=\"Written by\" \/>\n\t<meta name=\"twitter:data1\" content=\"santbult\" \/>\n\t<meta name=\"twitter:label2\" content=\"Est. reading time\" \/>\n\t<meta name=\"twitter:data2\" content=\"4 minutes\" \/>\n<script type=\"application\/ld+json\" class=\"yoast-schema-graph\">{\"@context\":\"https:\\\/\\\/schema.org\",\"@graph\":[{\"@type\":\"Article\",\"@id\":\"https:\\\/\\\/santbult.es\\\/va\\\/picaeta-nadal-sant-bult-2025\\\/#article\",\"isPartOf\":{\"@id\":\"https:\\\/\\\/santbult.es\\\/va\\\/picaeta-nadal-sant-bult-2025\\\/\"},\"author\":{\"name\":\"santbult\",\"@id\":\"https:\\\/\\\/santbult.es\\\/#\\\/schema\\\/person\\\/a2291a6450b44bc876c6fe81b146f15d\"},\"headline\":\"Picaeta de Nadal de Sant Bult 2025 | Tradici\u00f3 i conviv\u00e8ncia\",\"datePublished\":\"2025-12-19T15:38:56+00:00\",\"dateModified\":\"2025-12-19T16:53:56+00:00\",\"mainEntityOfPage\":{\"@id\":\"https:\\\/\\\/santbult.es\\\/va\\\/picaeta-nadal-sant-bult-2025\\\/\"},\"wordCount\":545,\"publisher\":{\"@id\":\"https:\\\/\\\/santbult.es\\\/#organization\"},\"image\":{\"@id\":\"https:\\\/\\\/santbult.es\\\/va\\\/picaeta-nadal-sant-bult-2025\\\/#primaryimage\"},\"thumbnailUrl\":\"https:\\\/\\\/santbult.es\\\/wp-content\\\/uploads\\\/2025\\\/12\\\/HEADER.jpeg\",\"articleSection\":[\"2025\",\"Archiu Hist\u00f2ric\",\"Inici\"],\"inLanguage\":\"val\"},{\"@type\":\"WebPage\",\"@id\":\"https:\\\/\\\/santbult.es\\\/va\\\/picaeta-nadal-sant-bult-2025\\\/\",\"url\":\"https:\\\/\\\/santbult.es\\\/va\\\/picaeta-nadal-sant-bult-2025\\\/\",\"name\":\"Picaeta de Nadal de Sant Bult 2025 | Tradici\u00f3 i conviv\u00e8ncia - Festes de Sant Bult \u2013 La Xerea\",\"isPartOf\":{\"@id\":\"https:\\\/\\\/santbult.es\\\/#website\"},\"primaryImageOfPage\":{\"@id\":\"https:\\\/\\\/santbult.es\\\/va\\\/picaeta-nadal-sant-bult-2025\\\/#primaryimage\"},\"image\":{\"@id\":\"https:\\\/\\\/santbult.es\\\/va\\\/picaeta-nadal-sant-bult-2025\\\/#primaryimage\"},\"thumbnailUrl\":\"https:\\\/\\\/santbult.es\\\/wp-content\\\/uploads\\\/2025\\\/12\\\/HEADER.jpeg\",\"datePublished\":\"2025-12-19T15:38:56+00:00\",\"dateModified\":\"2025-12-19T16:53:56+00:00\",\"description\":\"La Junta de Clavaris i Clav\u00e0ries de Sant Bult va celebrar la seua tradicional picaeta de Nadal a la seu social, compartint conviv\u00e8ncia, tradici\u00f3 i esperit nadalenc.\",\"breadcrumb\":{\"@id\":\"https:\\\/\\\/santbult.es\\\/va\\\/picaeta-nadal-sant-bult-2025\\\/#breadcrumb\"},\"inLanguage\":\"val\",\"potentialAction\":[{\"@type\":\"ReadAction\",\"target\":[\"https:\\\/\\\/santbult.es\\\/va\\\/picaeta-nadal-sant-bult-2025\\\/\"]}]},{\"@type\":\"ImageObject\",\"inLanguage\":\"val\",\"@id\":\"https:\\\/\\\/santbult.es\\\/va\\\/picaeta-nadal-sant-bult-2025\\\/#primaryimage\",\"url\":\"https:\\\/\\\/santbult.es\\\/wp-content\\\/uploads\\\/2025\\\/12\\\/HEADER.jpeg\",\"contentUrl\":\"https:\\\/\\\/santbult.es\\\/wp-content\\\/uploads\\\/2025\\\/12\\\/HEADER.jpeg\",\"width\":1200,\"height\":855},{\"@type\":\"BreadcrumbList\",\"@id\":\"https:\\\/\\\/santbult.es\\\/va\\\/picaeta-nadal-sant-bult-2025\\\/#breadcrumb\",\"itemListElement\":[{\"@type\":\"ListItem\",\"position\":1,\"name\":\"Archiu Hist\u00f2ric\",\"item\":\"https:\\\/\\\/santbult.es\\\/va\\\/category\\\/archiu-historic\\\/\"},{\"@type\":\"ListItem\",\"position\":2,\"name\":\"2025\",\"item\":\"https:\\\/\\\/santbult.es\\\/va\\\/category\\\/archiu-historic\\\/2025-archiu-historic\\\/\"},{\"@type\":\"ListItem\",\"position\":3,\"name\":\"Picaeta de Nadal de Sant Bult 2025 | Tradici\u00f3 i conviv\u00e8ncia\"}]},{\"@type\":\"WebSite\",\"@id\":\"https:\\\/\\\/santbult.es\\\/#website\",\"url\":\"https:\\\/\\\/santbult.es\\\/\",\"name\":\"Festes de Sant Bult \u2013 La Xerea\",\"description\":\"B\u00e9 Rellev\u00e0ncia Local Immaterial\",\"publisher\":{\"@id\":\"https:\\\/\\\/santbult.es\\\/#organization\"},\"potentialAction\":[{\"@type\":\"SearchAction\",\"target\":{\"@type\":\"EntryPoint\",\"urlTemplate\":\"https:\\\/\\\/santbult.es\\\/?s={search_term_string}\"},\"query-input\":{\"@type\":\"PropertyValueSpecification\",\"valueRequired\":true,\"valueName\":\"search_term_string\"}}],\"inLanguage\":\"val\"},{\"@type\":\"Organization\",\"@id\":\"https:\\\/\\\/santbult.es\\\/#organization\",\"name\":\"Sant Bult\",\"url\":\"https:\\\/\\\/santbult.es\\\/\",\"logo\":{\"@type\":\"ImageObject\",\"inLanguage\":\"val\",\"@id\":\"https:\\\/\\\/santbult.es\\\/#\\\/schema\\\/logo\\\/image\\\/\",\"url\":\"https:\\\/\\\/santbult.es\\\/wp-content\\\/uploads\\\/2019\\\/04\\\/mini-sant-bult.png\",\"contentUrl\":\"https:\\\/\\\/santbult.es\\\/wp-content\\\/uploads\\\/2019\\\/04\\\/mini-sant-bult.png\",\"width\":330,\"height\":330,\"caption\":\"Sant Bult\"},\"image\":{\"@id\":\"https:\\\/\\\/santbult.es\\\/#\\\/schema\\\/logo\\\/image\\\/\"},\"sameAs\":[\"https:\\\/\\\/www.facebook.com\\\/santbult\",\"https:\\\/\\\/x.com\\\/sant_bult\",\"https:\\\/\\\/www.instagram.com\\\/sant_bult\\\/\",\"https:\\\/\\\/www.youtube.com\\\/channel\\\/UCViTQedoyMvyMj-pAq4doMA\"]},{\"@type\":\"Person\",\"@id\":\"https:\\\/\\\/santbult.es\\\/#\\\/schema\\\/person\\\/a2291a6450b44bc876c6fe81b146f15d\",\"name\":\"santbult\",\"image\":{\"@type\":\"ImageObject\",\"inLanguage\":\"val\",\"@id\":\"https:\\\/\\\/secure.gravatar.com\\\/avatar\\\/946e8694005d0bd75998ba9f0cf5ce2939c3dc003df972082147d2a625f3837d?s=96&d=mm&r=g\",\"url\":\"https:\\\/\\\/secure.gravatar.com\\\/avatar\\\/946e8694005d0bd75998ba9f0cf5ce2939c3dc003df972082147d2a625f3837d?s=96&d=mm&r=g\",\"contentUrl\":\"https:\\\/\\\/secure.gravatar.com\\\/avatar\\\/946e8694005d0bd75998ba9f0cf5ce2939c3dc003df972082147d2a625f3837d?s=96&d=mm&r=g\",\"caption\":\"santbult\"},\"sameAs\":[\"https:\\\/\\\/santbult.es\"]}]}<\/script>\n<!-- \/ Yoast SEO Premium plugin. -->","yoast_head_json":{"title":"Picaeta de Nadal de Sant Bult 2025 | Tradici\u00f3 i conviv\u00e8ncia - Festes de Sant Bult \u2013 La Xerea","description":"La Junta de Clavaris i Clav\u00e0ries de Sant Bult va celebrar la seua tradicional picaeta de Nadal a la seu social, compartint conviv\u00e8ncia, tradici\u00f3 i esperit nadalenc.","robots":{"index":"index","follow":"follow","max-snippet":"max-snippet:-1","max-image-preview":"max-image-preview:large","max-video-preview":"max-video-preview:-1"},"canonical":"https:\/\/santbult.es\/va\/picaeta-nadal-sant-bult-2025\/","og_locale":"en_US","og_type":"article","og_title":"Picaeta de Nadal de Sant Bult 2025 | Tradici\u00f3 i conviv\u00e8ncia","og_description":"Festes de Sant Bult \u2013 La Xerea","og_url":"https:\/\/santbult.es\/va\/picaeta-nadal-sant-bult-2025\/","og_site_name":"Festes de Sant Bult \u2013 La Xerea","article_publisher":"https:\/\/www.facebook.com\/santbult","article_published_time":"2025-12-19T15:38:56+00:00","article_modified_time":"2025-12-19T16:53:56+00:00","og_image":[{"width":1200,"height":855,"url":"https:\/\/santbult.es\/wp-content\/uploads\/2025\/12\/HEADER.jpeg","type":"image\/jpeg"}],"author":"santbult","twitter_card":"summary_large_image","twitter_creator":"@sant_bult","twitter_site":"@sant_bult","twitter_misc":{"Written by":"santbult","Est. reading time":"4 minutes"},"schema":{"@context":"https:\/\/schema.org","@graph":[{"@type":"Article","@id":"https:\/\/santbult.es\/va\/picaeta-nadal-sant-bult-2025\/#article","isPartOf":{"@id":"https:\/\/santbult.es\/va\/picaeta-nadal-sant-bult-2025\/"},"author":{"name":"santbult","@id":"https:\/\/santbult.es\/#\/schema\/person\/a2291a6450b44bc876c6fe81b146f15d"},"headline":"Picaeta de Nadal de Sant Bult 2025 | Tradici\u00f3 i conviv\u00e8ncia","datePublished":"2025-12-19T15:38:56+00:00","dateModified":"2025-12-19T16:53:56+00:00","mainEntityOfPage":{"@id":"https:\/\/santbult.es\/va\/picaeta-nadal-sant-bult-2025\/"},"wordCount":545,"publisher":{"@id":"https:\/\/santbult.es\/#organization"},"image":{"@id":"https:\/\/santbult.es\/va\/picaeta-nadal-sant-bult-2025\/#primaryimage"},"thumbnailUrl":"https:\/\/santbult.es\/wp-content\/uploads\/2025\/12\/HEADER.jpeg","articleSection":["2025","Archiu Hist\u00f2ric","Inici"],"inLanguage":"val"},{"@type":"WebPage","@id":"https:\/\/santbult.es\/va\/picaeta-nadal-sant-bult-2025\/","url":"https:\/\/santbult.es\/va\/picaeta-nadal-sant-bult-2025\/","name":"Picaeta de Nadal de Sant Bult 2025 | Tradici\u00f3 i conviv\u00e8ncia - Festes de Sant Bult \u2013 La Xerea","isPartOf":{"@id":"https:\/\/santbult.es\/#website"},"primaryImageOfPage":{"@id":"https:\/\/santbult.es\/va\/picaeta-nadal-sant-bult-2025\/#primaryimage"},"image":{"@id":"https:\/\/santbult.es\/va\/picaeta-nadal-sant-bult-2025\/#primaryimage"},"thumbnailUrl":"https:\/\/santbult.es\/wp-content\/uploads\/2025\/12\/HEADER.jpeg","datePublished":"2025-12-19T15:38:56+00:00","dateModified":"2025-12-19T16:53:56+00:00","description":"La Junta de Clavaris i Clav\u00e0ries de Sant Bult va celebrar la seua tradicional picaeta de Nadal a la seu social, compartint conviv\u00e8ncia, tradici\u00f3 i esperit nadalenc.","breadcrumb":{"@id":"https:\/\/santbult.es\/va\/picaeta-nadal-sant-bult-2025\/#breadcrumb"},"inLanguage":"val","potentialAction":[{"@type":"ReadAction","target":["https:\/\/santbult.es\/va\/picaeta-nadal-sant-bult-2025\/"]}]},{"@type":"ImageObject","inLanguage":"val","@id":"https:\/\/santbult.es\/va\/picaeta-nadal-sant-bult-2025\/#primaryimage","url":"https:\/\/santbult.es\/wp-content\/uploads\/2025\/12\/HEADER.jpeg","contentUrl":"https:\/\/santbult.es\/wp-content\/uploads\/2025\/12\/HEADER.jpeg","width":1200,"height":855},{"@type":"BreadcrumbList","@id":"https:\/\/santbult.es\/va\/picaeta-nadal-sant-bult-2025\/#breadcrumb","itemListElement":[{"@type":"ListItem","position":1,"name":"Archiu Hist\u00f2ric","item":"https:\/\/santbult.es\/va\/category\/archiu-historic\/"},{"@type":"ListItem","position":2,"name":"2025","item":"https:\/\/santbult.es\/va\/category\/archiu-historic\/2025-archiu-historic\/"},{"@type":"ListItem","position":3,"name":"Picaeta de Nadal de Sant Bult 2025 | Tradici\u00f3 i conviv\u00e8ncia"}]},{"@type":"WebSite","@id":"https:\/\/santbult.es\/#website","url":"https:\/\/santbult.es\/","name":"Festes de Sant Bult \u2013 La Xerea","description":"B\u00e9 Rellev\u00e0ncia Local Immaterial","publisher":{"@id":"https:\/\/santbult.es\/#organization"},"potentialAction":[{"@type":"SearchAction","target":{"@type":"EntryPoint","urlTemplate":"https:\/\/santbult.es\/?s={search_term_string}"},"query-input":{"@type":"PropertyValueSpecification","valueRequired":true,"valueName":"search_term_string"}}],"inLanguage":"val"},{"@type":"Organization","@id":"https:\/\/santbult.es\/#organization","name":"Sant Bult","url":"https:\/\/santbult.es\/","logo":{"@type":"ImageObject","inLanguage":"val","@id":"https:\/\/santbult.es\/#\/schema\/logo\/image\/","url":"https:\/\/santbult.es\/wp-content\/uploads\/2019\/04\/mini-sant-bult.png","contentUrl":"https:\/\/santbult.es\/wp-content\/uploads\/2019\/04\/mini-sant-bult.png","width":330,"height":330,"caption":"Sant Bult"},"image":{"@id":"https:\/\/santbult.es\/#\/schema\/logo\/image\/"},"sameAs":["https:\/\/www.facebook.com\/santbult","https:\/\/x.com\/sant_bult","https:\/\/www.instagram.com\/sant_bult\/","https:\/\/www.youtube.com\/channel\/UCViTQedoyMvyMj-pAq4doMA"]},{"@type":"Person","@id":"https:\/\/santbult.es\/#\/schema\/person\/a2291a6450b44bc876c6fe81b146f15d","name":"santbult","image":{"@type":"ImageObject","inLanguage":"val","@id":"https:\/\/secure.gravatar.com\/avatar\/946e8694005d0bd75998ba9f0cf5ce2939c3dc003df972082147d2a625f3837d?s=96&d=mm&r=g","url":"https:\/\/secure.gravatar.com\/avatar\/946e8694005d0bd75998ba9f0cf5ce2939c3dc003df972082147d2a625f3837d?s=96&d=mm&r=g","contentUrl":"https:\/\/secure.gravatar.com\/avatar\/946e8694005d0bd75998ba9f0cf5ce2939c3dc003df972082147d2a625f3837d?s=96&d=mm&r=g","caption":"santbult"},"sameAs":["https:\/\/santbult.es"]}]}},"_links":{"self":[{"href":"https:\/\/santbult.es\/va\/wp-json\/wp\/v2\/posts\/17508","targetHints":{"allow":["GET"]}}],"collection":[{"href":"https:\/\/santbult.es\/va\/wp-json\/wp\/v2\/posts"}],"about":[{"href":"https:\/\/santbult.es\/va\/wp-json\/wp\/v2\/types\/post"}],"author":[{"embeddable":true,"href":"https:\/\/santbult.es\/va\/wp-json\/wp\/v2\/users\/1"}],"replies":[{"embeddable":true,"href":"https:\/\/santbult.es\/va\/wp-json\/wp\/v2\/comments?post=17508"}],"version-history":[{"count":2,"href":"https:\/\/santbult.es\/va\/wp-json\/wp\/v2\/posts\/17508\/revisions"}],"predecessor-version":[{"id":17511,"href":"https:\/\/santbult.es\/va\/wp-json\/wp\/v2\/posts\/17508\/revisions\/17511"}],"wp:featuredmedia":[{"embeddable":true,"href":"https:\/\/santbult.es\/va\/wp-json\/wp\/v2\/media\/17485"}],"wp:attachment":[{"href":"https:\/\/santbult.es\/va\/wp-json\/wp\/v2\/media?parent=17508"}],"wp:term":[{"taxonomy":"category","embeddable":true,"href":"https:\/\/santbult.es\/va\/wp-json\/wp\/v2\/categories?post=17508"},{"taxonomy":"post_tag","embeddable":true,"href":"https:\/\/santbult.es\/va\/wp-json\/wp\/v2\/tags?post=17508"}],"curies":[{"name":"wp","href":"https:\/\/api.w.org\/{rel}","templated":true}]}}