{"id":17458,"date":"2025-12-03T12:23:45","date_gmt":"2025-12-03T11:23:45","guid":{"rendered":"https:\/\/santbult.es\/?p=17458"},"modified":"2025-12-03T12:23:45","modified_gmt":"2025-12-03T11:23:45","slug":"antonio-bellido-fill-predilecte-valencia-homenatge","status":"publish","type":"post","link":"https:\/\/santbult.es\/va\/antonio-bellido-fill-predilecte-valencia-homenatge\/","title":{"rendered":"Celebraci\u00f3 en Honor a Antonio Bellido, Fill Predilecte de Val\u00e8ncia"},"content":{"rendered":"<div class=\"wpb-content-wrapper\"><p>[vc_row][vc_column][vc_separator color=&#8221;blue&#8221; align=&#8221;align_left&#8221; border_width=&#8221;2&#8243; el_width=&#8221;10&#8243;][\/vc_column][\/vc_row][vc_row][vc_column][vc_single_image image=&#8221;17441&#8243; img_size=&#8221;full&#8221; alignment=&#8221;center&#8221; css=&#8221;&#8221;][\/vc_column][\/vc_row][vc_row][vc_column][vc_empty_space][\/vc_column][\/vc_row][vc_row][vc_column][vc_column_text css=&#8221;&#8221;]<\/p>\n<p data-start=\"274\" data-end=\"413\">El passat <strong data-start=\"284\" data-end=\"303\">divendres 28\/11<\/strong> celebr\u00e0rem un acte molt especial per a homenatjar el nostre <strong data-start=\"364\" data-end=\"412\">Fill Predilecte de Val\u00e8ncia, Antonio Bellido<\/strong>.<\/p>\n<p data-start=\"415\" data-end=\"653\">L\u2019homenatge, que compt\u00e0 amb la pres\u00e8ncia d\u2019<strong data-start=\"458\" data-end=\"575\">amics, clavaris, clav\u00e0ries de la Junta de Sant Bult, el grup de Clavarieses i ve\u00efns i amics del barri de la Xerea<\/strong>, va ser una ocasi\u00f3 plena d\u2019emoci\u00f3 i reconeixement al seu treball i dedicaci\u00f3.<\/p>\n<p>[\/vc_column_text][\/vc_column][\/vc_row][vc_row][vc_column width=&#8221;1\/2&#8243;][vc_single_image image=&#8221;17443&#8243; img_size=&#8221;full&#8221; alignment=&#8221;center&#8221; css=&#8221;&#8221;][\/vc_column][vc_column width=&#8221;1\/2&#8243;][vc_single_image image=&#8221;17445&#8243; img_size=&#8221;full&#8221; alignment=&#8221;center&#8221; css=&#8221;&#8221;][\/vc_column][\/vc_row][vc_row][vc_column][vc_column_text css=&#8221;&#8221;]<\/p>\n<h2 data-start=\"655\" data-end=\"717\"><strong data-start=\"658\" data-end=\"717\">Per qu\u00e8 Antonio Bellido \u00e9s Fill Predilecte de Val\u00e8ncia?<\/strong><\/h2>\n<p data-start=\"718\" data-end=\"1033\">Antonio Bellido Lapiedra fou reconegut com a <strong data-start=\"763\" data-end=\"787\">Fill Predilecte 2025<\/strong> per l\u2019Ajuntament de Val\u00e8ncia per la seua tasca imprescindible al capdavant de la <strong data-start=\"869\" data-end=\"894\">Llar-Escola Sant Bult<\/strong>, on ha contribu\u00eft de manera decisiva a mantindre viva la tradici\u00f3 de <strong data-start=\"964\" data-end=\"977\">Sant Bult<\/strong>, considerada la <strong data-start=\"994\" data-end=\"1032\">festivitat m\u00e9s antiga de la ciutat<\/strong>.<\/p>\n<p data-start=\"1035\" data-end=\"1238\">Sota la seua presid\u00e8ncia, es va impulsar la restauraci\u00f3 i posada en valor de l\u2019edifici hist\u00f2ric de la instituci\u00f3, convertint-lo en un espai sociocultural de gran import\u00e0ncia per al barri de <strong data-start=\"1225\" data-end=\"1237\">la Xerea<\/strong>.<\/p>\n<p data-start=\"1240\" data-end=\"1420\">Este reconeixement reflectix no sols la seua traject\u00f2ria personal, sin\u00f3 tamb\u00e9 l&#8217;esfor\u00e7 compartit de totes les generacions que han mantingut viva la devoci\u00f3 i tradici\u00f3 de Sant Bult.<\/p>\n<p>[\/vc_column_text][\/vc_column][\/vc_row][vc_row][vc_column width=&#8221;1\/2&#8243;][vc_single_image image=&#8221;17447&#8243; img_size=&#8221;full&#8221; alignment=&#8221;center&#8221; css=&#8221;&#8221;][\/vc_column][vc_column width=&#8221;1\/2&#8243;][vc_single_image image=&#8221;17449&#8243; img_size=&#8221;full&#8221; alignment=&#8221;center&#8221; css=&#8221;&#8221;][\/vc_column][\/vc_row][vc_row][vc_column][vc_single_image image=&#8221;17451&#8243; img_size=&#8221;full&#8221; alignment=&#8221;center&#8221; css=&#8221;&#8221;][\/vc_column][\/vc_row][vc_row][vc_column][vc_column_text css=&#8221;&#8221;]<\/p>\n<h2 data-start=\"1422\" data-end=\"1452\"><strong data-start=\"1425\" data-end=\"1452\">Documentaci\u00f3 addicional<\/strong><\/h2>\n<p data-start=\"1453\" data-end=\"1506\">Podeu consultar m\u00e9s informaci\u00f3 als seg\u00fcents enlla\u00e7os:<\/p>\n<ul data-start=\"1507\" data-end=\"1617\">\n<li data-start=\"1507\" data-end=\"1550\">\n<p data-start=\"1509\" data-end=\"1550\"><a class=\"decorated-link\" href=\"https:\/\/santbult.es\/hijo-predilecto-2025\/?utm_source=chatgpt.com\" target=\"_new\" rel=\"noopener\" data-start=\"1509\" data-end=\"1550\">https:\/\/santbult.es\/hijo-predilecto-2025\/<\/a><\/p>\n<\/li>\n<li data-start=\"1551\" data-end=\"1617\">\n<p data-start=\"1553\" data-end=\"1617\"><a class=\"decorated-link\" href=\"https:\/\/santbult.es\/antonio-bellido-hijo-predilecto-de-valencia\/\" target=\"_new\" rel=\"noopener\" data-start=\"1553\" data-end=\"1617\">https:\/\/santbult.es\/antonio-bellido-hijo-predilecto-de-valencia\/<\/a><\/p>\n<\/li>\n<\/ul>\n<p data-start=\"1619\" data-end=\"1706\">Moltes gr\u00e0cies per la vostra assist\u00e8ncia i per acompanyar-nos en este dia tan especial.<\/p>\n<p>[\/vc_column_text][\/vc_column][\/vc_row][vc_row][vc_column width=&#8221;1\/2&#8243;][vc_single_image image=&#8221;17453&#8243; img_size=&#8221;full&#8221; alignment=&#8221;center&#8221; css=&#8221;&#8221;][\/vc_column][vc_column width=&#8221;1\/2&#8243;][vc_single_image image=&#8221;17455&#8243; img_size=&#8221;full&#8221; alignment=&#8221;center&#8221; css=&#8221;&#8221;][\/vc_column][\/vc_row]<\/p>\n<\/div>","protected":false},"excerpt":{"rendered":"<p>Homenatge a Antonio Bellido, Fill Predilecte de Val\u00e8ncia, amb amics i ve\u00efns de la Xerea celebrant el seu llegat i la tradici\u00f3 de Sant Bult 2025.<\/p>\n<p>#SantBult #LaXerea #FestesDeCarrer<\/p>\n","protected":false},"author":1,"featured_media":17442,"comment_status":"closed","ping_status":"closed","sticky":false,"template":"","format":"standard","meta":{"footnotes":""},"categories":[781,177,493],"tags":[],"class_list":["post-17458","post","type-post","status-publish","format-standard","has-post-thumbnail","hentry","category-2025-archiu-historic","category-archiu-historic","category-inici"],"yoast_head":"<!-- This site is optimized with the Yoast SEO Premium plugin v24.8 (Yoast SEO v27.4) - https:\/\/yoast.com\/product\/yoast-seo-premium-wordpress\/ -->\n<title>Homenatge a Antonio Bellido, Fill Predilecte de Val\u00e8ncia<\/title>\n<meta name=\"description\" content=\"Homenatge a Antonio Bellido, Fill Predilecte de Val\u00e8ncia, amb amics i ve\u00efns de la Xerea celebrant el seu llegat i la tradici\u00f3 de Sant Bult 2025.\" \/>\n<meta name=\"robots\" content=\"index, follow, max-snippet:-1, max-image-preview:large, max-video-preview:-1\" \/>\n<link rel=\"canonical\" href=\"https:\/\/santbult.es\/va\/antonio-bellido-fill-predilecte-valencia-homenatge\/\" \/>\n<meta property=\"og:locale\" content=\"en_US\" \/>\n<meta property=\"og:type\" content=\"article\" \/>\n<meta property=\"og:title\" content=\"Celebraci\u00f3 en Honor a Antonio Bellido, Fill Predilecte de Val\u00e8ncia\" \/>\n<meta property=\"og:description\" content=\"Festes de Sant Bult \u2013 La Xerea\" \/>\n<meta property=\"og:url\" content=\"https:\/\/santbult.es\/va\/antonio-bellido-fill-predilecte-valencia-homenatge\/\" \/>\n<meta property=\"og:site_name\" content=\"Festes de Sant Bult \u2013 La Xerea\" \/>\n<meta property=\"article:publisher\" content=\"https:\/\/www.facebook.com\/santbult\" \/>\n<meta property=\"article:published_time\" content=\"2025-12-03T11:23:45+00:00\" \/>\n<meta property=\"og:image\" content=\"https:\/\/santbult.es\/wp-content\/uploads\/2025\/12\/ACTO-HOMENAJE-HIJO-PREDILECTO-622.jpeg\" \/>\n\t<meta property=\"og:image:width\" content=\"1536\" \/>\n\t<meta property=\"og:image:height\" content=\"1030\" \/>\n\t<meta property=\"og:image:type\" content=\"image\/jpeg\" \/>\n<meta name=\"author\" content=\"santbult\" \/>\n<meta name=\"twitter:card\" content=\"summary_large_image\" \/>\n<meta name=\"twitter:creator\" content=\"@sant_bult\" \/>\n<meta name=\"twitter:site\" content=\"@sant_bult\" \/>\n<meta name=\"twitter:label1\" content=\"Written by\" \/>\n\t<meta name=\"twitter:data1\" content=\"santbult\" \/>\n\t<meta name=\"twitter:label2\" content=\"Est. reading time\" \/>\n\t<meta name=\"twitter:data2\" content=\"3 minutes\" \/>\n<script type=\"application\/ld+json\" class=\"yoast-schema-graph\">{\"@context\":\"https:\\\/\\\/schema.org\",\"@graph\":[{\"@type\":\"Article\",\"@id\":\"https:\\\/\\\/santbult.es\\\/va\\\/antonio-bellido-fill-predilecte-valencia-homenatge\\\/#article\",\"isPartOf\":{\"@id\":\"https:\\\/\\\/santbult.es\\\/va\\\/antonio-bellido-fill-predilecte-valencia-homenatge\\\/\"},\"author\":{\"name\":\"santbult\",\"@id\":\"https:\\\/\\\/santbult.es\\\/#\\\/schema\\\/person\\\/a2291a6450b44bc876c6fe81b146f15d\"},\"headline\":\"Celebraci\u00f3 en Honor a Antonio Bellido, Fill Predilecte de Val\u00e8ncia\",\"datePublished\":\"2025-12-03T11:23:45+00:00\",\"mainEntityOfPage\":{\"@id\":\"https:\\\/\\\/santbult.es\\\/va\\\/antonio-bellido-fill-predilecte-valencia-homenatge\\\/\"},\"wordCount\":456,\"publisher\":{\"@id\":\"https:\\\/\\\/santbult.es\\\/#organization\"},\"image\":{\"@id\":\"https:\\\/\\\/santbult.es\\\/va\\\/antonio-bellido-fill-predilecte-valencia-homenatge\\\/#primaryimage\"},\"thumbnailUrl\":\"https:\\\/\\\/santbult.es\\\/wp-content\\\/uploads\\\/2025\\\/12\\\/ACTO-HOMENAJE-HIJO-PREDILECTO-622.jpeg\",\"articleSection\":[\"2025\",\"Archiu Hist\u00f2ric\",\"Inici\"],\"inLanguage\":\"val\"},{\"@type\":\"WebPage\",\"@id\":\"https:\\\/\\\/santbult.es\\\/va\\\/antonio-bellido-fill-predilecte-valencia-homenatge\\\/\",\"url\":\"https:\\\/\\\/santbult.es\\\/va\\\/antonio-bellido-fill-predilecte-valencia-homenatge\\\/\",\"name\":\"Homenatge a Antonio Bellido, Fill Predilecte de Val\u00e8ncia\",\"isPartOf\":{\"@id\":\"https:\\\/\\\/santbult.es\\\/#website\"},\"primaryImageOfPage\":{\"@id\":\"https:\\\/\\\/santbult.es\\\/va\\\/antonio-bellido-fill-predilecte-valencia-homenatge\\\/#primaryimage\"},\"image\":{\"@id\":\"https:\\\/\\\/santbult.es\\\/va\\\/antonio-bellido-fill-predilecte-valencia-homenatge\\\/#primaryimage\"},\"thumbnailUrl\":\"https:\\\/\\\/santbult.es\\\/wp-content\\\/uploads\\\/2025\\\/12\\\/ACTO-HOMENAJE-HIJO-PREDILECTO-622.jpeg\",\"datePublished\":\"2025-12-03T11:23:45+00:00\",\"description\":\"Homenatge a Antonio Bellido, Fill Predilecte de Val\u00e8ncia, amb amics i ve\u00efns de la Xerea celebrant el seu llegat i la tradici\u00f3 de Sant Bult 2025.\",\"breadcrumb\":{\"@id\":\"https:\\\/\\\/santbult.es\\\/va\\\/antonio-bellido-fill-predilecte-valencia-homenatge\\\/#breadcrumb\"},\"inLanguage\":\"val\",\"potentialAction\":[{\"@type\":\"ReadAction\",\"target\":[\"https:\\\/\\\/santbult.es\\\/va\\\/antonio-bellido-fill-predilecte-valencia-homenatge\\\/\"]}]},{\"@type\":\"ImageObject\",\"inLanguage\":\"val\",\"@id\":\"https:\\\/\\\/santbult.es\\\/va\\\/antonio-bellido-fill-predilecte-valencia-homenatge\\\/#primaryimage\",\"url\":\"https:\\\/\\\/santbult.es\\\/wp-content\\\/uploads\\\/2025\\\/12\\\/ACTO-HOMENAJE-HIJO-PREDILECTO-622.jpeg\",\"contentUrl\":\"https:\\\/\\\/santbult.es\\\/wp-content\\\/uploads\\\/2025\\\/12\\\/ACTO-HOMENAJE-HIJO-PREDILECTO-622.jpeg\",\"width\":1536,\"height\":1030},{\"@type\":\"BreadcrumbList\",\"@id\":\"https:\\\/\\\/santbult.es\\\/va\\\/antonio-bellido-fill-predilecte-valencia-homenatge\\\/#breadcrumb\",\"itemListElement\":[{\"@type\":\"ListItem\",\"position\":1,\"name\":\"Archivo Hist\u00f3rico\",\"item\":\"https:\\\/\\\/santbult.es\\\/category\\\/archivo-historico\\\/\"},{\"@type\":\"ListItem\",\"position\":2,\"name\":\"Celebraci\u00f3 en Honor a Antonio Bellido, Fill Predilecte de Val\u00e8ncia\"}]},{\"@type\":\"WebSite\",\"@id\":\"https:\\\/\\\/santbult.es\\\/#website\",\"url\":\"https:\\\/\\\/santbult.es\\\/\",\"name\":\"Festes de Sant Bult \u2013 La Xerea\",\"description\":\"B\u00e9 Rellev\u00e0ncia Local Immaterial\",\"publisher\":{\"@id\":\"https:\\\/\\\/santbult.es\\\/#organization\"},\"potentialAction\":[{\"@type\":\"SearchAction\",\"target\":{\"@type\":\"EntryPoint\",\"urlTemplate\":\"https:\\\/\\\/santbult.es\\\/?s={search_term_string}\"},\"query-input\":{\"@type\":\"PropertyValueSpecification\",\"valueRequired\":true,\"valueName\":\"search_term_string\"}}],\"inLanguage\":\"val\"},{\"@type\":\"Organization\",\"@id\":\"https:\\\/\\\/santbult.es\\\/#organization\",\"name\":\"Sant Bult\",\"url\":\"https:\\\/\\\/santbult.es\\\/\",\"logo\":{\"@type\":\"ImageObject\",\"inLanguage\":\"val\",\"@id\":\"https:\\\/\\\/santbult.es\\\/#\\\/schema\\\/logo\\\/image\\\/\",\"url\":\"https:\\\/\\\/santbult.es\\\/wp-content\\\/uploads\\\/2019\\\/04\\\/mini-sant-bult.png\",\"contentUrl\":\"https:\\\/\\\/santbult.es\\\/wp-content\\\/uploads\\\/2019\\\/04\\\/mini-sant-bult.png\",\"width\":330,\"height\":330,\"caption\":\"Sant Bult\"},\"image\":{\"@id\":\"https:\\\/\\\/santbult.es\\\/#\\\/schema\\\/logo\\\/image\\\/\"},\"sameAs\":[\"https:\\\/\\\/www.facebook.com\\\/santbult\",\"https:\\\/\\\/x.com\\\/sant_bult\",\"https:\\\/\\\/www.instagram.com\\\/sant_bult\\\/\",\"https:\\\/\\\/www.youtube.com\\\/channel\\\/UCViTQedoyMvyMj-pAq4doMA\"]},{\"@type\":\"Person\",\"@id\":\"https:\\\/\\\/santbult.es\\\/#\\\/schema\\\/person\\\/a2291a6450b44bc876c6fe81b146f15d\",\"name\":\"santbult\",\"image\":{\"@type\":\"ImageObject\",\"inLanguage\":\"val\",\"@id\":\"https:\\\/\\\/secure.gravatar.com\\\/avatar\\\/946e8694005d0bd75998ba9f0cf5ce2939c3dc003df972082147d2a625f3837d?s=96&d=mm&r=g\",\"url\":\"https:\\\/\\\/secure.gravatar.com\\\/avatar\\\/946e8694005d0bd75998ba9f0cf5ce2939c3dc003df972082147d2a625f3837d?s=96&d=mm&r=g\",\"contentUrl\":\"https:\\\/\\\/secure.gravatar.com\\\/avatar\\\/946e8694005d0bd75998ba9f0cf5ce2939c3dc003df972082147d2a625f3837d?s=96&d=mm&r=g\",\"caption\":\"santbult\"},\"sameAs\":[\"https:\\\/\\\/santbult.es\"]}]}<\/script>\n<!-- \/ Yoast SEO Premium plugin. -->","yoast_head_json":{"title":"Homenatge a Antonio Bellido, Fill Predilecte de Val\u00e8ncia","description":"Homenatge a Antonio Bellido, Fill Predilecte de Val\u00e8ncia, amb amics i ve\u00efns de la Xerea celebrant el seu llegat i la tradici\u00f3 de Sant Bult 2025.","robots":{"index":"index","follow":"follow","max-snippet":"max-snippet:-1","max-image-preview":"max-image-preview:large","max-video-preview":"max-video-preview:-1"},"canonical":"https:\/\/santbult.es\/va\/antonio-bellido-fill-predilecte-valencia-homenatge\/","og_locale":"en_US","og_type":"article","og_title":"Celebraci\u00f3 en Honor a Antonio Bellido, Fill Predilecte de Val\u00e8ncia","og_description":"Festes de Sant Bult \u2013 La Xerea","og_url":"https:\/\/santbult.es\/va\/antonio-bellido-fill-predilecte-valencia-homenatge\/","og_site_name":"Festes de Sant Bult \u2013 La Xerea","article_publisher":"https:\/\/www.facebook.com\/santbult","article_published_time":"2025-12-03T11:23:45+00:00","og_image":[{"width":1536,"height":1030,"url":"https:\/\/santbult.es\/wp-content\/uploads\/2025\/12\/ACTO-HOMENAJE-HIJO-PREDILECTO-622.jpeg","type":"image\/jpeg"}],"author":"santbult","twitter_card":"summary_large_image","twitter_creator":"@sant_bult","twitter_site":"@sant_bult","twitter_misc":{"Written by":"santbult","Est. reading time":"3 minutes"},"schema":{"@context":"https:\/\/schema.org","@graph":[{"@type":"Article","@id":"https:\/\/santbult.es\/va\/antonio-bellido-fill-predilecte-valencia-homenatge\/#article","isPartOf":{"@id":"https:\/\/santbult.es\/va\/antonio-bellido-fill-predilecte-valencia-homenatge\/"},"author":{"name":"santbult","@id":"https:\/\/santbult.es\/#\/schema\/person\/a2291a6450b44bc876c6fe81b146f15d"},"headline":"Celebraci\u00f3 en Honor a Antonio Bellido, Fill Predilecte de Val\u00e8ncia","datePublished":"2025-12-03T11:23:45+00:00","mainEntityOfPage":{"@id":"https:\/\/santbult.es\/va\/antonio-bellido-fill-predilecte-valencia-homenatge\/"},"wordCount":456,"publisher":{"@id":"https:\/\/santbult.es\/#organization"},"image":{"@id":"https:\/\/santbult.es\/va\/antonio-bellido-fill-predilecte-valencia-homenatge\/#primaryimage"},"thumbnailUrl":"https:\/\/santbult.es\/wp-content\/uploads\/2025\/12\/ACTO-HOMENAJE-HIJO-PREDILECTO-622.jpeg","articleSection":["2025","Archiu Hist\u00f2ric","Inici"],"inLanguage":"val"},{"@type":"WebPage","@id":"https:\/\/santbult.es\/va\/antonio-bellido-fill-predilecte-valencia-homenatge\/","url":"https:\/\/santbult.es\/va\/antonio-bellido-fill-predilecte-valencia-homenatge\/","name":"Homenatge a Antonio Bellido, Fill Predilecte de Val\u00e8ncia","isPartOf":{"@id":"https:\/\/santbult.es\/#website"},"primaryImageOfPage":{"@id":"https:\/\/santbult.es\/va\/antonio-bellido-fill-predilecte-valencia-homenatge\/#primaryimage"},"image":{"@id":"https:\/\/santbult.es\/va\/antonio-bellido-fill-predilecte-valencia-homenatge\/#primaryimage"},"thumbnailUrl":"https:\/\/santbult.es\/wp-content\/uploads\/2025\/12\/ACTO-HOMENAJE-HIJO-PREDILECTO-622.jpeg","datePublished":"2025-12-03T11:23:45+00:00","description":"Homenatge a Antonio Bellido, Fill Predilecte de Val\u00e8ncia, amb amics i ve\u00efns de la Xerea celebrant el seu llegat i la tradici\u00f3 de Sant Bult 2025.","breadcrumb":{"@id":"https:\/\/santbult.es\/va\/antonio-bellido-fill-predilecte-valencia-homenatge\/#breadcrumb"},"inLanguage":"val","potentialAction":[{"@type":"ReadAction","target":["https:\/\/santbult.es\/va\/antonio-bellido-fill-predilecte-valencia-homenatge\/"]}]},{"@type":"ImageObject","inLanguage":"val","@id":"https:\/\/santbult.es\/va\/antonio-bellido-fill-predilecte-valencia-homenatge\/#primaryimage","url":"https:\/\/santbult.es\/wp-content\/uploads\/2025\/12\/ACTO-HOMENAJE-HIJO-PREDILECTO-622.jpeg","contentUrl":"https:\/\/santbult.es\/wp-content\/uploads\/2025\/12\/ACTO-HOMENAJE-HIJO-PREDILECTO-622.jpeg","width":1536,"height":1030},{"@type":"BreadcrumbList","@id":"https:\/\/santbult.es\/va\/antonio-bellido-fill-predilecte-valencia-homenatge\/#breadcrumb","itemListElement":[{"@type":"ListItem","position":1,"name":"Archivo Hist\u00f3rico","item":"https:\/\/santbult.es\/category\/archivo-historico\/"},{"@type":"ListItem","position":2,"name":"Celebraci\u00f3 en Honor a Antonio Bellido, Fill Predilecte de Val\u00e8ncia"}]},{"@type":"WebSite","@id":"https:\/\/santbult.es\/#website","url":"https:\/\/santbult.es\/","name":"Festes de Sant Bult \u2013 La Xerea","description":"B\u00e9 Rellev\u00e0ncia Local Immaterial","publisher":{"@id":"https:\/\/santbult.es\/#organization"},"potentialAction":[{"@type":"SearchAction","target":{"@type":"EntryPoint","urlTemplate":"https:\/\/santbult.es\/?s={search_term_string}"},"query-input":{"@type":"PropertyValueSpecification","valueRequired":true,"valueName":"search_term_string"}}],"inLanguage":"val"},{"@type":"Organization","@id":"https:\/\/santbult.es\/#organization","name":"Sant Bult","url":"https:\/\/santbult.es\/","logo":{"@type":"ImageObject","inLanguage":"val","@id":"https:\/\/santbult.es\/#\/schema\/logo\/image\/","url":"https:\/\/santbult.es\/wp-content\/uploads\/2019\/04\/mini-sant-bult.png","contentUrl":"https:\/\/santbult.es\/wp-content\/uploads\/2019\/04\/mini-sant-bult.png","width":330,"height":330,"caption":"Sant Bult"},"image":{"@id":"https:\/\/santbult.es\/#\/schema\/logo\/image\/"},"sameAs":["https:\/\/www.facebook.com\/santbult","https:\/\/x.com\/sant_bult","https:\/\/www.instagram.com\/sant_bult\/","https:\/\/www.youtube.com\/channel\/UCViTQedoyMvyMj-pAq4doMA"]},{"@type":"Person","@id":"https:\/\/santbult.es\/#\/schema\/person\/a2291a6450b44bc876c6fe81b146f15d","name":"santbult","image":{"@type":"ImageObject","inLanguage":"val","@id":"https:\/\/secure.gravatar.com\/avatar\/946e8694005d0bd75998ba9f0cf5ce2939c3dc003df972082147d2a625f3837d?s=96&d=mm&r=g","url":"https:\/\/secure.gravatar.com\/avatar\/946e8694005d0bd75998ba9f0cf5ce2939c3dc003df972082147d2a625f3837d?s=96&d=mm&r=g","contentUrl":"https:\/\/secure.gravatar.com\/avatar\/946e8694005d0bd75998ba9f0cf5ce2939c3dc003df972082147d2a625f3837d?s=96&d=mm&r=g","caption":"santbult"},"sameAs":["https:\/\/santbult.es"]}]}},"_links":{"self":[{"href":"https:\/\/santbult.es\/va\/wp-json\/wp\/v2\/posts\/17458","targetHints":{"allow":["GET"]}}],"collection":[{"href":"https:\/\/santbult.es\/va\/wp-json\/wp\/v2\/posts"}],"about":[{"href":"https:\/\/santbult.es\/va\/wp-json\/wp\/v2\/types\/post"}],"author":[{"embeddable":true,"href":"https:\/\/santbult.es\/va\/wp-json\/wp\/v2\/users\/1"}],"replies":[{"embeddable":true,"href":"https:\/\/santbult.es\/va\/wp-json\/wp\/v2\/comments?post=17458"}],"version-history":[{"count":2,"href":"https:\/\/santbult.es\/va\/wp-json\/wp\/v2\/posts\/17458\/revisions"}],"predecessor-version":[{"id":17460,"href":"https:\/\/santbult.es\/va\/wp-json\/wp\/v2\/posts\/17458\/revisions\/17460"}],"wp:featuredmedia":[{"embeddable":true,"href":"https:\/\/santbult.es\/va\/wp-json\/wp\/v2\/media\/17442"}],"wp:attachment":[{"href":"https:\/\/santbult.es\/va\/wp-json\/wp\/v2\/media?parent=17458"}],"wp:term":[{"taxonomy":"category","embeddable":true,"href":"https:\/\/santbult.es\/va\/wp-json\/wp\/v2\/categories?post=17458"},{"taxonomy":"post_tag","embeddable":true,"href":"https:\/\/santbult.es\/va\/wp-json\/wp\/v2\/tags?post=17458"}],"curies":[{"name":"wp","href":"https:\/\/api.w.org\/{rel}","templated":true}]}}