{"id":17381,"date":"2025-10-13T19:52:12","date_gmt":"2025-10-13T17:52:12","guid":{"rendered":"https:\/\/santbult.es\/?p=17381"},"modified":"2025-10-13T19:52:12","modified_gmt":"2025-10-13T17:52:12","slug":"falleres-majors-de-valencia-2026","status":"publish","type":"post","link":"https:\/\/santbult.es\/va\/falleres-majors-de-valencia-2026\/","title":{"rendered":"Falleres Majors de Val\u00e8ncia 2026"},"content":{"rendered":"<div class=\"wpb-content-wrapper\"><p>[vc_row][vc_column][vc_separator color=&#8221;blue&#8221; align=&#8221;align_left&#8221; border_width=&#8221;2&#8243; el_width=&#8221;10&#8243;][\/vc_column][\/vc_row][vc_row][vc_column width=&#8221;1\/2&#8243;][vc_single_image image=&#8221;17378&#8243; img_size=&#8221;full&#8221; alignment=&#8221;center&#8221; css=&#8221;&#8221;][vc_column_text css=&#8221;&#8221;]Carmen Prades Gil<\/p>\n<p><strong>Fallera Major de Val\u00e8ncia 2026<\/strong>[\/vc_column_text][\/vc_column][vc_column width=&#8221;1\/2&#8243;][vc_single_image image=&#8221;17374&#8243; img_size=&#8221;full&#8221; alignment=&#8221;center&#8221; css=&#8221;&#8221;][vc_column_text css=&#8221;&#8221;]Marta Mercader Roig<\/p>\n<p><strong>Fallera Major Infantil de Val\u00e8ncia 2026<\/strong>[\/vc_column_text][\/vc_column][\/vc_row][vc_row][vc_column][vc_empty_space][\/vc_column][\/vc_row][vc_row][vc_column][vc_column_text css=&#8221;&#8221;]<\/p>\n<p data-start=\"71\" data-end=\"293\">Acabem de con\u00e9ixer el nom de les noves <strong data-start=\"110\" data-end=\"146\">Falleres Majors de Val\u00e8ncia 2026<\/strong>: <strong data-start=\"148\" data-end=\"171\">Marta Mercader Roig<\/strong> ser\u00e0 la <strong data-start=\"180\" data-end=\"223\">Fallera Major Infantil de Val\u00e8ncia 2026<\/strong> i <strong data-start=\"226\" data-end=\"247\">Carmen Prades Gil<\/strong> ser\u00e0 la <strong data-start=\"256\" data-end=\"290\">Fallera Major de Val\u00e8ncia 2026<\/strong>.<\/p>\n<p data-start=\"295\" data-end=\"631\">Des de la <strong data-start=\"305\" data-end=\"327\">Festa de Sant Bult<\/strong> volem enviar la nostra m\u00e9s sincera felicitaci\u00f3 a les recentment elegides Falleres Majors de Val\u00e8ncia 2026 i expressar el nostre desig que el pr\u00f2xim mes de juny la Fallera Major de Val\u00e8ncia i la seua Cort d\u2019Honor puguen participar en la festa popular m\u00e9s antiga de la ciutat, <strong data-start=\"603\" data-end=\"628\">la Festa de Sant Bult<\/strong>.<\/p>\n<p data-start=\"633\" data-end=\"799\">A m\u00e9s, ens alegrem enormement per l\u2019elecci\u00f3 de <strong data-start=\"680\" data-end=\"715\">Claudia dels \u00c0ngels D\u00edaz Benito<\/strong>, de la <strong data-start=\"723\" data-end=\"751\">Falla Pla\u00e7a de Sant Bult<\/strong>, com a integrant de la <strong data-start=\"775\" data-end=\"796\">Cort d\u2019Honor 2026<\/strong>.<\/p>\n<p data-start=\"801\" data-end=\"820\">ENHORABONA!!!<\/p>\n<p>[\/vc_column_text][\/vc_column][\/vc_row]<\/p>\n<\/div>","protected":false},"excerpt":{"rendered":"<p>Sant Bult felicita les Falleres Majors de Val\u00e8ncia 2026 i celebra l\u2019elecci\u00f3 de Claudia dels \u00c0ngels D\u00edaz Benito en la Cort d\u2019Honor.<\/p>\n<p>#SantBult #LaXerea #FestesPopulars<\/p>\n","protected":false},"author":1,"featured_media":17372,"comment_status":"closed","ping_status":"closed","sticky":false,"template":"","format":"standard","meta":{"footnotes":""},"categories":[781,177,493],"tags":[],"class_list":["post-17381","post","type-post","status-publish","format-standard","has-post-thumbnail","hentry","category-2025-archiu-historic","category-archiu-historic","category-inici"],"yoast_head":"<!-- This site is optimized with the Yoast SEO Premium plugin v24.8 (Yoast SEO v27.4) - https:\/\/yoast.com\/product\/yoast-seo-premium-wordpress\/ -->\n<title>Falleres Majors de Val\u00e8ncia 2026 - Festes de Sant Bult \u2013 La Xerea<\/title>\n<meta name=\"description\" content=\"Sant Bult felicita les Falleres Majors de Val\u00e8ncia 2026 i celebra l\u2019elecci\u00f3 de Claudia dels \u00c0ngels D\u00edaz Benito en la Cort d\u2019Honor.\" \/>\n<meta name=\"robots\" content=\"index, follow, max-snippet:-1, max-image-preview:large, max-video-preview:-1\" \/>\n<link rel=\"canonical\" href=\"https:\/\/santbult.es\/va\/falleres-majors-de-valencia-2026\/\" \/>\n<meta property=\"og:locale\" content=\"en_US\" \/>\n<meta property=\"og:type\" content=\"article\" \/>\n<meta property=\"og:title\" content=\"Falleres Majors de Val\u00e8ncia 2026\" \/>\n<meta property=\"og:description\" content=\"Festes de Sant Bult \u2013 La Xerea\" \/>\n<meta property=\"og:url\" content=\"https:\/\/santbult.es\/va\/falleres-majors-de-valencia-2026\/\" \/>\n<meta property=\"og:site_name\" content=\"Festes de Sant Bult \u2013 La Xerea\" \/>\n<meta property=\"article:publisher\" content=\"https:\/\/www.facebook.com\/santbult\" \/>\n<meta property=\"article:published_time\" content=\"2025-10-13T17:52:12+00:00\" \/>\n<meta property=\"og:image\" content=\"https:\/\/santbult.es\/wp-content\/uploads\/2025\/10\/0A3A4312-1-scaled-1.jpeg\" \/>\n\t<meta property=\"og:image:width\" content=\"2560\" \/>\n\t<meta property=\"og:image:height\" content=\"1707\" \/>\n\t<meta property=\"og:image:type\" content=\"image\/jpeg\" \/>\n<meta name=\"author\" content=\"santbult\" \/>\n<meta name=\"twitter:card\" content=\"summary_large_image\" \/>\n<meta name=\"twitter:creator\" content=\"@sant_bult\" \/>\n<meta name=\"twitter:site\" content=\"@sant_bult\" \/>\n<meta name=\"twitter:label1\" content=\"Written by\" \/>\n\t<meta name=\"twitter:data1\" content=\"santbult\" \/>\n\t<meta name=\"twitter:label2\" content=\"Est. reading time\" \/>\n\t<meta name=\"twitter:data2\" content=\"1 minute\" \/>\n<script type=\"application\/ld+json\" class=\"yoast-schema-graph\">{\"@context\":\"https:\\\/\\\/schema.org\",\"@graph\":[{\"@type\":\"Article\",\"@id\":\"https:\\\/\\\/santbult.es\\\/va\\\/falleres-majors-de-valencia-2026\\\/#article\",\"isPartOf\":{\"@id\":\"https:\\\/\\\/santbult.es\\\/va\\\/falleres-majors-de-valencia-2026\\\/\"},\"author\":{\"name\":\"santbult\",\"@id\":\"https:\\\/\\\/santbult.es\\\/#\\\/schema\\\/person\\\/a2291a6450b44bc876c6fe81b146f15d\"},\"headline\":\"Falleres Majors de Val\u00e8ncia 2026\",\"datePublished\":\"2025-10-13T17:52:12+00:00\",\"mainEntityOfPage\":{\"@id\":\"https:\\\/\\\/santbult.es\\\/va\\\/falleres-majors-de-valencia-2026\\\/\"},\"wordCount\":249,\"publisher\":{\"@id\":\"https:\\\/\\\/santbult.es\\\/#organization\"},\"image\":{\"@id\":\"https:\\\/\\\/santbult.es\\\/va\\\/falleres-majors-de-valencia-2026\\\/#primaryimage\"},\"thumbnailUrl\":\"https:\\\/\\\/santbult.es\\\/wp-content\\\/uploads\\\/2025\\\/10\\\/0A3A4312-1-scaled-1.jpeg\",\"articleSection\":[\"2025\",\"Archiu Hist\u00f2ric\",\"Inici\"],\"inLanguage\":\"val\"},{\"@type\":\"WebPage\",\"@id\":\"https:\\\/\\\/santbult.es\\\/va\\\/falleres-majors-de-valencia-2026\\\/\",\"url\":\"https:\\\/\\\/santbult.es\\\/va\\\/falleres-majors-de-valencia-2026\\\/\",\"name\":\"Falleres Majors de Val\u00e8ncia 2026 - Festes de Sant Bult \u2013 La Xerea\",\"isPartOf\":{\"@id\":\"https:\\\/\\\/santbult.es\\\/#website\"},\"primaryImageOfPage\":{\"@id\":\"https:\\\/\\\/santbult.es\\\/va\\\/falleres-majors-de-valencia-2026\\\/#primaryimage\"},\"image\":{\"@id\":\"https:\\\/\\\/santbult.es\\\/va\\\/falleres-majors-de-valencia-2026\\\/#primaryimage\"},\"thumbnailUrl\":\"https:\\\/\\\/santbult.es\\\/wp-content\\\/uploads\\\/2025\\\/10\\\/0A3A4312-1-scaled-1.jpeg\",\"datePublished\":\"2025-10-13T17:52:12+00:00\",\"description\":\"Sant Bult felicita les Falleres Majors de Val\u00e8ncia 2026 i celebra l\u2019elecci\u00f3 de Claudia dels \u00c0ngels D\u00edaz Benito en la Cort d\u2019Honor.\",\"breadcrumb\":{\"@id\":\"https:\\\/\\\/santbult.es\\\/va\\\/falleres-majors-de-valencia-2026\\\/#breadcrumb\"},\"inLanguage\":\"val\",\"potentialAction\":[{\"@type\":\"ReadAction\",\"target\":[\"https:\\\/\\\/santbult.es\\\/va\\\/falleres-majors-de-valencia-2026\\\/\"]}]},{\"@type\":\"ImageObject\",\"inLanguage\":\"val\",\"@id\":\"https:\\\/\\\/santbult.es\\\/va\\\/falleres-majors-de-valencia-2026\\\/#primaryimage\",\"url\":\"https:\\\/\\\/santbult.es\\\/wp-content\\\/uploads\\\/2025\\\/10\\\/0A3A4312-1-scaled-1.jpeg\",\"contentUrl\":\"https:\\\/\\\/santbult.es\\\/wp-content\\\/uploads\\\/2025\\\/10\\\/0A3A4312-1-scaled-1.jpeg\",\"width\":2560,\"height\":1707},{\"@type\":\"BreadcrumbList\",\"@id\":\"https:\\\/\\\/santbult.es\\\/va\\\/falleres-majors-de-valencia-2026\\\/#breadcrumb\",\"itemListElement\":[{\"@type\":\"ListItem\",\"position\":1,\"name\":\"Inicio\",\"item\":\"https:\\\/\\\/santbult.es\\\/category\\\/inicio\\\/\"},{\"@type\":\"ListItem\",\"position\":2,\"name\":\"Falleres Majors de Val\u00e8ncia 2026\"}]},{\"@type\":\"WebSite\",\"@id\":\"https:\\\/\\\/santbult.es\\\/#website\",\"url\":\"https:\\\/\\\/santbult.es\\\/\",\"name\":\"Festes de Sant Bult \u2013 La Xerea\",\"description\":\"B\u00e9 Rellev\u00e0ncia Local Immaterial\",\"publisher\":{\"@id\":\"https:\\\/\\\/santbult.es\\\/#organization\"},\"potentialAction\":[{\"@type\":\"SearchAction\",\"target\":{\"@type\":\"EntryPoint\",\"urlTemplate\":\"https:\\\/\\\/santbult.es\\\/?s={search_term_string}\"},\"query-input\":{\"@type\":\"PropertyValueSpecification\",\"valueRequired\":true,\"valueName\":\"search_term_string\"}}],\"inLanguage\":\"val\"},{\"@type\":\"Organization\",\"@id\":\"https:\\\/\\\/santbult.es\\\/#organization\",\"name\":\"Sant Bult\",\"url\":\"https:\\\/\\\/santbult.es\\\/\",\"logo\":{\"@type\":\"ImageObject\",\"inLanguage\":\"val\",\"@id\":\"https:\\\/\\\/santbult.es\\\/#\\\/schema\\\/logo\\\/image\\\/\",\"url\":\"https:\\\/\\\/santbult.es\\\/wp-content\\\/uploads\\\/2019\\\/04\\\/mini-sant-bult.png\",\"contentUrl\":\"https:\\\/\\\/santbult.es\\\/wp-content\\\/uploads\\\/2019\\\/04\\\/mini-sant-bult.png\",\"width\":330,\"height\":330,\"caption\":\"Sant Bult\"},\"image\":{\"@id\":\"https:\\\/\\\/santbult.es\\\/#\\\/schema\\\/logo\\\/image\\\/\"},\"sameAs\":[\"https:\\\/\\\/www.facebook.com\\\/santbult\",\"https:\\\/\\\/x.com\\\/sant_bult\",\"https:\\\/\\\/www.instagram.com\\\/sant_bult\\\/\",\"https:\\\/\\\/www.youtube.com\\\/channel\\\/UCViTQedoyMvyMj-pAq4doMA\"]},{\"@type\":\"Person\",\"@id\":\"https:\\\/\\\/santbult.es\\\/#\\\/schema\\\/person\\\/a2291a6450b44bc876c6fe81b146f15d\",\"name\":\"santbult\",\"image\":{\"@type\":\"ImageObject\",\"inLanguage\":\"val\",\"@id\":\"https:\\\/\\\/secure.gravatar.com\\\/avatar\\\/946e8694005d0bd75998ba9f0cf5ce2939c3dc003df972082147d2a625f3837d?s=96&d=mm&r=g\",\"url\":\"https:\\\/\\\/secure.gravatar.com\\\/avatar\\\/946e8694005d0bd75998ba9f0cf5ce2939c3dc003df972082147d2a625f3837d?s=96&d=mm&r=g\",\"contentUrl\":\"https:\\\/\\\/secure.gravatar.com\\\/avatar\\\/946e8694005d0bd75998ba9f0cf5ce2939c3dc003df972082147d2a625f3837d?s=96&d=mm&r=g\",\"caption\":\"santbult\"},\"sameAs\":[\"https:\\\/\\\/santbult.es\"]}]}<\/script>\n<!-- \/ Yoast SEO Premium plugin. -->","yoast_head_json":{"title":"Falleres Majors de Val\u00e8ncia 2026 - Festes de Sant Bult \u2013 La Xerea","description":"Sant Bult felicita les Falleres Majors de Val\u00e8ncia 2026 i celebra l\u2019elecci\u00f3 de Claudia dels \u00c0ngels D\u00edaz Benito en la Cort d\u2019Honor.","robots":{"index":"index","follow":"follow","max-snippet":"max-snippet:-1","max-image-preview":"max-image-preview:large","max-video-preview":"max-video-preview:-1"},"canonical":"https:\/\/santbult.es\/va\/falleres-majors-de-valencia-2026\/","og_locale":"en_US","og_type":"article","og_title":"Falleres Majors de Val\u00e8ncia 2026","og_description":"Festes de Sant Bult \u2013 La Xerea","og_url":"https:\/\/santbult.es\/va\/falleres-majors-de-valencia-2026\/","og_site_name":"Festes de Sant Bult \u2013 La Xerea","article_publisher":"https:\/\/www.facebook.com\/santbult","article_published_time":"2025-10-13T17:52:12+00:00","og_image":[{"width":2560,"height":1707,"url":"https:\/\/santbult.es\/wp-content\/uploads\/2025\/10\/0A3A4312-1-scaled-1.jpeg","type":"image\/jpeg"}],"author":"santbult","twitter_card":"summary_large_image","twitter_creator":"@sant_bult","twitter_site":"@sant_bult","twitter_misc":{"Written by":"santbult","Est. reading time":"1 minute"},"schema":{"@context":"https:\/\/schema.org","@graph":[{"@type":"Article","@id":"https:\/\/santbult.es\/va\/falleres-majors-de-valencia-2026\/#article","isPartOf":{"@id":"https:\/\/santbult.es\/va\/falleres-majors-de-valencia-2026\/"},"author":{"name":"santbult","@id":"https:\/\/santbult.es\/#\/schema\/person\/a2291a6450b44bc876c6fe81b146f15d"},"headline":"Falleres Majors de Val\u00e8ncia 2026","datePublished":"2025-10-13T17:52:12+00:00","mainEntityOfPage":{"@id":"https:\/\/santbult.es\/va\/falleres-majors-de-valencia-2026\/"},"wordCount":249,"publisher":{"@id":"https:\/\/santbult.es\/#organization"},"image":{"@id":"https:\/\/santbult.es\/va\/falleres-majors-de-valencia-2026\/#primaryimage"},"thumbnailUrl":"https:\/\/santbult.es\/wp-content\/uploads\/2025\/10\/0A3A4312-1-scaled-1.jpeg","articleSection":["2025","Archiu Hist\u00f2ric","Inici"],"inLanguage":"val"},{"@type":"WebPage","@id":"https:\/\/santbult.es\/va\/falleres-majors-de-valencia-2026\/","url":"https:\/\/santbult.es\/va\/falleres-majors-de-valencia-2026\/","name":"Falleres Majors de Val\u00e8ncia 2026 - Festes de Sant Bult \u2013 La Xerea","isPartOf":{"@id":"https:\/\/santbult.es\/#website"},"primaryImageOfPage":{"@id":"https:\/\/santbult.es\/va\/falleres-majors-de-valencia-2026\/#primaryimage"},"image":{"@id":"https:\/\/santbult.es\/va\/falleres-majors-de-valencia-2026\/#primaryimage"},"thumbnailUrl":"https:\/\/santbult.es\/wp-content\/uploads\/2025\/10\/0A3A4312-1-scaled-1.jpeg","datePublished":"2025-10-13T17:52:12+00:00","description":"Sant Bult felicita les Falleres Majors de Val\u00e8ncia 2026 i celebra l\u2019elecci\u00f3 de Claudia dels \u00c0ngels D\u00edaz Benito en la Cort d\u2019Honor.","breadcrumb":{"@id":"https:\/\/santbult.es\/va\/falleres-majors-de-valencia-2026\/#breadcrumb"},"inLanguage":"val","potentialAction":[{"@type":"ReadAction","target":["https:\/\/santbult.es\/va\/falleres-majors-de-valencia-2026\/"]}]},{"@type":"ImageObject","inLanguage":"val","@id":"https:\/\/santbult.es\/va\/falleres-majors-de-valencia-2026\/#primaryimage","url":"https:\/\/santbult.es\/wp-content\/uploads\/2025\/10\/0A3A4312-1-scaled-1.jpeg","contentUrl":"https:\/\/santbult.es\/wp-content\/uploads\/2025\/10\/0A3A4312-1-scaled-1.jpeg","width":2560,"height":1707},{"@type":"BreadcrumbList","@id":"https:\/\/santbult.es\/va\/falleres-majors-de-valencia-2026\/#breadcrumb","itemListElement":[{"@type":"ListItem","position":1,"name":"Inicio","item":"https:\/\/santbult.es\/category\/inicio\/"},{"@type":"ListItem","position":2,"name":"Falleres Majors de Val\u00e8ncia 2026"}]},{"@type":"WebSite","@id":"https:\/\/santbult.es\/#website","url":"https:\/\/santbult.es\/","name":"Festes de Sant Bult \u2013 La Xerea","description":"B\u00e9 Rellev\u00e0ncia Local Immaterial","publisher":{"@id":"https:\/\/santbult.es\/#organization"},"potentialAction":[{"@type":"SearchAction","target":{"@type":"EntryPoint","urlTemplate":"https:\/\/santbult.es\/?s={search_term_string}"},"query-input":{"@type":"PropertyValueSpecification","valueRequired":true,"valueName":"search_term_string"}}],"inLanguage":"val"},{"@type":"Organization","@id":"https:\/\/santbult.es\/#organization","name":"Sant Bult","url":"https:\/\/santbult.es\/","logo":{"@type":"ImageObject","inLanguage":"val","@id":"https:\/\/santbult.es\/#\/schema\/logo\/image\/","url":"https:\/\/santbult.es\/wp-content\/uploads\/2019\/04\/mini-sant-bult.png","contentUrl":"https:\/\/santbult.es\/wp-content\/uploads\/2019\/04\/mini-sant-bult.png","width":330,"height":330,"caption":"Sant Bult"},"image":{"@id":"https:\/\/santbult.es\/#\/schema\/logo\/image\/"},"sameAs":["https:\/\/www.facebook.com\/santbult","https:\/\/x.com\/sant_bult","https:\/\/www.instagram.com\/sant_bult\/","https:\/\/www.youtube.com\/channel\/UCViTQedoyMvyMj-pAq4doMA"]},{"@type":"Person","@id":"https:\/\/santbult.es\/#\/schema\/person\/a2291a6450b44bc876c6fe81b146f15d","name":"santbult","image":{"@type":"ImageObject","inLanguage":"val","@id":"https:\/\/secure.gravatar.com\/avatar\/946e8694005d0bd75998ba9f0cf5ce2939c3dc003df972082147d2a625f3837d?s=96&d=mm&r=g","url":"https:\/\/secure.gravatar.com\/avatar\/946e8694005d0bd75998ba9f0cf5ce2939c3dc003df972082147d2a625f3837d?s=96&d=mm&r=g","contentUrl":"https:\/\/secure.gravatar.com\/avatar\/946e8694005d0bd75998ba9f0cf5ce2939c3dc003df972082147d2a625f3837d?s=96&d=mm&r=g","caption":"santbult"},"sameAs":["https:\/\/santbult.es"]}]}},"_links":{"self":[{"href":"https:\/\/santbult.es\/va\/wp-json\/wp\/v2\/posts\/17381","targetHints":{"allow":["GET"]}}],"collection":[{"href":"https:\/\/santbult.es\/va\/wp-json\/wp\/v2\/posts"}],"about":[{"href":"https:\/\/santbult.es\/va\/wp-json\/wp\/v2\/types\/post"}],"author":[{"embeddable":true,"href":"https:\/\/santbult.es\/va\/wp-json\/wp\/v2\/users\/1"}],"replies":[{"embeddable":true,"href":"https:\/\/santbult.es\/va\/wp-json\/wp\/v2\/comments?post=17381"}],"version-history":[{"count":1,"href":"https:\/\/santbult.es\/va\/wp-json\/wp\/v2\/posts\/17381\/revisions"}],"predecessor-version":[{"id":17382,"href":"https:\/\/santbult.es\/va\/wp-json\/wp\/v2\/posts\/17381\/revisions\/17382"}],"wp:featuredmedia":[{"embeddable":true,"href":"https:\/\/santbult.es\/va\/wp-json\/wp\/v2\/media\/17372"}],"wp:attachment":[{"href":"https:\/\/santbult.es\/va\/wp-json\/wp\/v2\/media?parent=17381"}],"wp:term":[{"taxonomy":"category","embeddable":true,"href":"https:\/\/santbult.es\/va\/wp-json\/wp\/v2\/categories?post=17381"},{"taxonomy":"post_tag","embeddable":true,"href":"https:\/\/santbult.es\/va\/wp-json\/wp\/v2\/tags?post=17381"}],"curies":[{"name":"wp","href":"https:\/\/api.w.org\/{rel}","templated":true}]}}