{"id":15925,"date":"2025-06-23T14:53:17","date_gmt":"2025-06-23T12:53:17","guid":{"rendered":"https:\/\/santbult.es\/?p=15925"},"modified":"2025-06-23T15:33:03","modified_gmt":"2025-06-23T13:33:03","slug":"corpus-christi-2025","status":"publish","type":"post","link":"https:\/\/santbult.es\/va\/corpus-christi-2025\/","title":{"rendered":"Sant Bult en la Process\u00f3 del Corpus Christi de Val\u00e8ncia 2025"},"content":{"rendered":"<div class=\"wpb-content-wrapper\"><p>[vc_row][vc_column][vc_separator color=&#8221;blue&#8221; align=&#8221;align_left&#8221; border_width=&#8221;2&#8243; el_width=&#8221;10&#8243;][\/vc_column][\/vc_row][vc_row][vc_column][vc_single_image image=&#8221;15916&#8243; img_size=&#8221;full&#8221; alignment=&#8221;center&#8221; css=&#8221;&#8221;][\/vc_column][\/vc_row][vc_row][vc_column][vc_empty_space][\/vc_column][\/vc_row][vc_row][vc_column][vc_column_text css=&#8221;&#8221;]<strong>L\u2019Associaci\u00f3 Hogar Escuela Festes Sant Bult va participar en la Solemne Process\u00f3 del Corpus Christi 2025<\/strong><\/p>\n<p>El passat <strong>diumenge 22 de juny de 2025<\/strong>, l\u2019<strong>Associaci\u00f3 Hogar Escuela Festes Sant Bult<\/strong> va tindre l\u2019honor de participar en la <strong>Solemne Process\u00f3 General del Corpus Christi<\/strong>, organitzada per la <strong>Santa Esgl\u00e9sia Catedral Bas\u00edlica Metropolitana de Val\u00e8ncia<\/strong>. Este acte, de profund significat espiritual i tradicional, reuneix cada any representacions institucionals, entitats religioses, associacions culturals i fidels de tota la ciutat, en una manifestaci\u00f3 p\u00fablica de fe i devoci\u00f3 a l\u2019Eucaristia.<\/p>\n<p>La process\u00f3, que va comen\u00e7ar a les <strong>19:00 h<\/strong> des de l\u2019interior de la Catedral i va finalitzar en el mateix temple, va rec\u00f3rrer els carrers del centre hist\u00f2ric de Val\u00e8ncia amb gran solemnitat, amb la Cust\u00f2dia amb el Sant\u00edssim Sagrament, acompanyada pel Cap\u00edtol Catedralici, autoritats civils i eclesi\u00e0stiques, i m\u00faltiples associacions convidades.<\/p>\n<p>La nostra Associaci\u00f3 va estar representada amb gran dignitat per la <strong>Junta de Clavaris i Clav\u00e0ries de Sant Bult<\/strong>, que van acompanyar la <strong>Presidenta de les Festes, Na Paula Bellido<\/strong>, <strong>Na Pepa Benito, Presienta del Grup de Clavariesses<\/strong> i la <strong>Clavariesa Major de les Festes de Sant Bult 2025, Na Madel V\u00e9lez<\/strong>, en este important acte lit\u00fargic.<\/p>\n<p>Aix\u00ed mateix, fem extensiu el nostre agra\u00efment a la Catedral de Val\u00e8ncia i al <strong>Deg\u00e0-President del Cap\u00edtol, Mn. Vicente Fontestad Pastor<\/strong>, per la seua amable invitaci\u00f3 i acollida.[\/vc_column_text][\/vc_column][\/vc_row][vc_row][vc_column width=&#8221;1\/2&#8243;][vc_single_image image=&#8221;15918&#8243; img_size=&#8221;full&#8221; alignment=&#8221;center&#8221; css=&#8221;&#8221;][\/vc_column][vc_column width=&#8221;1\/2&#8243;][vc_single_image image=&#8221;15920&#8243; img_size=&#8221;full&#8221; alignment=&#8221;center&#8221; css=&#8221;&#8221;][\/vc_column][\/vc_row][vc_row][vc_column width=&#8221;1\/2&#8243;][vc_single_image image=&#8221;17236&#8243; img_size=&#8221;full&#8221; alignment=&#8221;center&#8221; css=&#8221;&#8221;][\/vc_column][vc_column width=&#8221;1\/2&#8243;][vc_single_image image=&#8221;17238&#8243; img_size=&#8221;full&#8221; alignment=&#8221;center&#8221; css=&#8221;&#8221;][\/vc_column][\/vc_row][vc_row][vc_column][vc_single_image image=&#8221;15922&#8243; img_size=&#8221;full&#8221; alignment=&#8221;center&#8221; css=&#8221;&#8221;][\/vc_column][\/vc_row][vc_row][vc_column width=&#8221;1\/2&#8243;][vc_raw_html css=&#8221;&#8221;]JTNDYmxvY2txdW90ZSUyMGNsYXNzJTNEJTIydGlrdG9rLWVtYmVkJTIyJTIwY2l0ZSUzRCUyMmh0dHBzJTNBJTJGJTJGd3d3LnRpa3Rvay5jb20lMkYlNDBzYW50YnVsdCUyRnZpZGVvJTJGNzUxOTAxOTIwMjQ0ODAwMjMyNiUyMiUyMGRhdGEtdmlkZW8taWQlM0QlMjI3NTE5MDE5MjAyNDQ4MDAyMzI2JTIyJTIwc3R5bGUlM0QlMjJtYXgtd2lkdGglM0ElMjA2MDVweCUzQm1pbi13aWR0aCUzQSUyMDMyNXB4JTNCJTIyJTIwJTNFJTIwJTNDc2VjdGlvbiUzRSUyMCUzQ2ElMjB0YXJnZXQlM0QlMjJfYmxhbmslMjIlMjB0aXRsZSUzRCUyMiU0MHNhbnRidWx0JTIyJTIwaHJlZiUzRCUyMmh0dHBzJTNBJTJGJTJGd3d3LnRpa3Rvay5jb20lMkYlNDBzYW50YnVsdCUzRnJlZmVyJTNEZW1iZWQlMjIlM0UlNDBzYW50YnVsdCUzQyUyRmElM0UlMjBQcm9jZXNpJUMzJUIzbiUyMENvcnB1cyUyMENocmlzdGklMjBjb24lMjBhc2lzdGVuY2lhJTIwZGUlMjBsYSUyMEZpZXN0YSUyMGRlJTIwU2FudCUyMEJ1bHQlMjAlMjAlM0NhJTIwdGl0bGUlM0QlMjJzYW50YnVsdCUyMiUyMHRhcmdldCUzRCUyMl9ibGFuayUyMiUyMGhyZWYlM0QlMjJodHRwcyUzQSUyRiUyRnd3dy50aWt0b2suY29tJTJGdGFnJTJGc2FudGJ1bHQlM0ZyZWZlciUzRGVtYmVkJTIyJTNFJTIzU2FudEJ1bHQlM0MlMkZhJTNFJTIwJTNDYSUyMHRpdGxlJTNEJTIybGF4ZXJlYSUyMiUyMHRhcmdldCUzRCUyMl9ibGFuayUyMiUyMGhyZWYlM0QlMjJodHRwcyUzQSUyRiUyRnd3dy50aWt0b2suY29tJTJGdGFnJTJGbGF4ZXJlYSUzRnJlZmVyJTNEZW1iZWQlMjIlM0UlMjNMYVhlcmVhJTNDJTJGYSUzRSUyMCUzQ2ElMjB0aXRsZSUzRCUyMmZlc3Rlc2RlY2FycmVyJTIyJTIwdGFyZ2V0JTNEJTIyX2JsYW5rJTIyJTIwaHJlZiUzRCUyMmh0dHBzJTNBJTJGJTJGd3d3LnRpa3Rvay5jb20lMkZ0YWclMkZmZXN0ZXNkZWNhcnJlciUzRnJlZmVyJTNEZW1iZWQlMjIlM0UlMjNGZXN0ZXNEZUNhcnJlciUzQyUyRmElM0UlMjAlM0NhJTIwdGl0bGUlM0QlMjJjb3JwdXNjaHJpc3RpJTIyJTIwdGFyZ2V0JTNEJTIyX2JsYW5rJTIyJTIwaHJlZiUzRCUyMmh0dHBzJTNBJTJGJTJGd3d3LnRpa3Rvay5jb20lMkZ0YWclMkZjb3JwdXNjaHJpc3RpJTNGcmVmZXIlM0RlbWJlZCUyMiUzRSUyM0NvcnB1c0NocmlzdGklM0MlMkZhJTNFJTIwJTNDYSUyMHRpdGxlJTNEJTIyZmVzdGFncm9zc2ElMjIlMjB0YXJnZXQlM0QlMjJfYmxhbmslMjIlMjBocmVmJTNEJTIyaHR0cHMlM0ElMkYlMkZ3d3cudGlrdG9rLmNvbSUyRnRhZyUyRmZlc3RhZ3Jvc3NhJTNGcmVmZXIlM0RlbWJlZCUyMiUzRSUyM0Zlc3RhR3Jvc3NhJTNDJTJGYSUzRSUyMCUzQ2ElMjB0YXJnZXQlM0QlMjJfYmxhbmslMjIlMjB0aXRsZSUzRCUyMiVFMiU5OSVBQyUyMHNvbmlkbyUyMG9yaWdpbmFsJTIwLSUyMEZpZXN0YSUyMFNhbnQlMjBCdWx0JTIyJTIwaHJlZiUzRCUyMmh0dHBzJTNBJTJGJTJGd3d3LnRpa3Rvay5jb20lMkZtdXNpYyUyRnNvbmlkby1vcmlnaW5hbC03NTE5MDE5MTczNDc3OTQ0MDg2JTNGcmVmZXIlM0RlbWJlZCUyMiUzRSVFMiU5OSVBQyUyMHNvbmlkbyUyMG9yaWdpbmFsJTIwLSUyMEZpZXN0YSUyMFNhbnQlMjBCdWx0JTNDJTJGYSUzRSUyMCUzQyUyRnNlY3Rpb24lM0UlMjAlM0MlMkZibG9ja3F1b3RlJTNFJTIwJTNDc2NyaXB0JTIwYXN5bmMlMjBzcmMlM0QlMjJodHRwcyUzQSUyRiUyRnd3dy50aWt0b2suY29tJTJGZW1iZWQuanMlMjIlM0UlM0MlMkZzY3JpcHQlM0U=[\/vc_raw_html][\/vc_column][vc_column width=&#8221;1\/2&#8243;][vc_raw_html css=&#8221;&#8221;]JTNDYmxvY2txdW90ZSUyMGNsYXNzJTNEJTIydGlrdG9rLWVtYmVkJTIyJTIwY2l0ZSUzRCUyMmh0dHBzJTNBJTJGJTJGd3d3LnRpa3Rvay5jb20lMkYlNDBzYW50YnVsdCUyRnZpZGVvJTJGNzUxOTA3MjQ5Mjc3ODk2NjI5NCUyMiUyMGRhdGEtdmlkZW8taWQlM0QlMjI3NTE5MDcyNDkyNzc4OTY2Mjk0JTIyJTIwc3R5bGUlM0QlMjJtYXgtd2lkdGglM0ElMjA2MDVweCUzQm1pbi13aWR0aCUzQSUyMDMyNXB4JTNCJTIyJTIwJTNFJTIwJTNDc2VjdGlvbiUzRSUyMCUzQ2ElMjB0YXJnZXQlM0QlMjJfYmxhbmslMjIlMjB0aXRsZSUzRCUyMiU0MHNhbnRidWx0JTIyJTIwaHJlZiUzRCUyMmh0dHBzJTNBJTJGJTJGd3d3LnRpa3Rvay5jb20lMkYlNDBzYW50YnVsdCUzRnJlZmVyJTNEZW1iZWQlMjIlM0UlNDBzYW50YnVsdCUzQyUyRmElM0UlMjBIb2dhciUyMEZpZXN0YXMlMjBkZSUyMFNhbnQlMjBCdWx0JTIwZW4lMjBsYSUyMFByb2Nlc2klQzMlQjNuJTIwZGVsJTIwQ29ycHVzJTIwQ2hyaXN0aSUyMGVuJTIwVmFsZW5jaWElMjAlM0NhJTIwdGl0bGUlM0QlMjJzYW50YnVsdCUyMiUyMHRhcmdldCUzRCUyMl9ibGFuayUyMiUyMGhyZWYlM0QlMjJodHRwcyUzQSUyRiUyRnd3dy50aWt0b2suY29tJTJGdGFnJTJGc2FudGJ1bHQlM0ZyZWZlciUzRGVtYmVkJTIyJTNFJTIzU2FudEJ1bHQlM0MlMkZhJTNFJTIwJTNDYSUyMHRpdGxlJTNEJTIybGF4ZXJlYSUyMiUyMHRhcmdldCUzRCUyMl9ibGFuayUyMiUyMGhyZWYlM0QlMjJodHRwcyUzQSUyRiUyRnd3dy50aWt0b2suY29tJTJGdGFnJTJGbGF4ZXJlYSUzRnJlZmVyJTNEZW1iZWQlMjIlM0UlMjNMYVhlcmVhJTNDJTJGYSUzRSUyMCUzQ2ElMjB0aXRsZSUzRCUyMmZlc3RhZ3Jvc3NhJTIyJTIwdGFyZ2V0JTNEJTIyX2JsYW5rJTIyJTIwaHJlZiUzRCUyMmh0dHBzJTNBJTJGJTJGd3d3LnRpa3Rvay5jb20lMkZ0YWclMkZmZXN0YWdyb3NzYSUzRnJlZmVyJTNEZW1iZWQlMjIlM0UlMjNGZXN0YUdyb3NzYSUzQyUyRmElM0UlMjAlM0NhJTIwdGl0bGUlM0QlMjJmZXN0ZXNkZWNhcnJlciUyMiUyMHRhcmdldCUzRCUyMl9ibGFuayUyMiUyMGhyZWYlM0QlMjJodHRwcyUzQSUyRiUyRnd3dy50aWt0b2suY29tJTJGdGFnJTJGZmVzdGVzZGVjYXJyZXIlM0ZyZWZlciUzRGVtYmVkJTIyJTNFJTIzRmVzdGVzRGVDYXJyZXIlM0MlMkZhJTNFJTIwJTNDYSUyMHRhcmdldCUzRCUyMl9ibGFuayUyMiUyMHRpdGxlJTNEJTIyJUUyJTk5JUFDJTIwJUM0JUIwc3lhbmthciUyMC0lMjBVZnVrJTIwSyVDNCVCMXolQzQlQjFsJTIyJTIwaHJlZiUzRCUyMmh0dHBzJTNBJTJGJTJGd3d3LnRpa3Rvay5jb20lMkZtdXNpYyUyRiVDNCVCMHN5YW5rYXItNTAwMDAwMDAwMTAwMjk1MTg0MiUzRnJlZmVyJTNEZW1iZWQlMjIlM0UlRTIlOTklQUMlMjAlQzQlQjBzeWFua2FyJTIwLSUyMFVmdWslMjBLJUM0JUIxeiVDNCVCMWwlM0MlMkZhJTNFJTIwJTNDJTJGc2VjdGlvbiUzRSUyMCUzQyUyRmJsb2NrcXVvdGUlM0UlMjAlM0NzY3JpcHQlMjBhc3luYyUyMHNyYyUzRCUyMmh0dHBzJTNBJTJGJTJGd3d3LnRpa3Rvay5jb20lMkZlbWJlZC5qcyUyMiUzRSUzQyUyRnNjcmlwdCUzRQ==[\/vc_raw_html][\/vc_column][\/vc_row]<\/p>\n<\/div>","protected":false},"excerpt":{"rendered":"<p>SANT BULT | L\u2019Associaci\u00f3 Festes Sant Bult va participar en la process\u00f3 del Corpus Christi 2025 amb la Presidenta i la Clavariesa Major.<\/p>\n<p>#SantBult #LaXerea #FestesDeCarrer #FestaGrossa #CorpusChristi<\/p>\n","protected":false},"author":1,"featured_media":15923,"comment_status":"closed","ping_status":"closed","sticky":false,"template":"","format":"standard","meta":{"footnotes":""},"categories":[781,177,493],"tags":[],"class_list":["post-15925","post","type-post","status-publish","format-standard","has-post-thumbnail","hentry","category-2025-archiu-historic","category-archiu-historic","category-inici"],"yoast_head":"<!-- This site is optimized with the Yoast SEO Premium plugin v24.8 (Yoast SEO v27.4) - https:\/\/yoast.com\/product\/yoast-seo-premium-wordpress\/ -->\n<title>Sant Bult en la Process\u00f3 del Corpus Christi de Val\u00e8ncia 2025 - Festes de Sant Bult \u2013 La Xerea<\/title>\n<meta name=\"description\" content=\"L\u2019Associaci\u00f3 Festes Sant Bult va participar en la process\u00f3 del Corpus Christi 2025 amb la Presidenta i la Clavariesa Major.\" \/>\n<meta name=\"robots\" content=\"index, follow, max-snippet:-1, max-image-preview:large, max-video-preview:-1\" \/>\n<link rel=\"canonical\" href=\"https:\/\/santbult.es\/va\/corpus-christi-2025\/\" \/>\n<meta property=\"og:locale\" content=\"en_US\" \/>\n<meta property=\"og:type\" content=\"article\" \/>\n<meta property=\"og:title\" content=\"Sant Bult en la Process\u00f3 del Corpus Christi de Val\u00e8ncia 2025\" \/>\n<meta property=\"og:description\" content=\"Festes de Sant Bult \u2013 La Xerea\" \/>\n<meta property=\"og:url\" content=\"https:\/\/santbult.es\/va\/corpus-christi-2025\/\" \/>\n<meta property=\"og:site_name\" content=\"Festes de Sant Bult \u2013 La Xerea\" \/>\n<meta property=\"article:publisher\" content=\"https:\/\/www.facebook.com\/santbult\" \/>\n<meta property=\"article:published_time\" content=\"2025-06-23T12:53:17+00:00\" \/>\n<meta property=\"article:modified_time\" content=\"2025-06-23T13:33:03+00:00\" \/>\n<meta property=\"og:image\" content=\"https:\/\/santbult.es\/wp-content\/uploads\/2025\/06\/IMG_20250622_201747-scaled.jpg\" \/>\n\t<meta property=\"og:image:width\" content=\"2560\" \/>\n\t<meta property=\"og:image:height\" content=\"1439\" \/>\n\t<meta property=\"og:image:type\" content=\"image\/jpeg\" \/>\n<meta name=\"author\" content=\"santbult\" \/>\n<meta name=\"twitter:card\" content=\"summary_large_image\" \/>\n<meta name=\"twitter:creator\" content=\"@sant_bult\" \/>\n<meta name=\"twitter:site\" content=\"@sant_bult\" \/>\n<meta name=\"twitter:label1\" content=\"Written by\" \/>\n\t<meta name=\"twitter:data1\" content=\"santbult\" \/>\n\t<meta name=\"twitter:label2\" content=\"Est. reading time\" \/>\n\t<meta name=\"twitter:data2\" content=\"3 minutes\" \/>\n<script type=\"application\/ld+json\" class=\"yoast-schema-graph\">{\"@context\":\"https:\\\/\\\/schema.org\",\"@graph\":[{\"@type\":\"Article\",\"@id\":\"https:\\\/\\\/santbult.es\\\/va\\\/corpus-christi-2025\\\/#article\",\"isPartOf\":{\"@id\":\"https:\\\/\\\/santbult.es\\\/va\\\/corpus-christi-2025\\\/\"},\"author\":{\"name\":\"santbult\",\"@id\":\"https:\\\/\\\/santbult.es\\\/#\\\/schema\\\/person\\\/a2291a6450b44bc876c6fe81b146f15d\"},\"headline\":\"Sant Bult en la Process\u00f3 del Corpus Christi de Val\u00e8ncia 2025\",\"datePublished\":\"2025-06-23T12:53:17+00:00\",\"dateModified\":\"2025-06-23T13:33:03+00:00\",\"mainEntityOfPage\":{\"@id\":\"https:\\\/\\\/santbult.es\\\/va\\\/corpus-christi-2025\\\/\"},\"wordCount\":787,\"publisher\":{\"@id\":\"https:\\\/\\\/santbult.es\\\/#organization\"},\"image\":{\"@id\":\"https:\\\/\\\/santbult.es\\\/va\\\/corpus-christi-2025\\\/#primaryimage\"},\"thumbnailUrl\":\"https:\\\/\\\/santbult.es\\\/wp-content\\\/uploads\\\/2025\\\/06\\\/IMG_20250622_201747-scaled.jpg\",\"articleSection\":[\"2025\",\"Archiu Hist\u00f2ric\",\"Inici\"],\"inLanguage\":\"val\"},{\"@type\":\"WebPage\",\"@id\":\"https:\\\/\\\/santbult.es\\\/va\\\/corpus-christi-2025\\\/\",\"url\":\"https:\\\/\\\/santbult.es\\\/va\\\/corpus-christi-2025\\\/\",\"name\":\"Sant Bult en la Process\u00f3 del Corpus Christi de Val\u00e8ncia 2025 - Festes de Sant Bult \u2013 La Xerea\",\"isPartOf\":{\"@id\":\"https:\\\/\\\/santbult.es\\\/#website\"},\"primaryImageOfPage\":{\"@id\":\"https:\\\/\\\/santbult.es\\\/va\\\/corpus-christi-2025\\\/#primaryimage\"},\"image\":{\"@id\":\"https:\\\/\\\/santbult.es\\\/va\\\/corpus-christi-2025\\\/#primaryimage\"},\"thumbnailUrl\":\"https:\\\/\\\/santbult.es\\\/wp-content\\\/uploads\\\/2025\\\/06\\\/IMG_20250622_201747-scaled.jpg\",\"datePublished\":\"2025-06-23T12:53:17+00:00\",\"dateModified\":\"2025-06-23T13:33:03+00:00\",\"description\":\"L\u2019Associaci\u00f3 Festes Sant Bult va participar en la process\u00f3 del Corpus Christi 2025 amb la Presidenta i la Clavariesa Major.\",\"breadcrumb\":{\"@id\":\"https:\\\/\\\/santbult.es\\\/va\\\/corpus-christi-2025\\\/#breadcrumb\"},\"inLanguage\":\"val\",\"potentialAction\":[{\"@type\":\"ReadAction\",\"target\":[\"https:\\\/\\\/santbult.es\\\/va\\\/corpus-christi-2025\\\/\"]}]},{\"@type\":\"ImageObject\",\"inLanguage\":\"val\",\"@id\":\"https:\\\/\\\/santbult.es\\\/va\\\/corpus-christi-2025\\\/#primaryimage\",\"url\":\"https:\\\/\\\/santbult.es\\\/wp-content\\\/uploads\\\/2025\\\/06\\\/IMG_20250622_201747-scaled.jpg\",\"contentUrl\":\"https:\\\/\\\/santbult.es\\\/wp-content\\\/uploads\\\/2025\\\/06\\\/IMG_20250622_201747-scaled.jpg\",\"width\":2560,\"height\":1439},{\"@type\":\"BreadcrumbList\",\"@id\":\"https:\\\/\\\/santbult.es\\\/va\\\/corpus-christi-2025\\\/#breadcrumb\",\"itemListElement\":[{\"@type\":\"ListItem\",\"position\":1,\"name\":\"Archivo Hist\u00f3rico\",\"item\":\"https:\\\/\\\/santbult.es\\\/category\\\/archivo-historico\\\/\"},{\"@type\":\"ListItem\",\"position\":2,\"name\":\"Sant Bult en la Process\u00f3 del Corpus Christi de Val\u00e8ncia 2025\"}]},{\"@type\":\"WebSite\",\"@id\":\"https:\\\/\\\/santbult.es\\\/#website\",\"url\":\"https:\\\/\\\/santbult.es\\\/\",\"name\":\"Festes de Sant Bult \u2013 La Xerea\",\"description\":\"B\u00e9 Rellev\u00e0ncia Local Immaterial\",\"publisher\":{\"@id\":\"https:\\\/\\\/santbult.es\\\/#organization\"},\"potentialAction\":[{\"@type\":\"SearchAction\",\"target\":{\"@type\":\"EntryPoint\",\"urlTemplate\":\"https:\\\/\\\/santbult.es\\\/?s={search_term_string}\"},\"query-input\":{\"@type\":\"PropertyValueSpecification\",\"valueRequired\":true,\"valueName\":\"search_term_string\"}}],\"inLanguage\":\"val\"},{\"@type\":\"Organization\",\"@id\":\"https:\\\/\\\/santbult.es\\\/#organization\",\"name\":\"Sant Bult\",\"url\":\"https:\\\/\\\/santbult.es\\\/\",\"logo\":{\"@type\":\"ImageObject\",\"inLanguage\":\"val\",\"@id\":\"https:\\\/\\\/santbult.es\\\/#\\\/schema\\\/logo\\\/image\\\/\",\"url\":\"https:\\\/\\\/santbult.es\\\/wp-content\\\/uploads\\\/2019\\\/04\\\/mini-sant-bult.png\",\"contentUrl\":\"https:\\\/\\\/santbult.es\\\/wp-content\\\/uploads\\\/2019\\\/04\\\/mini-sant-bult.png\",\"width\":330,\"height\":330,\"caption\":\"Sant Bult\"},\"image\":{\"@id\":\"https:\\\/\\\/santbult.es\\\/#\\\/schema\\\/logo\\\/image\\\/\"},\"sameAs\":[\"https:\\\/\\\/www.facebook.com\\\/santbult\",\"https:\\\/\\\/x.com\\\/sant_bult\",\"https:\\\/\\\/www.instagram.com\\\/sant_bult\\\/\",\"https:\\\/\\\/www.youtube.com\\\/channel\\\/UCViTQedoyMvyMj-pAq4doMA\"]},{\"@type\":\"Person\",\"@id\":\"https:\\\/\\\/santbult.es\\\/#\\\/schema\\\/person\\\/a2291a6450b44bc876c6fe81b146f15d\",\"name\":\"santbult\",\"image\":{\"@type\":\"ImageObject\",\"inLanguage\":\"val\",\"@id\":\"https:\\\/\\\/secure.gravatar.com\\\/avatar\\\/946e8694005d0bd75998ba9f0cf5ce2939c3dc003df972082147d2a625f3837d?s=96&d=mm&r=g\",\"url\":\"https:\\\/\\\/secure.gravatar.com\\\/avatar\\\/946e8694005d0bd75998ba9f0cf5ce2939c3dc003df972082147d2a625f3837d?s=96&d=mm&r=g\",\"contentUrl\":\"https:\\\/\\\/secure.gravatar.com\\\/avatar\\\/946e8694005d0bd75998ba9f0cf5ce2939c3dc003df972082147d2a625f3837d?s=96&d=mm&r=g\",\"caption\":\"santbult\"},\"sameAs\":[\"https:\\\/\\\/santbult.es\"]}]}<\/script>\n<!-- \/ Yoast SEO Premium plugin. -->","yoast_head_json":{"title":"Sant Bult en la Process\u00f3 del Corpus Christi de Val\u00e8ncia 2025 - Festes de Sant Bult \u2013 La Xerea","description":"L\u2019Associaci\u00f3 Festes Sant Bult va participar en la process\u00f3 del Corpus Christi 2025 amb la Presidenta i la Clavariesa Major.","robots":{"index":"index","follow":"follow","max-snippet":"max-snippet:-1","max-image-preview":"max-image-preview:large","max-video-preview":"max-video-preview:-1"},"canonical":"https:\/\/santbult.es\/va\/corpus-christi-2025\/","og_locale":"en_US","og_type":"article","og_title":"Sant Bult en la Process\u00f3 del Corpus Christi de Val\u00e8ncia 2025","og_description":"Festes de Sant Bult \u2013 La Xerea","og_url":"https:\/\/santbult.es\/va\/corpus-christi-2025\/","og_site_name":"Festes de Sant Bult \u2013 La Xerea","article_publisher":"https:\/\/www.facebook.com\/santbult","article_published_time":"2025-06-23T12:53:17+00:00","article_modified_time":"2025-06-23T13:33:03+00:00","og_image":[{"width":2560,"height":1439,"url":"https:\/\/santbult.es\/wp-content\/uploads\/2025\/06\/IMG_20250622_201747-scaled.jpg","type":"image\/jpeg"}],"author":"santbult","twitter_card":"summary_large_image","twitter_creator":"@sant_bult","twitter_site":"@sant_bult","twitter_misc":{"Written by":"santbult","Est. reading time":"3 minutes"},"schema":{"@context":"https:\/\/schema.org","@graph":[{"@type":"Article","@id":"https:\/\/santbult.es\/va\/corpus-christi-2025\/#article","isPartOf":{"@id":"https:\/\/santbult.es\/va\/corpus-christi-2025\/"},"author":{"name":"santbult","@id":"https:\/\/santbult.es\/#\/schema\/person\/a2291a6450b44bc876c6fe81b146f15d"},"headline":"Sant Bult en la Process\u00f3 del Corpus Christi de Val\u00e8ncia 2025","datePublished":"2025-06-23T12:53:17+00:00","dateModified":"2025-06-23T13:33:03+00:00","mainEntityOfPage":{"@id":"https:\/\/santbult.es\/va\/corpus-christi-2025\/"},"wordCount":787,"publisher":{"@id":"https:\/\/santbult.es\/#organization"},"image":{"@id":"https:\/\/santbult.es\/va\/corpus-christi-2025\/#primaryimage"},"thumbnailUrl":"https:\/\/santbult.es\/wp-content\/uploads\/2025\/06\/IMG_20250622_201747-scaled.jpg","articleSection":["2025","Archiu Hist\u00f2ric","Inici"],"inLanguage":"val"},{"@type":"WebPage","@id":"https:\/\/santbult.es\/va\/corpus-christi-2025\/","url":"https:\/\/santbult.es\/va\/corpus-christi-2025\/","name":"Sant Bult en la Process\u00f3 del Corpus Christi de Val\u00e8ncia 2025 - Festes de Sant Bult \u2013 La Xerea","isPartOf":{"@id":"https:\/\/santbult.es\/#website"},"primaryImageOfPage":{"@id":"https:\/\/santbult.es\/va\/corpus-christi-2025\/#primaryimage"},"image":{"@id":"https:\/\/santbult.es\/va\/corpus-christi-2025\/#primaryimage"},"thumbnailUrl":"https:\/\/santbult.es\/wp-content\/uploads\/2025\/06\/IMG_20250622_201747-scaled.jpg","datePublished":"2025-06-23T12:53:17+00:00","dateModified":"2025-06-23T13:33:03+00:00","description":"L\u2019Associaci\u00f3 Festes Sant Bult va participar en la process\u00f3 del Corpus Christi 2025 amb la Presidenta i la Clavariesa Major.","breadcrumb":{"@id":"https:\/\/santbult.es\/va\/corpus-christi-2025\/#breadcrumb"},"inLanguage":"val","potentialAction":[{"@type":"ReadAction","target":["https:\/\/santbult.es\/va\/corpus-christi-2025\/"]}]},{"@type":"ImageObject","inLanguage":"val","@id":"https:\/\/santbult.es\/va\/corpus-christi-2025\/#primaryimage","url":"https:\/\/santbult.es\/wp-content\/uploads\/2025\/06\/IMG_20250622_201747-scaled.jpg","contentUrl":"https:\/\/santbult.es\/wp-content\/uploads\/2025\/06\/IMG_20250622_201747-scaled.jpg","width":2560,"height":1439},{"@type":"BreadcrumbList","@id":"https:\/\/santbult.es\/va\/corpus-christi-2025\/#breadcrumb","itemListElement":[{"@type":"ListItem","position":1,"name":"Archivo Hist\u00f3rico","item":"https:\/\/santbult.es\/category\/archivo-historico\/"},{"@type":"ListItem","position":2,"name":"Sant Bult en la Process\u00f3 del Corpus Christi de Val\u00e8ncia 2025"}]},{"@type":"WebSite","@id":"https:\/\/santbult.es\/#website","url":"https:\/\/santbult.es\/","name":"Festes de Sant Bult \u2013 La Xerea","description":"B\u00e9 Rellev\u00e0ncia Local Immaterial","publisher":{"@id":"https:\/\/santbult.es\/#organization"},"potentialAction":[{"@type":"SearchAction","target":{"@type":"EntryPoint","urlTemplate":"https:\/\/santbult.es\/?s={search_term_string}"},"query-input":{"@type":"PropertyValueSpecification","valueRequired":true,"valueName":"search_term_string"}}],"inLanguage":"val"},{"@type":"Organization","@id":"https:\/\/santbult.es\/#organization","name":"Sant Bult","url":"https:\/\/santbult.es\/","logo":{"@type":"ImageObject","inLanguage":"val","@id":"https:\/\/santbult.es\/#\/schema\/logo\/image\/","url":"https:\/\/santbult.es\/wp-content\/uploads\/2019\/04\/mini-sant-bult.png","contentUrl":"https:\/\/santbult.es\/wp-content\/uploads\/2019\/04\/mini-sant-bult.png","width":330,"height":330,"caption":"Sant Bult"},"image":{"@id":"https:\/\/santbult.es\/#\/schema\/logo\/image\/"},"sameAs":["https:\/\/www.facebook.com\/santbult","https:\/\/x.com\/sant_bult","https:\/\/www.instagram.com\/sant_bult\/","https:\/\/www.youtube.com\/channel\/UCViTQedoyMvyMj-pAq4doMA"]},{"@type":"Person","@id":"https:\/\/santbult.es\/#\/schema\/person\/a2291a6450b44bc876c6fe81b146f15d","name":"santbult","image":{"@type":"ImageObject","inLanguage":"val","@id":"https:\/\/secure.gravatar.com\/avatar\/946e8694005d0bd75998ba9f0cf5ce2939c3dc003df972082147d2a625f3837d?s=96&d=mm&r=g","url":"https:\/\/secure.gravatar.com\/avatar\/946e8694005d0bd75998ba9f0cf5ce2939c3dc003df972082147d2a625f3837d?s=96&d=mm&r=g","contentUrl":"https:\/\/secure.gravatar.com\/avatar\/946e8694005d0bd75998ba9f0cf5ce2939c3dc003df972082147d2a625f3837d?s=96&d=mm&r=g","caption":"santbult"},"sameAs":["https:\/\/santbult.es"]}]}},"_links":{"self":[{"href":"https:\/\/santbult.es\/va\/wp-json\/wp\/v2\/posts\/15925","targetHints":{"allow":["GET"]}}],"collection":[{"href":"https:\/\/santbult.es\/va\/wp-json\/wp\/v2\/posts"}],"about":[{"href":"https:\/\/santbult.es\/va\/wp-json\/wp\/v2\/types\/post"}],"author":[{"embeddable":true,"href":"https:\/\/santbult.es\/va\/wp-json\/wp\/v2\/users\/1"}],"replies":[{"embeddable":true,"href":"https:\/\/santbult.es\/va\/wp-json\/wp\/v2\/comments?post=15925"}],"version-history":[{"count":3,"href":"https:\/\/santbult.es\/va\/wp-json\/wp\/v2\/posts\/15925\/revisions"}],"predecessor-version":[{"id":17240,"href":"https:\/\/santbult.es\/va\/wp-json\/wp\/v2\/posts\/15925\/revisions\/17240"}],"wp:featuredmedia":[{"embeddable":true,"href":"https:\/\/santbult.es\/va\/wp-json\/wp\/v2\/media\/15923"}],"wp:attachment":[{"href":"https:\/\/santbult.es\/va\/wp-json\/wp\/v2\/media?parent=15925"}],"wp:term":[{"taxonomy":"category","embeddable":true,"href":"https:\/\/santbult.es\/va\/wp-json\/wp\/v2\/categories?post=15925"},{"taxonomy":"post_tag","embeddable":true,"href":"https:\/\/santbult.es\/va\/wp-json\/wp\/v2\/tags?post=15925"}],"curies":[{"name":"wp","href":"https:\/\/api.w.org\/{rel}","templated":true}]}}