{"id":15835,"date":"2025-05-16T22:03:37","date_gmt":"2025-05-16T20:03:37","guid":{"rendered":"https:\/\/santbult.es\/?p=15835"},"modified":"2025-05-24T16:02:33","modified_gmt":"2025-05-24T14:02:33","slug":"sant-bult-2025-comenca-amb-lexaltacio-de-la-seua-clavariessa","status":"publish","type":"post","link":"https:\/\/santbult.es\/va\/sant-bult-2025-comenca-amb-lexaltacio-de-la-seua-clavariessa\/","title":{"rendered":"Sant Bult 2025 comen\u00e7a amb l\u2019exaltaci\u00f3 de la seua Clavariessa"},"content":{"rendered":"<div class=\"wpb-content-wrapper\"><p>[vc_row][vc_column][vc_separator color=&#8221;blue&#8221; align=&#8221;align_left&#8221; border_width=&#8221;2&#8243; el_width=&#8221;10&#8243;][\/vc_column][\/vc_row][vc_row][vc_column][vc_single_image image=&#8221;15819&#8243; img_size=&#8221;full&#8221; alignment=&#8221;center&#8221; css=&#8221;&#8221;][\/vc_column][\/vc_row][vc_row][vc_column][vc_empty_space][\/vc_column][\/vc_row][vc_row][vc_column][vc_column_text css=&#8221;&#8221;]<\/p>\n<p data-start=\"78\" data-end=\"147\"><strong data-start=\"78\" data-end=\"147\"><span class=\"_fadeIn_m1hgl_8\">Exaltaci\u00f3 <\/span><span class=\"_fadeIn_m1hgl_8\">de <\/span><span class=\"_fadeIn_m1hgl_8\">la <\/span><span class=\"_fadeIn_m1hgl_8\">Clavariessa <\/span><span class=\"_fadeIn_m1hgl_8\">Major <\/span><span class=\"_fadeIn_m1hgl_8\">de <\/span><span class=\"_fadeIn_m1hgl_8\">les <\/span><span class=\"_fadeIn_m1hgl_8\">Festes <\/span><span class=\"_fadeIn_m1hgl_8\">de <\/span><span class=\"_fadeIn_m1hgl_8\">Sant <\/span><span class=\"_fadeIn_m1hgl_8\">Bult <\/span><span class=\"_fadeIn_m1hgl_8\">2025<\/span><\/strong><\/p>\n<p data-start=\"149\" data-end=\"325\"><span class=\"_fadeIn_m1hgl_8\">El <\/span><span class=\"_fadeIn_m1hgl_8\">passat <\/span><strong data-start=\"159\" data-end=\"182\"><span class=\"_fadeIn_m1hgl_8\">divendres <\/span><span class=\"_fadeIn_m1hgl_8\">2 <\/span><span class=\"_fadeIn_m1hgl_8\">de <\/span><span class=\"_fadeIn_m1hgl_8\">maig<\/span><\/strong> <span class=\"_fadeIn_m1hgl_8\">tingu\u00e9 <\/span><span class=\"_fadeIn_m1hgl_8\">lloc <\/span><span class=\"_fadeIn_m1hgl_8\">un <\/span><span class=\"_fadeIn_m1hgl_8\">emotiu <\/span><span class=\"_fadeIn_m1hgl_8\">i <\/span><span class=\"_fadeIn_m1hgl_8\">solemne <\/span><span class=\"_fadeIn_m1hgl_8\">acte: <\/span><span class=\"_fadeIn_m1hgl_8\">l\u2019<\/span><strong data-start=\"223\" data-end=\"292\"><span class=\"_fadeIn_m1hgl_8\">Exaltaci\u00f3 <\/span><span class=\"_fadeIn_m1hgl_8\">de <\/span><span class=\"_fadeIn_m1hgl_8\">la <\/span><span class=\"_fadeIn_m1hgl_8\">Clavariessa <\/span><span class=\"_fadeIn_m1hgl_8\">Major <\/span><span class=\"_fadeIn_m1hgl_8\">de <\/span><span class=\"_fadeIn_m1hgl_8\">les <\/span><span class=\"_fadeIn_m1hgl_8\">Festes <\/span><span class=\"_fadeIn_m1hgl_8\">de <\/span><span class=\"_fadeIn_m1hgl_8\">Sant <\/span><span class=\"_fadeIn_m1hgl_8\">Bult <\/span><span class=\"_fadeIn_m1hgl_8\">2025<\/span><\/strong><span class=\"_fadeIn_m1hgl_8\">, <\/span><strong data-start=\"294\" data-end=\"324\"><span class=\"_fadeIn_m1hgl_8\">D\u00f1a. <\/span><span class=\"_fadeIn_m1hgl_8\">Madel <\/span><span class=\"_fadeIn_m1hgl_8\">V\u00e9lez <\/span><span class=\"_fadeIn_m1hgl_8\">Cervantes<\/span><\/strong><span class=\"_fadeIn_m1hgl_8\">.<\/span><\/p>\n<p data-start=\"327\" data-end=\"521\"><span class=\"_fadeIn_m1hgl_8\">La <\/span><span class=\"_fadeIn_m1hgl_8\">vetlada <\/span><span class=\"_fadeIn_m1hgl_8\">se <\/span><span class=\"_fadeIn_m1hgl_8\">celebr\u00e0 <\/span><span class=\"_fadeIn_m1hgl_8\">en <\/span><span class=\"_fadeIn_m1hgl_8\">l\u2019elegant <\/span><strong data-start=\"362\" data-end=\"415\"><span class=\"_fadeIn_m1hgl_8\">Sal\u00f3 <\/span><span class=\"_fadeIn_m1hgl_8\">Restaurant <\/span><span class=\"_fadeIn_m1hgl_8\">de <\/span><span class=\"_fadeIn_m1hgl_8\">l\u2019Hotel <\/span><span class=\"_fadeIn_m1hgl_8\">Silken <\/span><span class=\"_fadeIn_m1hgl_8\">Puerta <\/span><span class=\"_fadeIn_m1hgl_8\">Valencia<\/span><\/strong><span class=\"_fadeIn_m1hgl_8\">, <\/span><span class=\"_fadeIn_m1hgl_8\">que, <\/span><span class=\"_fadeIn_m1hgl_8\">un <\/span><span class=\"_fadeIn_m1hgl_8\">any <\/span><span class=\"_fadeIn_m1hgl_8\">m\u00e9s, <\/span><span class=\"_fadeIn_m1hgl_8\">acoll\u00ed <\/span><span class=\"_fadeIn_m1hgl_8\">este <\/span><span class=\"_fadeIn_m1hgl_8\">esdeveniment <\/span><span class=\"_fadeIn_m1hgl_8\">tan <\/span><span class=\"_fadeIn_m1hgl_8\">esperat <\/span><span class=\"_fadeIn_m1hgl_8\">per <\/span><span class=\"_fadeIn_m1hgl_8\">tots <\/span><span class=\"_fadeIn_m1hgl_8\">els <\/span><span class=\"_fadeIn_m1hgl_8\">ve\u00efns <\/span><span class=\"_fadeIn_m1hgl_8\">i <\/span><span class=\"_fadeIn_m1hgl_8\">devots <\/span><span class=\"_fadeIn_m1hgl_8\">del <\/span><span class=\"_fadeIn_m1hgl_8\">barri <\/span><span class=\"_fadeIn_m1hgl_8\">de <\/span><span class=\"_fadeIn_m1hgl_8\">la <\/span><span class=\"_fadeIn_m1hgl_8\">Xerea.<\/span><\/p>\n<p data-start=\"523\" data-end=\"789\"><span class=\"_fadeIn_m1hgl_8\">Rodejada <\/span><span class=\"_fadeIn_m1hgl_8\">pels <\/span><strong data-start=\"537\" data-end=\"577\"><span class=\"_fadeIn_m1hgl_8\">Clavaris <\/span><span class=\"_fadeIn_m1hgl_8\">i <\/span><span class=\"_fadeIn_m1hgl_8\">Clavariesses <\/span><span class=\"_fadeIn_m1hgl_8\">de <\/span><span class=\"_fadeIn_m1hgl_8\">Sant <\/span><span class=\"_fadeIn_m1hgl_8\">Bult<\/span><\/strong><span class=\"_fadeIn_m1hgl_8\">, <\/span><strong data-start=\"579\" data-end=\"599\"><span class=\"_fadeIn_m1hgl_8\">D\u00f1a. <\/span><span class=\"_fadeIn_m1hgl_8\">Madel <\/span><span class=\"_fadeIn_m1hgl_8\">V\u00e9lez<\/span><\/strong> <span class=\"_fadeIn_m1hgl_8\">visqu\u00e9 <\/span><span class=\"_fadeIn_m1hgl_8\">un <\/span><span class=\"_fadeIn_m1hgl_8\">acte <\/span><span class=\"_fadeIn_m1hgl_8\">carregat <\/span><span class=\"_fadeIn_m1hgl_8\">d\u2019emoci\u00f3 <\/span><span class=\"_fadeIn_m1hgl_8\">i <\/span><span class=\"_fadeIn_m1hgl_8\">tradici\u00f3, <\/span><span class=\"_fadeIn_m1hgl_8\">que <\/span><span class=\"_fadeIn_m1hgl_8\">marca <\/span><span class=\"_fadeIn_m1hgl_8\">oficialment <\/span><span class=\"_fadeIn_m1hgl_8\">l\u2019<\/span><strong data-start=\"669\" data-end=\"710\"><span class=\"_fadeIn_m1hgl_8\">inici <\/span><span class=\"_fadeIn_m1hgl_8\">de <\/span><span class=\"_fadeIn_m1hgl_8\">les <\/span><span class=\"_fadeIn_m1hgl_8\">Festes <\/span><span class=\"_fadeIn_m1hgl_8\">de <\/span><span class=\"_fadeIn_m1hgl_8\">Sant <\/span><span class=\"_fadeIn_m1hgl_8\">Bult <\/span><span class=\"_fadeIn_m1hgl_8\">2025<\/span><\/strong><span class=\"_fadeIn_m1hgl_8\">, <\/span><span class=\"_fadeIn_m1hgl_8\">que <\/span><span class=\"_fadeIn_m1hgl_8\">se <\/span><span class=\"_fadeIn_m1hgl_8\">celebraran <\/span><span class=\"_fadeIn_m1hgl_8\">del <\/span><strong data-start=\"734\" data-end=\"761\"><span class=\"_fadeIn_m1hgl_8\">29 <\/span><span class=\"_fadeIn_m1hgl_8\">de <\/span><span class=\"_fadeIn_m1hgl_8\">maig <\/span><span class=\"_fadeIn_m1hgl_8\">al <\/span><span class=\"_fadeIn_m1hgl_8\">2 <\/span><span class=\"_fadeIn_m1hgl_8\">de <\/span><span class=\"_fadeIn_m1hgl_8\">juny<\/span><\/strong> <span class=\"_fadeIn_m1hgl_8\">en <\/span><span class=\"_fadeIn_m1hgl_8\">el <\/span><span class=\"_fadeIn_m1hgl_8\">nostre <\/span><span class=\"_fadeIn_m1hgl_8\">estimat <\/span><span class=\"_fadeIn_m1hgl_8\">barri.<\/span><\/p>\n<p data-start=\"791\" data-end=\"1807\"><span class=\"_fadeIn_m1hgl_8\">L\u2019acte <\/span><span class=\"_fadeIn_m1hgl_8\">compt\u00e0 <\/span><span class=\"_fadeIn_m1hgl_8\">amb <\/span><span class=\"_fadeIn_m1hgl_8\">la <\/span><span class=\"_fadeIn_m1hgl_8\">pres\u00e8ncia <\/span><span class=\"_fadeIn_m1hgl_8\">de <\/span><span class=\"_fadeIn_m1hgl_8\">nombrosos <\/span><strong data-start=\"835\" data-end=\"875\"><span class=\"_fadeIn_m1hgl_8\">amics, <\/span><span class=\"_fadeIn_m1hgl_8\">ve\u00efns, <\/span><span class=\"_fadeIn_m1hgl_8\">familiars <\/span><span class=\"_fadeIn_m1hgl_8\">i <\/span><span class=\"_fadeIn_m1hgl_8\">autoritats<\/span><\/strong><span class=\"_fadeIn_m1hgl_8\">. <\/span><span class=\"_fadeIn_m1hgl_8\">Volem <\/span><span class=\"_fadeIn_m1hgl_8\">agrair <\/span><span class=\"_fadeIn_m1hgl_8\">especialment <\/span><span class=\"_fadeIn_m1hgl_8\">l\u2019assist\u00e8ncia <\/span><span class=\"_fadeIn_m1hgl_8\">de <\/span><strong data-start=\"920\" data-end=\"944\"><span class=\"_fadeIn_m1hgl_8\">D\u00f1a. <\/span><span class=\"_fadeIn_m1hgl_8\">M\u00f3nica <\/span><span class=\"_fadeIn_m1hgl_8\">Gil <\/span><span class=\"_fadeIn_m1hgl_8\">Cano<\/span><\/strong><span class=\"_fadeIn_m1hgl_8\">, <\/span><strong data-start=\"946\" data-end=\"1009\"><span class=\"_fadeIn_m1hgl_8\">Regidora <\/span><span class=\"_fadeIn_m1hgl_8\">de <\/span><span class=\"_fadeIn_m1hgl_8\">Festes <\/span><span class=\"_fadeIn_m1hgl_8\">i <\/span><span class=\"_fadeIn_m1hgl_8\">Tradicions <\/span><span class=\"_fadeIn_m1hgl_8\">de <\/span><span class=\"_fadeIn_m1hgl_8\">l\u2019Ajuntament <\/span><span class=\"_fadeIn_m1hgl_8\">de <\/span><span class=\"_fadeIn_m1hgl_8\">Val\u00e8ncia<\/span><\/strong><span class=\"_fadeIn_m1hgl_8\">, <\/span><span class=\"_fadeIn_m1hgl_8\">que <\/span><span class=\"_fadeIn_m1hgl_8\">ens <\/span><span class=\"_fadeIn_m1hgl_8\">honr\u00e0 <\/span><span class=\"_fadeIn_m1hgl_8\">amb <\/span><span class=\"_fadeIn_m1hgl_8\">la <\/span><span class=\"_fadeIn_m1hgl_8\">seua <\/span><span class=\"_fadeIn_m1hgl_8\">companyia. <\/span><span class=\"_fadeIn_m1hgl_8\">Tamb\u00e9 <\/span><span class=\"_fadeIn_m1hgl_8\">estigueren <\/span><span class=\"_fadeIn_m1hgl_8\">presents D\u00f1a. N\u00faria Llopis Borrego, Concejal de l&#8217;Ajuntament de Val\u00e8ncia, <\/span><strong data-start=\"1074\" data-end=\"1108\" data-is-only-node=\"\"><span class=\"_fadeIn_m1hgl_8\">D\u00f1a. <\/span><span class=\"_fadeIn_m1hgl_8\">M\u00aa <\/span><span class=\"_fadeIn_m1hgl_8\">Jos\u00e9 <\/span><span class=\"_fadeIn_m1hgl_8\">Llorens <\/span><span class=\"_fadeIn_m1hgl_8\">Esplugues<\/span><\/strong><span class=\"_fadeIn_m1hgl_8\">, <\/span><strong data-start=\"1110\" data-end=\"1140\"><span class=\"_fadeIn_m1hgl_8\">Molt <\/span><span class=\"_fadeIn_m1hgl_8\">Honorable <\/span><span class=\"_fadeIn_m1hgl_8\">Clavariessa<\/span><\/strong> <span class=\"_fadeIn_m1hgl_8\">en <\/span><span class=\"_fadeIn_m1hgl_8\">representaci\u00f3 <\/span><span class=\"_fadeIn_m1hgl_8\">de <\/span><span class=\"_fadeIn_m1hgl_8\">la <\/span><strong data-start=\"1164\" data-end=\"1186\"><span class=\"_fadeIn_m1hgl_8\">Junta <\/span><span class=\"_fadeIn_m1hgl_8\">de <\/span><span class=\"_fadeIn_m1hgl_8\">Vicentins<\/span><\/strong><span class=\"_fadeIn_m1hgl_8\">, <\/span><span class=\"_fadeIn_m1hgl_8\">al <\/span><span class=\"_fadeIn_m1hgl_8\">costat <\/span><span class=\"_fadeIn_m1hgl_8\">de <\/span><strong data-start=\"1201\" data-end=\"1224\"><span class=\"_fadeIn_m1hgl_8\">D. <\/span><span class=\"_fadeIn_m1hgl_8\">Antonio <\/span><span class=\"_fadeIn_m1hgl_8\">Alpuente<\/span><\/strong><span class=\"_fadeIn_m1hgl_8\">, <\/span><strong data-start=\"1226\" data-end=\"1273\"><span class=\"_fadeIn_m1hgl_8\">Vicepresident <\/span><span class=\"_fadeIn_m1hgl_8\">de <\/span><span class=\"_fadeIn_m1hgl_8\">la <\/span><span class=\"_fadeIn_m1hgl_8\">Junta <\/span><span class=\"_fadeIn_m1hgl_8\">Central <\/span><span class=\"_fadeIn_m1hgl_8\">Vicentina<\/span><\/strong><span class=\"_fadeIn_m1hgl_8\">, <\/span><span class=\"_fadeIn_m1hgl_8\">i <\/span><strong data-start=\"1277\" data-end=\"1296\"><span class=\"_fadeIn_m1hgl_8\">D. <\/span><span class=\"_fadeIn_m1hgl_8\">Carlos <\/span><span class=\"_fadeIn_m1hgl_8\">Gen\u00eds<\/span><\/strong><span class=\"_fadeIn_m1hgl_8\">, <\/span><strong data-start=\"1298\" data-end=\"1358\"><span class=\"_fadeIn_m1hgl_8\">President <\/span><span class=\"_fadeIn_m1hgl_8\">de <\/span><span class=\"_fadeIn_m1hgl_8\">la <\/span><span class=\"_fadeIn_m1hgl_8\">Junta <\/span><span class=\"_fadeIn_m1hgl_8\">Major <\/span><span class=\"_fadeIn_m1hgl_8\">de <\/span><span class=\"_fadeIn_m1hgl_8\">la <\/span><span class=\"_fadeIn_m1hgl_8\">Setmana <\/span><span class=\"_fadeIn_m1hgl_8\">Santa <\/span><span class=\"_fadeIn_m1hgl_8\">Marinera<\/span><\/strong><span class=\"_fadeIn_m1hgl_8\">, <\/span><span class=\"_fadeIn_m1hgl_8\">la <\/span><span class=\"_fadeIn_m1hgl_8\">pres\u00e8ncia <\/span><span class=\"_fadeIn_m1hgl_8\">del <\/span><span class=\"_fadeIn_m1hgl_8\">qual <\/span><span class=\"_fadeIn_m1hgl_8\">valorem <\/span><span class=\"_fadeIn_m1hgl_8\">profundament. <\/span><span class=\"_fadeIn_m1hgl_8\">A <\/span><span class=\"_fadeIn_m1hgl_8\">m\u00e9s, <\/span><span class=\"_fadeIn_m1hgl_8\">agra\u00efm <\/span><span class=\"_fadeIn_m1hgl_8\">la <\/span><span class=\"_fadeIn_m1hgl_8\">pres\u00e8ncia <\/span><span class=\"_fadeIn_m1hgl_8\">de <\/span><strong data-start=\"1434\" data-end=\"1456\"><span class=\"_fadeIn_m1hgl_8\">D\u00f1a. <\/span><span class=\"_fadeIn_m1hgl_8\">M\u00aa <\/span><span class=\"_fadeIn_m1hgl_8\">Jos\u00e9 <\/span><span class=\"_fadeIn_m1hgl_8\">Dami\u00e1<\/span><\/strong><span class=\"_fadeIn_m1hgl_8\">, <\/span><strong data-start=\"1458\" data-end=\"1565\"><span class=\"_fadeIn_m1hgl_8\">Presidenta <\/span><span class=\"_fadeIn_m1hgl_8\">dels <\/span><span class=\"_fadeIn_m1hgl_8\">nostres <\/span><span class=\"_fadeIn_m1hgl_8\">amics <\/span><span class=\"_fadeIn_m1hgl_8\">del <\/span><span class=\"_fadeIn_m1hgl_8\">Cabanyal, <\/span><span class=\"_fadeIn_m1hgl_8\">La <\/span><span class=\"_fadeIn_m1hgl_8\">Reial <\/span><span class=\"_fadeIn_m1hgl_8\">Germandat <\/span><span class=\"_fadeIn_m1hgl_8\">de <\/span><span class=\"_fadeIn_m1hgl_8\">Jes\u00fas <\/span><span class=\"_fadeIn_m1hgl_8\">amb <\/span><span class=\"_fadeIn_m1hgl_8\">la <\/span><span class=\"_fadeIn_m1hgl_8\">Creu <\/span><span class=\"_fadeIn_m1hgl_8\">i <\/span><span class=\"_fadeIn_m1hgl_8\">Crist <\/span><span class=\"_fadeIn_m1hgl_8\">Ressuscitat<\/span><\/strong><span class=\"_fadeIn_m1hgl_8\">, <\/span><span class=\"_fadeIn_m1hgl_8\">la <\/span><span class=\"_fadeIn_m1hgl_8\">companyia <\/span><span class=\"_fadeIn_m1hgl_8\">de <\/span><span class=\"_fadeIn_m1hgl_8\">la <\/span><span class=\"_fadeIn_m1hgl_8\">qual <\/span><span class=\"_fadeIn_m1hgl_8\">sempre <\/span><span class=\"_fadeIn_m1hgl_8\">\u00e9s <\/span><span class=\"_fadeIn_m1hgl_8\">motiu <\/span><span class=\"_fadeIn_m1hgl_8\">d\u2019alegria <\/span><span class=\"_fadeIn_m1hgl_8\">i <\/span><span class=\"_fadeIn_m1hgl_8\">germanor. <\/span><span class=\"_fadeIn_m1hgl_8\">No <\/span><span class=\"_fadeIn_m1hgl_8\">volem <\/span><span class=\"_fadeIn_m1hgl_8\">deixar <\/span><span class=\"_fadeIn_m1hgl_8\">d\u2019esmentar <\/span><span class=\"_fadeIn_m1hgl_8\">i <\/span><span class=\"_fadeIn_m1hgl_8\">agrair <\/span><span class=\"_fadeIn_m1hgl_8\">tamb\u00e9 <\/span><span class=\"_fadeIn_m1hgl_8\">a <\/span><strong data-start=\"1673\" data-end=\"1693\"><span class=\"_fadeIn_m1hgl_8\">D\u00f1a. <\/span><span class=\"_fadeIn_m1hgl_8\">Pepa <\/span><span class=\"_fadeIn_m1hgl_8\">Benito<\/span><\/strong><span class=\"_fadeIn_m1hgl_8\">, <\/span><strong data-start=\"1695\" data-end=\"1734\"><span class=\"_fadeIn_m1hgl_8\">Presidenta <\/span><span class=\"_fadeIn_m1hgl_8\">del <\/span><span class=\"_fadeIn_m1hgl_8\">Grup <\/span><span class=\"_fadeIn_m1hgl_8\">de <\/span><span class=\"_fadeIn_m1hgl_8\">Clavariesses<\/span><\/strong><span class=\"_fadeIn_m1hgl_8\">, <\/span><span class=\"_fadeIn_m1hgl_8\">i <\/span><span class=\"_fadeIn_m1hgl_8\">a <\/span><span class=\"_fadeIn_m1hgl_8\">tota <\/span><span class=\"_fadeIn_m1hgl_8\">la <\/span><span class=\"_fadeIn_m1hgl_8\">seua <\/span><span class=\"_fadeIn_m1hgl_8\">junta, <\/span><span class=\"_fadeIn_m1hgl_8\">per <\/span><span class=\"_fadeIn_m1hgl_8\">acompanyar-<\/span><span class=\"_fadeIn_m1hgl_8\">nos <\/span><span class=\"_fadeIn_m1hgl_8\">en <\/span><span class=\"_fadeIn_m1hgl_8\">una <\/span><span class=\"_fadeIn_m1hgl_8\">vetlada <\/span><span class=\"_fadeIn_m1hgl_8\">tan <\/span><span class=\"_fadeIn_m1hgl_8\">especial.<\/span><\/p>\n<p data-start=\"1809\" data-end=\"2081\"><span class=\"_fadeIn_m1hgl_8\">El <\/span><span class=\"_fadeIn_m1hgl_8\">nostre <\/span><span class=\"_fadeIn_m1hgl_8\">m\u00e9s <\/span><span class=\"_fadeIn_m1hgl_8\">sincer <\/span><span class=\"_fadeIn_m1hgl_8\">agra\u00efment <\/span><span class=\"_fadeIn_m1hgl_8\">als <\/span><strong data-start=\"1844\" data-end=\"1893\"><span class=\"_fadeIn_m1hgl_8\">Clavaris <\/span><span class=\"_fadeIn_m1hgl_8\">Majors <\/span><span class=\"_fadeIn_m1hgl_8\">de <\/span><span class=\"_fadeIn_m1hgl_8\">la <\/span><span class=\"_fadeIn_m1hgl_8\">Festa <\/span><span class=\"_fadeIn_m1hgl_8\">de <\/span><span class=\"_fadeIn_m1hgl_8\">Sant <\/span><span class=\"_fadeIn_m1hgl_8\">Bult <\/span><span class=\"_fadeIn_m1hgl_8\">2024<\/span><\/strong><span class=\"_fadeIn_m1hgl_8\">, <\/span><strong data-start=\"1895\" data-end=\"1939\"><span class=\"_fadeIn_m1hgl_8\">D. <\/span><span class=\"_fadeIn_m1hgl_8\">Antonio <\/span><span class=\"_fadeIn_m1hgl_8\">Mart\u00ednez <\/span><span class=\"_fadeIn_m1hgl_8\">i <\/span><span class=\"_fadeIn_m1hgl_8\">D\u00f1a. <\/span><span class=\"_fadeIn_m1hgl_8\">Yolanda <\/span><span class=\"_fadeIn_m1hgl_8\">P\u00e9rez<\/span><\/strong><span class=\"_fadeIn_m1hgl_8\">, <\/span><span class=\"_fadeIn_m1hgl_8\">que <\/span><span class=\"_fadeIn_m1hgl_8\">s\u2019acomiadaren <\/span><span class=\"_fadeIn_m1hgl_8\">amb <\/span><span class=\"_fadeIn_m1hgl_8\">molt <\/span><span class=\"_fadeIn_m1hgl_8\">de <\/span><span class=\"_fadeIn_m1hgl_8\">carinyo <\/span><span class=\"_fadeIn_m1hgl_8\">de <\/span><span class=\"_fadeIn_m1hgl_8\">la <\/span><span class=\"_fadeIn_m1hgl_8\">nostra <\/span><span class=\"_fadeIn_m1hgl_8\">festa <\/span><span class=\"_fadeIn_m1hgl_8\">com <\/span><span class=\"_fadeIn_m1hgl_8\">a <\/span><span class=\"_fadeIn_m1hgl_8\">m\u00e0xims <\/span><span class=\"_fadeIn_m1hgl_8\">representants, <\/span><span class=\"_fadeIn_m1hgl_8\">deixant <\/span><span class=\"_fadeIn_m1hgl_8\">una <\/span><span class=\"_fadeIn_m1hgl_8\">empremta <\/span><span class=\"_fadeIn_m1hgl_8\">inesborrable <\/span><span class=\"_fadeIn_m1hgl_8\">en <\/span><span class=\"_fadeIn_m1hgl_8\">este <\/span><span class=\"_fadeIn_m1hgl_8\">cicle <\/span><span class=\"_fadeIn_m1hgl_8\">festiu.<\/span><\/p>\n<p data-start=\"2083\" data-end=\"2382\"><span class=\"_fadeIn_m1hgl_8\">La <\/span><span class=\"_fadeIn_m1hgl_8\">presidenta <\/span><strong data-start=\"2097\" data-end=\"2114\"><span class=\"_fadeIn_m1hgl_8\">Paula <\/span><span class=\"_fadeIn_m1hgl_8\">Bellido<\/span><\/strong><span class=\"_fadeIn_m1hgl_8\">, <\/span><span class=\"_fadeIn_m1hgl_8\">amb <\/span><span class=\"_fadeIn_m1hgl_8\">les <\/span><span class=\"_fadeIn_m1hgl_8\">seues <\/span><span class=\"_fadeIn_m1hgl_8\">paraules, <\/span><span class=\"_fadeIn_m1hgl_8\">desvetll\u00e0 <\/span><span class=\"_fadeIn_m1hgl_8\">diverses <\/span><span class=\"_fadeIn_m1hgl_8\">de <\/span><span class=\"_fadeIn_m1hgl_8\">les <\/span><span class=\"_fadeIn_m1hgl_8\">sorpreses <\/span><span class=\"_fadeIn_m1hgl_8\">de <\/span><span class=\"_fadeIn_m1hgl_8\">la <\/span><span class=\"_fadeIn_m1hgl_8\">nit <\/span><span class=\"_fadeIn_m1hgl_8\">i <\/span><span class=\"_fadeIn_m1hgl_8\">atorg\u00e0 <\/span><span class=\"_fadeIn_m1hgl_8\">el <\/span><strong data-start=\"2198\" data-end=\"2253\"><span class=\"_fadeIn_m1hgl_8\">reconeixement <\/span><span class=\"_fadeIn_m1hgl_8\">al <\/span><span class=\"_fadeIn_m1hgl_8\">President <\/span><span class=\"_fadeIn_m1hgl_8\">D. <\/span><span class=\"_fadeIn_m1hgl_8\">Francisco <\/span><span class=\"_fadeIn_m1hgl_8\">L\u00f3pez <\/span><span class=\"_fadeIn_m1hgl_8\">Moral<\/span><\/strong><span class=\"_fadeIn_m1hgl_8\">, <\/span><span class=\"_fadeIn_m1hgl_8\">amb <\/span><span class=\"_fadeIn_m1hgl_8\">motiu <\/span><span class=\"_fadeIn_m1hgl_8\">de <\/span><span class=\"_fadeIn_m1hgl_8\">la <\/span><span class=\"_fadeIn_m1hgl_8\">celebraci\u00f3 <\/span><span class=\"_fadeIn_m1hgl_8\">en <\/span><span class=\"_fadeIn_m1hgl_8\">2025 <\/span><span class=\"_fadeIn_m1hgl_8\">del <\/span><strong data-start=\"2294\" data-end=\"2325\"><span class=\"_fadeIn_m1hgl_8\">150\u00e9 <\/span><span class=\"_fadeIn_m1hgl_8\">Aniversari <\/span><span class=\"_fadeIn_m1hgl_8\">de <\/span><span class=\"_fadeIn_m1hgl_8\">la <\/span><span class=\"_fadeIn_m1hgl_8\">Falla<\/span><\/strong><span class=\"_fadeIn_m1hgl_8\">, <\/span><span class=\"_fadeIn_m1hgl_8\">i <\/span><span class=\"_fadeIn_m1hgl_8\">la <\/span><span class=\"_fadeIn_m1hgl_8\">commemoraci\u00f3 <\/span><span class=\"_fadeIn_m1hgl_8\">dels <\/span><span class=\"_fadeIn_m1hgl_8\">seus <\/span><strong data-start=\"2355\" data-end=\"2381\"><span class=\"_fadeIn_m1hgl_8\">40 <\/span><span class=\"_fadeIn_m1hgl_8\">anys <\/span><span class=\"_fadeIn_m1hgl_8\">de <\/span><span class=\"_fadeIn_m1hgl_8\">presid\u00e8ncia<\/span><\/strong><span class=\"_fadeIn_m1hgl_8\">.<\/span><\/p>\n<p data-start=\"2384\" data-end=\"2571\"><span class=\"_fadeIn_m1hgl_8\">Tamb\u00e9 <\/span><span class=\"_fadeIn_m1hgl_8\">es <\/span><span class=\"_fadeIn_m1hgl_8\">present\u00e0 <\/span><span class=\"_fadeIn_m1hgl_8\">el <\/span><strong data-start=\"2405\" data-end=\"2443\"><span class=\"_fadeIn_m1hgl_8\">cartell <\/span><span class=\"_fadeIn_m1hgl_8\">de <\/span><span class=\"_fadeIn_m1hgl_8\">les <\/span><span class=\"_fadeIn_m1hgl_8\">Festes <\/span><span class=\"_fadeIn_m1hgl_8\">de <\/span><span class=\"_fadeIn_m1hgl_8\">Sant <\/span><span class=\"_fadeIn_m1hgl_8\">Bult<\/span><\/strong><span class=\"_fadeIn_m1hgl_8\">, <\/span><span class=\"_fadeIn_m1hgl_8\">que <\/span><span class=\"_fadeIn_m1hgl_8\">fou <\/span><span class=\"_fadeIn_m1hgl_8\">descobert <\/span><span class=\"_fadeIn_m1hgl_8\">pel <\/span><strong data-start=\"2467\" data-end=\"2494\"><span class=\"_fadeIn_m1hgl_8\">pintor <\/span><span class=\"_fadeIn_m1hgl_8\">Emilio <\/span><span class=\"_fadeIn_m1hgl_8\">Rodr\u00edguez<\/span><\/strong> <span class=\"_fadeIn_m1hgl_8\">amb <\/span><span class=\"_fadeIn_m1hgl_8\">l\u2019ajuda <\/span><span class=\"_fadeIn_m1hgl_8\">de <\/span><span class=\"_fadeIn_m1hgl_8\">la <\/span><strong data-start=\"2513\" data-end=\"2570\"><span class=\"_fadeIn_m1hgl_8\">Regidora <\/span><span class=\"_fadeIn_m1hgl_8\">de <\/span><span class=\"_fadeIn_m1hgl_8\">Festes <\/span><span class=\"_fadeIn_m1hgl_8\">i <\/span><span class=\"_fadeIn_m1hgl_8\">Tradicions, <\/span><span class=\"_fadeIn_m1hgl_8\">D\u00f1a. <\/span><span class=\"_fadeIn_m1hgl_8\">M\u00f3nica <\/span><span class=\"_fadeIn_m1hgl_8\">Gil <\/span><span class=\"_fadeIn_m1hgl_8\">Cano<\/span><\/strong><span class=\"_fadeIn_m1hgl_8\">.<\/span><\/p>\n<p data-start=\"2573\" data-end=\"2814\"><span class=\"_fadeIn_m1hgl_8\">Per <\/span><span class=\"_fadeIn_m1hgl_8\">a <\/span><span class=\"_fadeIn_m1hgl_8\">tancar <\/span><span class=\"_fadeIn_m1hgl_8\">la <\/span><span class=\"_fadeIn_m1hgl_8\">vetlada, <\/span><span class=\"_fadeIn_m1hgl_8\">i <\/span><span class=\"_fadeIn_m1hgl_8\">com <\/span><span class=\"_fadeIn_m1hgl_8\">ja <\/span><span class=\"_fadeIn_m1hgl_8\">\u00e9s <\/span><span class=\"_fadeIn_m1hgl_8\">tradici\u00f3, <\/span><span class=\"_fadeIn_m1hgl_8\">l\u2019ambient <\/span><span class=\"_fadeIn_m1hgl_8\">festiu <\/span><span class=\"_fadeIn_m1hgl_8\">i <\/span><span class=\"_fadeIn_m1hgl_8\">musical <\/span><span class=\"_fadeIn_m1hgl_8\">estigu\u00e9 <\/span><span class=\"_fadeIn_m1hgl_8\">a <\/span><span class=\"_fadeIn_m1hgl_8\">c\u00e0rrec <\/span><span class=\"_fadeIn_m1hgl_8\">del <\/span><span class=\"_fadeIn_m1hgl_8\">nostre <\/span><span class=\"_fadeIn_m1hgl_8\">bon <\/span><span class=\"_fadeIn_m1hgl_8\">amic <\/span><strong data-start=\"2684\" data-end=\"2711\"><span class=\"_fadeIn_m1hgl_8\">Alonso, <\/span><span class=\"_fadeIn_m1hgl_8\">de <\/span><span class=\"_fadeIn_m1hgl_8\">TU <\/span><span class=\"_fadeIn_m1hgl_8\">FIESTA <\/span><span class=\"_fadeIn_m1hgl_8\">DJ<\/span><\/strong><span class=\"_fadeIn_m1hgl_8\">, <\/span><span class=\"_fadeIn_m1hgl_8\">qui <\/span><span class=\"_fadeIn_m1hgl_8\">una <\/span><span class=\"_fadeIn_m1hgl_8\">vegada <\/span><span class=\"_fadeIn_m1hgl_8\">m\u00e9s <\/span><span class=\"_fadeIn_m1hgl_8\">sab\u00e9 <\/span><span class=\"_fadeIn_m1hgl_8\">posar <\/span><span class=\"_fadeIn_m1hgl_8\">el <\/span><span class=\"_fadeIn_m1hgl_8\">ritme <\/span><span class=\"_fadeIn_m1hgl_8\">perfecte <\/span><span class=\"_fadeIn_m1hgl_8\">a <\/span><span class=\"_fadeIn_m1hgl_8\">la <\/span><span class=\"_fadeIn_m1hgl_8\">nit <\/span><span class=\"_fadeIn_m1hgl_8\">i <\/span><span class=\"_fadeIn_m1hgl_8\">amenitzar <\/span><span class=\"_fadeIn_m1hgl_8\">l\u2019acte <\/span><span class=\"_fadeIn_m1hgl_8\">com <\/span><span class=\"_fadeIn_m1hgl_8\">nom\u00e9s <\/span><span class=\"_fadeIn_m1hgl_8\">ell <\/span><span class=\"_fadeIn_m1hgl_8\">sap <\/span><span class=\"_fadeIn_m1hgl_8\">fer-<\/span><span class=\"_fadeIn_m1hgl_8\">ho.<\/span><\/p>\n<p data-start=\"2816\" data-end=\"2992\"><span class=\"_fadeIn_m1hgl_8\">Consulta <\/span><span class=\"_fadeIn_m1hgl_8\">el <\/span><strong data-start=\"2828\" data-end=\"2880\"><span class=\"_fadeIn_m1hgl_8\">programa <\/span><span class=\"_fadeIn_m1hgl_8\">complet <\/span><span class=\"_fadeIn_m1hgl_8\">de <\/span><span class=\"_fadeIn_m1hgl_8\">les <\/span><span class=\"_fadeIn_m1hgl_8\">Festes <\/span><span class=\"_fadeIn_m1hgl_8\">de <\/span><span class=\"_fadeIn_m1hgl_8\">Sant <\/span><span class=\"_fadeIn_m1hgl_8\">Bult <\/span><span class=\"_fadeIn_m1hgl_8\">2025<\/span><\/strong> <span class=\"_fadeIn_m1hgl_8\">en <\/span><span class=\"_fadeIn_m1hgl_8\">el <\/span><span class=\"_fadeIn_m1hgl_8\">seg\u00fcent <\/span><span class=\"_fadeIn_m1hgl_8\">enlla\u00e7:<\/span><br data-start=\"2902\" data-end=\"2905\" \/><strong data-start=\"2908\" data-end=\"2992\"><a class=\"\" href=\"https:\/\/santbult.es\/va\/programa-festes-2025\/\" target=\"_new\" rel=\"noopener\" data-start=\"2910\" data-end=\"2990\"><span class=\"_fadeIn_m1hgl_8\">Programa <\/span><span class=\"_fadeIn_m1hgl_8\">d\u2019actes <\/span><span class=\"_fadeIn_m1hgl_8\">de <\/span><span class=\"_fadeIn_m1hgl_8\">Sant <\/span><span class=\"_fadeIn_m1hgl_8\">Bult <\/span><span class=\"_fadeIn_m1hgl_8\">2025<\/span><\/a><\/strong><\/p>\n<p data-start=\"2994\" data-end=\"3186\"><span class=\"_fadeIn_m1hgl_8\">I <\/span><span class=\"_fadeIn_m1hgl_8\">per <\/span><span class=\"_fadeIn_m1hgl_8\">a <\/span><span class=\"_fadeIn_m1hgl_8\">finalitzar, <\/span><span class=\"_fadeIn_m1hgl_8\">nom\u00e9s <\/span><span class=\"_fadeIn_m1hgl_8\">ens <\/span><span class=\"_fadeIn_m1hgl_8\">queda <\/span><span class=\"_fadeIn_m1hgl_8\">dir <\/span><span class=\"_fadeIn_m1hgl_8\">que <\/span><strong data-start=\"3038\" data-end=\"3124\"><span class=\"_fadeIn_m1hgl_8\">vos <\/span><span class=\"_fadeIn_m1hgl_8\">esperem <\/span><span class=\"_fadeIn_m1hgl_8\">a <\/span><span class=\"_fadeIn_m1hgl_8\">totes <\/span><span class=\"_fadeIn_m1hgl_8\">i <\/span><span class=\"_fadeIn_m1hgl_8\">tots <\/span><span class=\"_fadeIn_m1hgl_8\">en <\/span><span class=\"_fadeIn_m1hgl_8\">les <\/span><span class=\"_fadeIn_m1hgl_8\">Festes <\/span><span class=\"_fadeIn_m1hgl_8\">de <\/span><span class=\"_fadeIn_m1hgl_8\">Sant <\/span><span class=\"_fadeIn_m1hgl_8\">Bult <\/span><span class=\"_fadeIn_m1hgl_8\">2025 <\/span><span class=\"_fadeIn_m1hgl_8\">en <\/span><span class=\"_fadeIn_m1hgl_8\">el <\/span><span class=\"_fadeIn_m1hgl_8\">barri <\/span><span class=\"_fadeIn_m1hgl_8\">de <\/span><span class=\"_fadeIn_m1hgl_8\">la <\/span><span class=\"_fadeIn_m1hgl_8\">Xerea<\/span><\/strong><span class=\"_fadeIn_m1hgl_8\">, <\/span><span class=\"_fadeIn_m1hgl_8\">perqu\u00e8 <\/span><strong data-start=\"3133\" data-end=\"3185\"><span class=\"_fadeIn_m1hgl_8\">som <\/span><span class=\"_fadeIn_m1hgl_8\">la <\/span><span class=\"_fadeIn_m1hgl_8\">festa <\/span><span class=\"_fadeIn_m1hgl_8\">m\u00e9s <\/span><span class=\"_fadeIn_m1hgl_8\">antiga <\/span><span class=\"_fadeIn_m1hgl_8\">de <\/span><span class=\"_fadeIn_m1hgl_8\">la <\/span><span class=\"_fadeIn_m1hgl_8\">ciutat <\/span><span class=\"_fadeIn_m1hgl_8\">de <\/span><span class=\"_fadeIn_m1hgl_8\">Val\u00e8ncia<\/span><\/strong><span class=\"_fadeIn_m1hgl_8\">.<\/span><\/p>\n<p>[\/vc_column_text][\/vc_column][\/vc_row][vc_row][vc_column width=&#8221;1\/2&#8243;][vc_single_image image=&#8221;15821&#8243; img_size=&#8221;full&#8221; alignment=&#8221;center&#8221; css=&#8221;&#8221;][\/vc_column][vc_column width=&#8221;1\/2&#8243;][vc_single_image image=&#8221;15823&#8243; img_size=&#8221;full&#8221; alignment=&#8221;center&#8221; css=&#8221;&#8221;][\/vc_column][\/vc_row][vc_row][vc_column][vc_single_image image=&#8221;15825&#8243; img_size=&#8221;full&#8221; alignment=&#8221;center&#8221; css=&#8221;&#8221;][\/vc_column][\/vc_row][vc_row][vc_column width=&#8221;1\/2&#8243;][vc_single_image image=&#8221;15827&#8243; img_size=&#8221;full&#8221; alignment=&#8221;center&#8221; css=&#8221;&#8221;][\/vc_column][vc_column width=&#8221;1\/2&#8243;][vc_single_image image=&#8221;15831&#8243; img_size=&#8221;full&#8221; alignment=&#8221;center&#8221; css=&#8221;&#8221;][\/vc_column][\/vc_row][vc_row][vc_column width=&#8221;1\/6&#8243;][\/vc_column][vc_column width=&#8221;2\/3&#8243;][vc_raw_html css=&#8221;&#8221;]JTNDaWZyYW1lJTIwc3JjJTNEJTIyaHR0cHMlM0ElMkYlMkZ3d3cuZmFjZWJvb2suY29tJTJGcGx1Z2lucyUyRnBvc3QucGhwJTNGaHJlZiUzRGh0dHBzJTI1M0ElMjUyRiUyNTJGd3d3LmZhY2Vib29rLmNvbSUyNTJGc2FudGJ1bHQlMjUyRnBvc3RzJTI1MkYxMTI4OTEwNjgyNjE0MTYyJTI2c2hvd190ZXh0JTNEdHJ1ZSUyNndpZHRoJTNENTAwJTIyJTIwd2lkdGglM0QlMjI1MDAlMjIlMjBoZWlnaHQlM0QlMjI1NjklMjIlMjBzdHlsZSUzRCUyMmJvcmRlciUzQW5vbmUlM0JvdmVyZmxvdyUzQWhpZGRlbiUyMiUyMHNjcm9sbGluZyUzRCUyMm5vJTIyJTIwZnJhbWVib3JkZXIlM0QlMjIwJTIyJTIwYWxsb3dmdWxsc2NyZWVuJTNEJTIydHJ1ZSUyMiUyMGFsbG93JTNEJTIyYXV0b3BsYXklM0IlMjBjbGlwYm9hcmQtd3JpdGUlM0IlMjBlbmNyeXB0ZWQtbWVkaWElM0IlMjBwaWN0dXJlLWluLXBpY3R1cmUlM0IlMjB3ZWItc2hhcmUlMjIlM0UlM0MlMkZpZnJhbWUlM0U=[\/vc_raw_html][\/vc_column][vc_column width=&#8221;1\/6&#8243;][\/vc_column][\/vc_row]<\/p>\n<\/div>","protected":false},"excerpt":{"rendered":"<p>SANT BULT | L\u2019exaltaci\u00f3 de la Clavariessa Major de Sant Bult 2025, D\u00f1a. Madel V\u00e9lez, marca l\u2019inici oficial de la festa m\u00e9s antiga de Val\u00e8ncia.<\/p>\n<p>#SantBult #SantBult2025 #Exaltacion #ClavariesaMayor2025<\/p>\n","protected":false},"author":1,"featured_media":15820,"comment_status":"closed","ping_status":"closed","sticky":false,"template":"","format":"standard","meta":{"footnotes":""},"categories":[781,177,493],"tags":[],"class_list":["post-15835","post","type-post","status-publish","format-standard","has-post-thumbnail","hentry","category-2025-archiu-historic","category-archiu-historic","category-inici"],"yoast_head":"<!-- This site is optimized with the Yoast SEO Premium plugin v24.8 (Yoast SEO v27.4) - https:\/\/yoast.com\/product\/yoast-seo-premium-wordpress\/ -->\n<title>Sant Bult 2025 comen\u00e7a amb l\u2019exaltaci\u00f3 de la seua Clavariessa - Festes de Sant Bult \u2013 La Xerea<\/title>\n<meta name=\"description\" content=\"L\u2019exaltaci\u00f3 de la Clavariessa Major de Sant Bult 2025, D\u00f1a. Madel V\u00e9lez, marca l\u2019inici oficial de la festa m\u00e9s antiga de Val\u00e8ncia.\" \/>\n<meta name=\"robots\" content=\"index, follow, max-snippet:-1, max-image-preview:large, max-video-preview:-1\" \/>\n<link rel=\"canonical\" href=\"https:\/\/santbult.es\/va\/sant-bult-2025-comenca-amb-lexaltacio-de-la-seua-clavariessa\/\" \/>\n<meta property=\"og:locale\" content=\"en_US\" \/>\n<meta property=\"og:type\" content=\"article\" \/>\n<meta property=\"og:title\" content=\"Sant Bult 2025 comen\u00e7a amb l\u2019exaltaci\u00f3 de la seua Clavariessa\" \/>\n<meta property=\"og:description\" content=\"Festes de Sant Bult \u2013 La Xerea\" \/>\n<meta property=\"og:url\" content=\"https:\/\/santbult.es\/va\/sant-bult-2025-comenca-amb-lexaltacio-de-la-seua-clavariessa\/\" \/>\n<meta property=\"og:site_name\" content=\"Festes de Sant Bult \u2013 La Xerea\" \/>\n<meta property=\"article:publisher\" content=\"https:\/\/www.facebook.com\/santbult\" \/>\n<meta property=\"article:published_time\" content=\"2025-05-16T20:03:37+00:00\" \/>\n<meta property=\"article:modified_time\" content=\"2025-05-24T14:02:33+00:00\" \/>\n<meta property=\"og:image\" content=\"https:\/\/santbult.es\/wp-content\/uploads\/2025\/05\/Exaltacion-Sant-Bult-25-97-scaled.jpg\" \/>\n\t<meta property=\"og:image:width\" content=\"2560\" \/>\n\t<meta property=\"og:image:height\" content=\"1696\" \/>\n\t<meta property=\"og:image:type\" content=\"image\/jpeg\" \/>\n<meta name=\"author\" content=\"santbult\" \/>\n<meta name=\"twitter:card\" content=\"summary_large_image\" \/>\n<meta name=\"twitter:creator\" content=\"@sant_bult\" \/>\n<meta name=\"twitter:site\" content=\"@sant_bult\" \/>\n<meta name=\"twitter:label1\" content=\"Written by\" \/>\n\t<meta name=\"twitter:data1\" content=\"santbult\" \/>\n\t<meta name=\"twitter:label2\" content=\"Est. reading time\" \/>\n\t<meta name=\"twitter:data2\" content=\"4 minutes\" \/>\n<script type=\"application\/ld+json\" class=\"yoast-schema-graph\">{\"@context\":\"https:\\\/\\\/schema.org\",\"@graph\":[{\"@type\":\"Article\",\"@id\":\"https:\\\/\\\/santbult.es\\\/va\\\/sant-bult-2025-comenca-amb-lexaltacio-de-la-seua-clavariessa\\\/#article\",\"isPartOf\":{\"@id\":\"https:\\\/\\\/santbult.es\\\/va\\\/sant-bult-2025-comenca-amb-lexaltacio-de-la-seua-clavariessa\\\/\"},\"author\":{\"name\":\"santbult\",\"@id\":\"https:\\\/\\\/santbult.es\\\/#\\\/schema\\\/person\\\/a2291a6450b44bc876c6fe81b146f15d\"},\"headline\":\"Sant Bult 2025 comen\u00e7a amb l\u2019exaltaci\u00f3 de la seua Clavariessa\",\"datePublished\":\"2025-05-16T20:03:37+00:00\",\"dateModified\":\"2025-05-24T14:02:33+00:00\",\"mainEntityOfPage\":{\"@id\":\"https:\\\/\\\/santbult.es\\\/va\\\/sant-bult-2025-comenca-amb-lexaltacio-de-la-seua-clavariessa\\\/\"},\"wordCount\":806,\"publisher\":{\"@id\":\"https:\\\/\\\/santbult.es\\\/#organization\"},\"image\":{\"@id\":\"https:\\\/\\\/santbult.es\\\/va\\\/sant-bult-2025-comenca-amb-lexaltacio-de-la-seua-clavariessa\\\/#primaryimage\"},\"thumbnailUrl\":\"https:\\\/\\\/santbult.es\\\/wp-content\\\/uploads\\\/2025\\\/05\\\/Exaltacion-Sant-Bult-25-97-scaled.jpg\",\"articleSection\":[\"2025\",\"Archiu Hist\u00f2ric\",\"Inici\"],\"inLanguage\":\"val\"},{\"@type\":\"WebPage\",\"@id\":\"https:\\\/\\\/santbult.es\\\/va\\\/sant-bult-2025-comenca-amb-lexaltacio-de-la-seua-clavariessa\\\/\",\"url\":\"https:\\\/\\\/santbult.es\\\/va\\\/sant-bult-2025-comenca-amb-lexaltacio-de-la-seua-clavariessa\\\/\",\"name\":\"Sant Bult 2025 comen\u00e7a amb l\u2019exaltaci\u00f3 de la seua Clavariessa - Festes de Sant Bult \u2013 La Xerea\",\"isPartOf\":{\"@id\":\"https:\\\/\\\/santbult.es\\\/#website\"},\"primaryImageOfPage\":{\"@id\":\"https:\\\/\\\/santbult.es\\\/va\\\/sant-bult-2025-comenca-amb-lexaltacio-de-la-seua-clavariessa\\\/#primaryimage\"},\"image\":{\"@id\":\"https:\\\/\\\/santbult.es\\\/va\\\/sant-bult-2025-comenca-amb-lexaltacio-de-la-seua-clavariessa\\\/#primaryimage\"},\"thumbnailUrl\":\"https:\\\/\\\/santbult.es\\\/wp-content\\\/uploads\\\/2025\\\/05\\\/Exaltacion-Sant-Bult-25-97-scaled.jpg\",\"datePublished\":\"2025-05-16T20:03:37+00:00\",\"dateModified\":\"2025-05-24T14:02:33+00:00\",\"description\":\"L\u2019exaltaci\u00f3 de la Clavariessa Major de Sant Bult 2025, D\u00f1a. Madel V\u00e9lez, marca l\u2019inici oficial de la festa m\u00e9s antiga de Val\u00e8ncia.\",\"breadcrumb\":{\"@id\":\"https:\\\/\\\/santbult.es\\\/va\\\/sant-bult-2025-comenca-amb-lexaltacio-de-la-seua-clavariessa\\\/#breadcrumb\"},\"inLanguage\":\"val\",\"potentialAction\":[{\"@type\":\"ReadAction\",\"target\":[\"https:\\\/\\\/santbult.es\\\/va\\\/sant-bult-2025-comenca-amb-lexaltacio-de-la-seua-clavariessa\\\/\"]}]},{\"@type\":\"ImageObject\",\"inLanguage\":\"val\",\"@id\":\"https:\\\/\\\/santbult.es\\\/va\\\/sant-bult-2025-comenca-amb-lexaltacio-de-la-seua-clavariessa\\\/#primaryimage\",\"url\":\"https:\\\/\\\/santbult.es\\\/wp-content\\\/uploads\\\/2025\\\/05\\\/Exaltacion-Sant-Bult-25-97-scaled.jpg\",\"contentUrl\":\"https:\\\/\\\/santbult.es\\\/wp-content\\\/uploads\\\/2025\\\/05\\\/Exaltacion-Sant-Bult-25-97-scaled.jpg\",\"width\":2560,\"height\":1696},{\"@type\":\"BreadcrumbList\",\"@id\":\"https:\\\/\\\/santbult.es\\\/va\\\/sant-bult-2025-comenca-amb-lexaltacio-de-la-seua-clavariessa\\\/#breadcrumb\",\"itemListElement\":[{\"@type\":\"ListItem\",\"position\":1,\"name\":\"Archiu Hist\u00f2ric\",\"item\":\"https:\\\/\\\/santbult.es\\\/va\\\/category\\\/archiu-historic\\\/\"},{\"@type\":\"ListItem\",\"position\":2,\"name\":\"2025\",\"item\":\"https:\\\/\\\/santbult.es\\\/va\\\/category\\\/archiu-historic\\\/2025-archiu-historic\\\/\"},{\"@type\":\"ListItem\",\"position\":3,\"name\":\"Sant Bult 2025 comen\u00e7a amb l\u2019exaltaci\u00f3 de la seua Clavariessa\"}]},{\"@type\":\"WebSite\",\"@id\":\"https:\\\/\\\/santbult.es\\\/#website\",\"url\":\"https:\\\/\\\/santbult.es\\\/\",\"name\":\"Festes de Sant Bult \u2013 La Xerea\",\"description\":\"B\u00e9 Rellev\u00e0ncia Local Immaterial\",\"publisher\":{\"@id\":\"https:\\\/\\\/santbult.es\\\/#organization\"},\"potentialAction\":[{\"@type\":\"SearchAction\",\"target\":{\"@type\":\"EntryPoint\",\"urlTemplate\":\"https:\\\/\\\/santbult.es\\\/?s={search_term_string}\"},\"query-input\":{\"@type\":\"PropertyValueSpecification\",\"valueRequired\":true,\"valueName\":\"search_term_string\"}}],\"inLanguage\":\"val\"},{\"@type\":\"Organization\",\"@id\":\"https:\\\/\\\/santbult.es\\\/#organization\",\"name\":\"Sant Bult\",\"url\":\"https:\\\/\\\/santbult.es\\\/\",\"logo\":{\"@type\":\"ImageObject\",\"inLanguage\":\"val\",\"@id\":\"https:\\\/\\\/santbult.es\\\/#\\\/schema\\\/logo\\\/image\\\/\",\"url\":\"https:\\\/\\\/santbult.es\\\/wp-content\\\/uploads\\\/2019\\\/04\\\/mini-sant-bult.png\",\"contentUrl\":\"https:\\\/\\\/santbult.es\\\/wp-content\\\/uploads\\\/2019\\\/04\\\/mini-sant-bult.png\",\"width\":330,\"height\":330,\"caption\":\"Sant Bult\"},\"image\":{\"@id\":\"https:\\\/\\\/santbult.es\\\/#\\\/schema\\\/logo\\\/image\\\/\"},\"sameAs\":[\"https:\\\/\\\/www.facebook.com\\\/santbult\",\"https:\\\/\\\/x.com\\\/sant_bult\",\"https:\\\/\\\/www.instagram.com\\\/sant_bult\\\/\",\"https:\\\/\\\/www.youtube.com\\\/channel\\\/UCViTQedoyMvyMj-pAq4doMA\"]},{\"@type\":\"Person\",\"@id\":\"https:\\\/\\\/santbult.es\\\/#\\\/schema\\\/person\\\/a2291a6450b44bc876c6fe81b146f15d\",\"name\":\"santbult\",\"image\":{\"@type\":\"ImageObject\",\"inLanguage\":\"val\",\"@id\":\"https:\\\/\\\/secure.gravatar.com\\\/avatar\\\/946e8694005d0bd75998ba9f0cf5ce2939c3dc003df972082147d2a625f3837d?s=96&d=mm&r=g\",\"url\":\"https:\\\/\\\/secure.gravatar.com\\\/avatar\\\/946e8694005d0bd75998ba9f0cf5ce2939c3dc003df972082147d2a625f3837d?s=96&d=mm&r=g\",\"contentUrl\":\"https:\\\/\\\/secure.gravatar.com\\\/avatar\\\/946e8694005d0bd75998ba9f0cf5ce2939c3dc003df972082147d2a625f3837d?s=96&d=mm&r=g\",\"caption\":\"santbult\"},\"sameAs\":[\"https:\\\/\\\/santbult.es\"]}]}<\/script>\n<!-- \/ Yoast SEO Premium plugin. -->","yoast_head_json":{"title":"Sant Bult 2025 comen\u00e7a amb l\u2019exaltaci\u00f3 de la seua Clavariessa - Festes de Sant Bult \u2013 La Xerea","description":"L\u2019exaltaci\u00f3 de la Clavariessa Major de Sant Bult 2025, D\u00f1a. Madel V\u00e9lez, marca l\u2019inici oficial de la festa m\u00e9s antiga de Val\u00e8ncia.","robots":{"index":"index","follow":"follow","max-snippet":"max-snippet:-1","max-image-preview":"max-image-preview:large","max-video-preview":"max-video-preview:-1"},"canonical":"https:\/\/santbult.es\/va\/sant-bult-2025-comenca-amb-lexaltacio-de-la-seua-clavariessa\/","og_locale":"en_US","og_type":"article","og_title":"Sant Bult 2025 comen\u00e7a amb l\u2019exaltaci\u00f3 de la seua Clavariessa","og_description":"Festes de Sant Bult \u2013 La Xerea","og_url":"https:\/\/santbult.es\/va\/sant-bult-2025-comenca-amb-lexaltacio-de-la-seua-clavariessa\/","og_site_name":"Festes de Sant Bult \u2013 La Xerea","article_publisher":"https:\/\/www.facebook.com\/santbult","article_published_time":"2025-05-16T20:03:37+00:00","article_modified_time":"2025-05-24T14:02:33+00:00","og_image":[{"width":2560,"height":1696,"url":"https:\/\/santbult.es\/wp-content\/uploads\/2025\/05\/Exaltacion-Sant-Bult-25-97-scaled.jpg","type":"image\/jpeg"}],"author":"santbult","twitter_card":"summary_large_image","twitter_creator":"@sant_bult","twitter_site":"@sant_bult","twitter_misc":{"Written by":"santbult","Est. reading time":"4 minutes"},"schema":{"@context":"https:\/\/schema.org","@graph":[{"@type":"Article","@id":"https:\/\/santbult.es\/va\/sant-bult-2025-comenca-amb-lexaltacio-de-la-seua-clavariessa\/#article","isPartOf":{"@id":"https:\/\/santbult.es\/va\/sant-bult-2025-comenca-amb-lexaltacio-de-la-seua-clavariessa\/"},"author":{"name":"santbult","@id":"https:\/\/santbult.es\/#\/schema\/person\/a2291a6450b44bc876c6fe81b146f15d"},"headline":"Sant Bult 2025 comen\u00e7a amb l\u2019exaltaci\u00f3 de la seua Clavariessa","datePublished":"2025-05-16T20:03:37+00:00","dateModified":"2025-05-24T14:02:33+00:00","mainEntityOfPage":{"@id":"https:\/\/santbult.es\/va\/sant-bult-2025-comenca-amb-lexaltacio-de-la-seua-clavariessa\/"},"wordCount":806,"publisher":{"@id":"https:\/\/santbult.es\/#organization"},"image":{"@id":"https:\/\/santbult.es\/va\/sant-bult-2025-comenca-amb-lexaltacio-de-la-seua-clavariessa\/#primaryimage"},"thumbnailUrl":"https:\/\/santbult.es\/wp-content\/uploads\/2025\/05\/Exaltacion-Sant-Bult-25-97-scaled.jpg","articleSection":["2025","Archiu Hist\u00f2ric","Inici"],"inLanguage":"val"},{"@type":"WebPage","@id":"https:\/\/santbult.es\/va\/sant-bult-2025-comenca-amb-lexaltacio-de-la-seua-clavariessa\/","url":"https:\/\/santbult.es\/va\/sant-bult-2025-comenca-amb-lexaltacio-de-la-seua-clavariessa\/","name":"Sant Bult 2025 comen\u00e7a amb l\u2019exaltaci\u00f3 de la seua Clavariessa - Festes de Sant Bult \u2013 La Xerea","isPartOf":{"@id":"https:\/\/santbult.es\/#website"},"primaryImageOfPage":{"@id":"https:\/\/santbult.es\/va\/sant-bult-2025-comenca-amb-lexaltacio-de-la-seua-clavariessa\/#primaryimage"},"image":{"@id":"https:\/\/santbult.es\/va\/sant-bult-2025-comenca-amb-lexaltacio-de-la-seua-clavariessa\/#primaryimage"},"thumbnailUrl":"https:\/\/santbult.es\/wp-content\/uploads\/2025\/05\/Exaltacion-Sant-Bult-25-97-scaled.jpg","datePublished":"2025-05-16T20:03:37+00:00","dateModified":"2025-05-24T14:02:33+00:00","description":"L\u2019exaltaci\u00f3 de la Clavariessa Major de Sant Bult 2025, D\u00f1a. Madel V\u00e9lez, marca l\u2019inici oficial de la festa m\u00e9s antiga de Val\u00e8ncia.","breadcrumb":{"@id":"https:\/\/santbult.es\/va\/sant-bult-2025-comenca-amb-lexaltacio-de-la-seua-clavariessa\/#breadcrumb"},"inLanguage":"val","potentialAction":[{"@type":"ReadAction","target":["https:\/\/santbult.es\/va\/sant-bult-2025-comenca-amb-lexaltacio-de-la-seua-clavariessa\/"]}]},{"@type":"ImageObject","inLanguage":"val","@id":"https:\/\/santbult.es\/va\/sant-bult-2025-comenca-amb-lexaltacio-de-la-seua-clavariessa\/#primaryimage","url":"https:\/\/santbult.es\/wp-content\/uploads\/2025\/05\/Exaltacion-Sant-Bult-25-97-scaled.jpg","contentUrl":"https:\/\/santbult.es\/wp-content\/uploads\/2025\/05\/Exaltacion-Sant-Bult-25-97-scaled.jpg","width":2560,"height":1696},{"@type":"BreadcrumbList","@id":"https:\/\/santbult.es\/va\/sant-bult-2025-comenca-amb-lexaltacio-de-la-seua-clavariessa\/#breadcrumb","itemListElement":[{"@type":"ListItem","position":1,"name":"Archiu Hist\u00f2ric","item":"https:\/\/santbult.es\/va\/category\/archiu-historic\/"},{"@type":"ListItem","position":2,"name":"2025","item":"https:\/\/santbult.es\/va\/category\/archiu-historic\/2025-archiu-historic\/"},{"@type":"ListItem","position":3,"name":"Sant Bult 2025 comen\u00e7a amb l\u2019exaltaci\u00f3 de la seua Clavariessa"}]},{"@type":"WebSite","@id":"https:\/\/santbult.es\/#website","url":"https:\/\/santbult.es\/","name":"Festes de Sant Bult \u2013 La Xerea","description":"B\u00e9 Rellev\u00e0ncia Local Immaterial","publisher":{"@id":"https:\/\/santbult.es\/#organization"},"potentialAction":[{"@type":"SearchAction","target":{"@type":"EntryPoint","urlTemplate":"https:\/\/santbult.es\/?s={search_term_string}"},"query-input":{"@type":"PropertyValueSpecification","valueRequired":true,"valueName":"search_term_string"}}],"inLanguage":"val"},{"@type":"Organization","@id":"https:\/\/santbult.es\/#organization","name":"Sant Bult","url":"https:\/\/santbult.es\/","logo":{"@type":"ImageObject","inLanguage":"val","@id":"https:\/\/santbult.es\/#\/schema\/logo\/image\/","url":"https:\/\/santbult.es\/wp-content\/uploads\/2019\/04\/mini-sant-bult.png","contentUrl":"https:\/\/santbult.es\/wp-content\/uploads\/2019\/04\/mini-sant-bult.png","width":330,"height":330,"caption":"Sant Bult"},"image":{"@id":"https:\/\/santbult.es\/#\/schema\/logo\/image\/"},"sameAs":["https:\/\/www.facebook.com\/santbult","https:\/\/x.com\/sant_bult","https:\/\/www.instagram.com\/sant_bult\/","https:\/\/www.youtube.com\/channel\/UCViTQedoyMvyMj-pAq4doMA"]},{"@type":"Person","@id":"https:\/\/santbult.es\/#\/schema\/person\/a2291a6450b44bc876c6fe81b146f15d","name":"santbult","image":{"@type":"ImageObject","inLanguage":"val","@id":"https:\/\/secure.gravatar.com\/avatar\/946e8694005d0bd75998ba9f0cf5ce2939c3dc003df972082147d2a625f3837d?s=96&d=mm&r=g","url":"https:\/\/secure.gravatar.com\/avatar\/946e8694005d0bd75998ba9f0cf5ce2939c3dc003df972082147d2a625f3837d?s=96&d=mm&r=g","contentUrl":"https:\/\/secure.gravatar.com\/avatar\/946e8694005d0bd75998ba9f0cf5ce2939c3dc003df972082147d2a625f3837d?s=96&d=mm&r=g","caption":"santbult"},"sameAs":["https:\/\/santbult.es"]}]}},"_links":{"self":[{"href":"https:\/\/santbult.es\/va\/wp-json\/wp\/v2\/posts\/15835","targetHints":{"allow":["GET"]}}],"collection":[{"href":"https:\/\/santbult.es\/va\/wp-json\/wp\/v2\/posts"}],"about":[{"href":"https:\/\/santbult.es\/va\/wp-json\/wp\/v2\/types\/post"}],"author":[{"embeddable":true,"href":"https:\/\/santbult.es\/va\/wp-json\/wp\/v2\/users\/1"}],"replies":[{"embeddable":true,"href":"https:\/\/santbult.es\/va\/wp-json\/wp\/v2\/comments?post=15835"}],"version-history":[{"count":5,"href":"https:\/\/santbult.es\/va\/wp-json\/wp\/v2\/posts\/15835\/revisions"}],"predecessor-version":[{"id":15880,"href":"https:\/\/santbult.es\/va\/wp-json\/wp\/v2\/posts\/15835\/revisions\/15880"}],"wp:featuredmedia":[{"embeddable":true,"href":"https:\/\/santbult.es\/va\/wp-json\/wp\/v2\/media\/15820"}],"wp:attachment":[{"href":"https:\/\/santbult.es\/va\/wp-json\/wp\/v2\/media?parent=15835"}],"wp:term":[{"taxonomy":"category","embeddable":true,"href":"https:\/\/santbult.es\/va\/wp-json\/wp\/v2\/categories?post=15835"},{"taxonomy":"post_tag","embeddable":true,"href":"https:\/\/santbult.es\/va\/wp-json\/wp\/v2\/tags?post=15835"}],"curies":[{"name":"wp","href":"https:\/\/api.w.org\/{rel}","templated":true}]}}