{"id":15812,"date":"2025-05-15T14:56:50","date_gmt":"2025-05-15T12:56:50","guid":{"rendered":"https:\/\/santbult.es\/?p=15812"},"modified":"2025-05-15T14:56:50","modified_gmt":"2025-05-15T12:56:50","slug":"visita-de-sant-bult-al-convent-de-sant-domenec-2025","status":"publish","type":"post","link":"https:\/\/santbult.es\/va\/visita-de-sant-bult-al-convent-de-sant-domenec-2025\/","title":{"rendered":"Visita de Sant Bult al Convent de Sant Dom\u00e9nec 2025"},"content":{"rendered":"<div class=\"wpb-content-wrapper\"><p>[vc_row][vc_column][vc_separator color=&#8221;blue&#8221; align=&#8221;align_left&#8221; border_width=&#8221;2&#8243; el_width=&#8221;10&#8243;][\/vc_column][\/vc_row][vc_row][vc_column][vc_single_image image=&#8221;15805&#8243; img_size=&#8221;full&#8221; alignment=&#8221;center&#8221; css=&#8221;&#8221;][\/vc_column][\/vc_row][vc_row][vc_column][vc_empty_space][\/vc_column][\/vc_row][vc_row][vc_column][vc_column_text css=&#8221;&#8221;]<\/p>\n<p data-start=\"233\" data-end=\"421\"><strong data-start=\"233\" data-end=\"421\"><span class=\"_fadeIn_m1hgl_8\">La <\/span><span class=\"_fadeIn_m1hgl_8\">vesprada <\/span><span class=\"_fadeIn_m1hgl_8\">del <\/span><span class=\"_fadeIn_m1hgl_8\">dimecres <\/span><span class=\"_fadeIn_m1hgl_8\">14 <\/span><span class=\"_fadeIn_m1hgl_8\">de <\/span><span class=\"_fadeIn_m1hgl_8\">maig <\/span><span class=\"_fadeIn_m1hgl_8\">de <\/span><span class=\"_fadeIn_m1hgl_8\">2025 <\/span><span class=\"_fadeIn_m1hgl_8\">tingu\u00e9 <\/span><span class=\"_fadeIn_m1hgl_8\">lloc, <\/span><span class=\"_fadeIn_m1hgl_8\">en <\/span><span class=\"_fadeIn_m1hgl_8\">el <\/span><span class=\"_fadeIn_m1hgl_8\">Convent <\/span><span class=\"_fadeIn_m1hgl_8\">de <\/span><span class=\"_fadeIn_m1hgl_8\">Sant <\/span><span class=\"_fadeIn_m1hgl_8\">Dom\u00e9nec, <\/span><span class=\"_fadeIn_m1hgl_8\">la <\/span><span class=\"_fadeIn_m1hgl_8\">visita <\/span><span class=\"_fadeIn_m1hgl_8\">de <\/span><span class=\"_fadeIn_m1hgl_8\">la <\/span><span class=\"_fadeIn_m1hgl_8\">imatge <\/span><span class=\"_fadeIn_m1hgl_8\">de <\/span><span class=\"_fadeIn_m1hgl_8\">Sant <\/span><span class=\"_fadeIn_m1hgl_8\">Bult, <\/span><span class=\"_fadeIn_m1hgl_8\">en <\/span><span class=\"_fadeIn_m1hgl_8\">motiu <\/span><span class=\"_fadeIn_m1hgl_8\">de <\/span><span class=\"_fadeIn_m1hgl_8\">la <\/span><span class=\"_fadeIn_m1hgl_8\">celebraci\u00f3 <\/span><span class=\"_fadeIn_m1hgl_8\">d\u2019una <\/span><span class=\"_fadeIn_m1hgl_8\">Eucaristia <\/span><span class=\"_fadeIn_m1hgl_8\">en <\/span><span class=\"_fadeIn_m1hgl_8\">el <\/span><span class=\"_fadeIn_m1hgl_8\">seu <\/span><span class=\"_fadeIn_m1hgl_8\">honor.<\/span><\/strong><\/p>\n<p data-start=\"423\" data-end=\"534\"><span class=\"_fadeIn_m1hgl_8\">L\u2019acte <\/span><span class=\"_fadeIn_m1hgl_8\">es <\/span><span class=\"_fadeIn_m1hgl_8\">celebr\u00e0 <\/span><span class=\"_fadeIn_m1hgl_8\">en <\/span><span class=\"_fadeIn_m1hgl_8\">Capitania <\/span><span class=\"_fadeIn_m1hgl_8\">General, <\/span><span class=\"_fadeIn_m1hgl_8\">a <\/span><span class=\"_fadeIn_m1hgl_8\">on <\/span><span class=\"_fadeIn_m1hgl_8\">tingu\u00e9 <\/span><span class=\"_fadeIn_m1hgl_8\">lloc <\/span><span class=\"_fadeIn_m1hgl_8\">la <\/span><span class=\"_fadeIn_m1hgl_8\">cerim\u00f2nia <\/span><span class=\"_fadeIn_m1hgl_8\">religiosa <\/span><span class=\"_fadeIn_m1hgl_8\">davant <\/span><span class=\"_fadeIn_m1hgl_8\">de <\/span><span class=\"_fadeIn_m1hgl_8\">nombrosos <\/span><span class=\"_fadeIn_m1hgl_8\">assistents.<\/span><\/p>\n<p data-start=\"536\" data-end=\"794\"><span class=\"_fadeIn_m1hgl_8\">Acudiren <\/span><span class=\"_fadeIn_m1hgl_8\">a <\/span><span class=\"_fadeIn_m1hgl_8\">l\u2019acte <\/span><span class=\"_fadeIn_m1hgl_8\">la <\/span><span class=\"_fadeIn_m1hgl_8\">recentment <\/span><span class=\"_fadeIn_m1hgl_8\">nomenada <\/span><span class=\"_fadeIn_m1hgl_8\">Clavariessa <\/span><span class=\"_fadeIn_m1hgl_8\">Major <\/span><span class=\"_fadeIn_m1hgl_8\">2025, <\/span><span class=\"_fadeIn_m1hgl_8\">D\u00f1a. <\/span><span class=\"_fadeIn_m1hgl_8\">Madel <\/span><span class=\"_fadeIn_m1hgl_8\">V\u00e9lez <\/span><span class=\"_fadeIn_m1hgl_8\">Cervantes, <\/span><span class=\"_fadeIn_m1hgl_8\">junt <\/span><span class=\"_fadeIn_m1hgl_8\">a <\/span><span class=\"_fadeIn_m1hgl_8\">D\u00f1a. <\/span><span class=\"_fadeIn_m1hgl_8\">Paula <\/span><span class=\"_fadeIn_m1hgl_8\">Bellido, <\/span><span class=\"_fadeIn_m1hgl_8\">presidenta <\/span><span class=\"_fadeIn_m1hgl_8\">de <\/span><span class=\"_fadeIn_m1hgl_8\">la <\/span><span class=\"_fadeIn_m1hgl_8\">Llar <\/span><span class=\"_fadeIn_m1hgl_8\">Escola <\/span><span class=\"_fadeIn_m1hgl_8\">Festes <\/span><span class=\"_fadeIn_m1hgl_8\">de <\/span><span class=\"_fadeIn_m1hgl_8\">Sant <\/span><span class=\"_fadeIn_m1hgl_8\">Bult. <\/span><span class=\"_fadeIn_m1hgl_8\">Tamb\u00e9 <\/span><span class=\"_fadeIn_m1hgl_8\">nos <\/span><span class=\"_fadeIn_m1hgl_8\">acompany\u00e0 <\/span><span class=\"_fadeIn_m1hgl_8\">D\u00f1a. <\/span><span class=\"_fadeIn_m1hgl_8\">Pepa <\/span><span class=\"_fadeIn_m1hgl_8\">Benito, <\/span><span class=\"_fadeIn_m1hgl_8\">presidenta <\/span><span class=\"_fadeIn_m1hgl_8\">del <\/span><span class=\"_fadeIn_m1hgl_8\">grup <\/span><span class=\"_fadeIn_m1hgl_8\">de <\/span><span class=\"_fadeIn_m1hgl_8\">Clavariesses <\/span><span class=\"_fadeIn_m1hgl_8\">de <\/span><span class=\"_fadeIn_m1hgl_8\">Sant <\/span><span class=\"_fadeIn_m1hgl_8\">Bult.<\/span><\/p>\n<p data-start=\"796\" data-end=\"1103\"><span class=\"_fadeIn_m1hgl_8\">Durant <\/span><span class=\"_fadeIn_m1hgl_8\">esta <\/span><span class=\"_fadeIn_m1hgl_8\">emotiva <\/span><span class=\"_fadeIn_m1hgl_8\">jornada, <\/span><span class=\"_fadeIn_m1hgl_8\">record\u00e0rem <\/span><span class=\"_fadeIn_m1hgl_8\">els <\/span><span class=\"_fadeIn_m1hgl_8\">or\u00edgens <\/span><span class=\"_fadeIn_m1hgl_8\">de <\/span><span class=\"_fadeIn_m1hgl_8\">la <\/span><span class=\"_fadeIn_m1hgl_8\">devoci\u00f3 <\/span><span class=\"_fadeIn_m1hgl_8\">a <\/span><span class=\"_fadeIn_m1hgl_8\">Sant <\/span><span class=\"_fadeIn_m1hgl_8\">Bult <\/span><span class=\"_fadeIn_m1hgl_8\">en <\/span><span class=\"_fadeIn_m1hgl_8\">l\u2019any <\/span><span class=\"_fadeIn_m1hgl_8\">1238, <\/span><span class=\"_fadeIn_m1hgl_8\">quan <\/span><span class=\"_fadeIn_m1hgl_8\">D. <\/span><span class=\"_fadeIn_m1hgl_8\">Manuel <\/span><span class=\"_fadeIn_m1hgl_8\">Navarro <\/span><span class=\"_fadeIn_m1hgl_8\">trob\u00e0 <\/span><span class=\"_fadeIn_m1hgl_8\">la <\/span><span class=\"_fadeIn_m1hgl_8\">talla <\/span><span class=\"_fadeIn_m1hgl_8\">de <\/span><span class=\"_fadeIn_m1hgl_8\">la <\/span><span class=\"_fadeIn_m1hgl_8\">imatge. <\/span><span class=\"_fadeIn_m1hgl_8\">Record\u00e0rem <\/span><span class=\"_fadeIn_m1hgl_8\">tamb\u00e9 <\/span><span class=\"_fadeIn_m1hgl_8\">el <\/span><span class=\"_fadeIn_m1hgl_8\">profund <\/span><span class=\"_fadeIn_m1hgl_8\">vincle <\/span><span class=\"_fadeIn_m1hgl_8\">hist\u00f2ric <\/span><span class=\"_fadeIn_m1hgl_8\">entre <\/span><span class=\"_fadeIn_m1hgl_8\">Sant <\/span><span class=\"_fadeIn_m1hgl_8\">Bult <\/span><span class=\"_fadeIn_m1hgl_8\">i <\/span><span class=\"_fadeIn_m1hgl_8\">el <\/span><span class=\"_fadeIn_m1hgl_8\">Convent <\/span><span class=\"_fadeIn_m1hgl_8\">de <\/span><span class=\"_fadeIn_m1hgl_8\">Sant <\/span><span class=\"_fadeIn_m1hgl_8\">Dom\u00e9nec, <\/span><span class=\"_fadeIn_m1hgl_8\">a <\/span><span class=\"_fadeIn_m1hgl_8\">on <\/span><span class=\"_fadeIn_m1hgl_8\">l\u2019imatge <\/span><span class=\"_fadeIn_m1hgl_8\">tingu\u00e9 <\/span><span class=\"_fadeIn_m1hgl_8\">una <\/span><span class=\"_fadeIn_m1hgl_8\">capella <\/span><span class=\"_fadeIn_m1hgl_8\">dedicada <\/span><span class=\"_fadeIn_m1hgl_8\">en <\/span><span class=\"_fadeIn_m1hgl_8\">el <\/span><span class=\"_fadeIn_m1hgl_8\">seu <\/span><span class=\"_fadeIn_m1hgl_8\">honor <\/span><span class=\"_fadeIn_m1hgl_8\">durant <\/span><span class=\"_fadeIn_m1hgl_8\">sigles.<\/span><\/p>\n<p data-start=\"1105\" data-end=\"1244\"><span class=\"_fadeIn_m1hgl_8\">Han <\/span><span class=\"_fadeIn_m1hgl_8\">passat <\/span><span class=\"_fadeIn_m1hgl_8\">ya <\/span><strong data-start=\"1119\" data-end=\"1131\"><span class=\"_fadeIn_m1hgl_8\">787 <\/span><span class=\"_fadeIn_m1hgl_8\">anys<\/span><\/strong> <span class=\"_fadeIn_m1hgl_8\">des <\/span><span class=\"_fadeIn_m1hgl_8\">d\u2019aquella <\/span><span class=\"_fadeIn_m1hgl_8\">troballa, <\/span><span class=\"_fadeIn_m1hgl_8\">i <\/span><span class=\"_fadeIn_m1hgl_8\">hui <\/span><span class=\"_fadeIn_m1hgl_8\">seguim <\/span><span class=\"_fadeIn_m1hgl_8\">mantenint <\/span><span class=\"_fadeIn_m1hgl_8\">viva <\/span><span class=\"_fadeIn_m1hgl_8\">esta <\/span><span class=\"_fadeIn_m1hgl_8\">tradici\u00f3, <\/span><span class=\"_fadeIn_m1hgl_8\">en <\/span><span class=\"_fadeIn_m1hgl_8\">l\u2019esperan\u00e7a <\/span><span class=\"_fadeIn_m1hgl_8\">de <\/span><span class=\"_fadeIn_m1hgl_8\">que <\/span><span class=\"_fadeIn_m1hgl_8\">perdure <\/span><span class=\"_fadeIn_m1hgl_8\">molts <\/span><span class=\"_fadeIn_m1hgl_8\">anys <\/span><span class=\"_fadeIn_m1hgl_8\">m\u00e9s.<\/span><\/p>\n<p data-start=\"1246\" data-end=\"1413\"><span class=\"_fadeIn_m1hgl_8\">Agra\u00efm <\/span><span class=\"_fadeIn_m1hgl_8\">sincerament <\/span><span class=\"_fadeIn_m1hgl_8\">la <\/span><span class=\"_fadeIn_m1hgl_8\">pres\u00e8ncia <\/span><span class=\"_fadeIn_m1hgl_8\">dels <\/span><span class=\"_fadeIn_m1hgl_8\">clavaris <\/span><span class=\"_fadeIn_m1hgl_8\">i <\/span><span class=\"_fadeIn_m1hgl_8\">clavariesses <\/span><span class=\"_fadeIn_m1hgl_8\">de <\/span><span class=\"_fadeIn_m1hgl_8\">Sant <\/span><span class=\"_fadeIn_m1hgl_8\">Bult, <\/span><span class=\"_fadeIn_m1hgl_8\">aixina <\/span><span class=\"_fadeIn_m1hgl_8\">com <\/span><span class=\"_fadeIn_m1hgl_8\">d\u2019amics <\/span><span class=\"_fadeIn_m1hgl_8\">i <\/span><span class=\"_fadeIn_m1hgl_8\">ve\u00efns <\/span><span class=\"_fadeIn_m1hgl_8\">del <\/span><span class=\"_fadeIn_m1hgl_8\">barri <\/span><span class=\"_fadeIn_m1hgl_8\">de <\/span><span class=\"_fadeIn_m1hgl_8\">la <\/span><span class=\"_fadeIn_m1hgl_8\">Xerea, <\/span><span class=\"_fadeIn_m1hgl_8\">que <\/span><span class=\"_fadeIn_m1hgl_8\">participaren <\/span><span class=\"_fadeIn_m1hgl_8\">en <\/span><span class=\"_fadeIn_m1hgl_8\">este <\/span><span class=\"_fadeIn_m1hgl_8\">entranyable <\/span><span class=\"_fadeIn_m1hgl_8\">acte.<\/span><\/p>\n<p>[\/vc_column_text][\/vc_column][\/vc_row][vc_row][vc_column width=&#8221;1\/2&#8243;][vc_single_image image=&#8221;15801&#8243; img_size=&#8221;full&#8221; alignment=&#8221;center&#8221; css=&#8221;&#8221;][\/vc_column][vc_column width=&#8221;1\/2&#8243;][vc_single_image image=&#8221;15803&#8243; img_size=&#8221;full&#8221; alignment=&#8221;center&#8221; css=&#8221;&#8221;][\/vc_column][\/vc_row][vc_row][vc_column][vc_single_image image=&#8221;15809&#8243; img_size=&#8221;full&#8221; alignment=&#8221;center&#8221; css=&#8221;&#8221;][\/vc_column][\/vc_row][vc_row][vc_column][vc_single_image image=&#8221;15807&#8243; img_size=&#8221;full&#8221; alignment=&#8221;center&#8221; css=&#8221;&#8221;][\/vc_column][\/vc_row]<\/p>\n<\/div>","protected":false},"excerpt":{"rendered":"<p>SANT BULT | La imatge de Sant Bult visit\u00e0 el Convent de Sant Dom\u00e9nec, recordant els seus or\u00edgens en 1238 i celebrant una emotiva Eucaristia en el seu honor.<\/p>\n<p>#SantBult #SantBult2025 #ConventoSantoDomingo #Eucaristia<\/p>\n","protected":false},"author":1,"featured_media":15806,"comment_status":"closed","ping_status":"closed","sticky":false,"template":"","format":"standard","meta":{"footnotes":""},"categories":[781,177,493],"tags":[],"class_list":["post-15812","post","type-post","status-publish","format-standard","has-post-thumbnail","hentry","category-2025-archiu-historic","category-archiu-historic","category-inici"],"yoast_head":"<!-- This site is optimized with the Yoast SEO Premium plugin v24.8 (Yoast SEO v27.4) - https:\/\/yoast.com\/product\/yoast-seo-premium-wordpress\/ -->\n<title>Visita de Sant Bult al Convent de Sant Dom\u00e9nec 2025 - Festes de Sant Bult \u2013 La Xerea<\/title>\n<meta name=\"description\" content=\"La imatge de Sant Bult visit\u00e0 el Convent de Sant Dom\u00e9nec, recordant els seus or\u00edgens en 1238 i celebrant una emotiva Eucaristia en el seu honor.\" \/>\n<meta name=\"robots\" content=\"index, follow, max-snippet:-1, max-image-preview:large, max-video-preview:-1\" \/>\n<link rel=\"canonical\" href=\"https:\/\/santbult.es\/va\/visita-de-sant-bult-al-convent-de-sant-domenec-2025\/\" \/>\n<meta property=\"og:locale\" content=\"en_US\" \/>\n<meta property=\"og:type\" content=\"article\" \/>\n<meta property=\"og:title\" content=\"Visita de Sant Bult al Convent de Sant Dom\u00e9nec 2025\" \/>\n<meta property=\"og:description\" content=\"Festes de Sant Bult \u2013 La Xerea\" \/>\n<meta property=\"og:url\" content=\"https:\/\/santbult.es\/va\/visita-de-sant-bult-al-convent-de-sant-domenec-2025\/\" \/>\n<meta property=\"og:site_name\" content=\"Festes de Sant Bult \u2013 La Xerea\" \/>\n<meta property=\"article:publisher\" content=\"https:\/\/www.facebook.com\/santbult\" \/>\n<meta property=\"article:published_time\" content=\"2025-05-15T12:56:50+00:00\" \/>\n<meta property=\"og:image\" content=\"https:\/\/santbult.es\/wp-content\/uploads\/2025\/05\/IMG_20250514_194458-scaled.jpg\" \/>\n\t<meta property=\"og:image:width\" content=\"2560\" \/>\n\t<meta property=\"og:image:height\" content=\"2042\" \/>\n\t<meta property=\"og:image:type\" content=\"image\/jpeg\" \/>\n<meta name=\"author\" content=\"santbult\" \/>\n<meta name=\"twitter:card\" content=\"summary_large_image\" \/>\n<meta name=\"twitter:creator\" content=\"@sant_bult\" \/>\n<meta name=\"twitter:site\" content=\"@sant_bult\" \/>\n<meta name=\"twitter:label1\" content=\"Written by\" \/>\n\t<meta name=\"twitter:data1\" content=\"santbult\" \/>\n\t<meta name=\"twitter:label2\" content=\"Est. reading time\" \/>\n\t<meta name=\"twitter:data2\" content=\"2 minutes\" \/>\n<script type=\"application\/ld+json\" class=\"yoast-schema-graph\">{\"@context\":\"https:\\\/\\\/schema.org\",\"@graph\":[{\"@type\":\"Article\",\"@id\":\"https:\\\/\\\/santbult.es\\\/va\\\/visita-de-sant-bult-al-convent-de-sant-domenec-2025\\\/#article\",\"isPartOf\":{\"@id\":\"https:\\\/\\\/santbult.es\\\/va\\\/visita-de-sant-bult-al-convent-de-sant-domenec-2025\\\/\"},\"author\":{\"name\":\"santbult\",\"@id\":\"https:\\\/\\\/santbult.es\\\/#\\\/schema\\\/person\\\/a2291a6450b44bc876c6fe81b146f15d\"},\"headline\":\"Visita de Sant Bult al Convent de Sant Dom\u00e9nec 2025\",\"datePublished\":\"2025-05-15T12:56:50+00:00\",\"mainEntityOfPage\":{\"@id\":\"https:\\\/\\\/santbult.es\\\/va\\\/visita-de-sant-bult-al-convent-de-sant-domenec-2025\\\/\"},\"wordCount\":360,\"publisher\":{\"@id\":\"https:\\\/\\\/santbult.es\\\/#organization\"},\"image\":{\"@id\":\"https:\\\/\\\/santbult.es\\\/va\\\/visita-de-sant-bult-al-convent-de-sant-domenec-2025\\\/#primaryimage\"},\"thumbnailUrl\":\"https:\\\/\\\/santbult.es\\\/wp-content\\\/uploads\\\/2025\\\/05\\\/IMG_20250514_194458-scaled.jpg\",\"articleSection\":[\"2025\",\"Archiu Hist\u00f2ric\",\"Inici\"],\"inLanguage\":\"val\"},{\"@type\":\"WebPage\",\"@id\":\"https:\\\/\\\/santbult.es\\\/va\\\/visita-de-sant-bult-al-convent-de-sant-domenec-2025\\\/\",\"url\":\"https:\\\/\\\/santbult.es\\\/va\\\/visita-de-sant-bult-al-convent-de-sant-domenec-2025\\\/\",\"name\":\"Visita de Sant Bult al Convent de Sant Dom\u00e9nec 2025 - Festes de Sant Bult \u2013 La Xerea\",\"isPartOf\":{\"@id\":\"https:\\\/\\\/santbult.es\\\/#website\"},\"primaryImageOfPage\":{\"@id\":\"https:\\\/\\\/santbult.es\\\/va\\\/visita-de-sant-bult-al-convent-de-sant-domenec-2025\\\/#primaryimage\"},\"image\":{\"@id\":\"https:\\\/\\\/santbult.es\\\/va\\\/visita-de-sant-bult-al-convent-de-sant-domenec-2025\\\/#primaryimage\"},\"thumbnailUrl\":\"https:\\\/\\\/santbult.es\\\/wp-content\\\/uploads\\\/2025\\\/05\\\/IMG_20250514_194458-scaled.jpg\",\"datePublished\":\"2025-05-15T12:56:50+00:00\",\"description\":\"La imatge de Sant Bult visit\u00e0 el Convent de Sant Dom\u00e9nec, recordant els seus or\u00edgens en 1238 i celebrant una emotiva Eucaristia en el seu honor.\",\"breadcrumb\":{\"@id\":\"https:\\\/\\\/santbult.es\\\/va\\\/visita-de-sant-bult-al-convent-de-sant-domenec-2025\\\/#breadcrumb\"},\"inLanguage\":\"val\",\"potentialAction\":[{\"@type\":\"ReadAction\",\"target\":[\"https:\\\/\\\/santbult.es\\\/va\\\/visita-de-sant-bult-al-convent-de-sant-domenec-2025\\\/\"]}]},{\"@type\":\"ImageObject\",\"inLanguage\":\"val\",\"@id\":\"https:\\\/\\\/santbult.es\\\/va\\\/visita-de-sant-bult-al-convent-de-sant-domenec-2025\\\/#primaryimage\",\"url\":\"https:\\\/\\\/santbult.es\\\/wp-content\\\/uploads\\\/2025\\\/05\\\/IMG_20250514_194458-scaled.jpg\",\"contentUrl\":\"https:\\\/\\\/santbult.es\\\/wp-content\\\/uploads\\\/2025\\\/05\\\/IMG_20250514_194458-scaled.jpg\",\"width\":2560,\"height\":2042},{\"@type\":\"BreadcrumbList\",\"@id\":\"https:\\\/\\\/santbult.es\\\/va\\\/visita-de-sant-bult-al-convent-de-sant-domenec-2025\\\/#breadcrumb\",\"itemListElement\":[{\"@type\":\"ListItem\",\"position\":1,\"name\":\"Archivo Hist\u00f3rico\",\"item\":\"https:\\\/\\\/santbult.es\\\/category\\\/archivo-historico\\\/\"},{\"@type\":\"ListItem\",\"position\":2,\"name\":\"Visita de Sant Bult al Convent de Sant Dom\u00e9nec 2025\"}]},{\"@type\":\"WebSite\",\"@id\":\"https:\\\/\\\/santbult.es\\\/#website\",\"url\":\"https:\\\/\\\/santbult.es\\\/\",\"name\":\"Festes de Sant Bult \u2013 La Xerea\",\"description\":\"B\u00e9 Rellev\u00e0ncia Local Immaterial\",\"publisher\":{\"@id\":\"https:\\\/\\\/santbult.es\\\/#organization\"},\"potentialAction\":[{\"@type\":\"SearchAction\",\"target\":{\"@type\":\"EntryPoint\",\"urlTemplate\":\"https:\\\/\\\/santbult.es\\\/?s={search_term_string}\"},\"query-input\":{\"@type\":\"PropertyValueSpecification\",\"valueRequired\":true,\"valueName\":\"search_term_string\"}}],\"inLanguage\":\"val\"},{\"@type\":\"Organization\",\"@id\":\"https:\\\/\\\/santbult.es\\\/#organization\",\"name\":\"Sant Bult\",\"url\":\"https:\\\/\\\/santbult.es\\\/\",\"logo\":{\"@type\":\"ImageObject\",\"inLanguage\":\"val\",\"@id\":\"https:\\\/\\\/santbult.es\\\/#\\\/schema\\\/logo\\\/image\\\/\",\"url\":\"https:\\\/\\\/santbult.es\\\/wp-content\\\/uploads\\\/2019\\\/04\\\/mini-sant-bult.png\",\"contentUrl\":\"https:\\\/\\\/santbult.es\\\/wp-content\\\/uploads\\\/2019\\\/04\\\/mini-sant-bult.png\",\"width\":330,\"height\":330,\"caption\":\"Sant Bult\"},\"image\":{\"@id\":\"https:\\\/\\\/santbult.es\\\/#\\\/schema\\\/logo\\\/image\\\/\"},\"sameAs\":[\"https:\\\/\\\/www.facebook.com\\\/santbult\",\"https:\\\/\\\/x.com\\\/sant_bult\",\"https:\\\/\\\/www.instagram.com\\\/sant_bult\\\/\",\"https:\\\/\\\/www.youtube.com\\\/channel\\\/UCViTQedoyMvyMj-pAq4doMA\"]},{\"@type\":\"Person\",\"@id\":\"https:\\\/\\\/santbult.es\\\/#\\\/schema\\\/person\\\/a2291a6450b44bc876c6fe81b146f15d\",\"name\":\"santbult\",\"image\":{\"@type\":\"ImageObject\",\"inLanguage\":\"val\",\"@id\":\"https:\\\/\\\/secure.gravatar.com\\\/avatar\\\/946e8694005d0bd75998ba9f0cf5ce2939c3dc003df972082147d2a625f3837d?s=96&d=mm&r=g\",\"url\":\"https:\\\/\\\/secure.gravatar.com\\\/avatar\\\/946e8694005d0bd75998ba9f0cf5ce2939c3dc003df972082147d2a625f3837d?s=96&d=mm&r=g\",\"contentUrl\":\"https:\\\/\\\/secure.gravatar.com\\\/avatar\\\/946e8694005d0bd75998ba9f0cf5ce2939c3dc003df972082147d2a625f3837d?s=96&d=mm&r=g\",\"caption\":\"santbult\"},\"sameAs\":[\"https:\\\/\\\/santbult.es\"]}]}<\/script>\n<!-- \/ Yoast SEO Premium plugin. -->","yoast_head_json":{"title":"Visita de Sant Bult al Convent de Sant Dom\u00e9nec 2025 - Festes de Sant Bult \u2013 La Xerea","description":"La imatge de Sant Bult visit\u00e0 el Convent de Sant Dom\u00e9nec, recordant els seus or\u00edgens en 1238 i celebrant una emotiva Eucaristia en el seu honor.","robots":{"index":"index","follow":"follow","max-snippet":"max-snippet:-1","max-image-preview":"max-image-preview:large","max-video-preview":"max-video-preview:-1"},"canonical":"https:\/\/santbult.es\/va\/visita-de-sant-bult-al-convent-de-sant-domenec-2025\/","og_locale":"en_US","og_type":"article","og_title":"Visita de Sant Bult al Convent de Sant Dom\u00e9nec 2025","og_description":"Festes de Sant Bult \u2013 La Xerea","og_url":"https:\/\/santbult.es\/va\/visita-de-sant-bult-al-convent-de-sant-domenec-2025\/","og_site_name":"Festes de Sant Bult \u2013 La Xerea","article_publisher":"https:\/\/www.facebook.com\/santbult","article_published_time":"2025-05-15T12:56:50+00:00","og_image":[{"width":2560,"height":2042,"url":"https:\/\/santbult.es\/wp-content\/uploads\/2025\/05\/IMG_20250514_194458-scaled.jpg","type":"image\/jpeg"}],"author":"santbult","twitter_card":"summary_large_image","twitter_creator":"@sant_bult","twitter_site":"@sant_bult","twitter_misc":{"Written by":"santbult","Est. reading time":"2 minutes"},"schema":{"@context":"https:\/\/schema.org","@graph":[{"@type":"Article","@id":"https:\/\/santbult.es\/va\/visita-de-sant-bult-al-convent-de-sant-domenec-2025\/#article","isPartOf":{"@id":"https:\/\/santbult.es\/va\/visita-de-sant-bult-al-convent-de-sant-domenec-2025\/"},"author":{"name":"santbult","@id":"https:\/\/santbult.es\/#\/schema\/person\/a2291a6450b44bc876c6fe81b146f15d"},"headline":"Visita de Sant Bult al Convent de Sant Dom\u00e9nec 2025","datePublished":"2025-05-15T12:56:50+00:00","mainEntityOfPage":{"@id":"https:\/\/santbult.es\/va\/visita-de-sant-bult-al-convent-de-sant-domenec-2025\/"},"wordCount":360,"publisher":{"@id":"https:\/\/santbult.es\/#organization"},"image":{"@id":"https:\/\/santbult.es\/va\/visita-de-sant-bult-al-convent-de-sant-domenec-2025\/#primaryimage"},"thumbnailUrl":"https:\/\/santbult.es\/wp-content\/uploads\/2025\/05\/IMG_20250514_194458-scaled.jpg","articleSection":["2025","Archiu Hist\u00f2ric","Inici"],"inLanguage":"val"},{"@type":"WebPage","@id":"https:\/\/santbult.es\/va\/visita-de-sant-bult-al-convent-de-sant-domenec-2025\/","url":"https:\/\/santbult.es\/va\/visita-de-sant-bult-al-convent-de-sant-domenec-2025\/","name":"Visita de Sant Bult al Convent de Sant Dom\u00e9nec 2025 - Festes de Sant Bult \u2013 La Xerea","isPartOf":{"@id":"https:\/\/santbult.es\/#website"},"primaryImageOfPage":{"@id":"https:\/\/santbult.es\/va\/visita-de-sant-bult-al-convent-de-sant-domenec-2025\/#primaryimage"},"image":{"@id":"https:\/\/santbult.es\/va\/visita-de-sant-bult-al-convent-de-sant-domenec-2025\/#primaryimage"},"thumbnailUrl":"https:\/\/santbult.es\/wp-content\/uploads\/2025\/05\/IMG_20250514_194458-scaled.jpg","datePublished":"2025-05-15T12:56:50+00:00","description":"La imatge de Sant Bult visit\u00e0 el Convent de Sant Dom\u00e9nec, recordant els seus or\u00edgens en 1238 i celebrant una emotiva Eucaristia en el seu honor.","breadcrumb":{"@id":"https:\/\/santbult.es\/va\/visita-de-sant-bult-al-convent-de-sant-domenec-2025\/#breadcrumb"},"inLanguage":"val","potentialAction":[{"@type":"ReadAction","target":["https:\/\/santbult.es\/va\/visita-de-sant-bult-al-convent-de-sant-domenec-2025\/"]}]},{"@type":"ImageObject","inLanguage":"val","@id":"https:\/\/santbult.es\/va\/visita-de-sant-bult-al-convent-de-sant-domenec-2025\/#primaryimage","url":"https:\/\/santbult.es\/wp-content\/uploads\/2025\/05\/IMG_20250514_194458-scaled.jpg","contentUrl":"https:\/\/santbult.es\/wp-content\/uploads\/2025\/05\/IMG_20250514_194458-scaled.jpg","width":2560,"height":2042},{"@type":"BreadcrumbList","@id":"https:\/\/santbult.es\/va\/visita-de-sant-bult-al-convent-de-sant-domenec-2025\/#breadcrumb","itemListElement":[{"@type":"ListItem","position":1,"name":"Archivo Hist\u00f3rico","item":"https:\/\/santbult.es\/category\/archivo-historico\/"},{"@type":"ListItem","position":2,"name":"Visita de Sant Bult al Convent de Sant Dom\u00e9nec 2025"}]},{"@type":"WebSite","@id":"https:\/\/santbult.es\/#website","url":"https:\/\/santbult.es\/","name":"Festes de Sant Bult \u2013 La Xerea","description":"B\u00e9 Rellev\u00e0ncia Local Immaterial","publisher":{"@id":"https:\/\/santbult.es\/#organization"},"potentialAction":[{"@type":"SearchAction","target":{"@type":"EntryPoint","urlTemplate":"https:\/\/santbult.es\/?s={search_term_string}"},"query-input":{"@type":"PropertyValueSpecification","valueRequired":true,"valueName":"search_term_string"}}],"inLanguage":"val"},{"@type":"Organization","@id":"https:\/\/santbult.es\/#organization","name":"Sant Bult","url":"https:\/\/santbult.es\/","logo":{"@type":"ImageObject","inLanguage":"val","@id":"https:\/\/santbult.es\/#\/schema\/logo\/image\/","url":"https:\/\/santbult.es\/wp-content\/uploads\/2019\/04\/mini-sant-bult.png","contentUrl":"https:\/\/santbult.es\/wp-content\/uploads\/2019\/04\/mini-sant-bult.png","width":330,"height":330,"caption":"Sant Bult"},"image":{"@id":"https:\/\/santbult.es\/#\/schema\/logo\/image\/"},"sameAs":["https:\/\/www.facebook.com\/santbult","https:\/\/x.com\/sant_bult","https:\/\/www.instagram.com\/sant_bult\/","https:\/\/www.youtube.com\/channel\/UCViTQedoyMvyMj-pAq4doMA"]},{"@type":"Person","@id":"https:\/\/santbult.es\/#\/schema\/person\/a2291a6450b44bc876c6fe81b146f15d","name":"santbult","image":{"@type":"ImageObject","inLanguage":"val","@id":"https:\/\/secure.gravatar.com\/avatar\/946e8694005d0bd75998ba9f0cf5ce2939c3dc003df972082147d2a625f3837d?s=96&d=mm&r=g","url":"https:\/\/secure.gravatar.com\/avatar\/946e8694005d0bd75998ba9f0cf5ce2939c3dc003df972082147d2a625f3837d?s=96&d=mm&r=g","contentUrl":"https:\/\/secure.gravatar.com\/avatar\/946e8694005d0bd75998ba9f0cf5ce2939c3dc003df972082147d2a625f3837d?s=96&d=mm&r=g","caption":"santbult"},"sameAs":["https:\/\/santbult.es"]}]}},"_links":{"self":[{"href":"https:\/\/santbult.es\/va\/wp-json\/wp\/v2\/posts\/15812","targetHints":{"allow":["GET"]}}],"collection":[{"href":"https:\/\/santbult.es\/va\/wp-json\/wp\/v2\/posts"}],"about":[{"href":"https:\/\/santbult.es\/va\/wp-json\/wp\/v2\/types\/post"}],"author":[{"embeddable":true,"href":"https:\/\/santbult.es\/va\/wp-json\/wp\/v2\/users\/1"}],"replies":[{"embeddable":true,"href":"https:\/\/santbult.es\/va\/wp-json\/wp\/v2\/comments?post=15812"}],"version-history":[{"count":2,"href":"https:\/\/santbult.es\/va\/wp-json\/wp\/v2\/posts\/15812\/revisions"}],"predecessor-version":[{"id":15815,"href":"https:\/\/santbult.es\/va\/wp-json\/wp\/v2\/posts\/15812\/revisions\/15815"}],"wp:featuredmedia":[{"embeddable":true,"href":"https:\/\/santbult.es\/va\/wp-json\/wp\/v2\/media\/15806"}],"wp:attachment":[{"href":"https:\/\/santbult.es\/va\/wp-json\/wp\/v2\/media?parent=15812"}],"wp:term":[{"taxonomy":"category","embeddable":true,"href":"https:\/\/santbult.es\/va\/wp-json\/wp\/v2\/categories?post=15812"},{"taxonomy":"post_tag","embeddable":true,"href":"https:\/\/santbult.es\/va\/wp-json\/wp\/v2\/tags?post=15812"}],"curies":[{"name":"wp","href":"https:\/\/api.w.org\/{rel}","templated":true}]}}