{"id":15767,"date":"2025-05-26T13:00:42","date_gmt":"2025-05-26T11:00:42","guid":{"rendered":"https:\/\/santbult.es\/?p=15767"},"modified":"2025-05-26T19:44:44","modified_gmt":"2025-05-26T17:44:44","slug":"saluda-delegada-del-govern-comunitat-valenciana-2025","status":"publish","type":"post","link":"https:\/\/santbult.es\/va\/saluda-delegada-del-govern-comunitat-valenciana-2025\/","title":{"rendered":"Saluda Delegada del Govern Comunitat Valenciana 2025"},"content":{"rendered":"<div class=\"wpb-content-wrapper\"><p>[vc_row][vc_column][vc_separator color=&#8221;blue&#8221; align=&#8221;align_left&#8221; border_width=&#8221;2&#8243; el_width=&#8221;10&#8243;][\/vc_column][\/vc_row][vc_row][vc_column][vc_single_image image=&#8221;15764&#8243; img_size=&#8221;full&#8221; alignment=&#8221;center&#8221; css=&#8221;&#8221;][\/vc_column][\/vc_row][vc_row][vc_column][vc_empty_space][\/vc_column][\/vc_row][vc_row][vc_column][vc_column_text css=&#8221;&#8221;]Ve\u00efnes i ve\u00efns, amics i amigues.[\/vc_column_text][\/vc_column][\/vc_row][vc_row][vc_column][vc_column_text css=&#8221;&#8221;]Moltes gr\u00e0cies per l\u2019oportunitat que em doneu en estes p\u00e0gines per a desitjar-vos unes bones festes de Sant Bult.[\/vc_column_text][\/vc_column][\/vc_row][vc_row][vc_column][vc_column_text css=&#8221;&#8221;]I gr\u00e0cies, especialment, per haver mantingut viva, amb el vostre esperit comunitari, durants tants segles, la tradici\u00f3 de la festivitat m\u00e9s antiga documentada a la ciutat de Val\u00e8ncia. Anterior, fins i tot, a la celebraci\u00f3 des de 1338 del nostre 9 d\u2019Octubre. Paraules majors.[\/vc_column_text][\/vc_column][\/vc_row][vc_row][vc_column][vc_column_text css=&#8221;&#8221;]Les festes de Sant Bult, d\u2019Inter\u00e9s Tur\u00edstic i Rellev\u00e0ncia Local, representen un tresor per a la ciutat i per al poble valenci\u00e0. Tot all\u00f2 que envolta a esta tradici\u00f3, una de les festes de carrer que va donar m\u00e9s renom al Regne de Val\u00e8ncia, t\u00e9 un component m\u00e0gic. La imatge del propi crist de majestat, tallada al segle XII, \u00e9s una de les m\u00e9s antigues a Val\u00e8ncia i un exponent molt valu\u00f3s de vestigi rom\u00e0nic, poc freq\u00fcent a la ciutat. La seua troballa, coincidint amb l\u2019arribada de Jaume I, explica moltes claus de la nostra hist\u00f2ria. Comen\u00e7ant pel ve\u00ed que la va trobar, Manuel Navarro, un dels navarresos que va arribar a la ciutat, despr\u00e9s de la conquesta i que ens ofereix informaci\u00f3 del proc\u00e9s de repoblaci\u00f3.[\/vc_column_text][\/vc_column][\/vc_row][vc_row][vc_column][vc_column_text css=&#8221;&#8221;]Despr\u00e9s, em t\u00e9 captivada la import\u00e0ncia que el Crist representa per al ve\u00efnat, que cust\u00f2dia la imatge en la seua seu social durant tot l\u2019any, fins l\u2019arribada de la festa, quan ix en process\u00f3 a l\u2019esgl\u00e8sia de Sant Tom\u00e0s. Un dels temples on hist\u00f2ricament ha fet pelegrinatge, a m\u00e9s de Sant Joan de l\u2019Hospital i Sant Esteve.[\/vc_column_text][\/vc_column][\/vc_row][vc_row][vc_column][vc_column_text css=&#8221;&#8221;]El marc tamb\u00e9 importa, amb un escenari hipn\u00f2tic com el mil\u00b7lenari barri de la Xerea. L\u2019antic raval de la ciutat andalusina de Balansiya, que conserva bona part de la seua hist\u00f2rica trama urbana del segle XI, i que va n\u00e0ixer al mateix temps que l\u2019horta de Val\u00e8ncia i que altres ravals de la ciutat. Uns carrerons plens d\u2019hist\u00f2ria i als quals he de confessar una estima particular, ja que els travesse molt a sovint cam\u00ed del Palau del Temple, seu de la Delegaci\u00f3 de Govern.[\/vc_column_text][\/vc_column][\/vc_row][vc_row][vc_column][vc_column_text css=&#8221;&#8221;]La Xerea ha sabut conservar mil anys despr\u00e9s la seua primerenca voluntat de conformar una comunitat amb un car\u00e0cter propi, al cor del centre de Val\u00e8ncia. Una festa que despr\u00e9n un s\u00edmptoma que ens parla d\u2019identitat i d\u2019arrels, que confereix a la ciutat una personalitat singular en uns temps globals i que tamb\u00e9 suposa una oferta cultural molt original no sols per als residents, sin\u00f2 tamb\u00e9 per als visitants i els turistes.[\/vc_column_text][\/vc_column][\/vc_row][vc_row][vc_column][vc_column_text css=&#8221;&#8221;]Vos desitge que gaudiu al m\u00e0xim de cada acte festiu, de cada process\u00f3, revetlles i balls.<\/p>\n<p>Llarga vida a la festa m\u00e9s antiga de la ciutat de Val\u00e8ncia![\/vc_column_text][\/vc_column][\/vc_row]<\/p>\n<\/div>","protected":false},"excerpt":{"rendered":"<p>SANT BULT | Saluda Delegada del Govern Comunitat Valenciana 2025<\/p>\n<p>#SantBult #Xerea #Valencia #DelegadaDelGobierno #GobiernoEspa\u00f1a <\/p>\n","protected":false},"author":1,"featured_media":15765,"comment_status":"closed","ping_status":"closed","sticky":false,"template":"","format":"standard","meta":{"footnotes":""},"categories":[781,177,493,370],"tags":[],"class_list":["post-15767","post","type-post","status-publish","format-standard","has-post-thumbnail","hentry","category-2025-archiu-historic","category-archiu-historic","category-inici","category-saluda-val"],"yoast_head":"<!-- This site is optimized with the Yoast SEO Premium plugin v24.8 (Yoast SEO v27.4) - https:\/\/yoast.com\/product\/yoast-seo-premium-wordpress\/ -->\n<title>Saluda Delegada del Govern Comunitat Valenciana 2025 - Festes de Sant Bult \u2013 La Xerea<\/title>\n<meta name=\"description\" content=\"Saluda Delegada del Govern Comunitat Valenciana 2025\" \/>\n<meta name=\"robots\" content=\"index, follow, max-snippet:-1, max-image-preview:large, max-video-preview:-1\" \/>\n<link rel=\"canonical\" href=\"https:\/\/santbult.es\/saluda-delegada-del-gobierno-comunitat-valenciana-2025\/\" \/>\n<meta property=\"og:locale\" content=\"en_US\" \/>\n<meta property=\"og:type\" content=\"article\" \/>\n<meta property=\"og:title\" content=\"Saluda Delegada del Govern Comunitat Valenciana 2025\" \/>\n<meta property=\"og:description\" content=\"Festes de Sant Bult \u2013 La Xerea\" \/>\n<meta property=\"og:url\" content=\"https:\/\/santbult.es\/saluda-delegada-del-gobierno-comunitat-valenciana-2025\/\" \/>\n<meta property=\"og:site_name\" content=\"Festes de Sant Bult \u2013 La Xerea\" \/>\n<meta property=\"article:publisher\" content=\"https:\/\/www.facebook.com\/santbult\" \/>\n<meta property=\"article:published_time\" content=\"2025-05-26T11:00:42+00:00\" \/>\n<meta property=\"article:modified_time\" content=\"2025-05-26T17:44:44+00:00\" \/>\n<meta property=\"og:image\" content=\"https:\/\/santbult.es\/wp-content\/uploads\/2025\/05\/Delegada-del-Gobierno-en-la-Comunitat-Valenciana.jpeg\" \/>\n\t<meta property=\"og:image:width\" content=\"1600\" \/>\n\t<meta property=\"og:image:height\" content=\"1066\" \/>\n\t<meta property=\"og:image:type\" content=\"image\/jpeg\" \/>\n<meta name=\"author\" content=\"santbult\" \/>\n<meta name=\"twitter:card\" content=\"summary_large_image\" \/>\n<meta name=\"twitter:creator\" content=\"@sant_bult\" \/>\n<meta name=\"twitter:site\" content=\"@sant_bult\" \/>\n<meta name=\"twitter:label1\" content=\"Written by\" \/>\n\t<meta name=\"twitter:data1\" content=\"santbult\" \/>\n\t<meta name=\"twitter:label2\" content=\"Est. reading time\" \/>\n\t<meta name=\"twitter:data2\" content=\"3 minutes\" \/>\n<script type=\"application\/ld+json\" class=\"yoast-schema-graph\">{\"@context\":\"https:\\\/\\\/schema.org\",\"@graph\":[{\"@type\":\"Article\",\"@id\":\"https:\\\/\\\/santbult.es\\\/saluda-delegada-del-gobierno-comunitat-valenciana-2025\\\/#article\",\"isPartOf\":{\"@id\":\"https:\\\/\\\/santbult.es\\\/saluda-delegada-del-gobierno-comunitat-valenciana-2025\\\/\"},\"author\":{\"name\":\"santbult\",\"@id\":\"https:\\\/\\\/santbult.es\\\/#\\\/schema\\\/person\\\/a2291a6450b44bc876c6fe81b146f15d\"},\"headline\":\"Saluda Delegada del Govern Comunitat Valenciana 2025\",\"datePublished\":\"2025-05-26T11:00:42+00:00\",\"dateModified\":\"2025-05-26T17:44:44+00:00\",\"mainEntityOfPage\":{\"@id\":\"https:\\\/\\\/santbult.es\\\/saluda-delegada-del-gobierno-comunitat-valenciana-2025\\\/\"},\"wordCount\":667,\"publisher\":{\"@id\":\"https:\\\/\\\/santbult.es\\\/#organization\"},\"image\":{\"@id\":\"https:\\\/\\\/santbult.es\\\/saluda-delegada-del-gobierno-comunitat-valenciana-2025\\\/#primaryimage\"},\"thumbnailUrl\":\"https:\\\/\\\/santbult.es\\\/wp-content\\\/uploads\\\/2025\\\/05\\\/Delegada-del-Gobierno-en-la-Comunitat-Valenciana.jpeg\",\"articleSection\":[\"2025\",\"Archiu Hist\u00f2ric\",\"Inici\",\"Saluda\"],\"inLanguage\":\"val\"},{\"@type\":\"WebPage\",\"@id\":\"https:\\\/\\\/santbult.es\\\/saluda-delegada-del-gobierno-comunitat-valenciana-2025\\\/\",\"url\":\"https:\\\/\\\/santbult.es\\\/saluda-delegada-del-gobierno-comunitat-valenciana-2025\\\/\",\"name\":\"Saluda Delegada del Govern Comunitat Valenciana 2025 - Festes de Sant Bult \u2013 La Xerea\",\"isPartOf\":{\"@id\":\"https:\\\/\\\/santbult.es\\\/#website\"},\"primaryImageOfPage\":{\"@id\":\"https:\\\/\\\/santbult.es\\\/saluda-delegada-del-gobierno-comunitat-valenciana-2025\\\/#primaryimage\"},\"image\":{\"@id\":\"https:\\\/\\\/santbult.es\\\/saluda-delegada-del-gobierno-comunitat-valenciana-2025\\\/#primaryimage\"},\"thumbnailUrl\":\"https:\\\/\\\/santbult.es\\\/wp-content\\\/uploads\\\/2025\\\/05\\\/Delegada-del-Gobierno-en-la-Comunitat-Valenciana.jpeg\",\"datePublished\":\"2025-05-26T11:00:42+00:00\",\"dateModified\":\"2025-05-26T17:44:44+00:00\",\"description\":\"Saluda Delegada del Govern Comunitat Valenciana 2025\",\"breadcrumb\":{\"@id\":\"https:\\\/\\\/santbult.es\\\/saluda-delegada-del-gobierno-comunitat-valenciana-2025\\\/#breadcrumb\"},\"inLanguage\":\"val\",\"potentialAction\":[{\"@type\":\"ReadAction\",\"target\":[\"https:\\\/\\\/santbult.es\\\/saluda-delegada-del-gobierno-comunitat-valenciana-2025\\\/\"]}]},{\"@type\":\"ImageObject\",\"inLanguage\":\"val\",\"@id\":\"https:\\\/\\\/santbult.es\\\/saluda-delegada-del-gobierno-comunitat-valenciana-2025\\\/#primaryimage\",\"url\":\"https:\\\/\\\/santbult.es\\\/wp-content\\\/uploads\\\/2025\\\/05\\\/Delegada-del-Gobierno-en-la-Comunitat-Valenciana.jpeg\",\"contentUrl\":\"https:\\\/\\\/santbult.es\\\/wp-content\\\/uploads\\\/2025\\\/05\\\/Delegada-del-Gobierno-en-la-Comunitat-Valenciana.jpeg\",\"width\":1600,\"height\":1066},{\"@type\":\"BreadcrumbList\",\"@id\":\"https:\\\/\\\/santbult.es\\\/saluda-delegada-del-gobierno-comunitat-valenciana-2025\\\/#breadcrumb\",\"itemListElement\":[{\"@type\":\"ListItem\",\"position\":1,\"name\":\"Archivo Hist\u00f3rico\",\"item\":\"https:\\\/\\\/santbult.es\\\/category\\\/archivo-historico\\\/\"},{\"@type\":\"ListItem\",\"position\":2,\"name\":\"2025\",\"item\":\"https:\\\/\\\/santbult.es\\\/va\\\/category\\\/archiu-historic\\\/2025-archiu-historic\\\/\"},{\"@type\":\"ListItem\",\"position\":3,\"name\":\"Saluda Delegada del Govern Comunitat Valenciana 2025\"}]},{\"@type\":\"WebSite\",\"@id\":\"https:\\\/\\\/santbult.es\\\/#website\",\"url\":\"https:\\\/\\\/santbult.es\\\/\",\"name\":\"Festes de Sant Bult \u2013 La Xerea\",\"description\":\"B\u00e9 Rellev\u00e0ncia Local Immaterial\",\"publisher\":{\"@id\":\"https:\\\/\\\/santbult.es\\\/#organization\"},\"potentialAction\":[{\"@type\":\"SearchAction\",\"target\":{\"@type\":\"EntryPoint\",\"urlTemplate\":\"https:\\\/\\\/santbult.es\\\/?s={search_term_string}\"},\"query-input\":{\"@type\":\"PropertyValueSpecification\",\"valueRequired\":true,\"valueName\":\"search_term_string\"}}],\"inLanguage\":\"val\"},{\"@type\":\"Organization\",\"@id\":\"https:\\\/\\\/santbult.es\\\/#organization\",\"name\":\"Sant Bult\",\"url\":\"https:\\\/\\\/santbult.es\\\/\",\"logo\":{\"@type\":\"ImageObject\",\"inLanguage\":\"val\",\"@id\":\"https:\\\/\\\/santbult.es\\\/#\\\/schema\\\/logo\\\/image\\\/\",\"url\":\"https:\\\/\\\/santbult.es\\\/wp-content\\\/uploads\\\/2019\\\/04\\\/mini-sant-bult.png\",\"contentUrl\":\"https:\\\/\\\/santbult.es\\\/wp-content\\\/uploads\\\/2019\\\/04\\\/mini-sant-bult.png\",\"width\":330,\"height\":330,\"caption\":\"Sant Bult\"},\"image\":{\"@id\":\"https:\\\/\\\/santbult.es\\\/#\\\/schema\\\/logo\\\/image\\\/\"},\"sameAs\":[\"https:\\\/\\\/www.facebook.com\\\/santbult\",\"https:\\\/\\\/x.com\\\/sant_bult\",\"https:\\\/\\\/www.instagram.com\\\/sant_bult\\\/\",\"https:\\\/\\\/www.youtube.com\\\/channel\\\/UCViTQedoyMvyMj-pAq4doMA\"]},{\"@type\":\"Person\",\"@id\":\"https:\\\/\\\/santbult.es\\\/#\\\/schema\\\/person\\\/a2291a6450b44bc876c6fe81b146f15d\",\"name\":\"santbult\",\"image\":{\"@type\":\"ImageObject\",\"inLanguage\":\"val\",\"@id\":\"https:\\\/\\\/secure.gravatar.com\\\/avatar\\\/946e8694005d0bd75998ba9f0cf5ce2939c3dc003df972082147d2a625f3837d?s=96&d=mm&r=g\",\"url\":\"https:\\\/\\\/secure.gravatar.com\\\/avatar\\\/946e8694005d0bd75998ba9f0cf5ce2939c3dc003df972082147d2a625f3837d?s=96&d=mm&r=g\",\"contentUrl\":\"https:\\\/\\\/secure.gravatar.com\\\/avatar\\\/946e8694005d0bd75998ba9f0cf5ce2939c3dc003df972082147d2a625f3837d?s=96&d=mm&r=g\",\"caption\":\"santbult\"},\"sameAs\":[\"https:\\\/\\\/santbult.es\"]}]}<\/script>\n<!-- \/ Yoast SEO Premium plugin. -->","yoast_head_json":{"title":"Saluda Delegada del Govern Comunitat Valenciana 2025 - Festes de Sant Bult \u2013 La Xerea","description":"Saluda Delegada del Govern Comunitat Valenciana 2025","robots":{"index":"index","follow":"follow","max-snippet":"max-snippet:-1","max-image-preview":"max-image-preview:large","max-video-preview":"max-video-preview:-1"},"canonical":"https:\/\/santbult.es\/saluda-delegada-del-gobierno-comunitat-valenciana-2025\/","og_locale":"en_US","og_type":"article","og_title":"Saluda Delegada del Govern Comunitat Valenciana 2025","og_description":"Festes de Sant Bult \u2013 La Xerea","og_url":"https:\/\/santbult.es\/saluda-delegada-del-gobierno-comunitat-valenciana-2025\/","og_site_name":"Festes de Sant Bult \u2013 La Xerea","article_publisher":"https:\/\/www.facebook.com\/santbult","article_published_time":"2025-05-26T11:00:42+00:00","article_modified_time":"2025-05-26T17:44:44+00:00","og_image":[{"width":1600,"height":1066,"url":"https:\/\/santbult.es\/wp-content\/uploads\/2025\/05\/Delegada-del-Gobierno-en-la-Comunitat-Valenciana.jpeg","type":"image\/jpeg"}],"author":"santbult","twitter_card":"summary_large_image","twitter_creator":"@sant_bult","twitter_site":"@sant_bult","twitter_misc":{"Written by":"santbult","Est. reading time":"3 minutes"},"schema":{"@context":"https:\/\/schema.org","@graph":[{"@type":"Article","@id":"https:\/\/santbult.es\/saluda-delegada-del-gobierno-comunitat-valenciana-2025\/#article","isPartOf":{"@id":"https:\/\/santbult.es\/saluda-delegada-del-gobierno-comunitat-valenciana-2025\/"},"author":{"name":"santbult","@id":"https:\/\/santbult.es\/#\/schema\/person\/a2291a6450b44bc876c6fe81b146f15d"},"headline":"Saluda Delegada del Govern Comunitat Valenciana 2025","datePublished":"2025-05-26T11:00:42+00:00","dateModified":"2025-05-26T17:44:44+00:00","mainEntityOfPage":{"@id":"https:\/\/santbult.es\/saluda-delegada-del-gobierno-comunitat-valenciana-2025\/"},"wordCount":667,"publisher":{"@id":"https:\/\/santbult.es\/#organization"},"image":{"@id":"https:\/\/santbult.es\/saluda-delegada-del-gobierno-comunitat-valenciana-2025\/#primaryimage"},"thumbnailUrl":"https:\/\/santbult.es\/wp-content\/uploads\/2025\/05\/Delegada-del-Gobierno-en-la-Comunitat-Valenciana.jpeg","articleSection":["2025","Archiu Hist\u00f2ric","Inici","Saluda"],"inLanguage":"val"},{"@type":"WebPage","@id":"https:\/\/santbult.es\/saluda-delegada-del-gobierno-comunitat-valenciana-2025\/","url":"https:\/\/santbult.es\/saluda-delegada-del-gobierno-comunitat-valenciana-2025\/","name":"Saluda Delegada del Govern Comunitat Valenciana 2025 - Festes de Sant Bult \u2013 La Xerea","isPartOf":{"@id":"https:\/\/santbult.es\/#website"},"primaryImageOfPage":{"@id":"https:\/\/santbult.es\/saluda-delegada-del-gobierno-comunitat-valenciana-2025\/#primaryimage"},"image":{"@id":"https:\/\/santbult.es\/saluda-delegada-del-gobierno-comunitat-valenciana-2025\/#primaryimage"},"thumbnailUrl":"https:\/\/santbult.es\/wp-content\/uploads\/2025\/05\/Delegada-del-Gobierno-en-la-Comunitat-Valenciana.jpeg","datePublished":"2025-05-26T11:00:42+00:00","dateModified":"2025-05-26T17:44:44+00:00","description":"Saluda Delegada del Govern Comunitat Valenciana 2025","breadcrumb":{"@id":"https:\/\/santbult.es\/saluda-delegada-del-gobierno-comunitat-valenciana-2025\/#breadcrumb"},"inLanguage":"val","potentialAction":[{"@type":"ReadAction","target":["https:\/\/santbult.es\/saluda-delegada-del-gobierno-comunitat-valenciana-2025\/"]}]},{"@type":"ImageObject","inLanguage":"val","@id":"https:\/\/santbult.es\/saluda-delegada-del-gobierno-comunitat-valenciana-2025\/#primaryimage","url":"https:\/\/santbult.es\/wp-content\/uploads\/2025\/05\/Delegada-del-Gobierno-en-la-Comunitat-Valenciana.jpeg","contentUrl":"https:\/\/santbult.es\/wp-content\/uploads\/2025\/05\/Delegada-del-Gobierno-en-la-Comunitat-Valenciana.jpeg","width":1600,"height":1066},{"@type":"BreadcrumbList","@id":"https:\/\/santbult.es\/saluda-delegada-del-gobierno-comunitat-valenciana-2025\/#breadcrumb","itemListElement":[{"@type":"ListItem","position":1,"name":"Archivo Hist\u00f3rico","item":"https:\/\/santbult.es\/category\/archivo-historico\/"},{"@type":"ListItem","position":2,"name":"2025","item":"https:\/\/santbult.es\/va\/category\/archiu-historic\/2025-archiu-historic\/"},{"@type":"ListItem","position":3,"name":"Saluda Delegada del Govern Comunitat Valenciana 2025"}]},{"@type":"WebSite","@id":"https:\/\/santbult.es\/#website","url":"https:\/\/santbult.es\/","name":"Festes de Sant Bult \u2013 La Xerea","description":"B\u00e9 Rellev\u00e0ncia Local Immaterial","publisher":{"@id":"https:\/\/santbult.es\/#organization"},"potentialAction":[{"@type":"SearchAction","target":{"@type":"EntryPoint","urlTemplate":"https:\/\/santbult.es\/?s={search_term_string}"},"query-input":{"@type":"PropertyValueSpecification","valueRequired":true,"valueName":"search_term_string"}}],"inLanguage":"val"},{"@type":"Organization","@id":"https:\/\/santbult.es\/#organization","name":"Sant Bult","url":"https:\/\/santbult.es\/","logo":{"@type":"ImageObject","inLanguage":"val","@id":"https:\/\/santbult.es\/#\/schema\/logo\/image\/","url":"https:\/\/santbult.es\/wp-content\/uploads\/2019\/04\/mini-sant-bult.png","contentUrl":"https:\/\/santbult.es\/wp-content\/uploads\/2019\/04\/mini-sant-bult.png","width":330,"height":330,"caption":"Sant Bult"},"image":{"@id":"https:\/\/santbult.es\/#\/schema\/logo\/image\/"},"sameAs":["https:\/\/www.facebook.com\/santbult","https:\/\/x.com\/sant_bult","https:\/\/www.instagram.com\/sant_bult\/","https:\/\/www.youtube.com\/channel\/UCViTQedoyMvyMj-pAq4doMA"]},{"@type":"Person","@id":"https:\/\/santbult.es\/#\/schema\/person\/a2291a6450b44bc876c6fe81b146f15d","name":"santbult","image":{"@type":"ImageObject","inLanguage":"val","@id":"https:\/\/secure.gravatar.com\/avatar\/946e8694005d0bd75998ba9f0cf5ce2939c3dc003df972082147d2a625f3837d?s=96&d=mm&r=g","url":"https:\/\/secure.gravatar.com\/avatar\/946e8694005d0bd75998ba9f0cf5ce2939c3dc003df972082147d2a625f3837d?s=96&d=mm&r=g","contentUrl":"https:\/\/secure.gravatar.com\/avatar\/946e8694005d0bd75998ba9f0cf5ce2939c3dc003df972082147d2a625f3837d?s=96&d=mm&r=g","caption":"santbult"},"sameAs":["https:\/\/santbult.es"]}]}},"_links":{"self":[{"href":"https:\/\/santbult.es\/va\/wp-json\/wp\/v2\/posts\/15767","targetHints":{"allow":["GET"]}}],"collection":[{"href":"https:\/\/santbult.es\/va\/wp-json\/wp\/v2\/posts"}],"about":[{"href":"https:\/\/santbult.es\/va\/wp-json\/wp\/v2\/types\/post"}],"author":[{"embeddable":true,"href":"https:\/\/santbult.es\/va\/wp-json\/wp\/v2\/users\/1"}],"replies":[{"embeddable":true,"href":"https:\/\/santbult.es\/va\/wp-json\/wp\/v2\/comments?post=15767"}],"version-history":[{"count":1,"href":"https:\/\/santbult.es\/va\/wp-json\/wp\/v2\/posts\/15767\/revisions"}],"predecessor-version":[{"id":15768,"href":"https:\/\/santbult.es\/va\/wp-json\/wp\/v2\/posts\/15767\/revisions\/15768"}],"wp:featuredmedia":[{"embeddable":true,"href":"https:\/\/santbult.es\/va\/wp-json\/wp\/v2\/media\/15765"}],"wp:attachment":[{"href":"https:\/\/santbult.es\/va\/wp-json\/wp\/v2\/media?parent=15767"}],"wp:term":[{"taxonomy":"category","embeddable":true,"href":"https:\/\/santbult.es\/va\/wp-json\/wp\/v2\/categories?post=15767"},{"taxonomy":"post_tag","embeddable":true,"href":"https:\/\/santbult.es\/va\/wp-json\/wp\/v2\/tags?post=15767"}],"curies":[{"name":"wp","href":"https:\/\/api.w.org\/{rel}","templated":true}]}}