{"id":15679,"date":"2025-04-15T19:49:54","date_gmt":"2025-04-15T17:49:54","guid":{"rendered":"https:\/\/santbult.es\/?p=15679"},"modified":"2025-04-15T19:49:55","modified_gmt":"2025-04-15T17:49:55","slug":"setmana-santa-marinera-2025","status":"publish","type":"post","link":"https:\/\/santbult.es\/va\/setmana-santa-marinera-2025\/","title":{"rendered":"Setmana Santa Marinera 2025"},"content":{"rendered":"<div class=\"wpb-content-wrapper\"><p>[vc_row][vc_column][vc_separator color=&#8221;blue&#8221; align=&#8221;align_left&#8221; border_width=&#8221;2&#8243; el_width=&#8221;10&#8243;][\/vc_column][\/vc_row][vc_row][vc_column][vc_single_image image=&#8221;15685&#8243; img_size=&#8221;full&#8221; alignment=&#8221;center&#8221; css=&#8221;&#8221;][\/vc_column][\/vc_row][vc_row][vc_column][vc_empty_space][\/vc_column][\/vc_row][vc_row][vc_column][vc_column_text css=&#8221;&#8221;]<\/p>\n<p class=\"\" data-start=\"210\" data-end=\"323\"><strong data-start=\"210\" data-end=\"323\">Un any m\u00e9s, el Crist de Sant Bult processona junt a la Real Germandat de Jes\u00fas en la Creu i Crist Ressuscitat<\/strong><\/p>\n<p class=\"\" data-start=\"325\" data-end=\"598\">En la vespra de la Setmana Santa Marinera, el passat <strong data-start=\"378\" data-end=\"408\">dilluns 14 d\u2019abril de 2025<\/strong>, tingu\u00e9 lloc un emotiu i ja tradicional encontre: la Imatge del Crist de Sant Bult torn\u00e0 a processonar junt a la Imatge Titular de la Real Germandat de Jes\u00fas en la Creu i Crist Ressuscitat.<\/p>\n<p class=\"\" data-start=\"600\" data-end=\"890\">La presidenta de la Real Germandat, Da. M\u00aa Jos\u00e9 Dami\u00e1, tingu\u00e9 a b\u00e9 invitar a la presidenta de Sant Bult, D\u00f1a. Paula Bellido, junt a la seua Junta de Clavaris i Clav\u00e0ries, a participar en esta significativa jornada, enfortint aixina els lla\u00e7os de fraternitat i devoci\u00f3 entre \u00e1mbd\u00f3s entitats.<\/p>\n<p class=\"\" data-start=\"892\" data-end=\"1216\">Enguany, adem\u00e9s, la Setmana Santa Marinera celebra el seu centenari en els Poblats Mar\u00edtims: una commemoraci\u00f3 especial de <strong data-start=\"1014\" data-end=\"1052\">100 anys d\u2019hist\u00f2ria, fe i tradici\u00f3<\/strong>. Ve\u00efns, devots i visitants es reunixen en els barris del Cabanyal, Grau i Natzaret per a viure en recolliment i fervor esta festa tan arrelada en la nostra ciutat.<\/p>\n<p class=\"\" data-start=\"1218\" data-end=\"1463\">Des de la Junta de Sant Bult volem reiterar el nostre m\u00e9s sincer agra\u00efment a la Real Germandat per la c\u00e0lida acollida brindada a la Imatge rom\u00e0nica del nostre Crist, un gest que parla d\u2019uni\u00f3, respecte i amor compartit per les nostres tradicions.<\/p>\n<p class=\"\" data-start=\"1465\" data-end=\"1649\">Que este 2025 siga un any ple de benediccions, i que tots puguem viure en intensitat espiritual els actes lit\u00fargics i processionals que nos recorden el cam\u00ed de Crist Jes\u00fas de Natzaret.<\/p>\n<p class=\"\" data-start=\"1651\" data-end=\"1835\"><strong data-start=\"1651\" data-end=\"1835\">Esperem comptar en tots els amics i germans de la Real Germandat el pr\u00f2xim mes de juny, per a celebrar junts les Festes de Sant Bult, en un nou encontre de fe, tradici\u00f3 i germanor.<\/strong><\/p>\n<p>[\/vc_column_text][\/vc_column][\/vc_row][vc_row][vc_column width=&#8221;1\/2&#8243;][vc_single_image image=&#8221;15735&#8243; img_size=&#8221;full&#8221; alignment=&#8221;center&#8221; css=&#8221;&#8221;][\/vc_column][vc_column width=&#8221;1\/2&#8243;][vc_single_image image=&#8221;15681&#8243; img_size=&#8221;full&#8221; alignment=&#8221;center&#8221; css=&#8221;&#8221;][\/vc_column][\/vc_row][vc_row][vc_column][vc_single_image image=&#8221;15707&#8243; img_size=&#8221;full&#8221; alignment=&#8221;center&#8221; css=&#8221;&#8221;][\/vc_column][\/vc_row][vc_row][vc_column width=&#8221;1\/2&#8243;][vc_single_image image=&#8221;15709&#8243; img_size=&#8221;full&#8221; alignment=&#8221;center&#8221; css=&#8221;&#8221;][\/vc_column][vc_column width=&#8221;1\/2&#8243;][vc_single_image image=&#8221;15711&#8243; img_size=&#8221;full&#8221; alignment=&#8221;center&#8221; css=&#8221;&#8221;][\/vc_column][\/vc_row][vc_row][vc_column width=&#8221;1\/2&#8243;][vc_single_image image=&#8221;15713&#8243; img_size=&#8221;full&#8221; alignment=&#8221;center&#8221; css=&#8221;&#8221;][\/vc_column][vc_column width=&#8221;1\/2&#8243;][vc_single_image image=&#8221;15715&#8243; img_size=&#8221;full&#8221; alignment=&#8221;center&#8221; css=&#8221;&#8221;][\/vc_column][\/vc_row][vc_row][vc_column width=&#8221;1\/2&#8243;][vc_single_image image=&#8221;15701&#8243; img_size=&#8221;full&#8221; alignment=&#8221;center&#8221; css=&#8221;&#8221;][\/vc_column][vc_column width=&#8221;1\/2&#8243;][vc_single_image image=&#8221;15703&#8243; img_size=&#8221;full&#8221; alignment=&#8221;center&#8221; css=&#8221;&#8221;][\/vc_column][\/vc_row][vc_row][vc_column][vc_single_image image=&#8221;15683&#8243; img_size=&#8221;full&#8221; alignment=&#8221;center&#8221; css=&#8221;&#8221;][\/vc_column][\/vc_row]<\/p>\n<\/div>","protected":false},"excerpt":{"rendered":"<p>SANT BULT | El Crist de Sant Bult processona junt a la Real Germandat en el centenari de la Setmana Santa Marinera. Uni\u00f3, tradici\u00f3 i fe compartida.<\/p>\n<p>#SemanaSantaMarinera2025 #SSMV #SantBult<\/p>\n","protected":false},"author":1,"featured_media":15686,"comment_status":"closed","ping_status":"closed","sticky":false,"template":"","format":"standard","meta":{"footnotes":""},"categories":[781,177,493],"tags":[],"class_list":["post-15679","post","type-post","status-publish","format-standard","has-post-thumbnail","hentry","category-2025-archiu-historic","category-archiu-historic","category-inici"],"yoast_head":"<!-- This site is optimized with the Yoast SEO Premium plugin v24.8 (Yoast SEO v27.4) - https:\/\/yoast.com\/product\/yoast-seo-premium-wordpress\/ -->\n<title>Setmana Santa Marinera 2025 - Festes de Sant Bult \u2013 La Xerea<\/title>\n<meta name=\"description\" content=\"El Crist de Sant Bult processona junt a la Real Germandat en el centenari de la Setmana Santa Marinera. Uni\u00f3, tradici\u00f3 i fe compartida.\" \/>\n<meta name=\"robots\" content=\"index, follow, max-snippet:-1, max-image-preview:large, max-video-preview:-1\" \/>\n<link rel=\"canonical\" href=\"https:\/\/santbult.es\/va\/setmana-santa-marinera-2025\/\" \/>\n<meta property=\"og:locale\" content=\"en_US\" \/>\n<meta property=\"og:type\" content=\"article\" \/>\n<meta property=\"og:title\" content=\"Setmana Santa Marinera 2025\" \/>\n<meta property=\"og:description\" content=\"Festes de Sant Bult \u2013 La Xerea\" \/>\n<meta property=\"og:url\" content=\"https:\/\/santbult.es\/va\/setmana-santa-marinera-2025\/\" \/>\n<meta property=\"og:site_name\" content=\"Festes de Sant Bult \u2013 La Xerea\" \/>\n<meta property=\"article:publisher\" content=\"https:\/\/www.facebook.com\/santbult\" \/>\n<meta property=\"article:published_time\" content=\"2025-04-15T17:49:54+00:00\" \/>\n<meta property=\"article:modified_time\" content=\"2025-04-15T17:49:55+00:00\" \/>\n<meta property=\"og:image\" content=\"https:\/\/santbult.es\/wp-content\/uploads\/2025\/04\/DSC00046-scaled.jpg\" \/>\n\t<meta property=\"og:image:width\" content=\"2560\" \/>\n\t<meta property=\"og:image:height\" content=\"1920\" \/>\n\t<meta property=\"og:image:type\" content=\"image\/jpeg\" \/>\n<meta name=\"author\" content=\"santbult\" \/>\n<meta name=\"twitter:card\" content=\"summary_large_image\" \/>\n<meta name=\"twitter:creator\" content=\"@sant_bult\" \/>\n<meta name=\"twitter:site\" content=\"@sant_bult\" \/>\n<meta name=\"twitter:label1\" content=\"Written by\" \/>\n\t<meta name=\"twitter:data1\" content=\"santbult\" \/>\n\t<meta name=\"twitter:label2\" content=\"Est. reading time\" \/>\n\t<meta name=\"twitter:data2\" content=\"4 minutes\" \/>\n<script type=\"application\/ld+json\" class=\"yoast-schema-graph\">{\"@context\":\"https:\\\/\\\/schema.org\",\"@graph\":[{\"@type\":\"Article\",\"@id\":\"https:\\\/\\\/santbult.es\\\/va\\\/setmana-santa-marinera-2025\\\/#article\",\"isPartOf\":{\"@id\":\"https:\\\/\\\/santbult.es\\\/va\\\/setmana-santa-marinera-2025\\\/\"},\"author\":{\"name\":\"santbult\",\"@id\":\"https:\\\/\\\/santbult.es\\\/#\\\/schema\\\/person\\\/a2291a6450b44bc876c6fe81b146f15d\"},\"headline\":\"Setmana Santa Marinera 2025\",\"datePublished\":\"2025-04-15T17:49:54+00:00\",\"dateModified\":\"2025-04-15T17:49:55+00:00\",\"mainEntityOfPage\":{\"@id\":\"https:\\\/\\\/santbult.es\\\/va\\\/setmana-santa-marinera-2025\\\/\"},\"wordCount\":539,\"publisher\":{\"@id\":\"https:\\\/\\\/santbult.es\\\/#organization\"},\"image\":{\"@id\":\"https:\\\/\\\/santbult.es\\\/va\\\/setmana-santa-marinera-2025\\\/#primaryimage\"},\"thumbnailUrl\":\"https:\\\/\\\/santbult.es\\\/wp-content\\\/uploads\\\/2025\\\/04\\\/DSC00046-scaled.jpg\",\"articleSection\":[\"2025\",\"Archiu Hist\u00f2ric\",\"Inici\"],\"inLanguage\":\"val\"},{\"@type\":\"WebPage\",\"@id\":\"https:\\\/\\\/santbult.es\\\/va\\\/setmana-santa-marinera-2025\\\/\",\"url\":\"https:\\\/\\\/santbult.es\\\/va\\\/setmana-santa-marinera-2025\\\/\",\"name\":\"Setmana Santa Marinera 2025 - Festes de Sant Bult \u2013 La Xerea\",\"isPartOf\":{\"@id\":\"https:\\\/\\\/santbult.es\\\/#website\"},\"primaryImageOfPage\":{\"@id\":\"https:\\\/\\\/santbult.es\\\/va\\\/setmana-santa-marinera-2025\\\/#primaryimage\"},\"image\":{\"@id\":\"https:\\\/\\\/santbult.es\\\/va\\\/setmana-santa-marinera-2025\\\/#primaryimage\"},\"thumbnailUrl\":\"https:\\\/\\\/santbult.es\\\/wp-content\\\/uploads\\\/2025\\\/04\\\/DSC00046-scaled.jpg\",\"datePublished\":\"2025-04-15T17:49:54+00:00\",\"dateModified\":\"2025-04-15T17:49:55+00:00\",\"description\":\"El Crist de Sant Bult processona junt a la Real Germandat en el centenari de la Setmana Santa Marinera. Uni\u00f3, tradici\u00f3 i fe compartida.\",\"breadcrumb\":{\"@id\":\"https:\\\/\\\/santbult.es\\\/va\\\/setmana-santa-marinera-2025\\\/#breadcrumb\"},\"inLanguage\":\"val\",\"potentialAction\":[{\"@type\":\"ReadAction\",\"target\":[\"https:\\\/\\\/santbult.es\\\/va\\\/setmana-santa-marinera-2025\\\/\"]}]},{\"@type\":\"ImageObject\",\"inLanguage\":\"val\",\"@id\":\"https:\\\/\\\/santbult.es\\\/va\\\/setmana-santa-marinera-2025\\\/#primaryimage\",\"url\":\"https:\\\/\\\/santbult.es\\\/wp-content\\\/uploads\\\/2025\\\/04\\\/DSC00046-scaled.jpg\",\"contentUrl\":\"https:\\\/\\\/santbult.es\\\/wp-content\\\/uploads\\\/2025\\\/04\\\/DSC00046-scaled.jpg\",\"width\":2560,\"height\":1920},{\"@type\":\"BreadcrumbList\",\"@id\":\"https:\\\/\\\/santbult.es\\\/va\\\/setmana-santa-marinera-2025\\\/#breadcrumb\",\"itemListElement\":[{\"@type\":\"ListItem\",\"position\":1,\"name\":\"Archivo Hist\u00f3rico\",\"item\":\"https:\\\/\\\/santbult.es\\\/category\\\/archivo-historico\\\/\"},{\"@type\":\"ListItem\",\"position\":2,\"name\":\"Setmana Santa Marinera 2025\"}]},{\"@type\":\"WebSite\",\"@id\":\"https:\\\/\\\/santbult.es\\\/#website\",\"url\":\"https:\\\/\\\/santbult.es\\\/\",\"name\":\"Festes de Sant Bult \u2013 La Xerea\",\"description\":\"B\u00e9 Rellev\u00e0ncia Local Immaterial\",\"publisher\":{\"@id\":\"https:\\\/\\\/santbult.es\\\/#organization\"},\"potentialAction\":[{\"@type\":\"SearchAction\",\"target\":{\"@type\":\"EntryPoint\",\"urlTemplate\":\"https:\\\/\\\/santbult.es\\\/?s={search_term_string}\"},\"query-input\":{\"@type\":\"PropertyValueSpecification\",\"valueRequired\":true,\"valueName\":\"search_term_string\"}}],\"inLanguage\":\"val\"},{\"@type\":\"Organization\",\"@id\":\"https:\\\/\\\/santbult.es\\\/#organization\",\"name\":\"Sant Bult\",\"url\":\"https:\\\/\\\/santbult.es\\\/\",\"logo\":{\"@type\":\"ImageObject\",\"inLanguage\":\"val\",\"@id\":\"https:\\\/\\\/santbult.es\\\/#\\\/schema\\\/logo\\\/image\\\/\",\"url\":\"https:\\\/\\\/santbult.es\\\/wp-content\\\/uploads\\\/2019\\\/04\\\/mini-sant-bult.png\",\"contentUrl\":\"https:\\\/\\\/santbult.es\\\/wp-content\\\/uploads\\\/2019\\\/04\\\/mini-sant-bult.png\",\"width\":330,\"height\":330,\"caption\":\"Sant Bult\"},\"image\":{\"@id\":\"https:\\\/\\\/santbult.es\\\/#\\\/schema\\\/logo\\\/image\\\/\"},\"sameAs\":[\"https:\\\/\\\/www.facebook.com\\\/santbult\",\"https:\\\/\\\/x.com\\\/sant_bult\",\"https:\\\/\\\/www.instagram.com\\\/sant_bult\\\/\",\"https:\\\/\\\/www.youtube.com\\\/channel\\\/UCViTQedoyMvyMj-pAq4doMA\"]},{\"@type\":\"Person\",\"@id\":\"https:\\\/\\\/santbult.es\\\/#\\\/schema\\\/person\\\/a2291a6450b44bc876c6fe81b146f15d\",\"name\":\"santbult\",\"image\":{\"@type\":\"ImageObject\",\"inLanguage\":\"val\",\"@id\":\"https:\\\/\\\/secure.gravatar.com\\\/avatar\\\/946e8694005d0bd75998ba9f0cf5ce2939c3dc003df972082147d2a625f3837d?s=96&d=mm&r=g\",\"url\":\"https:\\\/\\\/secure.gravatar.com\\\/avatar\\\/946e8694005d0bd75998ba9f0cf5ce2939c3dc003df972082147d2a625f3837d?s=96&d=mm&r=g\",\"contentUrl\":\"https:\\\/\\\/secure.gravatar.com\\\/avatar\\\/946e8694005d0bd75998ba9f0cf5ce2939c3dc003df972082147d2a625f3837d?s=96&d=mm&r=g\",\"caption\":\"santbult\"},\"sameAs\":[\"https:\\\/\\\/santbult.es\"]}]}<\/script>\n<!-- \/ Yoast SEO Premium plugin. -->","yoast_head_json":{"title":"Setmana Santa Marinera 2025 - Festes de Sant Bult \u2013 La Xerea","description":"El Crist de Sant Bult processona junt a la Real Germandat en el centenari de la Setmana Santa Marinera. Uni\u00f3, tradici\u00f3 i fe compartida.","robots":{"index":"index","follow":"follow","max-snippet":"max-snippet:-1","max-image-preview":"max-image-preview:large","max-video-preview":"max-video-preview:-1"},"canonical":"https:\/\/santbult.es\/va\/setmana-santa-marinera-2025\/","og_locale":"en_US","og_type":"article","og_title":"Setmana Santa Marinera 2025","og_description":"Festes de Sant Bult \u2013 La Xerea","og_url":"https:\/\/santbult.es\/va\/setmana-santa-marinera-2025\/","og_site_name":"Festes de Sant Bult \u2013 La Xerea","article_publisher":"https:\/\/www.facebook.com\/santbult","article_published_time":"2025-04-15T17:49:54+00:00","article_modified_time":"2025-04-15T17:49:55+00:00","og_image":[{"width":2560,"height":1920,"url":"https:\/\/santbult.es\/wp-content\/uploads\/2025\/04\/DSC00046-scaled.jpg","type":"image\/jpeg"}],"author":"santbult","twitter_card":"summary_large_image","twitter_creator":"@sant_bult","twitter_site":"@sant_bult","twitter_misc":{"Written by":"santbult","Est. reading time":"4 minutes"},"schema":{"@context":"https:\/\/schema.org","@graph":[{"@type":"Article","@id":"https:\/\/santbult.es\/va\/setmana-santa-marinera-2025\/#article","isPartOf":{"@id":"https:\/\/santbult.es\/va\/setmana-santa-marinera-2025\/"},"author":{"name":"santbult","@id":"https:\/\/santbult.es\/#\/schema\/person\/a2291a6450b44bc876c6fe81b146f15d"},"headline":"Setmana Santa Marinera 2025","datePublished":"2025-04-15T17:49:54+00:00","dateModified":"2025-04-15T17:49:55+00:00","mainEntityOfPage":{"@id":"https:\/\/santbult.es\/va\/setmana-santa-marinera-2025\/"},"wordCount":539,"publisher":{"@id":"https:\/\/santbult.es\/#organization"},"image":{"@id":"https:\/\/santbult.es\/va\/setmana-santa-marinera-2025\/#primaryimage"},"thumbnailUrl":"https:\/\/santbult.es\/wp-content\/uploads\/2025\/04\/DSC00046-scaled.jpg","articleSection":["2025","Archiu Hist\u00f2ric","Inici"],"inLanguage":"val"},{"@type":"WebPage","@id":"https:\/\/santbult.es\/va\/setmana-santa-marinera-2025\/","url":"https:\/\/santbult.es\/va\/setmana-santa-marinera-2025\/","name":"Setmana Santa Marinera 2025 - Festes de Sant Bult \u2013 La Xerea","isPartOf":{"@id":"https:\/\/santbult.es\/#website"},"primaryImageOfPage":{"@id":"https:\/\/santbult.es\/va\/setmana-santa-marinera-2025\/#primaryimage"},"image":{"@id":"https:\/\/santbult.es\/va\/setmana-santa-marinera-2025\/#primaryimage"},"thumbnailUrl":"https:\/\/santbult.es\/wp-content\/uploads\/2025\/04\/DSC00046-scaled.jpg","datePublished":"2025-04-15T17:49:54+00:00","dateModified":"2025-04-15T17:49:55+00:00","description":"El Crist de Sant Bult processona junt a la Real Germandat en el centenari de la Setmana Santa Marinera. Uni\u00f3, tradici\u00f3 i fe compartida.","breadcrumb":{"@id":"https:\/\/santbult.es\/va\/setmana-santa-marinera-2025\/#breadcrumb"},"inLanguage":"val","potentialAction":[{"@type":"ReadAction","target":["https:\/\/santbult.es\/va\/setmana-santa-marinera-2025\/"]}]},{"@type":"ImageObject","inLanguage":"val","@id":"https:\/\/santbult.es\/va\/setmana-santa-marinera-2025\/#primaryimage","url":"https:\/\/santbult.es\/wp-content\/uploads\/2025\/04\/DSC00046-scaled.jpg","contentUrl":"https:\/\/santbult.es\/wp-content\/uploads\/2025\/04\/DSC00046-scaled.jpg","width":2560,"height":1920},{"@type":"BreadcrumbList","@id":"https:\/\/santbult.es\/va\/setmana-santa-marinera-2025\/#breadcrumb","itemListElement":[{"@type":"ListItem","position":1,"name":"Archivo Hist\u00f3rico","item":"https:\/\/santbult.es\/category\/archivo-historico\/"},{"@type":"ListItem","position":2,"name":"Setmana Santa Marinera 2025"}]},{"@type":"WebSite","@id":"https:\/\/santbult.es\/#website","url":"https:\/\/santbult.es\/","name":"Festes de Sant Bult \u2013 La Xerea","description":"B\u00e9 Rellev\u00e0ncia Local Immaterial","publisher":{"@id":"https:\/\/santbult.es\/#organization"},"potentialAction":[{"@type":"SearchAction","target":{"@type":"EntryPoint","urlTemplate":"https:\/\/santbult.es\/?s={search_term_string}"},"query-input":{"@type":"PropertyValueSpecification","valueRequired":true,"valueName":"search_term_string"}}],"inLanguage":"val"},{"@type":"Organization","@id":"https:\/\/santbult.es\/#organization","name":"Sant Bult","url":"https:\/\/santbult.es\/","logo":{"@type":"ImageObject","inLanguage":"val","@id":"https:\/\/santbult.es\/#\/schema\/logo\/image\/","url":"https:\/\/santbult.es\/wp-content\/uploads\/2019\/04\/mini-sant-bult.png","contentUrl":"https:\/\/santbult.es\/wp-content\/uploads\/2019\/04\/mini-sant-bult.png","width":330,"height":330,"caption":"Sant Bult"},"image":{"@id":"https:\/\/santbult.es\/#\/schema\/logo\/image\/"},"sameAs":["https:\/\/www.facebook.com\/santbult","https:\/\/x.com\/sant_bult","https:\/\/www.instagram.com\/sant_bult\/","https:\/\/www.youtube.com\/channel\/UCViTQedoyMvyMj-pAq4doMA"]},{"@type":"Person","@id":"https:\/\/santbult.es\/#\/schema\/person\/a2291a6450b44bc876c6fe81b146f15d","name":"santbult","image":{"@type":"ImageObject","inLanguage":"val","@id":"https:\/\/secure.gravatar.com\/avatar\/946e8694005d0bd75998ba9f0cf5ce2939c3dc003df972082147d2a625f3837d?s=96&d=mm&r=g","url":"https:\/\/secure.gravatar.com\/avatar\/946e8694005d0bd75998ba9f0cf5ce2939c3dc003df972082147d2a625f3837d?s=96&d=mm&r=g","contentUrl":"https:\/\/secure.gravatar.com\/avatar\/946e8694005d0bd75998ba9f0cf5ce2939c3dc003df972082147d2a625f3837d?s=96&d=mm&r=g","caption":"santbult"},"sameAs":["https:\/\/santbult.es"]}]}},"_links":{"self":[{"href":"https:\/\/santbult.es\/va\/wp-json\/wp\/v2\/posts\/15679","targetHints":{"allow":["GET"]}}],"collection":[{"href":"https:\/\/santbult.es\/va\/wp-json\/wp\/v2\/posts"}],"about":[{"href":"https:\/\/santbult.es\/va\/wp-json\/wp\/v2\/types\/post"}],"author":[{"embeddable":true,"href":"https:\/\/santbult.es\/va\/wp-json\/wp\/v2\/users\/1"}],"replies":[{"embeddable":true,"href":"https:\/\/santbult.es\/va\/wp-json\/wp\/v2\/comments?post=15679"}],"version-history":[{"count":3,"href":"https:\/\/santbult.es\/va\/wp-json\/wp\/v2\/posts\/15679\/revisions"}],"predecessor-version":[{"id":15738,"href":"https:\/\/santbult.es\/va\/wp-json\/wp\/v2\/posts\/15679\/revisions\/15738"}],"wp:featuredmedia":[{"embeddable":true,"href":"https:\/\/santbult.es\/va\/wp-json\/wp\/v2\/media\/15686"}],"wp:attachment":[{"href":"https:\/\/santbult.es\/va\/wp-json\/wp\/v2\/media?parent=15679"}],"wp:term":[{"taxonomy":"category","embeddable":true,"href":"https:\/\/santbult.es\/va\/wp-json\/wp\/v2\/categories?post=15679"},{"taxonomy":"post_tag","embeddable":true,"href":"https:\/\/santbult.es\/va\/wp-json\/wp\/v2\/tags?post=15679"}],"curies":[{"name":"wp","href":"https:\/\/api.w.org\/{rel}","templated":true}]}}