{"id":15643,"date":"2025-04-09T19:25:04","date_gmt":"2025-04-09T17:25:04","guid":{"rendered":"https:\/\/santbult.es\/?p=15643"},"modified":"2025-04-10T19:11:54","modified_gmt":"2025-04-10T17:11:54","slug":"premi-el-periodico-de-aqui","status":"publish","type":"post","link":"https:\/\/santbult.es\/va\/premi-el-periodico-de-aqui\/","title":{"rendered":"Premi El Peri\u00f3dico de Aqu\u00ed"},"content":{"rendered":"<div class=\"wpb-content-wrapper\"><p>[vc_row][vc_column][vc_separator color=&#8221;blue&#8221; align=&#8221;align_left&#8221; border_width=&#8221;2&#8243; el_width=&#8221;10&#8243;][\/vc_column][\/vc_row][vc_row][vc_column][vc_single_image image=&#8221;15624&#8243; img_size=&#8221;full&#8221; alignment=&#8221;center&#8221; css=&#8221;&#8221;][\/vc_column][\/vc_row][vc_row][vc_column][vc_empty_space][\/vc_column][\/vc_row][vc_row][vc_column][vc_column_text css=&#8221;&#8221;]La Festa de Sant Bult, reconeguda en el Premi Festa en la Gala de El Peri\u00f3dico de Aqu\u00ed;<\/p>\n<p>El passat dimarts 8 d&#8217;abril, l&#8217;Ateneu Mercantil de Val\u00e9ncia es va convertir en l&#8217;escenari d&#8217;una emotiva i significativa celebraci\u00f3: la Gala de Premis organisada per El Peri\u00f3dico de Aqu\u00ed, un mig de comunicaci\u00f3 que, en const\u00e0ncia i comprom\u00eds, ha demostrat ser un referent en l&#8217;informaci\u00f3 local de la Comunitat Valenciana.<\/p>\n<p>En el marc del quint aniversari d&#8217;estos guardons, es va recon\u00e9ixer el treball, la tradici\u00f3 i el valor cultural de diferents entitats, professionals i proyectes que enriquixen la vida social, cultural i econ\u00f2mica de la nostra terra. Entre ells, en gran orgull i emoci\u00f3, la Festa de Sant Bult va ser distinguida en el Premi Festa, un reconeiximent que posa en valor l&#8217;hist\u00f2ria, la devoci\u00f3 i la participaci\u00f3 ciutadana entorn a esta celebraci\u00f3 tan arra\u00eflada en el barri de la Xerea.[\/vc_column_text][\/vc_column][\/vc_row][vc_row][vc_column width=&#8221;1\/2&#8243;][vc_single_image image=&#8221;15626&#8243; img_size=&#8221;full&#8221; css=&#8221;&#8221;][\/vc_column][vc_column width=&#8221;1\/2&#8243;][vc_single_image image=&#8221;15628&#8243; img_size=&#8221;full&#8221; css=&#8221;&#8221;][\/vc_column][\/vc_row][vc_row][vc_column][vc_single_image image=&#8221;15630&#8243; img_size=&#8221;full&#8221; css=&#8221;&#8221;][\/vc_column][\/vc_row][vc_row][vc_column][vc_column_text css=&#8221;&#8221;]<\/p>\n<h3><strong>Un reconeiximent a tota una comunitat<\/strong><\/h3>\n<p>Des de l&#8217;organisaci\u00f3 de la Festa de Sant Bult volem expressar el nostre m\u00e9s sincer agra\u00efment a El Peri\u00f3dico de Aqu\u00ed per este guard\u00f3. Este premi no \u00e9s solament un reconeiximent a una tradici\u00f3 centen\u00e0ria, sino tamb\u00e9 un homenage a totes les persones que fan possible que esta festivitat seguixca viva i vigent.<\/p>\n<p>Ho dediquem en especial carinyo a tots els Clavarios i Clavarias de Sant Bult, al Grup de Clavariesas, i, per supost, a tota la societat valenciana que, any rere any, acodix en entusiasme al barri de la Xerea per a participar en la que \u00e9s considerada la festa popular m\u00e9s antiga de la ciutat de Val\u00e9ncia.<\/p>\n<p>La Festa de Sant Bult \u00e9s molt m\u00e9s que un event religi\u00f3s o cultural: \u00e9s un s\u00edmbol d&#8217;identitat, de comunitat i de continu\u00eftat intergeneracional. Que esta celebraci\u00f3 reba un reconeiximent com el Premi Festa, supon una motivaci\u00f3 adicional per a seguir treballant en la seua preservaci\u00f3 i difusi\u00f3.[\/vc_column_text][\/vc_column][\/vc_row][vc_row][vc_column][vc_single_image image=&#8221;15640&#8243; img_size=&#8221;full&#8221; css=&#8221;&#8221;][\/vc_column][\/vc_row][vc_row][vc_column][vc_column_text css=&#8221;&#8221;]<\/p>\n<h3 class=\"\" data-start=\"2104\" data-end=\"2144\">Enhorabona a tots els guardonats<\/h3>\n<p class=\"\" data-start=\"2146\" data-end=\"2414\">Volem felicitar calorosament a totes les persones i institucions premiades durant la gala, els qui en la seua llabor di\u00e0ria contribu\u00efxen al desenroll, l&#8217;innovaci\u00f3 i la conservaci\u00f3 del ric teixit social de la Comunitat Valenciana. Els guardons entregats varen ser:<\/p>\n<ul data-start=\"2416\" data-end=\"3450\">\n<li class=\"\" data-start=\"2416\" data-end=\"2461\">\n<p class=\"\" data-start=\"2418\" data-end=\"2461\"><strong data-start=\"2418\" data-end=\"2434\">Premio Salud<\/strong>: Mercedes Hurtado Sarri\u00f3<\/p>\n<\/li>\n<li class=\"\" data-start=\"2462\" data-end=\"2521\">\n<p class=\"\" data-start=\"2464\" data-end=\"2521\"><strong data-start=\"2464\" data-end=\"2486\">Premio Gastronom\u00eda<\/strong>: Cuatro Estaciones de la Terreta<\/p>\n<\/li>\n<li class=\"\" data-start=\"2522\" data-end=\"2565\">\n<p class=\"\" data-start=\"2524\" data-end=\"2565\"><strong data-start=\"2524\" data-end=\"2542\">Premio Fiestas<\/strong>: Fiesta de Sant Bult<\/p>\n<\/li>\n<li class=\"\" data-start=\"2566\" data-end=\"2643\">\n<p class=\"\" data-start=\"2568\" data-end=\"2643\"><strong data-start=\"2568\" data-end=\"2589\">Premio Patrimonio<\/strong>: Equipo de restauraci\u00f3n de la Iglesia Santos Juanes<\/p>\n<\/li>\n<li class=\"\" data-start=\"2644\" data-end=\"2753\">\n<p class=\"\" data-start=\"2646\" data-end=\"2753\"><strong data-start=\"2646\" data-end=\"2677\">Premio Internacionalizaci\u00f3n<\/strong>: Academia Internacional de Ciencias, Tecnolog\u00edas, Educaci\u00f3n y Humanidades<\/p>\n<\/li>\n<li class=\"\" data-start=\"2754\" data-end=\"2792\">\n<p class=\"\" data-start=\"2756\" data-end=\"2792\"><strong data-start=\"2756\" data-end=\"2774\">Premio Empresa<\/strong>: Eurocaja Rural<\/p>\n<\/li>\n<li class=\"\" data-start=\"2793\" data-end=\"2846\">\n<p class=\"\" data-start=\"2795\" data-end=\"2846\"><strong data-start=\"2795\" data-end=\"2824\">Premio Iniciativa Vecinal<\/strong>: Mar\u00eda Jos\u00e9 Broseta<\/p>\n<\/li>\n<li class=\"\" data-start=\"2847\" data-end=\"2931\">\n<p class=\"\" data-start=\"2849\" data-end=\"2931\"><strong data-start=\"2849\" data-end=\"2867\">Premio Cultura<\/strong>: MuVIM (Museu Valenci\u00e0 de la Il\u00b7lustraci\u00f3 i de la Modernitat)<\/p>\n<\/li>\n<li class=\"\" data-start=\"2932\" data-end=\"2974\">\n<p class=\"\" data-start=\"2934\" data-end=\"2974\"><strong data-start=\"2934\" data-end=\"2953\">Premio Especial<\/strong>: Francisco Celdr\u00e1n<\/p>\n<\/li>\n<li class=\"\" data-start=\"2975\" data-end=\"3058\">\n<p class=\"\" data-start=\"2977\" data-end=\"3058\"><strong data-start=\"2977\" data-end=\"2999\">Premio Agricultura<\/strong>: Instituto de Investigaciones Agrarias de la Generalitat<\/p>\n<\/li>\n<li class=\"\" data-start=\"3059\" data-end=\"3088\">\n<p class=\"\" data-start=\"3061\" data-end=\"3088\"><strong data-start=\"3061\" data-end=\"3076\">Premio Ocio<\/strong>: PROMFEST<\/p>\n<\/li>\n<li class=\"\" data-start=\"3089\" data-end=\"3134\">\n<p class=\"\" data-start=\"3091\" data-end=\"3134\"><strong data-start=\"3091\" data-end=\"3111\">Premio Educaci\u00f3n<\/strong>: Colegio Trinitarias<\/p>\n<\/li>\n<li class=\"\" data-start=\"3135\" data-end=\"3189\">\n<p class=\"\" data-start=\"3137\" data-end=\"3189\"><strong data-start=\"3137\" data-end=\"3158\">Premio Tecnolog\u00eda<\/strong>: Valencia Innovation Capital<\/p>\n<\/li>\n<li class=\"\" data-start=\"3190\" data-end=\"3241\">\n<p class=\"\" data-start=\"3192\" data-end=\"3241\"><strong data-start=\"3192\" data-end=\"3227\">Premio Trayectoria Period\u00edstica<\/strong>: Luis Agudo<\/p>\n<\/li>\n<li class=\"\" data-start=\"3242\" data-end=\"3302\">\n<p class=\"\" data-start=\"3244\" data-end=\"3302\"><strong data-start=\"3244\" data-end=\"3266\">Premio Solidaridad<\/strong>: Casa Ronald McDonald de Valencia<\/p>\n<\/li>\n<li class=\"\" data-start=\"3303\" data-end=\"3364\">\n<p class=\"\" data-start=\"3305\" data-end=\"3364\"><strong data-start=\"3305\" data-end=\"3329\">Premio Acci\u00f3n Social<\/strong>: Colegio de Notarios de Valencia<\/p>\n<\/li>\n<li class=\"\" data-start=\"3365\" data-end=\"3450\">\n<p class=\"\" data-start=\"3367\" data-end=\"3450\"><strong data-start=\"3367\" data-end=\"3387\">Premio Tradici\u00f3n<\/strong>: Fallas de la pedan\u00eda de La Torre, Horno de Alcedo y Castellar<\/p>\n<\/li>\n<\/ul>\n<p>[\/vc_column_text][\/vc_column][\/vc_row][vc_row][vc_column width=&#8221;1\/2&#8243;][vc_single_image image=&#8221;15634&#8243; img_size=&#8221;full&#8221; css=&#8221;&#8221;][\/vc_column][vc_column width=&#8221;1\/2&#8243;][vc_single_image image=&#8221;15636&#8243; img_size=&#8221;full&#8221; css=&#8221;&#8221;][\/vc_column][\/vc_row][vc_row][vc_column][vc_column_text css=&#8221;&#8221;]<\/p>\n<h3 data-start=\"3494\" data-end=\"3830\">Una gala en pres\u00e8ncia institucional<\/h3>\n<p data-start=\"3494\" data-end=\"3830\">La celebraci\u00f3 va contar en la pres\u00e8ncia de destacades autoritats de l&#8217;Ajuntament de Val\u00e9ncia, Diputaci\u00f3 de Val\u00e9ncia i Generalitat Valenciana, #lo que refor\u00e7a el valor institucional que estos premis representen i el respal de les administracions p\u00fabliques a les tradicions, la cultura i la vida social de la nostra comunitat.<\/p>\n<h3 class=\"\" data-start=\"3832\" data-end=\"3865\">Mirant al futur en ilusi\u00f3<\/h3>\n<p>Des de l&#8217;organisaci\u00f3 de la Festa de Sant Bult, renovem el nostre comprom\u00eds en la tradici\u00f3, el patrimoni i la participaci\u00f3 ciutadana. Este premi nos impulsa a seguir treballant per a que cada edici\u00f3 de la festa siga un espai de trobada, alegria i mem\u00f2ria colectiva.<\/p>\n<p>Esperem en entusiasme les pr\u00f2ximes celebracions, en les que tornarem a compartir moments inoblidables en tots els amics i ve\u00efns que any rere any nos acompanyen. Que El Peri\u00f3dico d&#8217;Ac\u00ed continue en la seua valiosa llabor de destacar a tantes persones i entitats que, en el seu esfor\u00e7, fan de la Comunitat Valenciana una terra viva, diversa i profundament orgullosa de les seues ra\u00efls.[\/vc_column_text][\/vc_column][\/vc_row][vc_row][vc_column width=&#8221;1\/2&#8243;][vc_single_image image=&#8221;15632&#8243; img_size=&#8221;full&#8221; css=&#8221;&#8221;][\/vc_column][vc_column width=&#8221;1\/2&#8243;][vc_single_image image=&#8221;15638&#8243; img_size=&#8221;full&#8221; css=&#8221;&#8221;][\/vc_column][\/vc_row][vc_row][vc_column][vc_video link=&#8221;https:\/\/youtu.be\/1MRn3E6OQu4?si=5qiK4t1Po4rZJ69x&#8221; align=&#8221;center&#8221; css=&#8221;&#8221;][\/vc_column][\/vc_row]<\/p>\n<\/div>","protected":false},"excerpt":{"rendered":"<p>SANT BULT | La Festa de Sant Bult rep el Premi Festa en la gala de El Peri\u00f3dico de Aqu\u00ed, reconeixent el seu valor com a tradici\u00f3 m\u00e9s antiga de Val\u00e9ncia.<\/p>\n","protected":false},"author":1,"featured_media":15631,"comment_status":"closed","ping_status":"closed","sticky":false,"template":"","format":"standard","meta":{"footnotes":""},"categories":[781,177,493],"tags":[],"class_list":["post-15643","post","type-post","status-publish","format-standard","has-post-thumbnail","hentry","category-2025-archiu-historic","category-archiu-historic","category-inici"],"yoast_head":"<!-- This site is optimized with the Yoast SEO Premium plugin v24.8 (Yoast SEO v27.4) - https:\/\/yoast.com\/product\/yoast-seo-premium-wordpress\/ -->\n<title>Premi El Peri\u00f3dico de Aqu\u00ed - Festes de Sant Bult \u2013 La Xerea<\/title>\n<meta name=\"description\" content=\"SANT BULT | La Festa de Sant Bult rep el Premi Festa en la gala de El Peri\u00f3dico de Aqu\u00ed, reconeixent el seu valor com a tradici\u00f3 m\u00e9s antiga de Val\u00e9ncia.\" \/>\n<meta name=\"robots\" content=\"index, follow, max-snippet:-1, max-image-preview:large, max-video-preview:-1\" \/>\n<link rel=\"canonical\" href=\"https:\/\/santbult.es\/va\/premi-el-periodico-de-aqui\/\" \/>\n<meta property=\"og:locale\" content=\"en_US\" \/>\n<meta property=\"og:type\" content=\"article\" \/>\n<meta property=\"og:title\" content=\"Premi El Peri\u00f3dico de Aqu\u00ed\" \/>\n<meta property=\"og:description\" content=\"Festes de Sant Bult \u2013 La Xerea\" \/>\n<meta property=\"og:url\" content=\"https:\/\/santbult.es\/va\/premi-el-periodico-de-aqui\/\" \/>\n<meta property=\"og:site_name\" content=\"Festes de Sant Bult \u2013 La Xerea\" \/>\n<meta property=\"article:publisher\" content=\"https:\/\/www.facebook.com\/santbult\" \/>\n<meta property=\"article:published_time\" content=\"2025-04-09T17:25:04+00:00\" \/>\n<meta property=\"article:modified_time\" content=\"2025-04-10T17:11:54+00:00\" \/>\n<meta property=\"og:image\" content=\"https:\/\/santbult.es\/wp-content\/uploads\/2025\/04\/3542_PGG6065.jpeg\" \/>\n\t<meta property=\"og:image:width\" content=\"1350\" \/>\n\t<meta property=\"og:image:height\" content=\"900\" \/>\n\t<meta property=\"og:image:type\" content=\"image\/jpeg\" \/>\n<meta name=\"author\" content=\"santbult\" \/>\n<meta name=\"twitter:card\" content=\"summary_large_image\" \/>\n<meta name=\"twitter:creator\" content=\"@sant_bult\" \/>\n<meta name=\"twitter:site\" content=\"@sant_bult\" \/>\n<meta name=\"twitter:label1\" content=\"Written by\" \/>\n\t<meta name=\"twitter:data1\" content=\"santbult\" \/>\n\t<meta name=\"twitter:label2\" content=\"Est. reading time\" \/>\n\t<meta name=\"twitter:data2\" content=\"6 minutes\" \/>\n<script type=\"application\/ld+json\" class=\"yoast-schema-graph\">{\"@context\":\"https:\\\/\\\/schema.org\",\"@graph\":[{\"@type\":\"Article\",\"@id\":\"https:\\\/\\\/santbult.es\\\/va\\\/premi-el-periodico-de-aqui\\\/#article\",\"isPartOf\":{\"@id\":\"https:\\\/\\\/santbult.es\\\/va\\\/premi-el-periodico-de-aqui\\\/\"},\"author\":{\"name\":\"santbult\",\"@id\":\"https:\\\/\\\/santbult.es\\\/#\\\/schema\\\/person\\\/a2291a6450b44bc876c6fe81b146f15d\"},\"headline\":\"Premi El Peri\u00f3dico de Aqu\u00ed\",\"datePublished\":\"2025-04-09T17:25:04+00:00\",\"dateModified\":\"2025-04-10T17:11:54+00:00\",\"mainEntityOfPage\":{\"@id\":\"https:\\\/\\\/santbult.es\\\/va\\\/premi-el-periodico-de-aqui\\\/\"},\"wordCount\":967,\"publisher\":{\"@id\":\"https:\\\/\\\/santbult.es\\\/#organization\"},\"image\":{\"@id\":\"https:\\\/\\\/santbult.es\\\/va\\\/premi-el-periodico-de-aqui\\\/#primaryimage\"},\"thumbnailUrl\":\"https:\\\/\\\/santbult.es\\\/wp-content\\\/uploads\\\/2025\\\/04\\\/3542_PGG6065.jpeg\",\"articleSection\":[\"2025\",\"Archiu Hist\u00f2ric\",\"Inici\"],\"inLanguage\":\"val\"},{\"@type\":\"WebPage\",\"@id\":\"https:\\\/\\\/santbult.es\\\/va\\\/premi-el-periodico-de-aqui\\\/\",\"url\":\"https:\\\/\\\/santbult.es\\\/va\\\/premi-el-periodico-de-aqui\\\/\",\"name\":\"Premi El Peri\u00f3dico de Aqu\u00ed - Festes de Sant Bult \u2013 La Xerea\",\"isPartOf\":{\"@id\":\"https:\\\/\\\/santbult.es\\\/#website\"},\"primaryImageOfPage\":{\"@id\":\"https:\\\/\\\/santbult.es\\\/va\\\/premi-el-periodico-de-aqui\\\/#primaryimage\"},\"image\":{\"@id\":\"https:\\\/\\\/santbult.es\\\/va\\\/premi-el-periodico-de-aqui\\\/#primaryimage\"},\"thumbnailUrl\":\"https:\\\/\\\/santbult.es\\\/wp-content\\\/uploads\\\/2025\\\/04\\\/3542_PGG6065.jpeg\",\"datePublished\":\"2025-04-09T17:25:04+00:00\",\"dateModified\":\"2025-04-10T17:11:54+00:00\",\"description\":\"SANT BULT | La Festa de Sant Bult rep el Premi Festa en la gala de El Peri\u00f3dico de Aqu\u00ed, reconeixent el seu valor com a tradici\u00f3 m\u00e9s antiga de Val\u00e9ncia.\",\"breadcrumb\":{\"@id\":\"https:\\\/\\\/santbult.es\\\/va\\\/premi-el-periodico-de-aqui\\\/#breadcrumb\"},\"inLanguage\":\"val\",\"potentialAction\":[{\"@type\":\"ReadAction\",\"target\":[\"https:\\\/\\\/santbult.es\\\/va\\\/premi-el-periodico-de-aqui\\\/\"]}]},{\"@type\":\"ImageObject\",\"inLanguage\":\"val\",\"@id\":\"https:\\\/\\\/santbult.es\\\/va\\\/premi-el-periodico-de-aqui\\\/#primaryimage\",\"url\":\"https:\\\/\\\/santbult.es\\\/wp-content\\\/uploads\\\/2025\\\/04\\\/3542_PGG6065.jpeg\",\"contentUrl\":\"https:\\\/\\\/santbult.es\\\/wp-content\\\/uploads\\\/2025\\\/04\\\/3542_PGG6065.jpeg\",\"width\":1350,\"height\":900},{\"@type\":\"BreadcrumbList\",\"@id\":\"https:\\\/\\\/santbult.es\\\/va\\\/premi-el-periodico-de-aqui\\\/#breadcrumb\",\"itemListElement\":[{\"@type\":\"ListItem\",\"position\":1,\"name\":\"Inicio\",\"item\":\"https:\\\/\\\/santbult.es\\\/category\\\/inicio\\\/\"},{\"@type\":\"ListItem\",\"position\":2,\"name\":\"Premi El Peri\u00f3dico de Aqu\u00ed\"}]},{\"@type\":\"WebSite\",\"@id\":\"https:\\\/\\\/santbult.es\\\/#website\",\"url\":\"https:\\\/\\\/santbult.es\\\/\",\"name\":\"Festes de Sant Bult \u2013 La Xerea\",\"description\":\"B\u00e9 Rellev\u00e0ncia Local Immaterial\",\"publisher\":{\"@id\":\"https:\\\/\\\/santbult.es\\\/#organization\"},\"potentialAction\":[{\"@type\":\"SearchAction\",\"target\":{\"@type\":\"EntryPoint\",\"urlTemplate\":\"https:\\\/\\\/santbult.es\\\/?s={search_term_string}\"},\"query-input\":{\"@type\":\"PropertyValueSpecification\",\"valueRequired\":true,\"valueName\":\"search_term_string\"}}],\"inLanguage\":\"val\"},{\"@type\":\"Organization\",\"@id\":\"https:\\\/\\\/santbult.es\\\/#organization\",\"name\":\"Sant Bult\",\"url\":\"https:\\\/\\\/santbult.es\\\/\",\"logo\":{\"@type\":\"ImageObject\",\"inLanguage\":\"val\",\"@id\":\"https:\\\/\\\/santbult.es\\\/#\\\/schema\\\/logo\\\/image\\\/\",\"url\":\"https:\\\/\\\/santbult.es\\\/wp-content\\\/uploads\\\/2019\\\/04\\\/mini-sant-bult.png\",\"contentUrl\":\"https:\\\/\\\/santbult.es\\\/wp-content\\\/uploads\\\/2019\\\/04\\\/mini-sant-bult.png\",\"width\":330,\"height\":330,\"caption\":\"Sant Bult\"},\"image\":{\"@id\":\"https:\\\/\\\/santbult.es\\\/#\\\/schema\\\/logo\\\/image\\\/\"},\"sameAs\":[\"https:\\\/\\\/www.facebook.com\\\/santbult\",\"https:\\\/\\\/x.com\\\/sant_bult\",\"https:\\\/\\\/www.instagram.com\\\/sant_bult\\\/\",\"https:\\\/\\\/www.youtube.com\\\/channel\\\/UCViTQedoyMvyMj-pAq4doMA\"]},{\"@type\":\"Person\",\"@id\":\"https:\\\/\\\/santbult.es\\\/#\\\/schema\\\/person\\\/a2291a6450b44bc876c6fe81b146f15d\",\"name\":\"santbult\",\"image\":{\"@type\":\"ImageObject\",\"inLanguage\":\"val\",\"@id\":\"https:\\\/\\\/secure.gravatar.com\\\/avatar\\\/946e8694005d0bd75998ba9f0cf5ce2939c3dc003df972082147d2a625f3837d?s=96&d=mm&r=g\",\"url\":\"https:\\\/\\\/secure.gravatar.com\\\/avatar\\\/946e8694005d0bd75998ba9f0cf5ce2939c3dc003df972082147d2a625f3837d?s=96&d=mm&r=g\",\"contentUrl\":\"https:\\\/\\\/secure.gravatar.com\\\/avatar\\\/946e8694005d0bd75998ba9f0cf5ce2939c3dc003df972082147d2a625f3837d?s=96&d=mm&r=g\",\"caption\":\"santbult\"},\"sameAs\":[\"https:\\\/\\\/santbult.es\"]}]}<\/script>\n<!-- \/ Yoast SEO Premium plugin. -->","yoast_head_json":{"title":"Premi El Peri\u00f3dico de Aqu\u00ed - Festes de Sant Bult \u2013 La Xerea","description":"SANT BULT | La Festa de Sant Bult rep el Premi Festa en la gala de El Peri\u00f3dico de Aqu\u00ed, reconeixent el seu valor com a tradici\u00f3 m\u00e9s antiga de Val\u00e9ncia.","robots":{"index":"index","follow":"follow","max-snippet":"max-snippet:-1","max-image-preview":"max-image-preview:large","max-video-preview":"max-video-preview:-1"},"canonical":"https:\/\/santbult.es\/va\/premi-el-periodico-de-aqui\/","og_locale":"en_US","og_type":"article","og_title":"Premi El Peri\u00f3dico de Aqu\u00ed","og_description":"Festes de Sant Bult \u2013 La Xerea","og_url":"https:\/\/santbult.es\/va\/premi-el-periodico-de-aqui\/","og_site_name":"Festes de Sant Bult \u2013 La Xerea","article_publisher":"https:\/\/www.facebook.com\/santbult","article_published_time":"2025-04-09T17:25:04+00:00","article_modified_time":"2025-04-10T17:11:54+00:00","og_image":[{"width":1350,"height":900,"url":"https:\/\/santbult.es\/wp-content\/uploads\/2025\/04\/3542_PGG6065.jpeg","type":"image\/jpeg"}],"author":"santbult","twitter_card":"summary_large_image","twitter_creator":"@sant_bult","twitter_site":"@sant_bult","twitter_misc":{"Written by":"santbult","Est. reading time":"6 minutes"},"schema":{"@context":"https:\/\/schema.org","@graph":[{"@type":"Article","@id":"https:\/\/santbult.es\/va\/premi-el-periodico-de-aqui\/#article","isPartOf":{"@id":"https:\/\/santbult.es\/va\/premi-el-periodico-de-aqui\/"},"author":{"name":"santbult","@id":"https:\/\/santbult.es\/#\/schema\/person\/a2291a6450b44bc876c6fe81b146f15d"},"headline":"Premi El Peri\u00f3dico de Aqu\u00ed","datePublished":"2025-04-09T17:25:04+00:00","dateModified":"2025-04-10T17:11:54+00:00","mainEntityOfPage":{"@id":"https:\/\/santbult.es\/va\/premi-el-periodico-de-aqui\/"},"wordCount":967,"publisher":{"@id":"https:\/\/santbult.es\/#organization"},"image":{"@id":"https:\/\/santbult.es\/va\/premi-el-periodico-de-aqui\/#primaryimage"},"thumbnailUrl":"https:\/\/santbult.es\/wp-content\/uploads\/2025\/04\/3542_PGG6065.jpeg","articleSection":["2025","Archiu Hist\u00f2ric","Inici"],"inLanguage":"val"},{"@type":"WebPage","@id":"https:\/\/santbult.es\/va\/premi-el-periodico-de-aqui\/","url":"https:\/\/santbult.es\/va\/premi-el-periodico-de-aqui\/","name":"Premi El Peri\u00f3dico de Aqu\u00ed - Festes de Sant Bult \u2013 La Xerea","isPartOf":{"@id":"https:\/\/santbult.es\/#website"},"primaryImageOfPage":{"@id":"https:\/\/santbult.es\/va\/premi-el-periodico-de-aqui\/#primaryimage"},"image":{"@id":"https:\/\/santbult.es\/va\/premi-el-periodico-de-aqui\/#primaryimage"},"thumbnailUrl":"https:\/\/santbult.es\/wp-content\/uploads\/2025\/04\/3542_PGG6065.jpeg","datePublished":"2025-04-09T17:25:04+00:00","dateModified":"2025-04-10T17:11:54+00:00","description":"SANT BULT | La Festa de Sant Bult rep el Premi Festa en la gala de El Peri\u00f3dico de Aqu\u00ed, reconeixent el seu valor com a tradici\u00f3 m\u00e9s antiga de Val\u00e9ncia.","breadcrumb":{"@id":"https:\/\/santbult.es\/va\/premi-el-periodico-de-aqui\/#breadcrumb"},"inLanguage":"val","potentialAction":[{"@type":"ReadAction","target":["https:\/\/santbult.es\/va\/premi-el-periodico-de-aqui\/"]}]},{"@type":"ImageObject","inLanguage":"val","@id":"https:\/\/santbult.es\/va\/premi-el-periodico-de-aqui\/#primaryimage","url":"https:\/\/santbult.es\/wp-content\/uploads\/2025\/04\/3542_PGG6065.jpeg","contentUrl":"https:\/\/santbult.es\/wp-content\/uploads\/2025\/04\/3542_PGG6065.jpeg","width":1350,"height":900},{"@type":"BreadcrumbList","@id":"https:\/\/santbult.es\/va\/premi-el-periodico-de-aqui\/#breadcrumb","itemListElement":[{"@type":"ListItem","position":1,"name":"Inicio","item":"https:\/\/santbult.es\/category\/inicio\/"},{"@type":"ListItem","position":2,"name":"Premi El Peri\u00f3dico de Aqu\u00ed"}]},{"@type":"WebSite","@id":"https:\/\/santbult.es\/#website","url":"https:\/\/santbult.es\/","name":"Festes de Sant Bult \u2013 La Xerea","description":"B\u00e9 Rellev\u00e0ncia Local Immaterial","publisher":{"@id":"https:\/\/santbult.es\/#organization"},"potentialAction":[{"@type":"SearchAction","target":{"@type":"EntryPoint","urlTemplate":"https:\/\/santbult.es\/?s={search_term_string}"},"query-input":{"@type":"PropertyValueSpecification","valueRequired":true,"valueName":"search_term_string"}}],"inLanguage":"val"},{"@type":"Organization","@id":"https:\/\/santbult.es\/#organization","name":"Sant Bult","url":"https:\/\/santbult.es\/","logo":{"@type":"ImageObject","inLanguage":"val","@id":"https:\/\/santbult.es\/#\/schema\/logo\/image\/","url":"https:\/\/santbult.es\/wp-content\/uploads\/2019\/04\/mini-sant-bult.png","contentUrl":"https:\/\/santbult.es\/wp-content\/uploads\/2019\/04\/mini-sant-bult.png","width":330,"height":330,"caption":"Sant Bult"},"image":{"@id":"https:\/\/santbult.es\/#\/schema\/logo\/image\/"},"sameAs":["https:\/\/www.facebook.com\/santbult","https:\/\/x.com\/sant_bult","https:\/\/www.instagram.com\/sant_bult\/","https:\/\/www.youtube.com\/channel\/UCViTQedoyMvyMj-pAq4doMA"]},{"@type":"Person","@id":"https:\/\/santbult.es\/#\/schema\/person\/a2291a6450b44bc876c6fe81b146f15d","name":"santbult","image":{"@type":"ImageObject","inLanguage":"val","@id":"https:\/\/secure.gravatar.com\/avatar\/946e8694005d0bd75998ba9f0cf5ce2939c3dc003df972082147d2a625f3837d?s=96&d=mm&r=g","url":"https:\/\/secure.gravatar.com\/avatar\/946e8694005d0bd75998ba9f0cf5ce2939c3dc003df972082147d2a625f3837d?s=96&d=mm&r=g","contentUrl":"https:\/\/secure.gravatar.com\/avatar\/946e8694005d0bd75998ba9f0cf5ce2939c3dc003df972082147d2a625f3837d?s=96&d=mm&r=g","caption":"santbult"},"sameAs":["https:\/\/santbult.es"]}]}},"_links":{"self":[{"href":"https:\/\/santbult.es\/va\/wp-json\/wp\/v2\/posts\/15643","targetHints":{"allow":["GET"]}}],"collection":[{"href":"https:\/\/santbult.es\/va\/wp-json\/wp\/v2\/posts"}],"about":[{"href":"https:\/\/santbult.es\/va\/wp-json\/wp\/v2\/types\/post"}],"author":[{"embeddable":true,"href":"https:\/\/santbult.es\/va\/wp-json\/wp\/v2\/users\/1"}],"replies":[{"embeddable":true,"href":"https:\/\/santbult.es\/va\/wp-json\/wp\/v2\/comments?post=15643"}],"version-history":[{"count":3,"href":"https:\/\/santbult.es\/va\/wp-json\/wp\/v2\/posts\/15643\/revisions"}],"predecessor-version":[{"id":15651,"href":"https:\/\/santbult.es\/va\/wp-json\/wp\/v2\/posts\/15643\/revisions\/15651"}],"wp:featuredmedia":[{"embeddable":true,"href":"https:\/\/santbult.es\/va\/wp-json\/wp\/v2\/media\/15631"}],"wp:attachment":[{"href":"https:\/\/santbult.es\/va\/wp-json\/wp\/v2\/media?parent=15643"}],"wp:term":[{"taxonomy":"category","embeddable":true,"href":"https:\/\/santbult.es\/va\/wp-json\/wp\/v2\/categories?post=15643"},{"taxonomy":"post_tag","embeddable":true,"href":"https:\/\/santbult.es\/va\/wp-json\/wp\/v2\/tags?post=15643"}],"curies":[{"name":"wp","href":"https:\/\/api.w.org\/{rel}","templated":true}]}}