{"id":15537,"date":"2025-02-26T19:24:43","date_gmt":"2025-02-26T18:24:43","guid":{"rendered":"https:\/\/santbult.es\/?p=15537"},"modified":"2025-02-26T19:24:43","modified_gmt":"2025-02-26T18:24:43","slug":"conferencia-use-responsable-rets-socials","status":"publish","type":"post","link":"https:\/\/santbult.es\/va\/conferencia-use-responsable-rets-socials\/","title":{"rendered":"Confer\u00e8ncia use responsable Xarxes Socials"},"content":{"rendered":"<div class=\"wpb-content-wrapper\"><p>[vc_row][vc_column][vc_separator color=&#8221;blue&#8221; align=&#8221;align_left&#8221; border_width=&#8221;2&#8243; el_width=&#8221;10&#8243;][\/vc_column][\/vc_row][vc_row][vc_column][vc_single_image image=&#8221;15526&#8243; img_size=&#8221;full&#8221; alignment=&#8221;center&#8221; css=&#8221;&#8221;][\/vc_column][\/vc_row][vc_row][vc_column][vc_empty_space][\/vc_column][\/vc_row][vc_row][vc_column][vc_column_text css=&#8221;&#8221;]<strong>Charrada sobre l&#8217;us responsable de les rets socials en la Llar Escola de Sant Bult<\/strong><\/p>\n<p>El passat dimarts 25 de febrer de 2025, en la sala social de la Llar Escola de Sant Bult, es va portar a terme una charrada sobre l&#8217;us responsable de les rets socials.<\/p>\n<p>La sessi\u00f3 va ser impartida per la Policia Local de Val\u00e9ncia, en la participaci\u00f3 dels agents Gonzalo i Vicente, del districte de Ciutat Vella. Durant la charrada, varen explicar als assistents c\u00f3m fer un us adequat de les rets socials i els aspectes clau a tindre en conte en interactuar en estes plataformes.<\/p>\n<p>Esta iniciativa busca conscienciar sobre l&#8217;import\u00e0ncia de la seguritat digital i fomentar h\u00e0bits responsables en l&#8217;entorn online.[\/vc_column_text][\/vc_column][\/vc_row][vc_row][vc_column width=&#8221;1\/2&#8243;][vc_single_image image=&#8221;15528&#8243; img_size=&#8221;full&#8221; alignment=&#8221;center&#8221; css=&#8221;&#8221;][\/vc_column][vc_column width=&#8221;1\/2&#8243;][vc_single_image image=&#8221;15532&#8243; img_size=&#8221;full&#8221; alignment=&#8221;center&#8221; css=&#8221;&#8221;][\/vc_column][\/vc_row][vc_row][vc_column][vc_single_image image=&#8221;15530&#8243; img_size=&#8221;full&#8221; alignment=&#8221;center&#8221; css=&#8221;&#8221;][\/vc_column][\/vc_row][vc_row][vc_column][vc_column_text css=&#8221;&#8221;]<strong>Agra\u00efment a la Policia Local de Val\u00e9ncia<\/strong><\/p>\n<p>Volem expressar el nostre agra\u00efment a Gonzalo i Vicente, agents de la Policia Local de Val\u00e9ncia, per acodir a impartir esta valiosa charrada als clavarios i clavarias de Sant Bult. Tamb\u00e9 agra\u00efm als ve\u00efns i amics que nos han acompanyat en esta trobada.[\/vc_column_text][\/vc_column][\/vc_row]<\/p>\n<\/div>","protected":false},"excerpt":{"rendered":"<p>SANT BULT | Charra impartida per Gonzalo i Vicente, Policia Local de Val\u00e9ncia sobre l&#8217;us correcte de les xarxes socials.<\/p>\n<p>#SantBult #PoliciaLocalVLC #Valencia #Xerea #Valencia #CiutatVella<\/p>\n","protected":false},"author":1,"featured_media":15526,"comment_status":"closed","ping_status":"closed","sticky":false,"template":"","format":"standard","meta":{"footnotes":""},"categories":[781,177,493],"tags":[],"class_list":["post-15537","post","type-post","status-publish","format-standard","has-post-thumbnail","hentry","category-2025-archiu-historic","category-archiu-historic","category-inici"],"yoast_head":"<!-- This site is optimized with the Yoast SEO Premium plugin v24.8 (Yoast SEO v27.4) - https:\/\/yoast.com\/product\/yoast-seo-premium-wordpress\/ -->\n<title>Confer\u00e8ncia use responsable Xarxes Socials - Festes de Sant Bult \u2013 La Xerea<\/title>\n<meta name=\"description\" content=\"SANT BULT | Charra impartida per Gonzalo i Vicente, Policia Local de Val\u00e9ncia sobre l&#039;us correcte de les xarxes socials.\" \/>\n<meta name=\"robots\" content=\"index, follow, max-snippet:-1, max-image-preview:large, max-video-preview:-1\" \/>\n<link rel=\"canonical\" href=\"https:\/\/santbult.es\/va\/conferencia-use-responsable-rets-socials\/\" \/>\n<meta property=\"og:locale\" content=\"en_US\" \/>\n<meta property=\"og:type\" content=\"article\" \/>\n<meta property=\"og:title\" content=\"Confer\u00e8ncia use responsable Xarxes Socials\" \/>\n<meta property=\"og:description\" content=\"Festes de Sant Bult \u2013 La Xerea\" \/>\n<meta property=\"og:url\" content=\"https:\/\/santbult.es\/va\/conferencia-use-responsable-rets-socials\/\" \/>\n<meta property=\"og:site_name\" content=\"Festes de Sant Bult \u2013 La Xerea\" \/>\n<meta property=\"article:publisher\" content=\"https:\/\/www.facebook.com\/santbult\" \/>\n<meta property=\"article:published_time\" content=\"2025-02-26T18:24:43+00:00\" \/>\n<meta property=\"og:image\" content=\"https:\/\/santbult.es\/wp-content\/uploads\/2025\/02\/Imagen-de-WhatsApp-2025-02-25-a-las-21.30.40_86e3e562.jpg\" \/>\n\t<meta property=\"og:image:width\" content=\"1600\" \/>\n\t<meta property=\"og:image:height\" content=\"1200\" \/>\n\t<meta property=\"og:image:type\" content=\"image\/jpeg\" \/>\n<meta name=\"author\" content=\"santbult\" \/>\n<meta name=\"twitter:card\" content=\"summary_large_image\" \/>\n<meta name=\"twitter:creator\" content=\"@sant_bult\" \/>\n<meta name=\"twitter:site\" content=\"@sant_bult\" \/>\n<meta name=\"twitter:label1\" content=\"Written by\" \/>\n\t<meta name=\"twitter:data1\" content=\"santbult\" \/>\n\t<meta name=\"twitter:label2\" content=\"Est. reading time\" \/>\n\t<meta name=\"twitter:data2\" content=\"2 minutes\" \/>\n<script type=\"application\/ld+json\" class=\"yoast-schema-graph\">{\"@context\":\"https:\\\/\\\/schema.org\",\"@graph\":[{\"@type\":\"Article\",\"@id\":\"https:\\\/\\\/santbult.es\\\/va\\\/conferencia-use-responsable-rets-socials\\\/#article\",\"isPartOf\":{\"@id\":\"https:\\\/\\\/santbult.es\\\/va\\\/conferencia-use-responsable-rets-socials\\\/\"},\"author\":{\"name\":\"santbult\",\"@id\":\"https:\\\/\\\/santbult.es\\\/#\\\/schema\\\/person\\\/a2291a6450b44bc876c6fe81b146f15d\"},\"headline\":\"Confer\u00e8ncia use responsable Xarxes Socials\",\"datePublished\":\"2025-02-26T18:24:43+00:00\",\"mainEntityOfPage\":{\"@id\":\"https:\\\/\\\/santbult.es\\\/va\\\/conferencia-use-responsable-rets-socials\\\/\"},\"wordCount\":316,\"publisher\":{\"@id\":\"https:\\\/\\\/santbult.es\\\/#organization\"},\"image\":{\"@id\":\"https:\\\/\\\/santbult.es\\\/va\\\/conferencia-use-responsable-rets-socials\\\/#primaryimage\"},\"thumbnailUrl\":\"https:\\\/\\\/santbult.es\\\/wp-content\\\/uploads\\\/2025\\\/02\\\/Imagen-de-WhatsApp-2025-02-25-a-las-21.30.40_86e3e562.jpg\",\"articleSection\":[\"2025\",\"Archiu Hist\u00f2ric\",\"Inici\"],\"inLanguage\":\"val\"},{\"@type\":\"WebPage\",\"@id\":\"https:\\\/\\\/santbult.es\\\/va\\\/conferencia-use-responsable-rets-socials\\\/\",\"url\":\"https:\\\/\\\/santbult.es\\\/va\\\/conferencia-use-responsable-rets-socials\\\/\",\"name\":\"Confer\u00e8ncia use responsable Xarxes Socials - Festes de Sant Bult \u2013 La Xerea\",\"isPartOf\":{\"@id\":\"https:\\\/\\\/santbult.es\\\/#website\"},\"primaryImageOfPage\":{\"@id\":\"https:\\\/\\\/santbult.es\\\/va\\\/conferencia-use-responsable-rets-socials\\\/#primaryimage\"},\"image\":{\"@id\":\"https:\\\/\\\/santbult.es\\\/va\\\/conferencia-use-responsable-rets-socials\\\/#primaryimage\"},\"thumbnailUrl\":\"https:\\\/\\\/santbult.es\\\/wp-content\\\/uploads\\\/2025\\\/02\\\/Imagen-de-WhatsApp-2025-02-25-a-las-21.30.40_86e3e562.jpg\",\"datePublished\":\"2025-02-26T18:24:43+00:00\",\"description\":\"SANT BULT | Charra impartida per Gonzalo i Vicente, Policia Local de Val\u00e9ncia sobre l'us correcte de les xarxes socials.\",\"breadcrumb\":{\"@id\":\"https:\\\/\\\/santbult.es\\\/va\\\/conferencia-use-responsable-rets-socials\\\/#breadcrumb\"},\"inLanguage\":\"val\",\"potentialAction\":[{\"@type\":\"ReadAction\",\"target\":[\"https:\\\/\\\/santbult.es\\\/va\\\/conferencia-use-responsable-rets-socials\\\/\"]}]},{\"@type\":\"ImageObject\",\"inLanguage\":\"val\",\"@id\":\"https:\\\/\\\/santbult.es\\\/va\\\/conferencia-use-responsable-rets-socials\\\/#primaryimage\",\"url\":\"https:\\\/\\\/santbult.es\\\/wp-content\\\/uploads\\\/2025\\\/02\\\/Imagen-de-WhatsApp-2025-02-25-a-las-21.30.40_86e3e562.jpg\",\"contentUrl\":\"https:\\\/\\\/santbult.es\\\/wp-content\\\/uploads\\\/2025\\\/02\\\/Imagen-de-WhatsApp-2025-02-25-a-las-21.30.40_86e3e562.jpg\",\"width\":1600,\"height\":1200},{\"@type\":\"BreadcrumbList\",\"@id\":\"https:\\\/\\\/santbult.es\\\/va\\\/conferencia-use-responsable-rets-socials\\\/#breadcrumb\",\"itemListElement\":[{\"@type\":\"ListItem\",\"position\":1,\"name\":\"Inicio\",\"item\":\"https:\\\/\\\/santbult.es\\\/category\\\/inicio\\\/\"},{\"@type\":\"ListItem\",\"position\":2,\"name\":\"Confer\u00e8ncia use responsable Xarxes Socials\"}]},{\"@type\":\"WebSite\",\"@id\":\"https:\\\/\\\/santbult.es\\\/#website\",\"url\":\"https:\\\/\\\/santbult.es\\\/\",\"name\":\"Festes de Sant Bult \u2013 La Xerea\",\"description\":\"B\u00e9 Rellev\u00e0ncia Local Immaterial\",\"publisher\":{\"@id\":\"https:\\\/\\\/santbult.es\\\/#organization\"},\"potentialAction\":[{\"@type\":\"SearchAction\",\"target\":{\"@type\":\"EntryPoint\",\"urlTemplate\":\"https:\\\/\\\/santbult.es\\\/?s={search_term_string}\"},\"query-input\":{\"@type\":\"PropertyValueSpecification\",\"valueRequired\":true,\"valueName\":\"search_term_string\"}}],\"inLanguage\":\"val\"},{\"@type\":\"Organization\",\"@id\":\"https:\\\/\\\/santbult.es\\\/#organization\",\"name\":\"Sant Bult\",\"url\":\"https:\\\/\\\/santbult.es\\\/\",\"logo\":{\"@type\":\"ImageObject\",\"inLanguage\":\"val\",\"@id\":\"https:\\\/\\\/santbult.es\\\/#\\\/schema\\\/logo\\\/image\\\/\",\"url\":\"https:\\\/\\\/santbult.es\\\/wp-content\\\/uploads\\\/2019\\\/04\\\/mini-sant-bult.png\",\"contentUrl\":\"https:\\\/\\\/santbult.es\\\/wp-content\\\/uploads\\\/2019\\\/04\\\/mini-sant-bult.png\",\"width\":330,\"height\":330,\"caption\":\"Sant Bult\"},\"image\":{\"@id\":\"https:\\\/\\\/santbult.es\\\/#\\\/schema\\\/logo\\\/image\\\/\"},\"sameAs\":[\"https:\\\/\\\/www.facebook.com\\\/santbult\",\"https:\\\/\\\/x.com\\\/sant_bult\",\"https:\\\/\\\/www.instagram.com\\\/sant_bult\\\/\",\"https:\\\/\\\/www.youtube.com\\\/channel\\\/UCViTQedoyMvyMj-pAq4doMA\"]},{\"@type\":\"Person\",\"@id\":\"https:\\\/\\\/santbult.es\\\/#\\\/schema\\\/person\\\/a2291a6450b44bc876c6fe81b146f15d\",\"name\":\"santbult\",\"image\":{\"@type\":\"ImageObject\",\"inLanguage\":\"val\",\"@id\":\"https:\\\/\\\/secure.gravatar.com\\\/avatar\\\/946e8694005d0bd75998ba9f0cf5ce2939c3dc003df972082147d2a625f3837d?s=96&d=mm&r=g\",\"url\":\"https:\\\/\\\/secure.gravatar.com\\\/avatar\\\/946e8694005d0bd75998ba9f0cf5ce2939c3dc003df972082147d2a625f3837d?s=96&d=mm&r=g\",\"contentUrl\":\"https:\\\/\\\/secure.gravatar.com\\\/avatar\\\/946e8694005d0bd75998ba9f0cf5ce2939c3dc003df972082147d2a625f3837d?s=96&d=mm&r=g\",\"caption\":\"santbult\"},\"sameAs\":[\"https:\\\/\\\/santbult.es\"]}]}<\/script>\n<!-- \/ Yoast SEO Premium plugin. -->","yoast_head_json":{"title":"Confer\u00e8ncia use responsable Xarxes Socials - Festes de Sant Bult \u2013 La Xerea","description":"SANT BULT | Charra impartida per Gonzalo i Vicente, Policia Local de Val\u00e9ncia sobre l'us correcte de les xarxes socials.","robots":{"index":"index","follow":"follow","max-snippet":"max-snippet:-1","max-image-preview":"max-image-preview:large","max-video-preview":"max-video-preview:-1"},"canonical":"https:\/\/santbult.es\/va\/conferencia-use-responsable-rets-socials\/","og_locale":"en_US","og_type":"article","og_title":"Confer\u00e8ncia use responsable Xarxes Socials","og_description":"Festes de Sant Bult \u2013 La Xerea","og_url":"https:\/\/santbult.es\/va\/conferencia-use-responsable-rets-socials\/","og_site_name":"Festes de Sant Bult \u2013 La Xerea","article_publisher":"https:\/\/www.facebook.com\/santbult","article_published_time":"2025-02-26T18:24:43+00:00","og_image":[{"width":1600,"height":1200,"url":"https:\/\/santbult.es\/wp-content\/uploads\/2025\/02\/Imagen-de-WhatsApp-2025-02-25-a-las-21.30.40_86e3e562.jpg","type":"image\/jpeg"}],"author":"santbult","twitter_card":"summary_large_image","twitter_creator":"@sant_bult","twitter_site":"@sant_bult","twitter_misc":{"Written by":"santbult","Est. reading time":"2 minutes"},"schema":{"@context":"https:\/\/schema.org","@graph":[{"@type":"Article","@id":"https:\/\/santbult.es\/va\/conferencia-use-responsable-rets-socials\/#article","isPartOf":{"@id":"https:\/\/santbult.es\/va\/conferencia-use-responsable-rets-socials\/"},"author":{"name":"santbult","@id":"https:\/\/santbult.es\/#\/schema\/person\/a2291a6450b44bc876c6fe81b146f15d"},"headline":"Confer\u00e8ncia use responsable Xarxes Socials","datePublished":"2025-02-26T18:24:43+00:00","mainEntityOfPage":{"@id":"https:\/\/santbult.es\/va\/conferencia-use-responsable-rets-socials\/"},"wordCount":316,"publisher":{"@id":"https:\/\/santbult.es\/#organization"},"image":{"@id":"https:\/\/santbult.es\/va\/conferencia-use-responsable-rets-socials\/#primaryimage"},"thumbnailUrl":"https:\/\/santbult.es\/wp-content\/uploads\/2025\/02\/Imagen-de-WhatsApp-2025-02-25-a-las-21.30.40_86e3e562.jpg","articleSection":["2025","Archiu Hist\u00f2ric","Inici"],"inLanguage":"val"},{"@type":"WebPage","@id":"https:\/\/santbult.es\/va\/conferencia-use-responsable-rets-socials\/","url":"https:\/\/santbult.es\/va\/conferencia-use-responsable-rets-socials\/","name":"Confer\u00e8ncia use responsable Xarxes Socials - Festes de Sant Bult \u2013 La Xerea","isPartOf":{"@id":"https:\/\/santbult.es\/#website"},"primaryImageOfPage":{"@id":"https:\/\/santbult.es\/va\/conferencia-use-responsable-rets-socials\/#primaryimage"},"image":{"@id":"https:\/\/santbult.es\/va\/conferencia-use-responsable-rets-socials\/#primaryimage"},"thumbnailUrl":"https:\/\/santbult.es\/wp-content\/uploads\/2025\/02\/Imagen-de-WhatsApp-2025-02-25-a-las-21.30.40_86e3e562.jpg","datePublished":"2025-02-26T18:24:43+00:00","description":"SANT BULT | Charra impartida per Gonzalo i Vicente, Policia Local de Val\u00e9ncia sobre l'us correcte de les xarxes socials.","breadcrumb":{"@id":"https:\/\/santbult.es\/va\/conferencia-use-responsable-rets-socials\/#breadcrumb"},"inLanguage":"val","potentialAction":[{"@type":"ReadAction","target":["https:\/\/santbult.es\/va\/conferencia-use-responsable-rets-socials\/"]}]},{"@type":"ImageObject","inLanguage":"val","@id":"https:\/\/santbult.es\/va\/conferencia-use-responsable-rets-socials\/#primaryimage","url":"https:\/\/santbult.es\/wp-content\/uploads\/2025\/02\/Imagen-de-WhatsApp-2025-02-25-a-las-21.30.40_86e3e562.jpg","contentUrl":"https:\/\/santbult.es\/wp-content\/uploads\/2025\/02\/Imagen-de-WhatsApp-2025-02-25-a-las-21.30.40_86e3e562.jpg","width":1600,"height":1200},{"@type":"BreadcrumbList","@id":"https:\/\/santbult.es\/va\/conferencia-use-responsable-rets-socials\/#breadcrumb","itemListElement":[{"@type":"ListItem","position":1,"name":"Inicio","item":"https:\/\/santbult.es\/category\/inicio\/"},{"@type":"ListItem","position":2,"name":"Confer\u00e8ncia use responsable Xarxes Socials"}]},{"@type":"WebSite","@id":"https:\/\/santbult.es\/#website","url":"https:\/\/santbult.es\/","name":"Festes de Sant Bult \u2013 La Xerea","description":"B\u00e9 Rellev\u00e0ncia Local Immaterial","publisher":{"@id":"https:\/\/santbult.es\/#organization"},"potentialAction":[{"@type":"SearchAction","target":{"@type":"EntryPoint","urlTemplate":"https:\/\/santbult.es\/?s={search_term_string}"},"query-input":{"@type":"PropertyValueSpecification","valueRequired":true,"valueName":"search_term_string"}}],"inLanguage":"val"},{"@type":"Organization","@id":"https:\/\/santbult.es\/#organization","name":"Sant Bult","url":"https:\/\/santbult.es\/","logo":{"@type":"ImageObject","inLanguage":"val","@id":"https:\/\/santbult.es\/#\/schema\/logo\/image\/","url":"https:\/\/santbult.es\/wp-content\/uploads\/2019\/04\/mini-sant-bult.png","contentUrl":"https:\/\/santbult.es\/wp-content\/uploads\/2019\/04\/mini-sant-bult.png","width":330,"height":330,"caption":"Sant Bult"},"image":{"@id":"https:\/\/santbult.es\/#\/schema\/logo\/image\/"},"sameAs":["https:\/\/www.facebook.com\/santbult","https:\/\/x.com\/sant_bult","https:\/\/www.instagram.com\/sant_bult\/","https:\/\/www.youtube.com\/channel\/UCViTQedoyMvyMj-pAq4doMA"]},{"@type":"Person","@id":"https:\/\/santbult.es\/#\/schema\/person\/a2291a6450b44bc876c6fe81b146f15d","name":"santbult","image":{"@type":"ImageObject","inLanguage":"val","@id":"https:\/\/secure.gravatar.com\/avatar\/946e8694005d0bd75998ba9f0cf5ce2939c3dc003df972082147d2a625f3837d?s=96&d=mm&r=g","url":"https:\/\/secure.gravatar.com\/avatar\/946e8694005d0bd75998ba9f0cf5ce2939c3dc003df972082147d2a625f3837d?s=96&d=mm&r=g","contentUrl":"https:\/\/secure.gravatar.com\/avatar\/946e8694005d0bd75998ba9f0cf5ce2939c3dc003df972082147d2a625f3837d?s=96&d=mm&r=g","caption":"santbult"},"sameAs":["https:\/\/santbult.es"]}]}},"_links":{"self":[{"href":"https:\/\/santbult.es\/va\/wp-json\/wp\/v2\/posts\/15537","targetHints":{"allow":["GET"]}}],"collection":[{"href":"https:\/\/santbult.es\/va\/wp-json\/wp\/v2\/posts"}],"about":[{"href":"https:\/\/santbult.es\/va\/wp-json\/wp\/v2\/types\/post"}],"author":[{"embeddable":true,"href":"https:\/\/santbult.es\/va\/wp-json\/wp\/v2\/users\/1"}],"replies":[{"embeddable":true,"href":"https:\/\/santbult.es\/va\/wp-json\/wp\/v2\/comments?post=15537"}],"version-history":[{"count":2,"href":"https:\/\/santbult.es\/va\/wp-json\/wp\/v2\/posts\/15537\/revisions"}],"predecessor-version":[{"id":15539,"href":"https:\/\/santbult.es\/va\/wp-json\/wp\/v2\/posts\/15537\/revisions\/15539"}],"wp:featuredmedia":[{"embeddable":true,"href":"https:\/\/santbult.es\/va\/wp-json\/wp\/v2\/media\/15526"}],"wp:attachment":[{"href":"https:\/\/santbult.es\/va\/wp-json\/wp\/v2\/media?parent=15537"}],"wp:term":[{"taxonomy":"category","embeddable":true,"href":"https:\/\/santbult.es\/va\/wp-json\/wp\/v2\/categories?post=15537"},{"taxonomy":"post_tag","embeddable":true,"href":"https:\/\/santbult.es\/va\/wp-json\/wp\/v2\/tags?post=15537"}],"curies":[{"name":"wp","href":"https:\/\/api.w.org\/{rel}","templated":true}]}}