{"id":15515,"date":"2025-02-16T18:23:31","date_gmt":"2025-02-16T17:23:31","guid":{"rendered":"https:\/\/santbult.es\/?p=15515"},"modified":"2025-02-16T18:23:31","modified_gmt":"2025-02-16T17:23:31","slug":"sant-bult-en-casa-de-clavariesa-major-2025","status":"publish","type":"post","link":"https:\/\/santbult.es\/va\/sant-bult-en-casa-de-clavariesa-major-2025\/","title":{"rendered":"Sant Bult en casa de Clavariesa Major 2025"},"content":{"rendered":"<div class=\"wpb-content-wrapper\"><p>[vc_row][vc_column][vc_separator color=&#8221;blue&#8221; align=&#8221;align_left&#8221; border_width=&#8221;2&#8243; el_width=&#8221;10&#8243;][\/vc_column][\/vc_row][vc_row][vc_column][vc_single_image image=&#8221;15503&#8243; img_size=&#8221;full&#8221; alignment=&#8221;center&#8221; css=&#8221;&#8221;][\/vc_column][\/vc_row][vc_row][vc_column][vc_empty_space][\/vc_column][\/vc_row][vc_row][vc_column][vc_column_text css=&#8221;&#8221;]<strong>Emotiva entrega de l&#8217;Image de Sant Bult a la nova Clavariesa Major 2025<\/strong><\/p>\n<p>La vesprada del divendres 14 de febrer de 2025 va estar marcada per un acte emotiu i simb\u00f2lic: l&#8217;entrega de l&#8217;Image de Sant Bult per part dels Clavarios Majors 2024, D\u00f1a. Yolanda P\u00e9rez i D. Antonio Mart\u00ednez, a la recent nomenada Clavariesa Major de les Festes de Sant Bult 2025, D\u00f1a. Madel V\u00e9lez Cervantes.<\/p>\n<p>Durant la cerim\u00f2nia, D\u00f1a. Paula Bellido va expressar, en nom de la Junta de Clavarios i Clavarias de Sant Bult, el seu agra\u00efment a Yolanda i Antonio per l&#8217;amor i dedicaci\u00f3 en els que han cuidat l&#8217;Image de Sant Bult a lo llarc de l&#8217;\u00faltim any. Aixina mateix, va desijar que D\u00f1a. Madel V\u00e9lez, en una data tan especial com a Sant Valent\u00ed, senta sempre l&#8217;amor i la devoci\u00f3 per Sant Bult en cada pas del seu cam\u00ed.<\/p>\n<p>L&#8217;acte va reunir a amics, membres de la Junta Directiva de Sant Bult i a la Presidenta del Grup de Clavariesas en N\u00e1quera, el cor vert de la Serra Calderona, per a donar inici a les pr\u00f2ximes festes de Sant Bult. Estes se celebraran en el barri de la Xerea del 29 de maig al 2 de juny de 2025, en l&#8217;ilusi\u00f3 i fervor que caracterisen esta tradicional celebraci\u00f3.[\/vc_column_text][\/vc_column][\/vc_row][vc_row][vc_column width=&#8221;1\/2&#8243;][vc_single_image image=&#8221;15499&#8243; img_size=&#8221;full&#8221; alignment=&#8221;center&#8221; css=&#8221;&#8221;][\/vc_column][vc_column width=&#8221;1\/2&#8243;][vc_single_image image=&#8221;15505&#8243; img_size=&#8221;full&#8221; alignment=&#8221;center&#8221; css=&#8221;&#8221;][\/vc_column][\/vc_row][vc_row][vc_column][vc_single_image image=&#8221;15507&#8243; img_size=&#8221;full&#8221; alignment=&#8221;center&#8221; css=&#8221;&#8221;][\/vc_column][\/vc_row][vc_row][vc_column width=&#8221;1\/2&#8243;][vc_single_image image=&#8221;15509&#8243; img_size=&#8221;full&#8221; alignment=&#8221;center&#8221; css=&#8221;&#8221;][\/vc_column][vc_column width=&#8221;1\/2&#8243;][vc_single_image image=&#8221;15511&#8243; img_size=&#8221;full&#8221; alignment=&#8221;center&#8221; css=&#8221;&#8221;][\/vc_column][\/vc_row][vc_row][vc_column][vc_video link=&#8221;https:\/\/youtu.be\/iKUtKpfgu5k?si=Ya2BhMk_NnnZMeuP&#8221; css=&#8221;&#8221;][\/vc_column][\/vc_row]<\/p>\n<\/div>","protected":false},"excerpt":{"rendered":"<p>SANT BULT | Intercanvie de l&#8217;Image de Sant Bult per part dels Clavarios Majors a D\u00f1a. Madel V\u00e9lez, Clavariesa Mayor 2025.<\/p>\n<p>#ClavariesaMayor25 #SantBult #Xerea #N\u00e1quera #Valencia #FestesPopulars<\/p>\n","protected":false},"author":1,"featured_media":15504,"comment_status":"closed","ping_status":"closed","sticky":false,"template":"","format":"standard","meta":{"footnotes":""},"categories":[781,177,493],"tags":[],"class_list":["post-15515","post","type-post","status-publish","format-standard","has-post-thumbnail","hentry","category-2025-archiu-historic","category-archiu-historic","category-inici"],"yoast_head":"<!-- This site is optimized with the Yoast SEO Premium plugin v24.8 (Yoast SEO v27.4) - https:\/\/yoast.com\/product\/yoast-seo-premium-wordpress\/ -->\n<title>Sant Bult en casa de Clavariesa Major 2025 - Festes de Sant Bult \u2013 La Xerea<\/title>\n<meta name=\"description\" content=\"SANT BULT | Intercanvie de l&#039;Image de Sant Bult per part dels Clavarios Majors a D\u00f1a. Madel V\u00e9lez, Clavariesa Mayor 2025.\" \/>\n<meta name=\"robots\" content=\"index, follow, max-snippet:-1, max-image-preview:large, max-video-preview:-1\" \/>\n<link rel=\"canonical\" href=\"https:\/\/santbult.es\/va\/sant-bult-en-casa-de-clavariesa-major-2025\/\" \/>\n<meta property=\"og:locale\" content=\"en_US\" \/>\n<meta property=\"og:type\" content=\"article\" \/>\n<meta property=\"og:title\" content=\"Sant Bult en casa de Clavariesa Major 2025\" \/>\n<meta property=\"og:description\" content=\"SANT BULT | Intercanvie de l&#039;Image de Sant Bult per part dels Clavarios Majors a D\u00f1a. Madel V\u00e9lez, Clavariesa Mayor 2025.\" \/>\n<meta property=\"og:url\" content=\"https:\/\/santbult.es\/va\/sant-bult-en-casa-de-clavariesa-major-2025\/\" \/>\n<meta property=\"og:site_name\" content=\"Festes de Sant Bult \u2013 La Xerea\" \/>\n<meta property=\"article:publisher\" content=\"https:\/\/www.facebook.com\/santbult\" \/>\n<meta property=\"article:published_time\" content=\"2025-02-16T17:23:31+00:00\" \/>\n<meta property=\"og:image\" content=\"https:\/\/santbult.es\/wp-content\/uploads\/2025\/02\/DSC09600-scaled.jpg\" \/>\n\t<meta property=\"og:image:width\" content=\"2560\" \/>\n\t<meta property=\"og:image:height\" content=\"1920\" \/>\n\t<meta property=\"og:image:type\" content=\"image\/jpeg\" \/>\n<meta name=\"author\" content=\"santbult\" \/>\n<meta name=\"twitter:card\" content=\"summary_large_image\" \/>\n<meta name=\"twitter:description\" content=\"SANT BULT | Intercanvie de l&#039;Image de Sant Bult per part dels Clavarios Majors a D\u00f1a. Madel V\u00e9lez, Clavariesa Mayor 2025.\" \/>\n<meta name=\"twitter:creator\" content=\"@sant_bult\" \/>\n<meta name=\"twitter:site\" content=\"@sant_bult\" \/>\n<meta name=\"twitter:label1\" content=\"Written by\" \/>\n\t<meta name=\"twitter:data1\" content=\"santbult\" \/>\n\t<meta name=\"twitter:label2\" content=\"Est. reading time\" \/>\n\t<meta name=\"twitter:data2\" content=\"3 minutes\" \/>\n<script type=\"application\/ld+json\" class=\"yoast-schema-graph\">{\"@context\":\"https:\\\/\\\/schema.org\",\"@graph\":[{\"@type\":\"Article\",\"@id\":\"https:\\\/\\\/santbult.es\\\/va\\\/sant-bult-en-casa-de-clavariesa-major-2025\\\/#article\",\"isPartOf\":{\"@id\":\"https:\\\/\\\/santbult.es\\\/va\\\/sant-bult-en-casa-de-clavariesa-major-2025\\\/\"},\"author\":{\"name\":\"santbult\",\"@id\":\"https:\\\/\\\/santbult.es\\\/#\\\/schema\\\/person\\\/a2291a6450b44bc876c6fe81b146f15d\"},\"headline\":\"Sant Bult en casa de Clavariesa Major 2025\",\"datePublished\":\"2025-02-16T17:23:31+00:00\",\"mainEntityOfPage\":{\"@id\":\"https:\\\/\\\/santbult.es\\\/va\\\/sant-bult-en-casa-de-clavariesa-major-2025\\\/\"},\"wordCount\":405,\"publisher\":{\"@id\":\"https:\\\/\\\/santbult.es\\\/#organization\"},\"image\":{\"@id\":\"https:\\\/\\\/santbult.es\\\/va\\\/sant-bult-en-casa-de-clavariesa-major-2025\\\/#primaryimage\"},\"thumbnailUrl\":\"https:\\\/\\\/santbult.es\\\/wp-content\\\/uploads\\\/2025\\\/02\\\/DSC09600-scaled.jpg\",\"articleSection\":[\"2025\",\"Archiu Hist\u00f2ric\",\"Inici\"],\"inLanguage\":\"val\"},{\"@type\":\"WebPage\",\"@id\":\"https:\\\/\\\/santbult.es\\\/va\\\/sant-bult-en-casa-de-clavariesa-major-2025\\\/\",\"url\":\"https:\\\/\\\/santbult.es\\\/va\\\/sant-bult-en-casa-de-clavariesa-major-2025\\\/\",\"name\":\"Sant Bult en casa de Clavariesa Major 2025 - Festes de Sant Bult \u2013 La Xerea\",\"isPartOf\":{\"@id\":\"https:\\\/\\\/santbult.es\\\/#website\"},\"primaryImageOfPage\":{\"@id\":\"https:\\\/\\\/santbult.es\\\/va\\\/sant-bult-en-casa-de-clavariesa-major-2025\\\/#primaryimage\"},\"image\":{\"@id\":\"https:\\\/\\\/santbult.es\\\/va\\\/sant-bult-en-casa-de-clavariesa-major-2025\\\/#primaryimage\"},\"thumbnailUrl\":\"https:\\\/\\\/santbult.es\\\/wp-content\\\/uploads\\\/2025\\\/02\\\/DSC09600-scaled.jpg\",\"datePublished\":\"2025-02-16T17:23:31+00:00\",\"description\":\"SANT BULT | Intercanvie de l'Image de Sant Bult per part dels Clavarios Majors a D\u00f1a. Madel V\u00e9lez, Clavariesa Mayor 2025.\",\"breadcrumb\":{\"@id\":\"https:\\\/\\\/santbult.es\\\/va\\\/sant-bult-en-casa-de-clavariesa-major-2025\\\/#breadcrumb\"},\"inLanguage\":\"val\",\"potentialAction\":[{\"@type\":\"ReadAction\",\"target\":[\"https:\\\/\\\/santbult.es\\\/va\\\/sant-bult-en-casa-de-clavariesa-major-2025\\\/\"]}]},{\"@type\":\"ImageObject\",\"inLanguage\":\"val\",\"@id\":\"https:\\\/\\\/santbult.es\\\/va\\\/sant-bult-en-casa-de-clavariesa-major-2025\\\/#primaryimage\",\"url\":\"https:\\\/\\\/santbult.es\\\/wp-content\\\/uploads\\\/2025\\\/02\\\/DSC09600-scaled.jpg\",\"contentUrl\":\"https:\\\/\\\/santbult.es\\\/wp-content\\\/uploads\\\/2025\\\/02\\\/DSC09600-scaled.jpg\",\"width\":2560,\"height\":1920},{\"@type\":\"BreadcrumbList\",\"@id\":\"https:\\\/\\\/santbult.es\\\/va\\\/sant-bult-en-casa-de-clavariesa-major-2025\\\/#breadcrumb\",\"itemListElement\":[{\"@type\":\"ListItem\",\"position\":1,\"name\":\"Archivo Hist\u00f3rico\",\"item\":\"https:\\\/\\\/santbult.es\\\/category\\\/archivo-historico\\\/\"},{\"@type\":\"ListItem\",\"position\":2,\"name\":\"Sant Bult en casa de Clavariesa Major 2025\"}]},{\"@type\":\"WebSite\",\"@id\":\"https:\\\/\\\/santbult.es\\\/#website\",\"url\":\"https:\\\/\\\/santbult.es\\\/\",\"name\":\"Festes de Sant Bult \u2013 La Xerea\",\"description\":\"B\u00e9 Rellev\u00e0ncia Local Immaterial\",\"publisher\":{\"@id\":\"https:\\\/\\\/santbult.es\\\/#organization\"},\"potentialAction\":[{\"@type\":\"SearchAction\",\"target\":{\"@type\":\"EntryPoint\",\"urlTemplate\":\"https:\\\/\\\/santbult.es\\\/?s={search_term_string}\"},\"query-input\":{\"@type\":\"PropertyValueSpecification\",\"valueRequired\":true,\"valueName\":\"search_term_string\"}}],\"inLanguage\":\"val\"},{\"@type\":\"Organization\",\"@id\":\"https:\\\/\\\/santbult.es\\\/#organization\",\"name\":\"Sant Bult\",\"url\":\"https:\\\/\\\/santbult.es\\\/\",\"logo\":{\"@type\":\"ImageObject\",\"inLanguage\":\"val\",\"@id\":\"https:\\\/\\\/santbult.es\\\/#\\\/schema\\\/logo\\\/image\\\/\",\"url\":\"https:\\\/\\\/santbult.es\\\/wp-content\\\/uploads\\\/2019\\\/04\\\/mini-sant-bult.png\",\"contentUrl\":\"https:\\\/\\\/santbult.es\\\/wp-content\\\/uploads\\\/2019\\\/04\\\/mini-sant-bult.png\",\"width\":330,\"height\":330,\"caption\":\"Sant Bult\"},\"image\":{\"@id\":\"https:\\\/\\\/santbult.es\\\/#\\\/schema\\\/logo\\\/image\\\/\"},\"sameAs\":[\"https:\\\/\\\/www.facebook.com\\\/santbult\",\"https:\\\/\\\/x.com\\\/sant_bult\",\"https:\\\/\\\/www.instagram.com\\\/sant_bult\\\/\",\"https:\\\/\\\/www.youtube.com\\\/channel\\\/UCViTQedoyMvyMj-pAq4doMA\"]},{\"@type\":\"Person\",\"@id\":\"https:\\\/\\\/santbult.es\\\/#\\\/schema\\\/person\\\/a2291a6450b44bc876c6fe81b146f15d\",\"name\":\"santbult\",\"image\":{\"@type\":\"ImageObject\",\"inLanguage\":\"val\",\"@id\":\"https:\\\/\\\/secure.gravatar.com\\\/avatar\\\/946e8694005d0bd75998ba9f0cf5ce2939c3dc003df972082147d2a625f3837d?s=96&d=mm&r=g\",\"url\":\"https:\\\/\\\/secure.gravatar.com\\\/avatar\\\/946e8694005d0bd75998ba9f0cf5ce2939c3dc003df972082147d2a625f3837d?s=96&d=mm&r=g\",\"contentUrl\":\"https:\\\/\\\/secure.gravatar.com\\\/avatar\\\/946e8694005d0bd75998ba9f0cf5ce2939c3dc003df972082147d2a625f3837d?s=96&d=mm&r=g\",\"caption\":\"santbult\"},\"sameAs\":[\"https:\\\/\\\/santbult.es\"]}]}<\/script>\n<!-- \/ Yoast SEO Premium plugin. -->","yoast_head_json":{"title":"Sant Bult en casa de Clavariesa Major 2025 - Festes de Sant Bult \u2013 La Xerea","description":"SANT BULT | Intercanvie de l'Image de Sant Bult per part dels Clavarios Majors a D\u00f1a. Madel V\u00e9lez, Clavariesa Mayor 2025.","robots":{"index":"index","follow":"follow","max-snippet":"max-snippet:-1","max-image-preview":"max-image-preview:large","max-video-preview":"max-video-preview:-1"},"canonical":"https:\/\/santbult.es\/va\/sant-bult-en-casa-de-clavariesa-major-2025\/","og_locale":"en_US","og_type":"article","og_title":"Sant Bult en casa de Clavariesa Major 2025","og_description":"SANT BULT | Intercanvie de l'Image de Sant Bult per part dels Clavarios Majors a D\u00f1a. Madel V\u00e9lez, Clavariesa Mayor 2025.","og_url":"https:\/\/santbult.es\/va\/sant-bult-en-casa-de-clavariesa-major-2025\/","og_site_name":"Festes de Sant Bult \u2013 La Xerea","article_publisher":"https:\/\/www.facebook.com\/santbult","article_published_time":"2025-02-16T17:23:31+00:00","og_image":[{"width":2560,"height":1920,"url":"https:\/\/santbult.es\/wp-content\/uploads\/2025\/02\/DSC09600-scaled.jpg","type":"image\/jpeg"}],"author":"santbult","twitter_card":"summary_large_image","twitter_description":"SANT BULT | Intercanvie de l'Image de Sant Bult per part dels Clavarios Majors a D\u00f1a. Madel V\u00e9lez, Clavariesa Mayor 2025.","twitter_creator":"@sant_bult","twitter_site":"@sant_bult","twitter_misc":{"Written by":"santbult","Est. reading time":"3 minutes"},"schema":{"@context":"https:\/\/schema.org","@graph":[{"@type":"Article","@id":"https:\/\/santbult.es\/va\/sant-bult-en-casa-de-clavariesa-major-2025\/#article","isPartOf":{"@id":"https:\/\/santbult.es\/va\/sant-bult-en-casa-de-clavariesa-major-2025\/"},"author":{"name":"santbult","@id":"https:\/\/santbult.es\/#\/schema\/person\/a2291a6450b44bc876c6fe81b146f15d"},"headline":"Sant Bult en casa de Clavariesa Major 2025","datePublished":"2025-02-16T17:23:31+00:00","mainEntityOfPage":{"@id":"https:\/\/santbult.es\/va\/sant-bult-en-casa-de-clavariesa-major-2025\/"},"wordCount":405,"publisher":{"@id":"https:\/\/santbult.es\/#organization"},"image":{"@id":"https:\/\/santbult.es\/va\/sant-bult-en-casa-de-clavariesa-major-2025\/#primaryimage"},"thumbnailUrl":"https:\/\/santbult.es\/wp-content\/uploads\/2025\/02\/DSC09600-scaled.jpg","articleSection":["2025","Archiu Hist\u00f2ric","Inici"],"inLanguage":"val"},{"@type":"WebPage","@id":"https:\/\/santbult.es\/va\/sant-bult-en-casa-de-clavariesa-major-2025\/","url":"https:\/\/santbult.es\/va\/sant-bult-en-casa-de-clavariesa-major-2025\/","name":"Sant Bult en casa de Clavariesa Major 2025 - Festes de Sant Bult \u2013 La Xerea","isPartOf":{"@id":"https:\/\/santbult.es\/#website"},"primaryImageOfPage":{"@id":"https:\/\/santbult.es\/va\/sant-bult-en-casa-de-clavariesa-major-2025\/#primaryimage"},"image":{"@id":"https:\/\/santbult.es\/va\/sant-bult-en-casa-de-clavariesa-major-2025\/#primaryimage"},"thumbnailUrl":"https:\/\/santbult.es\/wp-content\/uploads\/2025\/02\/DSC09600-scaled.jpg","datePublished":"2025-02-16T17:23:31+00:00","description":"SANT BULT | Intercanvie de l'Image de Sant Bult per part dels Clavarios Majors a D\u00f1a. Madel V\u00e9lez, Clavariesa Mayor 2025.","breadcrumb":{"@id":"https:\/\/santbult.es\/va\/sant-bult-en-casa-de-clavariesa-major-2025\/#breadcrumb"},"inLanguage":"val","potentialAction":[{"@type":"ReadAction","target":["https:\/\/santbult.es\/va\/sant-bult-en-casa-de-clavariesa-major-2025\/"]}]},{"@type":"ImageObject","inLanguage":"val","@id":"https:\/\/santbult.es\/va\/sant-bult-en-casa-de-clavariesa-major-2025\/#primaryimage","url":"https:\/\/santbult.es\/wp-content\/uploads\/2025\/02\/DSC09600-scaled.jpg","contentUrl":"https:\/\/santbult.es\/wp-content\/uploads\/2025\/02\/DSC09600-scaled.jpg","width":2560,"height":1920},{"@type":"BreadcrumbList","@id":"https:\/\/santbult.es\/va\/sant-bult-en-casa-de-clavariesa-major-2025\/#breadcrumb","itemListElement":[{"@type":"ListItem","position":1,"name":"Archivo Hist\u00f3rico","item":"https:\/\/santbult.es\/category\/archivo-historico\/"},{"@type":"ListItem","position":2,"name":"Sant Bult en casa de Clavariesa Major 2025"}]},{"@type":"WebSite","@id":"https:\/\/santbult.es\/#website","url":"https:\/\/santbult.es\/","name":"Festes de Sant Bult \u2013 La Xerea","description":"B\u00e9 Rellev\u00e0ncia Local Immaterial","publisher":{"@id":"https:\/\/santbult.es\/#organization"},"potentialAction":[{"@type":"SearchAction","target":{"@type":"EntryPoint","urlTemplate":"https:\/\/santbult.es\/?s={search_term_string}"},"query-input":{"@type":"PropertyValueSpecification","valueRequired":true,"valueName":"search_term_string"}}],"inLanguage":"val"},{"@type":"Organization","@id":"https:\/\/santbult.es\/#organization","name":"Sant Bult","url":"https:\/\/santbult.es\/","logo":{"@type":"ImageObject","inLanguage":"val","@id":"https:\/\/santbult.es\/#\/schema\/logo\/image\/","url":"https:\/\/santbult.es\/wp-content\/uploads\/2019\/04\/mini-sant-bult.png","contentUrl":"https:\/\/santbult.es\/wp-content\/uploads\/2019\/04\/mini-sant-bult.png","width":330,"height":330,"caption":"Sant Bult"},"image":{"@id":"https:\/\/santbult.es\/#\/schema\/logo\/image\/"},"sameAs":["https:\/\/www.facebook.com\/santbult","https:\/\/x.com\/sant_bult","https:\/\/www.instagram.com\/sant_bult\/","https:\/\/www.youtube.com\/channel\/UCViTQedoyMvyMj-pAq4doMA"]},{"@type":"Person","@id":"https:\/\/santbult.es\/#\/schema\/person\/a2291a6450b44bc876c6fe81b146f15d","name":"santbult","image":{"@type":"ImageObject","inLanguage":"val","@id":"https:\/\/secure.gravatar.com\/avatar\/946e8694005d0bd75998ba9f0cf5ce2939c3dc003df972082147d2a625f3837d?s=96&d=mm&r=g","url":"https:\/\/secure.gravatar.com\/avatar\/946e8694005d0bd75998ba9f0cf5ce2939c3dc003df972082147d2a625f3837d?s=96&d=mm&r=g","contentUrl":"https:\/\/secure.gravatar.com\/avatar\/946e8694005d0bd75998ba9f0cf5ce2939c3dc003df972082147d2a625f3837d?s=96&d=mm&r=g","caption":"santbult"},"sameAs":["https:\/\/santbult.es"]}]}},"_links":{"self":[{"href":"https:\/\/santbult.es\/va\/wp-json\/wp\/v2\/posts\/15515","targetHints":{"allow":["GET"]}}],"collection":[{"href":"https:\/\/santbult.es\/va\/wp-json\/wp\/v2\/posts"}],"about":[{"href":"https:\/\/santbult.es\/va\/wp-json\/wp\/v2\/types\/post"}],"author":[{"embeddable":true,"href":"https:\/\/santbult.es\/va\/wp-json\/wp\/v2\/users\/1"}],"replies":[{"embeddable":true,"href":"https:\/\/santbult.es\/va\/wp-json\/wp\/v2\/comments?post=15515"}],"version-history":[{"count":1,"href":"https:\/\/santbult.es\/va\/wp-json\/wp\/v2\/posts\/15515\/revisions"}],"predecessor-version":[{"id":15516,"href":"https:\/\/santbult.es\/va\/wp-json\/wp\/v2\/posts\/15515\/revisions\/15516"}],"wp:featuredmedia":[{"embeddable":true,"href":"https:\/\/santbult.es\/va\/wp-json\/wp\/v2\/media\/15504"}],"wp:attachment":[{"href":"https:\/\/santbult.es\/va\/wp-json\/wp\/v2\/media?parent=15515"}],"wp:term":[{"taxonomy":"category","embeddable":true,"href":"https:\/\/santbult.es\/va\/wp-json\/wp\/v2\/categories?post=15515"},{"taxonomy":"post_tag","embeddable":true,"href":"https:\/\/santbult.es\/va\/wp-json\/wp\/v2\/tags?post=15515"}],"curies":[{"name":"wp","href":"https:\/\/api.w.org\/{rel}","templated":true}]}}