{"id":15489,"date":"2025-02-12T10:00:01","date_gmt":"2025-02-12T09:00:01","guid":{"rendered":"https:\/\/santbult.es\/?p=15489"},"modified":"2025-02-12T11:14:37","modified_gmt":"2025-02-12T10:14:37","slug":"trobada-verge-dels-desamparats-i-sant-bult","status":"publish","type":"post","link":"https:\/\/santbult.es\/va\/trobada-verge-dels-desamparats-i-sant-bult\/","title":{"rendered":"Trobada Verge dels Desamparats i Sant Bult"},"content":{"rendered":"<div class=\"wpb-content-wrapper\"><p>[vc_row][vc_column][vc_separator color=&#8221;blue&#8221; align=&#8221;align_left&#8221; border_width=&#8221;2&#8243; el_width=&#8221;10&#8243;][\/vc_column][\/vc_row][vc_row][vc_column][vc_single_image image=&#8221;15466&#8243; img_size=&#8221;full&#8221; alignment=&#8221;center&#8221; css=&#8221;&#8221;][\/vc_column][\/vc_row][vc_row][vc_column][vc_empty_space][\/vc_column][\/vc_row][vc_row][vc_column][vc_column_text css=&#8221;&#8221;]<strong>Trobada entre la Verge dels Desamparats i el Crist de Sant Bult<\/strong><\/p>\n<p>El passat dissabte 8 de febrer de 2025, dins dels actes programats per la Falla Pla\u00e7a de Sant Bult, va tindre lloc un emotiu i solemne trobada entre l&#8217;Image de la Verge dels Desamparats i l&#8217;Image del Crist de Sant Bult. Un moment encara m\u00e9s especial es va viure quan la Talla Original de Sant Bult, datada en 1238, va ser testic d&#8217;esta hist\u00f2rica celebraci\u00f3, conectant aixina el present en la profunda tradici\u00f3 del nostre barri.<\/p>\n<p>Des de la vesprada del divendres, l&#8217;Image de la Verge dels Desamparats va ser rebuda en gran devoci\u00f3 en la Parr\u00f2quia de Sant Tom\u00e1s i Sant Felipe Neri. El dissabte, l&#8217;emoci\u00f3 es va desbordar quan la process\u00f3 va rec\u00f3rrer els carrers del barri de la Xerea, impregnant cada rac\u00f3 de fervor i respecte. En la Pla\u00e7a de Sant Bult, rodejats de ve\u00efns, amics i devots, va tindre lloc l&#8217;esperada trobada entre abd\u00f3s im\u00e0gens, un instant que quedar\u00e0 gravat en la mem\u00f2ria de tots els presents.[\/vc_column_text][\/vc_column][\/vc_row][vc_row][vc_column width=&#8221;1\/2&#8243;][vc_single_image image=&#8221;15468&#8243; img_size=&#8221;full&#8221; alignment=&#8221;center&#8221; css=&#8221;&#8221;][\/vc_column][vc_column width=&#8221;1\/2&#8243;][vc_single_image image=&#8221;15470&#8243; img_size=&#8221;full&#8221; alignment=&#8221;center&#8221; css=&#8221;&#8221;][\/vc_column][\/vc_row][vc_row][vc_column][vc_column_text css=&#8221;&#8221;]Sant Bult va lluir m\u00e9s que mai al costat de la seua Mare. Cada pas de la Verge dels Desamparats junt a Sant Bult reflectia la devoci\u00f3 i l&#8217;amor d&#8217;els qui aguardaven en emoci\u00f3 la seua arribada. Les mirades plenes de fe i els cors clapint al un\u00edsono evidenciaven la for\u00e7a d&#8217;esta tradici\u00f3, transmesa de generaci\u00f3 en generaci\u00f3. Despuix de la process\u00f3 pel barri de la Xerea, la celebraci\u00f3 va culminar en una solemne ofrena floral en la Parr\u00f2quia de Sant Tom\u00e1s. All\u00ed, la comissi\u00f3 de la Falla Pla\u00e7a Sant Bult, ve\u00efns, amics, devots de la parr\u00f2quia i els Clavarios i Clavarias, junt en la Clavariesa Major 2024, la Presidenta del Grup de Clavariesas i la Presidenta de la Festa de Sant Bult, varen rendir homenage a la Verge en una mostra de respecte i gratitut.[\/vc_column_text][\/vc_column][\/vc_row][vc_row][vc_column][vc_single_image image=&#8221;15472&#8243; img_size=&#8221;full&#8221; alignment=&#8221;center&#8221; css=&#8221;&#8221;][\/vc_column][\/vc_row][vc_row][vc_column width=&#8221;1\/2&#8243;][vc_single_image image=&#8221;15474&#8243; img_size=&#8221;full&#8221; alignment=&#8221;center&#8221; css=&#8221;&#8221;][\/vc_column][vc_column width=&#8221;1\/2&#8243;][vc_single_image image=&#8221;15476&#8243; img_size=&#8221;full&#8221; alignment=&#8221;center&#8221; css=&#8221;&#8221;][\/vc_column][\/vc_row][vc_row][vc_column][vc_column_text css=&#8221;&#8221;]Des del cor, agra\u00efm al President de la Falla Pla\u00e7a Sant Bult per fer possible esta inoblidable trobada i per integrar a Sant Bult, patr\u00f3 del barri de la Xerea, en este bell acte. Estenem el nostre reconeiximent a tota la comissi\u00f3 que va acompanyar a Sant Bult, aixina com als Clavarios i Clavarias que en entrega i dedicaci\u00f3 varen participar en la process\u00f3. Tamb\u00e9 volem expressar el nostre agra\u00efment al President dels Seguidors de la Verge, la colaboraci\u00f3 de la qual en la Falla de Sant Bult va permetre que esta trobada transcendira com un moment d&#8217;uni\u00f3, fe i tradici\u00f3.<\/p>\n<p>Este event ha refor\u00e7at els lla\u00e7os de la nostra comunitat, recordant-nos l&#8217;import\u00e0ncia de mantindre vives nostres ra\u00efls i celebrar en orgull la nostra identitat. Que la Verge dels Desamparats i Sant Bult seguixquen guiant i protegint el nostre barri en el seu amor i bendici\u00f3.[\/vc_column_text][\/vc_column][\/vc_row][vc_row][vc_column width=&#8221;1\/2&#8243;][vc_single_image image=&#8221;15480&#8243; img_size=&#8221;full&#8221; alignment=&#8221;center&#8221; css=&#8221;&#8221;][\/vc_column][vc_column width=&#8221;1\/2&#8243;][vc_single_image image=&#8221;15478&#8243; img_size=&#8221;full&#8221; alignment=&#8221;center&#8221; css=&#8221;&#8221;][\/vc_column][\/vc_row][vc_row][vc_column][vc_single_image image=&#8221;15486&#8243; img_size=&#8221;full&#8221; alignment=&#8221;center&#8221; css=&#8221;&#8221;][\/vc_column][\/vc_row][vc_row][vc_column width=&#8221;1\/2&#8243;][vc_single_image image=&#8221;15482&#8243; img_size=&#8221;full&#8221; alignment=&#8221;center&#8221; css=&#8221;&#8221;][\/vc_column][vc_column width=&#8221;1\/2&#8243;][vc_single_image image=&#8221;15484&#8243; img_size=&#8221;full&#8221; alignment=&#8221;center&#8221; css=&#8221;&#8221;][\/vc_column][\/vc_row]<\/p>\n<\/div>","protected":false},"excerpt":{"rendered":"<p>SANT BULT | 8\/2\/25 Trobada Verge dels Desamparats i Sant Bult en el barri de la Xerea de Val\u00e9ncia<\/p>\n<p>#VirgenDeLosDesamparados #SantBult #FallaPlazaSantBult #FallaSantBult #150Aniversario<\/p>\n","protected":false},"author":1,"featured_media":15467,"comment_status":"closed","ping_status":"closed","sticky":false,"template":"","format":"standard","meta":{"footnotes":""},"categories":[781,177,493],"tags":[],"class_list":["post-15489","post","type-post","status-publish","format-standard","has-post-thumbnail","hentry","category-2025-archiu-historic","category-archiu-historic","category-inici"],"yoast_head":"<!-- This site is optimized with the Yoast SEO Premium plugin v24.8 (Yoast SEO v27.4) - https:\/\/yoast.com\/product\/yoast-seo-premium-wordpress\/ -->\n<title>Trobada Verge dels Desamparats i Sant Bult - Festes de Sant Bult \u2013 La Xerea<\/title>\n<meta name=\"description\" content=\"SANT BULT | 8\/2\/25 Trobada Verge dels Desamparats i Sant Bult en el barri de la Xerea de Val\u00e9ncia\" \/>\n<meta name=\"robots\" content=\"index, follow, max-snippet:-1, max-image-preview:large, max-video-preview:-1\" \/>\n<link rel=\"canonical\" href=\"https:\/\/santbult.es\/va\/trobada-verge-dels-desamparats-i-sant-bult\/\" \/>\n<meta property=\"og:locale\" content=\"en_US\" \/>\n<meta property=\"og:type\" content=\"article\" \/>\n<meta property=\"og:title\" content=\"Trobada Verge dels Desamparats i Sant Bult\" \/>\n<meta property=\"og:description\" content=\"SANT BULT | 8\/2\/25 Trobada Verge dels Desamparats i Sant Bult en el barri de la Xerea de Val\u00e9ncia\" \/>\n<meta property=\"og:url\" content=\"https:\/\/santbult.es\/va\/trobada-verge-dels-desamparats-i-sant-bult\/\" \/>\n<meta property=\"og:site_name\" content=\"Festes de Sant Bult \u2013 La Xerea\" \/>\n<meta property=\"article:publisher\" content=\"https:\/\/www.facebook.com\/santbult\" \/>\n<meta property=\"article:published_time\" content=\"2025-02-12T09:00:01+00:00\" \/>\n<meta property=\"article:modified_time\" content=\"2025-02-12T10:14:37+00:00\" \/>\n<meta property=\"og:image\" content=\"https:\/\/santbult.es\/wp-content\/uploads\/2025\/02\/DSC09307-scaled.jpg\" \/>\n\t<meta property=\"og:image:width\" content=\"2560\" \/>\n\t<meta property=\"og:image:height\" content=\"1920\" \/>\n\t<meta property=\"og:image:type\" content=\"image\/jpeg\" \/>\n<meta name=\"author\" content=\"santbult\" \/>\n<meta name=\"twitter:card\" content=\"summary_large_image\" \/>\n<meta name=\"twitter:description\" content=\"SANT BULT | 8\/2\/25 Trobada Verge dels Desamparats i Sant Bult en el barri de la Xerea de Val\u00e9ncia\" \/>\n<meta name=\"twitter:creator\" content=\"@sant_bult\" \/>\n<meta name=\"twitter:site\" content=\"@sant_bult\" \/>\n<meta name=\"twitter:label1\" content=\"Written by\" \/>\n\t<meta name=\"twitter:data1\" content=\"santbult\" \/>\n\t<meta name=\"twitter:label2\" content=\"Est. reading time\" \/>\n\t<meta name=\"twitter:data2\" content=\"4 minutes\" \/>\n<script type=\"application\/ld+json\" class=\"yoast-schema-graph\">{\"@context\":\"https:\\\/\\\/schema.org\",\"@graph\":[{\"@type\":\"Article\",\"@id\":\"https:\\\/\\\/santbult.es\\\/va\\\/trobada-verge-dels-desamparats-i-sant-bult\\\/#article\",\"isPartOf\":{\"@id\":\"https:\\\/\\\/santbult.es\\\/va\\\/trobada-verge-dels-desamparats-i-sant-bult\\\/\"},\"author\":{\"name\":\"santbult\",\"@id\":\"https:\\\/\\\/santbult.es\\\/#\\\/schema\\\/person\\\/a2291a6450b44bc876c6fe81b146f15d\"},\"headline\":\"Trobada Verge dels Desamparats i Sant Bult\",\"datePublished\":\"2025-02-12T09:00:01+00:00\",\"dateModified\":\"2025-02-12T10:14:37+00:00\",\"mainEntityOfPage\":{\"@id\":\"https:\\\/\\\/santbult.es\\\/va\\\/trobada-verge-dels-desamparats-i-sant-bult\\\/\"},\"wordCount\":760,\"publisher\":{\"@id\":\"https:\\\/\\\/santbult.es\\\/#organization\"},\"image\":{\"@id\":\"https:\\\/\\\/santbult.es\\\/va\\\/trobada-verge-dels-desamparats-i-sant-bult\\\/#primaryimage\"},\"thumbnailUrl\":\"https:\\\/\\\/santbult.es\\\/wp-content\\\/uploads\\\/2025\\\/02\\\/DSC09307-scaled.jpg\",\"articleSection\":[\"2025\",\"Archiu Hist\u00f2ric\",\"Inici\"],\"inLanguage\":\"val\"},{\"@type\":\"WebPage\",\"@id\":\"https:\\\/\\\/santbult.es\\\/va\\\/trobada-verge-dels-desamparats-i-sant-bult\\\/\",\"url\":\"https:\\\/\\\/santbult.es\\\/va\\\/trobada-verge-dels-desamparats-i-sant-bult\\\/\",\"name\":\"Trobada Verge dels Desamparats i Sant Bult - Festes de Sant Bult \u2013 La Xerea\",\"isPartOf\":{\"@id\":\"https:\\\/\\\/santbult.es\\\/#website\"},\"primaryImageOfPage\":{\"@id\":\"https:\\\/\\\/santbult.es\\\/va\\\/trobada-verge-dels-desamparats-i-sant-bult\\\/#primaryimage\"},\"image\":{\"@id\":\"https:\\\/\\\/santbult.es\\\/va\\\/trobada-verge-dels-desamparats-i-sant-bult\\\/#primaryimage\"},\"thumbnailUrl\":\"https:\\\/\\\/santbult.es\\\/wp-content\\\/uploads\\\/2025\\\/02\\\/DSC09307-scaled.jpg\",\"datePublished\":\"2025-02-12T09:00:01+00:00\",\"dateModified\":\"2025-02-12T10:14:37+00:00\",\"description\":\"SANT BULT | 8\\\/2\\\/25 Trobada Verge dels Desamparats i Sant Bult en el barri de la Xerea de Val\u00e9ncia\",\"breadcrumb\":{\"@id\":\"https:\\\/\\\/santbult.es\\\/va\\\/trobada-verge-dels-desamparats-i-sant-bult\\\/#breadcrumb\"},\"inLanguage\":\"val\",\"potentialAction\":[{\"@type\":\"ReadAction\",\"target\":[\"https:\\\/\\\/santbult.es\\\/va\\\/trobada-verge-dels-desamparats-i-sant-bult\\\/\"]}]},{\"@type\":\"ImageObject\",\"inLanguage\":\"val\",\"@id\":\"https:\\\/\\\/santbult.es\\\/va\\\/trobada-verge-dels-desamparats-i-sant-bult\\\/#primaryimage\",\"url\":\"https:\\\/\\\/santbult.es\\\/wp-content\\\/uploads\\\/2025\\\/02\\\/DSC09307-scaled.jpg\",\"contentUrl\":\"https:\\\/\\\/santbult.es\\\/wp-content\\\/uploads\\\/2025\\\/02\\\/DSC09307-scaled.jpg\",\"width\":2560,\"height\":1920},{\"@type\":\"BreadcrumbList\",\"@id\":\"https:\\\/\\\/santbult.es\\\/va\\\/trobada-verge-dels-desamparats-i-sant-bult\\\/#breadcrumb\",\"itemListElement\":[{\"@type\":\"ListItem\",\"position\":1,\"name\":\"Archivo Hist\u00f3rico\",\"item\":\"https:\\\/\\\/santbult.es\\\/category\\\/archivo-historico\\\/\"},{\"@type\":\"ListItem\",\"position\":2,\"name\":\"Trobada Verge dels Desamparats i Sant Bult\"}]},{\"@type\":\"WebSite\",\"@id\":\"https:\\\/\\\/santbult.es\\\/#website\",\"url\":\"https:\\\/\\\/santbult.es\\\/\",\"name\":\"Festes de Sant Bult \u2013 La Xerea\",\"description\":\"B\u00e9 Rellev\u00e0ncia Local Immaterial\",\"publisher\":{\"@id\":\"https:\\\/\\\/santbult.es\\\/#organization\"},\"potentialAction\":[{\"@type\":\"SearchAction\",\"target\":{\"@type\":\"EntryPoint\",\"urlTemplate\":\"https:\\\/\\\/santbult.es\\\/?s={search_term_string}\"},\"query-input\":{\"@type\":\"PropertyValueSpecification\",\"valueRequired\":true,\"valueName\":\"search_term_string\"}}],\"inLanguage\":\"val\"},{\"@type\":\"Organization\",\"@id\":\"https:\\\/\\\/santbult.es\\\/#organization\",\"name\":\"Sant Bult\",\"url\":\"https:\\\/\\\/santbult.es\\\/\",\"logo\":{\"@type\":\"ImageObject\",\"inLanguage\":\"val\",\"@id\":\"https:\\\/\\\/santbult.es\\\/#\\\/schema\\\/logo\\\/image\\\/\",\"url\":\"https:\\\/\\\/santbult.es\\\/wp-content\\\/uploads\\\/2019\\\/04\\\/mini-sant-bult.png\",\"contentUrl\":\"https:\\\/\\\/santbult.es\\\/wp-content\\\/uploads\\\/2019\\\/04\\\/mini-sant-bult.png\",\"width\":330,\"height\":330,\"caption\":\"Sant Bult\"},\"image\":{\"@id\":\"https:\\\/\\\/santbult.es\\\/#\\\/schema\\\/logo\\\/image\\\/\"},\"sameAs\":[\"https:\\\/\\\/www.facebook.com\\\/santbult\",\"https:\\\/\\\/x.com\\\/sant_bult\",\"https:\\\/\\\/www.instagram.com\\\/sant_bult\\\/\",\"https:\\\/\\\/www.youtube.com\\\/channel\\\/UCViTQedoyMvyMj-pAq4doMA\"]},{\"@type\":\"Person\",\"@id\":\"https:\\\/\\\/santbult.es\\\/#\\\/schema\\\/person\\\/a2291a6450b44bc876c6fe81b146f15d\",\"name\":\"santbult\",\"image\":{\"@type\":\"ImageObject\",\"inLanguage\":\"val\",\"@id\":\"https:\\\/\\\/secure.gravatar.com\\\/avatar\\\/946e8694005d0bd75998ba9f0cf5ce2939c3dc003df972082147d2a625f3837d?s=96&d=mm&r=g\",\"url\":\"https:\\\/\\\/secure.gravatar.com\\\/avatar\\\/946e8694005d0bd75998ba9f0cf5ce2939c3dc003df972082147d2a625f3837d?s=96&d=mm&r=g\",\"contentUrl\":\"https:\\\/\\\/secure.gravatar.com\\\/avatar\\\/946e8694005d0bd75998ba9f0cf5ce2939c3dc003df972082147d2a625f3837d?s=96&d=mm&r=g\",\"caption\":\"santbult\"},\"sameAs\":[\"https:\\\/\\\/santbult.es\"]}]}<\/script>\n<!-- \/ Yoast SEO Premium plugin. -->","yoast_head_json":{"title":"Trobada Verge dels Desamparats i Sant Bult - Festes de Sant Bult \u2013 La Xerea","description":"SANT BULT | 8\/2\/25 Trobada Verge dels Desamparats i Sant Bult en el barri de la Xerea de Val\u00e9ncia","robots":{"index":"index","follow":"follow","max-snippet":"max-snippet:-1","max-image-preview":"max-image-preview:large","max-video-preview":"max-video-preview:-1"},"canonical":"https:\/\/santbult.es\/va\/trobada-verge-dels-desamparats-i-sant-bult\/","og_locale":"en_US","og_type":"article","og_title":"Trobada Verge dels Desamparats i Sant Bult","og_description":"SANT BULT | 8\/2\/25 Trobada Verge dels Desamparats i Sant Bult en el barri de la Xerea de Val\u00e9ncia","og_url":"https:\/\/santbult.es\/va\/trobada-verge-dels-desamparats-i-sant-bult\/","og_site_name":"Festes de Sant Bult \u2013 La Xerea","article_publisher":"https:\/\/www.facebook.com\/santbult","article_published_time":"2025-02-12T09:00:01+00:00","article_modified_time":"2025-02-12T10:14:37+00:00","og_image":[{"width":2560,"height":1920,"url":"https:\/\/santbult.es\/wp-content\/uploads\/2025\/02\/DSC09307-scaled.jpg","type":"image\/jpeg"}],"author":"santbult","twitter_card":"summary_large_image","twitter_description":"SANT BULT | 8\/2\/25 Trobada Verge dels Desamparats i Sant Bult en el barri de la Xerea de Val\u00e9ncia","twitter_creator":"@sant_bult","twitter_site":"@sant_bult","twitter_misc":{"Written by":"santbult","Est. reading time":"4 minutes"},"schema":{"@context":"https:\/\/schema.org","@graph":[{"@type":"Article","@id":"https:\/\/santbult.es\/va\/trobada-verge-dels-desamparats-i-sant-bult\/#article","isPartOf":{"@id":"https:\/\/santbult.es\/va\/trobada-verge-dels-desamparats-i-sant-bult\/"},"author":{"name":"santbult","@id":"https:\/\/santbult.es\/#\/schema\/person\/a2291a6450b44bc876c6fe81b146f15d"},"headline":"Trobada Verge dels Desamparats i Sant Bult","datePublished":"2025-02-12T09:00:01+00:00","dateModified":"2025-02-12T10:14:37+00:00","mainEntityOfPage":{"@id":"https:\/\/santbult.es\/va\/trobada-verge-dels-desamparats-i-sant-bult\/"},"wordCount":760,"publisher":{"@id":"https:\/\/santbult.es\/#organization"},"image":{"@id":"https:\/\/santbult.es\/va\/trobada-verge-dels-desamparats-i-sant-bult\/#primaryimage"},"thumbnailUrl":"https:\/\/santbult.es\/wp-content\/uploads\/2025\/02\/DSC09307-scaled.jpg","articleSection":["2025","Archiu Hist\u00f2ric","Inici"],"inLanguage":"val"},{"@type":"WebPage","@id":"https:\/\/santbult.es\/va\/trobada-verge-dels-desamparats-i-sant-bult\/","url":"https:\/\/santbult.es\/va\/trobada-verge-dels-desamparats-i-sant-bult\/","name":"Trobada Verge dels Desamparats i Sant Bult - Festes de Sant Bult \u2013 La Xerea","isPartOf":{"@id":"https:\/\/santbult.es\/#website"},"primaryImageOfPage":{"@id":"https:\/\/santbult.es\/va\/trobada-verge-dels-desamparats-i-sant-bult\/#primaryimage"},"image":{"@id":"https:\/\/santbult.es\/va\/trobada-verge-dels-desamparats-i-sant-bult\/#primaryimage"},"thumbnailUrl":"https:\/\/santbult.es\/wp-content\/uploads\/2025\/02\/DSC09307-scaled.jpg","datePublished":"2025-02-12T09:00:01+00:00","dateModified":"2025-02-12T10:14:37+00:00","description":"SANT BULT | 8\/2\/25 Trobada Verge dels Desamparats i Sant Bult en el barri de la Xerea de Val\u00e9ncia","breadcrumb":{"@id":"https:\/\/santbult.es\/va\/trobada-verge-dels-desamparats-i-sant-bult\/#breadcrumb"},"inLanguage":"val","potentialAction":[{"@type":"ReadAction","target":["https:\/\/santbult.es\/va\/trobada-verge-dels-desamparats-i-sant-bult\/"]}]},{"@type":"ImageObject","inLanguage":"val","@id":"https:\/\/santbult.es\/va\/trobada-verge-dels-desamparats-i-sant-bult\/#primaryimage","url":"https:\/\/santbult.es\/wp-content\/uploads\/2025\/02\/DSC09307-scaled.jpg","contentUrl":"https:\/\/santbult.es\/wp-content\/uploads\/2025\/02\/DSC09307-scaled.jpg","width":2560,"height":1920},{"@type":"BreadcrumbList","@id":"https:\/\/santbult.es\/va\/trobada-verge-dels-desamparats-i-sant-bult\/#breadcrumb","itemListElement":[{"@type":"ListItem","position":1,"name":"Archivo Hist\u00f3rico","item":"https:\/\/santbult.es\/category\/archivo-historico\/"},{"@type":"ListItem","position":2,"name":"Trobada Verge dels Desamparats i Sant Bult"}]},{"@type":"WebSite","@id":"https:\/\/santbult.es\/#website","url":"https:\/\/santbult.es\/","name":"Festes de Sant Bult \u2013 La Xerea","description":"B\u00e9 Rellev\u00e0ncia Local Immaterial","publisher":{"@id":"https:\/\/santbult.es\/#organization"},"potentialAction":[{"@type":"SearchAction","target":{"@type":"EntryPoint","urlTemplate":"https:\/\/santbult.es\/?s={search_term_string}"},"query-input":{"@type":"PropertyValueSpecification","valueRequired":true,"valueName":"search_term_string"}}],"inLanguage":"val"},{"@type":"Organization","@id":"https:\/\/santbult.es\/#organization","name":"Sant Bult","url":"https:\/\/santbult.es\/","logo":{"@type":"ImageObject","inLanguage":"val","@id":"https:\/\/santbult.es\/#\/schema\/logo\/image\/","url":"https:\/\/santbult.es\/wp-content\/uploads\/2019\/04\/mini-sant-bult.png","contentUrl":"https:\/\/santbult.es\/wp-content\/uploads\/2019\/04\/mini-sant-bult.png","width":330,"height":330,"caption":"Sant Bult"},"image":{"@id":"https:\/\/santbult.es\/#\/schema\/logo\/image\/"},"sameAs":["https:\/\/www.facebook.com\/santbult","https:\/\/x.com\/sant_bult","https:\/\/www.instagram.com\/sant_bult\/","https:\/\/www.youtube.com\/channel\/UCViTQedoyMvyMj-pAq4doMA"]},{"@type":"Person","@id":"https:\/\/santbult.es\/#\/schema\/person\/a2291a6450b44bc876c6fe81b146f15d","name":"santbult","image":{"@type":"ImageObject","inLanguage":"val","@id":"https:\/\/secure.gravatar.com\/avatar\/946e8694005d0bd75998ba9f0cf5ce2939c3dc003df972082147d2a625f3837d?s=96&d=mm&r=g","url":"https:\/\/secure.gravatar.com\/avatar\/946e8694005d0bd75998ba9f0cf5ce2939c3dc003df972082147d2a625f3837d?s=96&d=mm&r=g","contentUrl":"https:\/\/secure.gravatar.com\/avatar\/946e8694005d0bd75998ba9f0cf5ce2939c3dc003df972082147d2a625f3837d?s=96&d=mm&r=g","caption":"santbult"},"sameAs":["https:\/\/santbult.es"]}]}},"_links":{"self":[{"href":"https:\/\/santbult.es\/va\/wp-json\/wp\/v2\/posts\/15489","targetHints":{"allow":["GET"]}}],"collection":[{"href":"https:\/\/santbult.es\/va\/wp-json\/wp\/v2\/posts"}],"about":[{"href":"https:\/\/santbult.es\/va\/wp-json\/wp\/v2\/types\/post"}],"author":[{"embeddable":true,"href":"https:\/\/santbult.es\/va\/wp-json\/wp\/v2\/users\/1"}],"replies":[{"embeddable":true,"href":"https:\/\/santbult.es\/va\/wp-json\/wp\/v2\/comments?post=15489"}],"version-history":[{"count":3,"href":"https:\/\/santbult.es\/va\/wp-json\/wp\/v2\/posts\/15489\/revisions"}],"predecessor-version":[{"id":15492,"href":"https:\/\/santbult.es\/va\/wp-json\/wp\/v2\/posts\/15489\/revisions\/15492"}],"wp:featuredmedia":[{"embeddable":true,"href":"https:\/\/santbult.es\/va\/wp-json\/wp\/v2\/media\/15467"}],"wp:attachment":[{"href":"https:\/\/santbult.es\/va\/wp-json\/wp\/v2\/media?parent=15489"}],"wp:term":[{"taxonomy":"category","embeddable":true,"href":"https:\/\/santbult.es\/va\/wp-json\/wp\/v2\/categories?post=15489"},{"taxonomy":"post_tag","embeddable":true,"href":"https:\/\/santbult.es\/va\/wp-json\/wp\/v2\/tags?post=15489"}],"curies":[{"name":"wp","href":"https:\/\/api.w.org\/{rel}","templated":true}]}}