{"id":15226,"date":"2025-04-11T20:03:49","date_gmt":"2025-04-11T18:03:49","guid":{"rendered":"https:\/\/santbult.es\/?p=15226"},"modified":"2025-04-11T20:40:47","modified_gmt":"2025-04-11T18:40:47","slug":"525-aniversari","status":"publish","type":"post","link":"https:\/\/santbult.es\/va\/525-aniversari\/","title":{"rendered":"525 aniversari Universitat de Val\u00e9ncia"},"content":{"rendered":"<div class=\"wpb-content-wrapper\"><p>[vc_row][vc_column][vc_separator color=&#8221;blue&#8221; align=&#8221;align_left&#8221; border_width=&#8221;2&#8243; el_width=&#8221;10&#8243;][\/vc_column][\/vc_row][vc_row][vc_column][vc_single_image image=&#8221;15205&#8243; img_size=&#8221;full&#8221; alignment=&#8221;center&#8221; css=&#8221;&#8221;][\/vc_column][\/vc_row][vc_row][vc_column][vc_empty_space][\/vc_column][\/vc_row][vc_row][vc_column][vc_column_text css=&#8221;&#8221;]<\/p>\n<p class=\"\" data-start=\"95\" data-end=\"187\"><strong data-start=\"95\" data-end=\"143\">\u200b<span class=\"relative -mx-px my-[-0.2rem] rounded px-px py-[0.2rem] transition-colors duration-100 ease-in-out\">La Universitat de Val\u00e8ncia celebra 525 anys d&#8217;hist\u00f2ria i comprom\u00eds amb la cultura valenciana<\/span><\/strong>\u200b<span class=\"ms-1 inline-flex max-w-full items-center relative top-[-0.094rem] animate-[show_150ms_ease-in]\"><a class=\"flex h-6 overflow-hidden rounded-xl px-2.5 text-[0.5625em] font-medium !text-token-text-secondary !bg-[#F4F4F4] dark:!bg-[#303030] transition-colors duration-150 ease-in-out\" href=\"https:\/\/valenciaplaza.com\/la-universitat-celebra-els-550-anys-de-la-impremta-a-valencia?utm_source=chatgpt.com\" target=\"_blank\" rel=\"noopener\"><span class=\"relative start-0 bottom-0 flex h-full w-full items-center\"><span class=\"flex h-4 w-full items-center justify-between overflow-hidden\"><span class=\"max-w-full grow truncate overflow-hidden text-center\">Valencia Plaza<\/span><\/span><\/span><\/a><\/span><\/p>\n<p class=\"\" data-start=\"189\" data-end=\"308\"><span class=\"relative -mx-px my-[-0.2rem] rounded px-px py-[0.2rem] transition-colors duration-100 ease-in-out\">En aquest any 2024, la Universitat de Val\u00e8ncia ha commemorat 525 anys des de la seua fundaci\u00f3, un esdeveniment que reflecteix la seua llarga traject\u00f2ria de servei a la societat i a la comunitat valenciana.<\/span> <span class=\"relative -mx-px my-[-0.2rem] rounded px-px py-[0.2rem] transition-colors duration-100 ease-in-out\">Creada en 1499 pels Jurats de la Ciutat de Val\u00e8ncia, aquesta prestigiosa instituci\u00f3 ha sigut un pilar fonamental en la formaci\u00f3 acad\u00e8mica, la investigaci\u00f3 i el desenvolupament cultural, sempre en estreta relaci\u00f3 amb les tradicions locals i les institucions del poble valenci\u00e0.<\/span>\u200b<\/p>\n<p class=\"\" data-start=\"310\" data-end=\"469\"><span class=\"relative -mx-px my-[-0.2rem] rounded px-px py-[0.2rem] transition-colors duration-100 ease-in-out\">Entre aquestes tradicions, la Universitat de Val\u00e8ncia mant\u00e9 una relaci\u00f3 especial amb la Festa de Sant Bult, una de les festivitats m\u00e9s antigues i estimades pels valencians.<\/span> <span class=\"relative -mx-px my-[-0.2rem] rounded px-px py-[0.2rem] transition-colors duration-100 ease-in-out\">Aquesta celebraci\u00f3, que t\u00e9 lloc al barri de la Xerea de Val\u00e8ncia, gira entorn de la veneraci\u00f3 de Sant Bult, una antiguitat imatge religiosa que, segons la tradici\u00f3, va ser descoberta despr\u00e9s de la conquesta de la ciutat en 1238.<\/span> <span class=\"relative -mx-px my-[-0.2rem] rounded px-px py-[0.2rem] transition-colors duration-100 ease-in-out\">La Festa de Sant Bult no nom\u00e9s \u00e9s un s\u00edmbol religi\u00f3s, sin\u00f3 tamb\u00e9 un emblema de la hist\u00f2ria i la cultura popular de la ciutat.<\/span><\/p>\n<p>[\/vc_column_text][\/vc_column][\/vc_row][vc_row][vc_column][vc_single_image image=&#8221;15654&#8243; img_size=&#8221;full&#8221; css=&#8221;&#8221;][\/vc_column][\/vc_row][vc_row][vc_column][vc_column_text css=&#8221;&#8221;]<\/p>\n<p class=\"\" data-start=\"471\" data-end=\"567\"><strong data-start=\"471\" data-end=\"521\">\u200b<span class=\"relative -mx-px my-[-0.2rem] rounded px-px py-[0.2rem] transition-colors duration-100 ease-in-out\">Col\u00b7laboraci\u00f3 institucional: la Universitat i la Festa de Sant Bult<\/span><\/strong>\u200b<\/p>\n<p class=\"\" data-start=\"569\" data-end=\"694\"><span class=\"relative -mx-px my-[-0.2rem] rounded px-px py-[0.2rem] transition-colors duration-100 ease-in-out\">Al llarg dels anys, la Festa de Sant Bult ha comptat amb la col\u00b7laboraci\u00f3 de destacats professors i historiadors de la Universitat de Val\u00e8ncia.<\/span> <span class=\"relative -mx-px my-[-0.2rem] rounded px-px py-[0.2rem] transition-colors duration-100 ease-in-out\">Aquesta participaci\u00f3 ha sigut clau per ressaltar la import\u00e0ncia hist\u00f2rica i cultural de la festivitat, amb la contribuci\u00f3 d&#8217;especialistes que han aportat el seu coneixement i la seua passi\u00f3 pel patrimoni valenci\u00e0.<\/span>\u200b<\/p>\n<p class=\"\" data-start=\"696\" data-end=\"821\"><span class=\"relative -mx-px my-[-0.2rem] rounded px-px py-[0.2rem] transition-colors duration-100 ease-in-out\">Un dels moments m\u00e9s esperats en les celebracions de Sant Bult \u00e9s el Preg\u00f3 d&#8217;inici de festes, que es du a terme el dissabte, despr\u00e9s del Solemne Trasllat de la imatge del sant des de l&#8217;Esgl\u00e9sia de Sant Tom\u00e0s i Sant Felip Neri.<\/span> <span class=\"relative -mx-px my-[-0.2rem] rounded px-px py-[0.2rem] transition-colors duration-100 ease-in-out\">Aquest preg\u00f3, sovint oferit per professors de la Universitat, enriqueix la festivitat amb reflexions sobre el significat hist\u00f2ric de la celebraci\u00f3 i el seu impacte en la identitat valenciana.<\/span><\/p>\n<p>[\/vc_column_text][\/vc_column][\/vc_row][vc_row][vc_column][vc_images_carousel images=&#8221;15215,15216,15217,15218,15219,15221,15222,15673&#8243; img_size=&#8221;full&#8221; autoplay=&#8221;yes&#8221; hide_prev_next_buttons=&#8221;yes&#8221; wrap=&#8221;yes&#8221; css=&#8221;&#8221; title=&#8221;Pregoners de la Universitat de Val\u00e8ncia&#8221;][\/vc_column][\/vc_row][vc_row][vc_column][vc_column_text css=&#8221;&#8221;]<\/p>\n<p class=\"\" data-start=\"1008\" data-end=\"1104\"><strong data-start=\"1008\" data-end=\"1058\">\u200b<span class=\"relative -mx-px my-[-0.2rem] rounded px-px py-[0.2rem] transition-colors duration-100 ease-in-out\">Reconeixement de la Universitat de Val\u00e8ncia a la Festa de Sant Bult<\/span><\/strong>\u200b<\/p>\n<p class=\"\" data-start=\"1106\" data-end=\"1231\"><span class=\"relative -mx-px my-[-0.2rem] rounded px-px py-[0.2rem] transition-colors duration-100 ease-in-out\">Com a mostra d&#8217;agra\u00efment per la seua contribuci\u00f3 a la preservaci\u00f3 de la hist\u00f2ria i la cultura de la ciutat, la Universitat de Val\u00e8ncia va atorgar un reconeixement especial a la Festa de Sant Bult.<\/span> <span class=\"relative -mx-px my-[-0.2rem] rounded px-px py-[0.2rem] transition-colors duration-100 ease-in-out\">Aquest premi, inicialment previst per a novembre de 2024, va ser ajornat a causa de la DANA que va assotar la prov\u00edncia de Val\u00e8ncia en aquestes dates, impossibilitant la celebraci\u00f3 de l&#8217;acte.<\/span>\u200b<\/p>\n<p class=\"\" data-start=\"1233\" data-end=\"1398\"><span class=\"relative -mx-px my-[-0.2rem] rounded px-px py-[0.2rem] transition-colors duration-100 ease-in-out\">Finalment, el reconeixement va ser lliurat l&#8217;11 d&#8217;abril de 2025 al Paranimf de la Universitat de Val\u00e8ncia, en una cerim\u00f2nia que va comptar amb la pres\u00e8ncia d&#8217;autoritats acad\u00e8miques, representants de la Festa de Sant Bult i altres convidats especials.<\/span> <span class=\"relative -mx-px my-[-0.2rem] rounded px-px py-[0.2rem] transition-colors duration-100 ease-in-out\">En representaci\u00f3 de la festivitat, Paula Bellido, presidenta de Sant Bult, va recollir el guard\u00f3 en nom de tota l&#8217;organitzaci\u00f3, acompanyada per Yolanda P\u00e9rez, Clavariesa Major 2024.<\/span> <span class=\"relative -mx-px my-[-0.2rem] rounded px-px py-[0.2rem] transition-colors duration-100 ease-in-out\">A l&#8217;acte van coincidir tamb\u00e9 Ester Alba, Pregonera de Sant Bult 2016, i Pablo Gonz\u00e1lez, Pregoner de Sant Bult 2024, en una emotiva trobada que va posar de relleu la continu\u00eftat generacional del comprom\u00eds amb la tradici\u00f3.<\/span>\u200b<\/p>\n<p class=\"\" data-start=\"1400\" data-end=\"1485\"><span class=\"relative -mx-px my-[-0.2rem] rounded px-px py-[0.2rem] transition-colors duration-100 ease-in-out\">Aquest acte reconeix la dedicaci\u00f3 de l&#8217;organitzaci\u00f3 de la Festa de Sant Bult per preservar una de les celebracions m\u00e9s emblem\u00e0tiques de la ciutat, consolidant la seua rellev\u00e0ncia en la cultura valenciana.<\/span><\/p>\n<p>[\/vc_column_text][\/vc_column][\/vc_row][vc_row][vc_column][vc_single_image image=&#8221;15658&#8243; img_size=&#8221;full&#8221; css=&#8221;&#8221;][\/vc_column][\/vc_row][vc_row][vc_column width=&#8221;1\/2&#8243;][vc_single_image image=&#8221;15660&#8243; img_size=&#8221;full&#8221; css=&#8221;&#8221;][\/vc_column][vc_column width=&#8221;1\/2&#8243;][vc_single_image image=&#8221;15662&#8243; img_size=&#8221;full&#8221; css=&#8221;&#8221;][\/vc_column][\/vc_row][vc_row][vc_column][vc_column_text css=&#8221;&#8221;]<\/p>\n<p class=\"\" data-start=\"1487\" data-end=\"1583\"><strong data-start=\"1487\" data-end=\"1537\">\u200b<span class=\"relative -mx-px my-[-0.2rem] rounded px-px py-[0.2rem] transition-colors duration-100 ease-in-out\">Agra\u00efment a la Rectora M\u00aa Vicenta Mestre<\/span><\/strong>\u200b<\/p>\n<p class=\"\" data-start=\"1585\" data-end=\"1750\"><span class=\"relative -mx-px my-[-0.2rem] rounded px-px py-[0.2rem] transition-colors duration-100 ease-in-out\">La Festa de Sant Bult, en nom de tota la seua Junta de Clavaris i Clavariesses, desitja expressar el seu m\u00e9s sincer agra\u00efment a la Rectora Magn\u00edfica de la Universitat de Val\u00e8ncia, M\u00aa Vicenta Mestre, pel seu suport i pel reconeixement atorgat.<\/span> <span class=\"relative -mx-px my-[-0.2rem] rounded px-px py-[0.2rem] transition-colors duration-100 ease-in-out\">A m\u00e9s del seu paper institucional, la rectora mant\u00e9 un fort vincle amb la festivitat, ja que va ser Pregonera de les Festes de Sant Bult en 2022, demostrant la seua proximitat i comprom\u00eds amb les tradicions valencianes.<\/span> <span class=\"relative -mx-px my-[-0.2rem] rounded px-px py-[0.2rem] transition-colors duration-100 ease-in-out\">Aquest guard\u00f3, que honra tant a la Universitat com a la festivitat, refor\u00e7a els lla\u00e7os de cooperaci\u00f3 entre ambdues institucions, unint l&#8217;acad\u00e8mia amb les tradicions populars en un esfor\u00e7 conjunt per preservar la hist\u00f2ria i cultura de Val\u00e8ncia.<\/span><\/p>\n<p>[\/vc_column_text][\/vc_column][\/vc_row][vc_row][vc_column][vc_single_image image=&#8221;15664&#8243; img_size=&#8221;full&#8221; css=&#8221;&#8221;][\/vc_column][\/vc_row][vc_row][vc_column][vc_column_text css=&#8221;&#8221;]<\/p>\n<p class=\"\" data-start=\"1752\" data-end=\"1848\"><strong data-start=\"1752\" data-end=\"1802\"><span class=\"relative -mx-px my-[-0.2rem] rounded px-px py-[0.2rem] transition-colors duration-100 ease-in-out\">Commemoraci\u00f3 d&#8217;un llegat hist\u00f2ric<\/span><\/strong>\u200b<\/p>\n<p class=\"\" data-start=\"1850\" data-end=\"2015\"><span class=\"relative -mx-px my-[-0.2rem] rounded px-px py-[0.2rem] transition-colors duration-100 ease-in-out\">La celebraci\u00f3 dels 525 anys de la Universitat de Val\u00e8ncia ha sigut una oportunitat per reflexionar sobre l&#8217;impacte de la instituci\u00f3 en la vida social, cultural i educativa de la comunitat.<\/span> <span class=\"relative -mx-px my-[-0.2rem] rounded px-px py-[0.2rem] transition-colors duration-100 ease-in-out\">Des de la seua fundaci\u00f3, la Universitat ha exercit un paper central en la formaci\u00f3 de generacions d&#8217;estudiants i en la investigaci\u00f3 d&#8217;avantguarda.<\/span> <span class=\"relative -mx-px my-[-0.2rem] rounded px-px py-[0.2rem] transition-colors duration-100 ease-in-out\">Al mateix temps, ha mantingut un vincle profund amb el poble valenci\u00e0 i les seues tradicions, donant suport a festivitats com la de Sant Bult, que formen part del teixit cultural de la regi\u00f3.<\/span>\u200b<\/p>\n<p class=\"\" data-start=\"2017\" data-end=\"2251\">Amb aquest reconeixement, la Universitat de Val\u00e8ncia reafirma el seu comprom\u00eds amb la preservaci\u00f3 i promoci\u00f3 de les tradicions valencianes, mirant cap al futur amb la mateixa vocaci\u00f3 de servei que ha caracteritzat els seus m\u00e9s de cinc<\/p>\n<p>[\/vc_column_text][\/vc_column][\/vc_row][vc_row][vc_column][vc_video link=&#8221;https:\/\/youtube.com\/shorts\/YU5PqyoQpnM?feature=share&#8221; css=&#8221;&#8221;][\/vc_column][\/vc_row]<\/p>\n<\/div>","protected":false},"excerpt":{"rendered":"<p>SANT BULT | La Universitat de Val\u00e8ncia entrega un reconeixement a la Festa de Sant Bult pel seu valor cultural, en el marc del seu 525 aniversari.<\/p>\n<p>#SantBult #UniversidadDeValencia #UniversitatVLC #Valencia <\/p>\n","protected":false},"author":1,"featured_media":15665,"comment_status":"closed","ping_status":"closed","sticky":false,"template":"","format":"standard","meta":{"footnotes":""},"categories":[781,177,493],"tags":[],"class_list":["post-15226","post","type-post","status-publish","format-standard","has-post-thumbnail","hentry","category-2025-archiu-historic","category-archiu-historic","category-inici"],"yoast_head":"<!-- This site is optimized with the Yoast SEO Premium plugin v24.8 (Yoast SEO v27.4) - https:\/\/yoast.com\/product\/yoast-seo-premium-wordpress\/ -->\n<title>525 aniversari Universitat de Val\u00e9ncia - Festes de Sant Bult \u2013 La Xerea<\/title>\n<meta name=\"description\" content=\"La Universitat de Val\u00e8ncia entrega un reconeixement a la Festa de Sant Bult pel seu valor cultural, en el marc del seu 525 aniversari.\" \/>\n<meta name=\"robots\" content=\"index, follow, max-snippet:-1, max-image-preview:large, max-video-preview:-1\" \/>\n<link rel=\"canonical\" href=\"https:\/\/santbult.es\/va\/525-aniversari\/\" \/>\n<meta property=\"og:locale\" content=\"en_US\" \/>\n<meta property=\"og:type\" content=\"article\" \/>\n<meta property=\"og:title\" content=\"525 aniversari Universitat de Val\u00e9ncia\" \/>\n<meta property=\"og:description\" content=\"SANT BULT | La universidad de Valencia celebra 525 a\u00f1os, entregando un reconocimiento a la Fiesta de Sant Bult.\" \/>\n<meta property=\"og:url\" content=\"https:\/\/santbult.es\/va\/525-aniversari\/\" \/>\n<meta property=\"og:site_name\" content=\"Festes de Sant Bult \u2013 La Xerea\" \/>\n<meta property=\"article:publisher\" content=\"https:\/\/www.facebook.com\/santbult\" \/>\n<meta property=\"article:published_time\" content=\"2025-04-11T18:03:49+00:00\" \/>\n<meta property=\"article:modified_time\" content=\"2025-04-11T18:40:47+00:00\" \/>\n<meta property=\"og:image\" content=\"https:\/\/santbult.es\/wp-content\/uploads\/2025\/04\/Imagen-de-WhatsApp-2025-04-11-a-las-16.44.34_a80dc181-2.jpg\" \/>\n\t<meta property=\"og:image:width\" content=\"1200\" \/>\n\t<meta property=\"og:image:height\" content=\"896\" \/>\n\t<meta property=\"og:image:type\" content=\"image\/jpeg\" \/>\n<meta name=\"author\" content=\"santbult\" \/>\n<meta name=\"twitter:card\" content=\"summary_large_image\" \/>\n<meta name=\"twitter:description\" content=\"SANT BULT | La universidad de Valencia celebra 525 a\u00f1os, entregando un reconocimiento a la Fiesta de Sant Bult.\" \/>\n<meta name=\"twitter:creator\" content=\"@sant_bult\" \/>\n<meta name=\"twitter:site\" content=\"@sant_bult\" \/>\n<meta name=\"twitter:label1\" content=\"Written by\" \/>\n\t<meta name=\"twitter:data1\" content=\"santbult\" \/>\n\t<meta name=\"twitter:label2\" content=\"Est. reading time\" \/>\n\t<meta name=\"twitter:data2\" content=\"7 minutes\" \/>\n<script type=\"application\/ld+json\" class=\"yoast-schema-graph\">{\"@context\":\"https:\\\/\\\/schema.org\",\"@graph\":[{\"@type\":\"Article\",\"@id\":\"https:\\\/\\\/santbult.es\\\/va\\\/525-aniversari\\\/#article\",\"isPartOf\":{\"@id\":\"https:\\\/\\\/santbult.es\\\/va\\\/525-aniversari\\\/\"},\"author\":{\"name\":\"santbult\",\"@id\":\"https:\\\/\\\/santbult.es\\\/#\\\/schema\\\/person\\\/a2291a6450b44bc876c6fe81b146f15d\"},\"headline\":\"525 aniversari Universitat de Val\u00e9ncia\",\"datePublished\":\"2025-04-11T18:03:49+00:00\",\"dateModified\":\"2025-04-11T18:40:47+00:00\",\"mainEntityOfPage\":{\"@id\":\"https:\\\/\\\/santbult.es\\\/va\\\/525-aniversari\\\/\"},\"wordCount\":1114,\"publisher\":{\"@id\":\"https:\\\/\\\/santbult.es\\\/#organization\"},\"image\":{\"@id\":\"https:\\\/\\\/santbult.es\\\/va\\\/525-aniversari\\\/#primaryimage\"},\"thumbnailUrl\":\"https:\\\/\\\/santbult.es\\\/wp-content\\\/uploads\\\/2025\\\/04\\\/Imagen-de-WhatsApp-2025-04-11-a-las-16.44.34_a80dc181-2.jpg\",\"articleSection\":[\"2025\",\"Archiu Hist\u00f2ric\",\"Inici\"],\"inLanguage\":\"val\"},{\"@type\":\"WebPage\",\"@id\":\"https:\\\/\\\/santbult.es\\\/va\\\/525-aniversari\\\/\",\"url\":\"https:\\\/\\\/santbult.es\\\/va\\\/525-aniversari\\\/\",\"name\":\"525 aniversari Universitat de Val\u00e9ncia - Festes de Sant Bult \u2013 La Xerea\",\"isPartOf\":{\"@id\":\"https:\\\/\\\/santbult.es\\\/#website\"},\"primaryImageOfPage\":{\"@id\":\"https:\\\/\\\/santbult.es\\\/va\\\/525-aniversari\\\/#primaryimage\"},\"image\":{\"@id\":\"https:\\\/\\\/santbult.es\\\/va\\\/525-aniversari\\\/#primaryimage\"},\"thumbnailUrl\":\"https:\\\/\\\/santbult.es\\\/wp-content\\\/uploads\\\/2025\\\/04\\\/Imagen-de-WhatsApp-2025-04-11-a-las-16.44.34_a80dc181-2.jpg\",\"datePublished\":\"2025-04-11T18:03:49+00:00\",\"dateModified\":\"2025-04-11T18:40:47+00:00\",\"description\":\"La Universitat de Val\u00e8ncia entrega un reconeixement a la Festa de Sant Bult pel seu valor cultural, en el marc del seu 525 aniversari.\",\"breadcrumb\":{\"@id\":\"https:\\\/\\\/santbult.es\\\/va\\\/525-aniversari\\\/#breadcrumb\"},\"inLanguage\":\"val\",\"potentialAction\":[{\"@type\":\"ReadAction\",\"target\":[\"https:\\\/\\\/santbult.es\\\/va\\\/525-aniversari\\\/\"]}]},{\"@type\":\"ImageObject\",\"inLanguage\":\"val\",\"@id\":\"https:\\\/\\\/santbult.es\\\/va\\\/525-aniversari\\\/#primaryimage\",\"url\":\"https:\\\/\\\/santbult.es\\\/wp-content\\\/uploads\\\/2025\\\/04\\\/Imagen-de-WhatsApp-2025-04-11-a-las-16.44.34_a80dc181-2.jpg\",\"contentUrl\":\"https:\\\/\\\/santbult.es\\\/wp-content\\\/uploads\\\/2025\\\/04\\\/Imagen-de-WhatsApp-2025-04-11-a-las-16.44.34_a80dc181-2.jpg\",\"width\":1200,\"height\":896},{\"@type\":\"BreadcrumbList\",\"@id\":\"https:\\\/\\\/santbult.es\\\/va\\\/525-aniversari\\\/#breadcrumb\",\"itemListElement\":[{\"@type\":\"ListItem\",\"position\":1,\"name\":\"Inici\",\"item\":\"https:\\\/\\\/santbult.es\\\/va\\\/category\\\/inici\\\/\"},{\"@type\":\"ListItem\",\"position\":2,\"name\":\"525 aniversari Universitat de Val\u00e9ncia\"}]},{\"@type\":\"WebSite\",\"@id\":\"https:\\\/\\\/santbult.es\\\/#website\",\"url\":\"https:\\\/\\\/santbult.es\\\/\",\"name\":\"Festes de Sant Bult \u2013 La Xerea\",\"description\":\"B\u00e9 Rellev\u00e0ncia Local Immaterial\",\"publisher\":{\"@id\":\"https:\\\/\\\/santbult.es\\\/#organization\"},\"potentialAction\":[{\"@type\":\"SearchAction\",\"target\":{\"@type\":\"EntryPoint\",\"urlTemplate\":\"https:\\\/\\\/santbult.es\\\/?s={search_term_string}\"},\"query-input\":{\"@type\":\"PropertyValueSpecification\",\"valueRequired\":true,\"valueName\":\"search_term_string\"}}],\"inLanguage\":\"val\"},{\"@type\":\"Organization\",\"@id\":\"https:\\\/\\\/santbult.es\\\/#organization\",\"name\":\"Sant Bult\",\"url\":\"https:\\\/\\\/santbult.es\\\/\",\"logo\":{\"@type\":\"ImageObject\",\"inLanguage\":\"val\",\"@id\":\"https:\\\/\\\/santbult.es\\\/#\\\/schema\\\/logo\\\/image\\\/\",\"url\":\"https:\\\/\\\/santbult.es\\\/wp-content\\\/uploads\\\/2019\\\/04\\\/mini-sant-bult.png\",\"contentUrl\":\"https:\\\/\\\/santbult.es\\\/wp-content\\\/uploads\\\/2019\\\/04\\\/mini-sant-bult.png\",\"width\":330,\"height\":330,\"caption\":\"Sant Bult\"},\"image\":{\"@id\":\"https:\\\/\\\/santbult.es\\\/#\\\/schema\\\/logo\\\/image\\\/\"},\"sameAs\":[\"https:\\\/\\\/www.facebook.com\\\/santbult\",\"https:\\\/\\\/x.com\\\/sant_bult\",\"https:\\\/\\\/www.instagram.com\\\/sant_bult\\\/\",\"https:\\\/\\\/www.youtube.com\\\/channel\\\/UCViTQedoyMvyMj-pAq4doMA\"]},{\"@type\":\"Person\",\"@id\":\"https:\\\/\\\/santbult.es\\\/#\\\/schema\\\/person\\\/a2291a6450b44bc876c6fe81b146f15d\",\"name\":\"santbult\",\"image\":{\"@type\":\"ImageObject\",\"inLanguage\":\"val\",\"@id\":\"https:\\\/\\\/secure.gravatar.com\\\/avatar\\\/946e8694005d0bd75998ba9f0cf5ce2939c3dc003df972082147d2a625f3837d?s=96&d=mm&r=g\",\"url\":\"https:\\\/\\\/secure.gravatar.com\\\/avatar\\\/946e8694005d0bd75998ba9f0cf5ce2939c3dc003df972082147d2a625f3837d?s=96&d=mm&r=g\",\"contentUrl\":\"https:\\\/\\\/secure.gravatar.com\\\/avatar\\\/946e8694005d0bd75998ba9f0cf5ce2939c3dc003df972082147d2a625f3837d?s=96&d=mm&r=g\",\"caption\":\"santbult\"},\"sameAs\":[\"https:\\\/\\\/santbult.es\"]}]}<\/script>\n<!-- \/ Yoast SEO Premium plugin. -->","yoast_head_json":{"title":"525 aniversari Universitat de Val\u00e9ncia - Festes de Sant Bult \u2013 La Xerea","description":"La Universitat de Val\u00e8ncia entrega un reconeixement a la Festa de Sant Bult pel seu valor cultural, en el marc del seu 525 aniversari.","robots":{"index":"index","follow":"follow","max-snippet":"max-snippet:-1","max-image-preview":"max-image-preview:large","max-video-preview":"max-video-preview:-1"},"canonical":"https:\/\/santbult.es\/va\/525-aniversari\/","og_locale":"en_US","og_type":"article","og_title":"525 aniversari Universitat de Val\u00e9ncia","og_description":"SANT BULT | La universidad de Valencia celebra 525 a\u00f1os, entregando un reconocimiento a la Fiesta de Sant Bult.","og_url":"https:\/\/santbult.es\/va\/525-aniversari\/","og_site_name":"Festes de Sant Bult \u2013 La Xerea","article_publisher":"https:\/\/www.facebook.com\/santbult","article_published_time":"2025-04-11T18:03:49+00:00","article_modified_time":"2025-04-11T18:40:47+00:00","og_image":[{"width":1200,"height":896,"url":"https:\/\/santbult.es\/wp-content\/uploads\/2025\/04\/Imagen-de-WhatsApp-2025-04-11-a-las-16.44.34_a80dc181-2.jpg","type":"image\/jpeg"}],"author":"santbult","twitter_card":"summary_large_image","twitter_description":"SANT BULT | La universidad de Valencia celebra 525 a\u00f1os, entregando un reconocimiento a la Fiesta de Sant Bult.","twitter_creator":"@sant_bult","twitter_site":"@sant_bult","twitter_misc":{"Written by":"santbult","Est. reading time":"7 minutes"},"schema":{"@context":"https:\/\/schema.org","@graph":[{"@type":"Article","@id":"https:\/\/santbult.es\/va\/525-aniversari\/#article","isPartOf":{"@id":"https:\/\/santbult.es\/va\/525-aniversari\/"},"author":{"name":"santbult","@id":"https:\/\/santbult.es\/#\/schema\/person\/a2291a6450b44bc876c6fe81b146f15d"},"headline":"525 aniversari Universitat de Val\u00e9ncia","datePublished":"2025-04-11T18:03:49+00:00","dateModified":"2025-04-11T18:40:47+00:00","mainEntityOfPage":{"@id":"https:\/\/santbult.es\/va\/525-aniversari\/"},"wordCount":1114,"publisher":{"@id":"https:\/\/santbult.es\/#organization"},"image":{"@id":"https:\/\/santbult.es\/va\/525-aniversari\/#primaryimage"},"thumbnailUrl":"https:\/\/santbult.es\/wp-content\/uploads\/2025\/04\/Imagen-de-WhatsApp-2025-04-11-a-las-16.44.34_a80dc181-2.jpg","articleSection":["2025","Archiu Hist\u00f2ric","Inici"],"inLanguage":"val"},{"@type":"WebPage","@id":"https:\/\/santbult.es\/va\/525-aniversari\/","url":"https:\/\/santbult.es\/va\/525-aniversari\/","name":"525 aniversari Universitat de Val\u00e9ncia - Festes de Sant Bult \u2013 La Xerea","isPartOf":{"@id":"https:\/\/santbult.es\/#website"},"primaryImageOfPage":{"@id":"https:\/\/santbult.es\/va\/525-aniversari\/#primaryimage"},"image":{"@id":"https:\/\/santbult.es\/va\/525-aniversari\/#primaryimage"},"thumbnailUrl":"https:\/\/santbult.es\/wp-content\/uploads\/2025\/04\/Imagen-de-WhatsApp-2025-04-11-a-las-16.44.34_a80dc181-2.jpg","datePublished":"2025-04-11T18:03:49+00:00","dateModified":"2025-04-11T18:40:47+00:00","description":"La Universitat de Val\u00e8ncia entrega un reconeixement a la Festa de Sant Bult pel seu valor cultural, en el marc del seu 525 aniversari.","breadcrumb":{"@id":"https:\/\/santbult.es\/va\/525-aniversari\/#breadcrumb"},"inLanguage":"val","potentialAction":[{"@type":"ReadAction","target":["https:\/\/santbult.es\/va\/525-aniversari\/"]}]},{"@type":"ImageObject","inLanguage":"val","@id":"https:\/\/santbult.es\/va\/525-aniversari\/#primaryimage","url":"https:\/\/santbult.es\/wp-content\/uploads\/2025\/04\/Imagen-de-WhatsApp-2025-04-11-a-las-16.44.34_a80dc181-2.jpg","contentUrl":"https:\/\/santbult.es\/wp-content\/uploads\/2025\/04\/Imagen-de-WhatsApp-2025-04-11-a-las-16.44.34_a80dc181-2.jpg","width":1200,"height":896},{"@type":"BreadcrumbList","@id":"https:\/\/santbult.es\/va\/525-aniversari\/#breadcrumb","itemListElement":[{"@type":"ListItem","position":1,"name":"Inici","item":"https:\/\/santbult.es\/va\/category\/inici\/"},{"@type":"ListItem","position":2,"name":"525 aniversari Universitat de Val\u00e9ncia"}]},{"@type":"WebSite","@id":"https:\/\/santbult.es\/#website","url":"https:\/\/santbult.es\/","name":"Festes de Sant Bult \u2013 La Xerea","description":"B\u00e9 Rellev\u00e0ncia Local Immaterial","publisher":{"@id":"https:\/\/santbult.es\/#organization"},"potentialAction":[{"@type":"SearchAction","target":{"@type":"EntryPoint","urlTemplate":"https:\/\/santbult.es\/?s={search_term_string}"},"query-input":{"@type":"PropertyValueSpecification","valueRequired":true,"valueName":"search_term_string"}}],"inLanguage":"val"},{"@type":"Organization","@id":"https:\/\/santbult.es\/#organization","name":"Sant Bult","url":"https:\/\/santbult.es\/","logo":{"@type":"ImageObject","inLanguage":"val","@id":"https:\/\/santbult.es\/#\/schema\/logo\/image\/","url":"https:\/\/santbult.es\/wp-content\/uploads\/2019\/04\/mini-sant-bult.png","contentUrl":"https:\/\/santbult.es\/wp-content\/uploads\/2019\/04\/mini-sant-bult.png","width":330,"height":330,"caption":"Sant Bult"},"image":{"@id":"https:\/\/santbult.es\/#\/schema\/logo\/image\/"},"sameAs":["https:\/\/www.facebook.com\/santbult","https:\/\/x.com\/sant_bult","https:\/\/www.instagram.com\/sant_bult\/","https:\/\/www.youtube.com\/channel\/UCViTQedoyMvyMj-pAq4doMA"]},{"@type":"Person","@id":"https:\/\/santbult.es\/#\/schema\/person\/a2291a6450b44bc876c6fe81b146f15d","name":"santbult","image":{"@type":"ImageObject","inLanguage":"val","@id":"https:\/\/secure.gravatar.com\/avatar\/946e8694005d0bd75998ba9f0cf5ce2939c3dc003df972082147d2a625f3837d?s=96&d=mm&r=g","url":"https:\/\/secure.gravatar.com\/avatar\/946e8694005d0bd75998ba9f0cf5ce2939c3dc003df972082147d2a625f3837d?s=96&d=mm&r=g","contentUrl":"https:\/\/secure.gravatar.com\/avatar\/946e8694005d0bd75998ba9f0cf5ce2939c3dc003df972082147d2a625f3837d?s=96&d=mm&r=g","caption":"santbult"},"sameAs":["https:\/\/santbult.es"]}]}},"_links":{"self":[{"href":"https:\/\/santbult.es\/va\/wp-json\/wp\/v2\/posts\/15226","targetHints":{"allow":["GET"]}}],"collection":[{"href":"https:\/\/santbult.es\/va\/wp-json\/wp\/v2\/posts"}],"about":[{"href":"https:\/\/santbult.es\/va\/wp-json\/wp\/v2\/types\/post"}],"author":[{"embeddable":true,"href":"https:\/\/santbult.es\/va\/wp-json\/wp\/v2\/users\/1"}],"replies":[{"embeddable":true,"href":"https:\/\/santbult.es\/va\/wp-json\/wp\/v2\/comments?post=15226"}],"version-history":[{"count":4,"href":"https:\/\/santbult.es\/va\/wp-json\/wp\/v2\/posts\/15226\/revisions"}],"predecessor-version":[{"id":15675,"href":"https:\/\/santbult.es\/va\/wp-json\/wp\/v2\/posts\/15226\/revisions\/15675"}],"wp:featuredmedia":[{"embeddable":true,"href":"https:\/\/santbult.es\/va\/wp-json\/wp\/v2\/media\/15665"}],"wp:attachment":[{"href":"https:\/\/santbult.es\/va\/wp-json\/wp\/v2\/media?parent=15226"}],"wp:term":[{"taxonomy":"category","embeddable":true,"href":"https:\/\/santbult.es\/va\/wp-json\/wp\/v2\/categories?post=15226"},{"taxonomy":"post_tag","embeddable":true,"href":"https:\/\/santbult.es\/va\/wp-json\/wp\/v2\/tags?post=15226"}],"curies":[{"name":"wp","href":"https:\/\/api.w.org\/{rel}","templated":true}]}}