{"id":15083,"date":"2024-10-06T12:45:11","date_gmt":"2024-10-06T10:45:11","guid":{"rendered":"https:\/\/santbult.es\/?p=15083"},"modified":"2024-10-06T13:03:19","modified_gmt":"2024-10-06T11:03:19","slug":"premi-berni","status":"publish","type":"post","link":"https:\/\/santbult.es\/va\/premi-berni\/","title":{"rendered":"Premi Berni &#8211; Edici\u00f3n XXIV"},"content":{"rendered":"<div class=\"wpb-content-wrapper\"><p>[vc_row][vc_column][vc_separator color=&#8221;blue&#8221; align=&#8221;align_left&#8221; border_width=&#8221;2&#8243; el_width=&#8221;10&#8243;][\/vc_column][\/vc_row][vc_row][vc_column][vc_single_image image=&#8221;15058&#8243; img_size=&#8221;full&#8221; alignment=&#8221;center&#8221; css=&#8221;&#8221;][\/vc_column][\/vc_row][vc_row][vc_column][vc_empty_space][\/vc_column][\/vc_row][vc_row][vc_column][vc_column_text css=&#8221;&#8221;]En la vesprada del dissabte 5 d&#8217;octubre, en el recent inaugurat nou casal de la <strong>Falla Marqu\u00e9s de Montortal &#8211; Berni i Catal\u00e0<\/strong> (Falla La Berni), va tindre lloc l&#8217;edici\u00f3 XXIV d&#8217;entrega dels Premi Berni 2024 que otorga esta comissi\u00f3 des de l&#8217;any 2001.<\/p>\n<p>Han arreplegat el <a href=\"https:\/\/santbult.es\/va\/premi-berni-2024\/\">Premi Berni 2024<\/a>, Na Paula Bellido Suay, Presidenta de la Llar Escola de Sant Bult junt a Na Yolanda P\u00e9rez, Clavariesa Major de les Festes de Sant Bult 2024.[\/vc_column_text][\/vc_column][\/vc_row][vc_row content_placement=&#8221;middle&#8221;][vc_column width=&#8221;1\/2&#8243;][vc_single_image image=&#8221;15070&#8243; img_size=&#8221;full&#8221; alignment=&#8221;center&#8221; css=&#8221;&#8221;][\/vc_column][vc_column width=&#8221;1\/2&#8243;][vc_column_text css=&#8221;&#8221;]Enguany en junta de la Falla Berni, varen voler donar un premi a la Festa de Sant Bult per lo seg\u00fcent:<\/p>\n<p><strong>Festes de Sant Bult<\/strong>, per mantindre la que \u00e9s considerada la festa m\u00e9s antiga de la ciutat de Val\u00e9ncia, celebrada des del s.XIII en el barri de la Xerea en honor a Sant Bult.<\/p>\n<p>Agra\u00efm enormement este premi per a la festa m\u00e9s antiga de la ciutat de Val\u00e9ncia, \u00e9s un honor que es premien a les tradicions valencianes, a la cultura i a la festa de barri. Esperem que estos premis continuen molts anys m\u00e9s i que d&#8217;ara en avant la Falla Marques de Montortal &#8211; Berni i Catal\u00e0 teneis obertes les portes de la Llar Escola de Sant Bult, FELICITATS a tota la comissi\u00f3 i retirem els nostres agra\u00efment per l&#8217;organisaci\u00f3 amena de l&#8217;acte i el bon tracte i rebuda per part de la comissi\u00f3.[\/vc_column_text][vc_empty_space][vc_single_image image=&#8221;15069&#8243; img_size=&#8221;full&#8221; alignment=&#8221;center&#8221; css=&#8221;&#8221;][\/vc_column][\/vc_row][vc_row][vc_column][vc_video link=&#8221;https:\/\/youtu.be\/A0JePcbsWaY&#8221; css=&#8221;&#8221;][\/vc_column][\/vc_row][vc_row][vc_column][vc_column_text css=&#8221;&#8221;]Volem tamb\u00e9 agrair a les autoritats que varen acodir a l&#8217;acte com als Premiats d&#8217;esta XXIV edici\u00f3.<\/p>\n<ul>\n<li>\u00c1ngel Romero Melle.<\/li>\n<li>Santamar\u00eda Orfebres.<\/li>\n<li>Falla C\u00edscar &#8211; Burriana.<\/li>\n<li>M\u00aa Estela Arlardis Ferrando, Fallera Major de Val\u00e9ncia 2024.<\/li>\n<\/ul>\n<p>Esta edici\u00f3 ha segut una edici\u00f3 de cultura, hist\u00f2ria i tradici\u00f3 valenciana.[\/vc_column_text][\/vc_column][\/vc_row][vc_row][vc_column width=&#8221;1\/3&#8243;][vc_single_image image=&#8221;15076&#8243; img_size=&#8221;full&#8221; alignment=&#8221;center&#8221; css=&#8221;&#8221;][\/vc_column][vc_column width=&#8221;1\/3&#8243;][vc_single_image image=&#8221;15067&#8243; img_size=&#8221;full&#8221; alignment=&#8221;center&#8221; css=&#8221;&#8221;][\/vc_column][vc_column width=&#8221;1\/3&#8243;][vc_single_image image=&#8221;15078&#8243; img_size=&#8221;full&#8221; alignment=&#8221;center&#8221; css=&#8221;&#8221;][\/vc_column][\/vc_row][vc_row][vc_column][vc_images_carousel images=&#8221;15060,15061,15062,15063&#8243; img_size=&#8221;full&#8221; autoplay=&#8221;yes&#8221; hide_pagination_control=&#8221;yes&#8221; wrap=&#8221;yes&#8221; css_animation=&#8221;none&#8221; css=&#8221;&#8221;][\/vc_column][\/vc_row]<\/p>\n<\/div>","protected":false},"excerpt":{"rendered":"<p>SANT BULT | Festes de Sant Bult, per mantindre la que \u00e9s considerada la festa m\u00e9s antiga de la ciutat de Val\u00e9ncia, distinguida en Premi Berni 2024<br \/>\n#SantBult #FallaLaBerni #PremisBerni <\/p>\n","protected":false},"author":1,"featured_media":15058,"comment_status":"closed","ping_status":"closed","sticky":false,"template":"","format":"standard","meta":{"footnotes":""},"categories":[747,177,493],"tags":[],"class_list":["post-15083","post","type-post","status-publish","format-standard","has-post-thumbnail","hentry","category-2024-va","category-archiu-historic","category-inici"],"yoast_head":"<!-- This site is optimized with the Yoast SEO Premium plugin v24.8 (Yoast SEO v27.4) - https:\/\/yoast.com\/product\/yoast-seo-premium-wordpress\/ -->\n<title>Premi Berni - Edici\u00f3n XXIV - Festes de Sant Bult \u2013 La Xerea<\/title>\n<meta name=\"description\" content=\"SANT BULT | Festes de Sant Bult, per mantindre la que \u00e9s considerada la festa m\u00e9s antiga de la ciutat de Val\u00e9ncia, distinguida en Premi Berni 2024\" \/>\n<meta name=\"robots\" content=\"index, follow, max-snippet:-1, max-image-preview:large, max-video-preview:-1\" \/>\n<link rel=\"canonical\" href=\"https:\/\/santbult.es\/va\/premi-berni\/\" \/>\n<meta property=\"og:locale\" content=\"en_US\" \/>\n<meta property=\"og:type\" content=\"article\" \/>\n<meta property=\"og:title\" content=\"Premi Berni - Edici\u00f3n XXIV\" \/>\n<meta property=\"og:description\" content=\"SANT BULT | Festes de Sant Bult, per mantindre la que \u00e9s considerada la festa m\u00e9s antiga de la ciutat de Val\u00e9ncia, distinguida en Premi Berni 2024\" \/>\n<meta property=\"og:url\" content=\"https:\/\/santbult.es\/va\/premi-berni\/\" \/>\n<meta property=\"og:site_name\" content=\"Festes de Sant Bult \u2013 La Xerea\" \/>\n<meta property=\"article:publisher\" content=\"https:\/\/www.facebook.com\/santbult\" \/>\n<meta property=\"article:published_time\" content=\"2024-10-06T10:45:11+00:00\" \/>\n<meta property=\"article:modified_time\" content=\"2024-10-06T11:03:19+00:00\" \/>\n<meta property=\"og:image\" content=\"https:\/\/santbult.es\/wp-content\/uploads\/2024\/10\/461658525_18018046343552346_9137998964117912886_n.jpg\" \/>\n\t<meta property=\"og:image:width\" content=\"1080\" \/>\n\t<meta property=\"og:image:height\" content=\"720\" \/>\n\t<meta property=\"og:image:type\" content=\"image\/jpeg\" \/>\n<meta name=\"author\" content=\"santbult\" \/>\n<meta name=\"twitter:card\" content=\"summary_large_image\" \/>\n<meta name=\"twitter:description\" content=\"SANT BULT | Festes de Sant Bult, per mantindre la que \u00e9s considerada la festa m\u00e9s antiga de la ciutat de Val\u00e9ncia, distinguida en Premi Berni 2024\" \/>\n<meta name=\"twitter:creator\" content=\"@sant_bult\" \/>\n<meta name=\"twitter:site\" content=\"@sant_bult\" \/>\n<meta name=\"twitter:label1\" content=\"Written by\" \/>\n\t<meta name=\"twitter:data1\" content=\"santbult\" \/>\n\t<meta name=\"twitter:label2\" content=\"Est. reading time\" \/>\n\t<meta name=\"twitter:data2\" content=\"2 minutes\" \/>\n<script type=\"application\/ld+json\" class=\"yoast-schema-graph\">{\"@context\":\"https:\\\/\\\/schema.org\",\"@graph\":[{\"@type\":\"Article\",\"@id\":\"https:\\\/\\\/santbult.es\\\/va\\\/premi-berni\\\/#article\",\"isPartOf\":{\"@id\":\"https:\\\/\\\/santbult.es\\\/va\\\/premi-berni\\\/\"},\"author\":{\"name\":\"santbult\",\"@id\":\"https:\\\/\\\/santbult.es\\\/#\\\/schema\\\/person\\\/a2291a6450b44bc876c6fe81b146f15d\"},\"headline\":\"Premi Berni &#8211; Edici\u00f3n XXIV\",\"datePublished\":\"2024-10-06T10:45:11+00:00\",\"dateModified\":\"2024-10-06T11:03:19+00:00\",\"mainEntityOfPage\":{\"@id\":\"https:\\\/\\\/santbult.es\\\/va\\\/premi-berni\\\/\"},\"wordCount\":513,\"publisher\":{\"@id\":\"https:\\\/\\\/santbult.es\\\/#organization\"},\"image\":{\"@id\":\"https:\\\/\\\/santbult.es\\\/va\\\/premi-berni\\\/#primaryimage\"},\"thumbnailUrl\":\"https:\\\/\\\/santbult.es\\\/wp-content\\\/uploads\\\/2024\\\/10\\\/461658525_18018046343552346_9137998964117912886_n.jpg\",\"articleSection\":[\"2024\",\"Archiu Hist\u00f2ric\",\"Inici\"],\"inLanguage\":\"val\"},{\"@type\":\"WebPage\",\"@id\":\"https:\\\/\\\/santbult.es\\\/va\\\/premi-berni\\\/\",\"url\":\"https:\\\/\\\/santbult.es\\\/va\\\/premi-berni\\\/\",\"name\":\"Premi Berni - Edici\u00f3n XXIV - Festes de Sant Bult \u2013 La Xerea\",\"isPartOf\":{\"@id\":\"https:\\\/\\\/santbult.es\\\/#website\"},\"primaryImageOfPage\":{\"@id\":\"https:\\\/\\\/santbult.es\\\/va\\\/premi-berni\\\/#primaryimage\"},\"image\":{\"@id\":\"https:\\\/\\\/santbult.es\\\/va\\\/premi-berni\\\/#primaryimage\"},\"thumbnailUrl\":\"https:\\\/\\\/santbult.es\\\/wp-content\\\/uploads\\\/2024\\\/10\\\/461658525_18018046343552346_9137998964117912886_n.jpg\",\"datePublished\":\"2024-10-06T10:45:11+00:00\",\"dateModified\":\"2024-10-06T11:03:19+00:00\",\"description\":\"SANT BULT | Festes de Sant Bult, per mantindre la que \u00e9s considerada la festa m\u00e9s antiga de la ciutat de Val\u00e9ncia, distinguida en Premi Berni 2024\",\"breadcrumb\":{\"@id\":\"https:\\\/\\\/santbult.es\\\/va\\\/premi-berni\\\/#breadcrumb\"},\"inLanguage\":\"val\",\"potentialAction\":[{\"@type\":\"ReadAction\",\"target\":[\"https:\\\/\\\/santbult.es\\\/va\\\/premi-berni\\\/\"]}]},{\"@type\":\"ImageObject\",\"inLanguage\":\"val\",\"@id\":\"https:\\\/\\\/santbult.es\\\/va\\\/premi-berni\\\/#primaryimage\",\"url\":\"https:\\\/\\\/santbult.es\\\/wp-content\\\/uploads\\\/2024\\\/10\\\/461658525_18018046343552346_9137998964117912886_n.jpg\",\"contentUrl\":\"https:\\\/\\\/santbult.es\\\/wp-content\\\/uploads\\\/2024\\\/10\\\/461658525_18018046343552346_9137998964117912886_n.jpg\",\"width\":1080,\"height\":720,\"caption\":\"premio berni 2024\"},{\"@type\":\"BreadcrumbList\",\"@id\":\"https:\\\/\\\/santbult.es\\\/va\\\/premi-berni\\\/#breadcrumb\",\"itemListElement\":[{\"@type\":\"ListItem\",\"position\":1,\"name\":\"Archiu Hist\u00f2ric\",\"item\":\"https:\\\/\\\/santbult.es\\\/va\\\/category\\\/archiu-historic\\\/\"},{\"@type\":\"ListItem\",\"position\":2,\"name\":\"Premi Berni &#8211; Edici\u00f3n XXIV\"}]},{\"@type\":\"WebSite\",\"@id\":\"https:\\\/\\\/santbult.es\\\/#website\",\"url\":\"https:\\\/\\\/santbult.es\\\/\",\"name\":\"Festes de Sant Bult \u2013 La Xerea\",\"description\":\"B\u00e9 Rellev\u00e0ncia Local Immaterial\",\"publisher\":{\"@id\":\"https:\\\/\\\/santbult.es\\\/#organization\"},\"potentialAction\":[{\"@type\":\"SearchAction\",\"target\":{\"@type\":\"EntryPoint\",\"urlTemplate\":\"https:\\\/\\\/santbult.es\\\/?s={search_term_string}\"},\"query-input\":{\"@type\":\"PropertyValueSpecification\",\"valueRequired\":true,\"valueName\":\"search_term_string\"}}],\"inLanguage\":\"val\"},{\"@type\":\"Organization\",\"@id\":\"https:\\\/\\\/santbult.es\\\/#organization\",\"name\":\"Sant Bult\",\"url\":\"https:\\\/\\\/santbult.es\\\/\",\"logo\":{\"@type\":\"ImageObject\",\"inLanguage\":\"val\",\"@id\":\"https:\\\/\\\/santbult.es\\\/#\\\/schema\\\/logo\\\/image\\\/\",\"url\":\"https:\\\/\\\/santbult.es\\\/wp-content\\\/uploads\\\/2019\\\/04\\\/mini-sant-bult.png\",\"contentUrl\":\"https:\\\/\\\/santbult.es\\\/wp-content\\\/uploads\\\/2019\\\/04\\\/mini-sant-bult.png\",\"width\":330,\"height\":330,\"caption\":\"Sant Bult\"},\"image\":{\"@id\":\"https:\\\/\\\/santbult.es\\\/#\\\/schema\\\/logo\\\/image\\\/\"},\"sameAs\":[\"https:\\\/\\\/www.facebook.com\\\/santbult\",\"https:\\\/\\\/x.com\\\/sant_bult\",\"https:\\\/\\\/www.instagram.com\\\/sant_bult\\\/\",\"https:\\\/\\\/www.youtube.com\\\/channel\\\/UCViTQedoyMvyMj-pAq4doMA\"]},{\"@type\":\"Person\",\"@id\":\"https:\\\/\\\/santbult.es\\\/#\\\/schema\\\/person\\\/a2291a6450b44bc876c6fe81b146f15d\",\"name\":\"santbult\",\"image\":{\"@type\":\"ImageObject\",\"inLanguage\":\"val\",\"@id\":\"https:\\\/\\\/secure.gravatar.com\\\/avatar\\\/946e8694005d0bd75998ba9f0cf5ce2939c3dc003df972082147d2a625f3837d?s=96&d=mm&r=g\",\"url\":\"https:\\\/\\\/secure.gravatar.com\\\/avatar\\\/946e8694005d0bd75998ba9f0cf5ce2939c3dc003df972082147d2a625f3837d?s=96&d=mm&r=g\",\"contentUrl\":\"https:\\\/\\\/secure.gravatar.com\\\/avatar\\\/946e8694005d0bd75998ba9f0cf5ce2939c3dc003df972082147d2a625f3837d?s=96&d=mm&r=g\",\"caption\":\"santbult\"},\"sameAs\":[\"https:\\\/\\\/santbult.es\"]}]}<\/script>\n<!-- \/ Yoast SEO Premium plugin. -->","yoast_head_json":{"title":"Premi Berni - Edici\u00f3n XXIV - Festes de Sant Bult \u2013 La Xerea","description":"SANT BULT | Festes de Sant Bult, per mantindre la que \u00e9s considerada la festa m\u00e9s antiga de la ciutat de Val\u00e9ncia, distinguida en Premi Berni 2024","robots":{"index":"index","follow":"follow","max-snippet":"max-snippet:-1","max-image-preview":"max-image-preview:large","max-video-preview":"max-video-preview:-1"},"canonical":"https:\/\/santbult.es\/va\/premi-berni\/","og_locale":"en_US","og_type":"article","og_title":"Premi Berni - Edici\u00f3n XXIV","og_description":"SANT BULT | Festes de Sant Bult, per mantindre la que \u00e9s considerada la festa m\u00e9s antiga de la ciutat de Val\u00e9ncia, distinguida en Premi Berni 2024","og_url":"https:\/\/santbult.es\/va\/premi-berni\/","og_site_name":"Festes de Sant Bult \u2013 La Xerea","article_publisher":"https:\/\/www.facebook.com\/santbult","article_published_time":"2024-10-06T10:45:11+00:00","article_modified_time":"2024-10-06T11:03:19+00:00","og_image":[{"width":1080,"height":720,"url":"https:\/\/santbult.es\/wp-content\/uploads\/2024\/10\/461658525_18018046343552346_9137998964117912886_n.jpg","type":"image\/jpeg"}],"author":"santbult","twitter_card":"summary_large_image","twitter_description":"SANT BULT | Festes de Sant Bult, per mantindre la que \u00e9s considerada la festa m\u00e9s antiga de la ciutat de Val\u00e9ncia, distinguida en Premi Berni 2024","twitter_creator":"@sant_bult","twitter_site":"@sant_bult","twitter_misc":{"Written by":"santbult","Est. reading time":"2 minutes"},"schema":{"@context":"https:\/\/schema.org","@graph":[{"@type":"Article","@id":"https:\/\/santbult.es\/va\/premi-berni\/#article","isPartOf":{"@id":"https:\/\/santbult.es\/va\/premi-berni\/"},"author":{"name":"santbult","@id":"https:\/\/santbult.es\/#\/schema\/person\/a2291a6450b44bc876c6fe81b146f15d"},"headline":"Premi Berni &#8211; Edici\u00f3n XXIV","datePublished":"2024-10-06T10:45:11+00:00","dateModified":"2024-10-06T11:03:19+00:00","mainEntityOfPage":{"@id":"https:\/\/santbult.es\/va\/premi-berni\/"},"wordCount":513,"publisher":{"@id":"https:\/\/santbult.es\/#organization"},"image":{"@id":"https:\/\/santbult.es\/va\/premi-berni\/#primaryimage"},"thumbnailUrl":"https:\/\/santbult.es\/wp-content\/uploads\/2024\/10\/461658525_18018046343552346_9137998964117912886_n.jpg","articleSection":["2024","Archiu Hist\u00f2ric","Inici"],"inLanguage":"val"},{"@type":"WebPage","@id":"https:\/\/santbult.es\/va\/premi-berni\/","url":"https:\/\/santbult.es\/va\/premi-berni\/","name":"Premi Berni - Edici\u00f3n XXIV - Festes de Sant Bult \u2013 La Xerea","isPartOf":{"@id":"https:\/\/santbult.es\/#website"},"primaryImageOfPage":{"@id":"https:\/\/santbult.es\/va\/premi-berni\/#primaryimage"},"image":{"@id":"https:\/\/santbult.es\/va\/premi-berni\/#primaryimage"},"thumbnailUrl":"https:\/\/santbult.es\/wp-content\/uploads\/2024\/10\/461658525_18018046343552346_9137998964117912886_n.jpg","datePublished":"2024-10-06T10:45:11+00:00","dateModified":"2024-10-06T11:03:19+00:00","description":"SANT BULT | Festes de Sant Bult, per mantindre la que \u00e9s considerada la festa m\u00e9s antiga de la ciutat de Val\u00e9ncia, distinguida en Premi Berni 2024","breadcrumb":{"@id":"https:\/\/santbult.es\/va\/premi-berni\/#breadcrumb"},"inLanguage":"val","potentialAction":[{"@type":"ReadAction","target":["https:\/\/santbult.es\/va\/premi-berni\/"]}]},{"@type":"ImageObject","inLanguage":"val","@id":"https:\/\/santbult.es\/va\/premi-berni\/#primaryimage","url":"https:\/\/santbult.es\/wp-content\/uploads\/2024\/10\/461658525_18018046343552346_9137998964117912886_n.jpg","contentUrl":"https:\/\/santbult.es\/wp-content\/uploads\/2024\/10\/461658525_18018046343552346_9137998964117912886_n.jpg","width":1080,"height":720,"caption":"premio berni 2024"},{"@type":"BreadcrumbList","@id":"https:\/\/santbult.es\/va\/premi-berni\/#breadcrumb","itemListElement":[{"@type":"ListItem","position":1,"name":"Archiu Hist\u00f2ric","item":"https:\/\/santbult.es\/va\/category\/archiu-historic\/"},{"@type":"ListItem","position":2,"name":"Premi Berni &#8211; Edici\u00f3n XXIV"}]},{"@type":"WebSite","@id":"https:\/\/santbult.es\/#website","url":"https:\/\/santbult.es\/","name":"Festes de Sant Bult \u2013 La Xerea","description":"B\u00e9 Rellev\u00e0ncia Local Immaterial","publisher":{"@id":"https:\/\/santbult.es\/#organization"},"potentialAction":[{"@type":"SearchAction","target":{"@type":"EntryPoint","urlTemplate":"https:\/\/santbult.es\/?s={search_term_string}"},"query-input":{"@type":"PropertyValueSpecification","valueRequired":true,"valueName":"search_term_string"}}],"inLanguage":"val"},{"@type":"Organization","@id":"https:\/\/santbult.es\/#organization","name":"Sant Bult","url":"https:\/\/santbult.es\/","logo":{"@type":"ImageObject","inLanguage":"val","@id":"https:\/\/santbult.es\/#\/schema\/logo\/image\/","url":"https:\/\/santbult.es\/wp-content\/uploads\/2019\/04\/mini-sant-bult.png","contentUrl":"https:\/\/santbult.es\/wp-content\/uploads\/2019\/04\/mini-sant-bult.png","width":330,"height":330,"caption":"Sant Bult"},"image":{"@id":"https:\/\/santbult.es\/#\/schema\/logo\/image\/"},"sameAs":["https:\/\/www.facebook.com\/santbult","https:\/\/x.com\/sant_bult","https:\/\/www.instagram.com\/sant_bult\/","https:\/\/www.youtube.com\/channel\/UCViTQedoyMvyMj-pAq4doMA"]},{"@type":"Person","@id":"https:\/\/santbult.es\/#\/schema\/person\/a2291a6450b44bc876c6fe81b146f15d","name":"santbult","image":{"@type":"ImageObject","inLanguage":"val","@id":"https:\/\/secure.gravatar.com\/avatar\/946e8694005d0bd75998ba9f0cf5ce2939c3dc003df972082147d2a625f3837d?s=96&d=mm&r=g","url":"https:\/\/secure.gravatar.com\/avatar\/946e8694005d0bd75998ba9f0cf5ce2939c3dc003df972082147d2a625f3837d?s=96&d=mm&r=g","contentUrl":"https:\/\/secure.gravatar.com\/avatar\/946e8694005d0bd75998ba9f0cf5ce2939c3dc003df972082147d2a625f3837d?s=96&d=mm&r=g","caption":"santbult"},"sameAs":["https:\/\/santbult.es"]}]}},"_links":{"self":[{"href":"https:\/\/santbult.es\/va\/wp-json\/wp\/v2\/posts\/15083","targetHints":{"allow":["GET"]}}],"collection":[{"href":"https:\/\/santbult.es\/va\/wp-json\/wp\/v2\/posts"}],"about":[{"href":"https:\/\/santbult.es\/va\/wp-json\/wp\/v2\/types\/post"}],"author":[{"embeddable":true,"href":"https:\/\/santbult.es\/va\/wp-json\/wp\/v2\/users\/1"}],"replies":[{"embeddable":true,"href":"https:\/\/santbult.es\/va\/wp-json\/wp\/v2\/comments?post=15083"}],"version-history":[{"count":2,"href":"https:\/\/santbult.es\/va\/wp-json\/wp\/v2\/posts\/15083\/revisions"}],"predecessor-version":[{"id":15085,"href":"https:\/\/santbult.es\/va\/wp-json\/wp\/v2\/posts\/15083\/revisions\/15085"}],"wp:featuredmedia":[{"embeddable":true,"href":"https:\/\/santbult.es\/va\/wp-json\/wp\/v2\/media\/15058"}],"wp:attachment":[{"href":"https:\/\/santbult.es\/va\/wp-json\/wp\/v2\/media?parent=15083"}],"wp:term":[{"taxonomy":"category","embeddable":true,"href":"https:\/\/santbult.es\/va\/wp-json\/wp\/v2\/categories?post=15083"},{"taxonomy":"post_tag","embeddable":true,"href":"https:\/\/santbult.es\/va\/wp-json\/wp\/v2\/tags?post=15083"}],"curies":[{"name":"wp","href":"https:\/\/api.w.org\/{rel}","templated":true}]}}