{"id":14760,"date":"2024-05-26T23:07:36","date_gmt":"2024-05-26T21:07:36","guid":{"rendered":"https:\/\/santbult.es\/?p=14760"},"modified":"2024-05-26T23:14:36","modified_gmt":"2024-05-26T21:14:36","slug":"entrega-image-sant-vicent-2024","status":"publish","type":"post","link":"https:\/\/santbult.es\/va\/entrega-image-sant-vicent-2024\/","title":{"rendered":"Entrega image Sant Vicent 2024"},"content":{"rendered":"<div class=\"wpb-content-wrapper\"><p>[vc_row][vc_column][vc_separator color=&#8221;blue&#8221; align=&#8221;align_left&#8221; border_width=&#8221;2&#8243; el_width=&#8221;10&#8243;][\/vc_column][\/vc_row][vc_row][vc_column][vc_single_image image=&#8221;14761&#8243; img_size=&#8221;full&#8221; alignment=&#8221;center&#8221; css=&#8221;&#8221;][\/vc_column][\/vc_row][vc_row][vc_column][vc_empty_space][\/vc_column][\/vc_row][vc_row][vc_column][vc_column_text css=&#8221;&#8221;]El dissabte 25 de maig de 2024, invitada per Na M\u00f3nica Gil, va acodir Na Paula Bellido en nom de la Llar &#8211; Escola Sant Bult, a l&#8217;acte d&#8217;entrega de l&#8217;image de Sant Vicent Ferrer a l&#8217;Honorable Clavariesa 2024, Na To\u00f1a J\u00e0tiva Rams.<\/p>\n<p>Agra\u00efm l&#8217;invitaci\u00f3 rebuda i donem nostra m\u00e9s sincera enhorabona a To\u00f1a X\u00e0tiva amiga de Sant Bult, per rebre l&#8217;image de Sant Vicent Ferrer en el seu any com a Honorable Clavariesa de la Festa de Sant Vicente Ferrer.[\/vc_column_text][\/vc_column][\/vc_row]<\/p>\n<\/div>","protected":false},"excerpt":{"rendered":"<p>[vc_row][vc_column][vc_separator color=&#8221;blue&#8221; align=&#8221;align_left&#8221; border_width=&#8221;2&#8243; el_width=&#8221;10&#8243;][\/vc_column][\/vc_row][vc_row][vc_column][vc_single_image image=&#8221;14761&#8243; img_size=&#8221;full&#8221; alignment=&#8221;center&#8221; css=&#8221;&#8221;][\/vc_column][\/vc_row][vc_row][vc_column][vc_empty_space][\/vc_column][\/vc_row][vc_row][vc_column][vc_column_text css=&#8221;&#8221;]El dissabte 25 de maig de 2024, invitada per Na M\u00f3nica Gil, va acodir Na Paula&hellip;<\/p>\n","protected":false},"author":1,"featured_media":14761,"comment_status":"closed","ping_status":"closed","sticky":false,"template":"","format":"standard","meta":{"footnotes":""},"categories":[747,177,493],"tags":[],"class_list":["post-14760","post","type-post","status-publish","format-standard","has-post-thumbnail","hentry","category-2024-va","category-archiu-historic","category-inici"],"yoast_head":"<!-- This site is optimized with the Yoast SEO Premium plugin v24.8 (Yoast SEO v27.4) - https:\/\/yoast.com\/product\/yoast-seo-premium-wordpress\/ -->\n<title>Entrega image Sant Vicent 2024 - Festes de Sant Bult \u2013 La Xerea<\/title>\n<meta name=\"description\" content=\"SANT BULT | Acte d&#039;entrega de l&#039;image de Sant Vicent Ferrer a Na To\u00f1a X\u00e0tiva, Honorable Clavariesa 2024\" \/>\n<meta name=\"robots\" content=\"index, follow, max-snippet:-1, max-image-preview:large, max-video-preview:-1\" \/>\n<link rel=\"canonical\" href=\"https:\/\/santbult.es\/va\/entrega-image-sant-vicent-2024\/\" \/>\n<meta property=\"og:locale\" content=\"en_US\" \/>\n<meta property=\"og:type\" content=\"article\" \/>\n<meta property=\"og:title\" content=\"Entrega image Sant Vicent 2024\" \/>\n<meta property=\"og:description\" content=\"SANT BULT | Acte d&#039;entrega de l&#039;image de Sant Vicent Ferrer a Na To\u00f1a X\u00e0tiva, Honorable Clavariesa 2024\" \/>\n<meta property=\"og:url\" content=\"https:\/\/santbult.es\/va\/entrega-image-sant-vicent-2024\/\" \/>\n<meta property=\"og:site_name\" content=\"Festes de Sant Bult \u2013 La Xerea\" \/>\n<meta property=\"article:publisher\" content=\"https:\/\/www.facebook.com\/santbult\" \/>\n<meta property=\"article:published_time\" content=\"2024-05-26T21:07:36+00:00\" \/>\n<meta property=\"article:modified_time\" content=\"2024-05-26T21:14:36+00:00\" \/>\n<meta property=\"og:image\" content=\"https:\/\/santbult.es\/wp-content\/uploads\/2024\/05\/acto-25-mayo-2024.jpg\" \/>\n\t<meta property=\"og:image:width\" content=\"1600\" \/>\n\t<meta property=\"og:image:height\" content=\"1200\" \/>\n\t<meta property=\"og:image:type\" content=\"image\/jpeg\" \/>\n<meta name=\"author\" content=\"santbult\" \/>\n<meta name=\"twitter:card\" content=\"summary_large_image\" \/>\n<meta name=\"twitter:description\" content=\"SANT BULT | Acte d&#039;entrega de l&#039;image de Sant Vicent Ferrer a Na To\u00f1a X\u00e0tiva, Honorable Clavariesa 2024\" \/>\n<meta name=\"twitter:creator\" content=\"@sant_bult\" \/>\n<meta name=\"twitter:site\" content=\"@sant_bult\" \/>\n<meta name=\"twitter:label1\" content=\"Written by\" \/>\n\t<meta name=\"twitter:data1\" content=\"santbult\" \/>\n\t<meta name=\"twitter:label2\" content=\"Est. reading time\" \/>\n\t<meta name=\"twitter:data2\" content=\"1 minute\" \/>\n<script type=\"application\/ld+json\" class=\"yoast-schema-graph\">{\"@context\":\"https:\\\/\\\/schema.org\",\"@graph\":[{\"@type\":\"Article\",\"@id\":\"https:\\\/\\\/santbult.es\\\/va\\\/entrega-image-sant-vicent-2024\\\/#article\",\"isPartOf\":{\"@id\":\"https:\\\/\\\/santbult.es\\\/va\\\/entrega-image-sant-vicent-2024\\\/\"},\"author\":{\"name\":\"santbult\",\"@id\":\"https:\\\/\\\/santbult.es\\\/#\\\/schema\\\/person\\\/a2291a6450b44bc876c6fe81b146f15d\"},\"headline\":\"Entrega image Sant Vicent 2024\",\"datePublished\":\"2024-05-26T21:07:36+00:00\",\"dateModified\":\"2024-05-26T21:14:36+00:00\",\"mainEntityOfPage\":{\"@id\":\"https:\\\/\\\/santbult.es\\\/va\\\/entrega-image-sant-vicent-2024\\\/\"},\"wordCount\":158,\"publisher\":{\"@id\":\"https:\\\/\\\/santbult.es\\\/#organization\"},\"image\":{\"@id\":\"https:\\\/\\\/santbult.es\\\/va\\\/entrega-image-sant-vicent-2024\\\/#primaryimage\"},\"thumbnailUrl\":\"https:\\\/\\\/santbult.es\\\/wp-content\\\/uploads\\\/2024\\\/05\\\/acto-25-mayo-2024.jpg\",\"articleSection\":[\"2024\",\"Archiu Hist\u00f2ric\",\"Inici\"],\"inLanguage\":\"val\"},{\"@type\":\"WebPage\",\"@id\":\"https:\\\/\\\/santbult.es\\\/va\\\/entrega-image-sant-vicent-2024\\\/\",\"url\":\"https:\\\/\\\/santbult.es\\\/va\\\/entrega-image-sant-vicent-2024\\\/\",\"name\":\"Entrega image Sant Vicent 2024 - Festes de Sant Bult \u2013 La Xerea\",\"isPartOf\":{\"@id\":\"https:\\\/\\\/santbult.es\\\/#website\"},\"primaryImageOfPage\":{\"@id\":\"https:\\\/\\\/santbult.es\\\/va\\\/entrega-image-sant-vicent-2024\\\/#primaryimage\"},\"image\":{\"@id\":\"https:\\\/\\\/santbult.es\\\/va\\\/entrega-image-sant-vicent-2024\\\/#primaryimage\"},\"thumbnailUrl\":\"https:\\\/\\\/santbult.es\\\/wp-content\\\/uploads\\\/2024\\\/05\\\/acto-25-mayo-2024.jpg\",\"datePublished\":\"2024-05-26T21:07:36+00:00\",\"dateModified\":\"2024-05-26T21:14:36+00:00\",\"description\":\"SANT BULT | Acte d'entrega de l'image de Sant Vicent Ferrer a Na To\u00f1a X\u00e0tiva, Honorable Clavariesa 2024\",\"breadcrumb\":{\"@id\":\"https:\\\/\\\/santbult.es\\\/va\\\/entrega-image-sant-vicent-2024\\\/#breadcrumb\"},\"inLanguage\":\"val\",\"potentialAction\":[{\"@type\":\"ReadAction\",\"target\":[\"https:\\\/\\\/santbult.es\\\/va\\\/entrega-image-sant-vicent-2024\\\/\"]}]},{\"@type\":\"ImageObject\",\"inLanguage\":\"val\",\"@id\":\"https:\\\/\\\/santbult.es\\\/va\\\/entrega-image-sant-vicent-2024\\\/#primaryimage\",\"url\":\"https:\\\/\\\/santbult.es\\\/wp-content\\\/uploads\\\/2024\\\/05\\\/acto-25-mayo-2024.jpg\",\"contentUrl\":\"https:\\\/\\\/santbult.es\\\/wp-content\\\/uploads\\\/2024\\\/05\\\/acto-25-mayo-2024.jpg\",\"width\":1600,\"height\":1200},{\"@type\":\"BreadcrumbList\",\"@id\":\"https:\\\/\\\/santbult.es\\\/va\\\/entrega-image-sant-vicent-2024\\\/#breadcrumb\",\"itemListElement\":[{\"@type\":\"ListItem\",\"position\":1,\"name\":\"Archivo Hist\u00f3rico\",\"item\":\"https:\\\/\\\/santbult.es\\\/category\\\/archivo-historico\\\/\"},{\"@type\":\"ListItem\",\"position\":2,\"name\":\"Entrega image Sant Vicent 2024\"}]},{\"@type\":\"WebSite\",\"@id\":\"https:\\\/\\\/santbult.es\\\/#website\",\"url\":\"https:\\\/\\\/santbult.es\\\/\",\"name\":\"Festes de Sant Bult \u2013 La Xerea\",\"description\":\"B\u00e9 Rellev\u00e0ncia Local Immaterial\",\"publisher\":{\"@id\":\"https:\\\/\\\/santbult.es\\\/#organization\"},\"potentialAction\":[{\"@type\":\"SearchAction\",\"target\":{\"@type\":\"EntryPoint\",\"urlTemplate\":\"https:\\\/\\\/santbult.es\\\/?s={search_term_string}\"},\"query-input\":{\"@type\":\"PropertyValueSpecification\",\"valueRequired\":true,\"valueName\":\"search_term_string\"}}],\"inLanguage\":\"val\"},{\"@type\":\"Organization\",\"@id\":\"https:\\\/\\\/santbult.es\\\/#organization\",\"name\":\"Sant Bult\",\"url\":\"https:\\\/\\\/santbult.es\\\/\",\"logo\":{\"@type\":\"ImageObject\",\"inLanguage\":\"val\",\"@id\":\"https:\\\/\\\/santbult.es\\\/#\\\/schema\\\/logo\\\/image\\\/\",\"url\":\"https:\\\/\\\/santbult.es\\\/wp-content\\\/uploads\\\/2019\\\/04\\\/mini-sant-bult.png\",\"contentUrl\":\"https:\\\/\\\/santbult.es\\\/wp-content\\\/uploads\\\/2019\\\/04\\\/mini-sant-bult.png\",\"width\":330,\"height\":330,\"caption\":\"Sant Bult\"},\"image\":{\"@id\":\"https:\\\/\\\/santbult.es\\\/#\\\/schema\\\/logo\\\/image\\\/\"},\"sameAs\":[\"https:\\\/\\\/www.facebook.com\\\/santbult\",\"https:\\\/\\\/x.com\\\/sant_bult\",\"https:\\\/\\\/www.instagram.com\\\/sant_bult\\\/\",\"https:\\\/\\\/www.youtube.com\\\/channel\\\/UCViTQedoyMvyMj-pAq4doMA\"]},{\"@type\":\"Person\",\"@id\":\"https:\\\/\\\/santbult.es\\\/#\\\/schema\\\/person\\\/a2291a6450b44bc876c6fe81b146f15d\",\"name\":\"santbult\",\"image\":{\"@type\":\"ImageObject\",\"inLanguage\":\"val\",\"@id\":\"https:\\\/\\\/secure.gravatar.com\\\/avatar\\\/946e8694005d0bd75998ba9f0cf5ce2939c3dc003df972082147d2a625f3837d?s=96&d=mm&r=g\",\"url\":\"https:\\\/\\\/secure.gravatar.com\\\/avatar\\\/946e8694005d0bd75998ba9f0cf5ce2939c3dc003df972082147d2a625f3837d?s=96&d=mm&r=g\",\"contentUrl\":\"https:\\\/\\\/secure.gravatar.com\\\/avatar\\\/946e8694005d0bd75998ba9f0cf5ce2939c3dc003df972082147d2a625f3837d?s=96&d=mm&r=g\",\"caption\":\"santbult\"},\"sameAs\":[\"https:\\\/\\\/santbult.es\"]}]}<\/script>\n<!-- \/ Yoast SEO Premium plugin. -->","yoast_head_json":{"title":"Entrega image Sant Vicent 2024 - Festes de Sant Bult \u2013 La Xerea","description":"SANT BULT | Acte d'entrega de l'image de Sant Vicent Ferrer a Na To\u00f1a X\u00e0tiva, Honorable Clavariesa 2024","robots":{"index":"index","follow":"follow","max-snippet":"max-snippet:-1","max-image-preview":"max-image-preview:large","max-video-preview":"max-video-preview:-1"},"canonical":"https:\/\/santbult.es\/va\/entrega-image-sant-vicent-2024\/","og_locale":"en_US","og_type":"article","og_title":"Entrega image Sant Vicent 2024","og_description":"SANT BULT | Acte d'entrega de l'image de Sant Vicent Ferrer a Na To\u00f1a X\u00e0tiva, Honorable Clavariesa 2024","og_url":"https:\/\/santbult.es\/va\/entrega-image-sant-vicent-2024\/","og_site_name":"Festes de Sant Bult \u2013 La Xerea","article_publisher":"https:\/\/www.facebook.com\/santbult","article_published_time":"2024-05-26T21:07:36+00:00","article_modified_time":"2024-05-26T21:14:36+00:00","og_image":[{"width":1600,"height":1200,"url":"https:\/\/santbult.es\/wp-content\/uploads\/2024\/05\/acto-25-mayo-2024.jpg","type":"image\/jpeg"}],"author":"santbult","twitter_card":"summary_large_image","twitter_description":"SANT BULT | Acte d'entrega de l'image de Sant Vicent Ferrer a Na To\u00f1a X\u00e0tiva, Honorable Clavariesa 2024","twitter_creator":"@sant_bult","twitter_site":"@sant_bult","twitter_misc":{"Written by":"santbult","Est. reading time":"1 minute"},"schema":{"@context":"https:\/\/schema.org","@graph":[{"@type":"Article","@id":"https:\/\/santbult.es\/va\/entrega-image-sant-vicent-2024\/#article","isPartOf":{"@id":"https:\/\/santbult.es\/va\/entrega-image-sant-vicent-2024\/"},"author":{"name":"santbult","@id":"https:\/\/santbult.es\/#\/schema\/person\/a2291a6450b44bc876c6fe81b146f15d"},"headline":"Entrega image Sant Vicent 2024","datePublished":"2024-05-26T21:07:36+00:00","dateModified":"2024-05-26T21:14:36+00:00","mainEntityOfPage":{"@id":"https:\/\/santbult.es\/va\/entrega-image-sant-vicent-2024\/"},"wordCount":158,"publisher":{"@id":"https:\/\/santbult.es\/#organization"},"image":{"@id":"https:\/\/santbult.es\/va\/entrega-image-sant-vicent-2024\/#primaryimage"},"thumbnailUrl":"https:\/\/santbult.es\/wp-content\/uploads\/2024\/05\/acto-25-mayo-2024.jpg","articleSection":["2024","Archiu Hist\u00f2ric","Inici"],"inLanguage":"val"},{"@type":"WebPage","@id":"https:\/\/santbult.es\/va\/entrega-image-sant-vicent-2024\/","url":"https:\/\/santbult.es\/va\/entrega-image-sant-vicent-2024\/","name":"Entrega image Sant Vicent 2024 - Festes de Sant Bult \u2013 La Xerea","isPartOf":{"@id":"https:\/\/santbult.es\/#website"},"primaryImageOfPage":{"@id":"https:\/\/santbult.es\/va\/entrega-image-sant-vicent-2024\/#primaryimage"},"image":{"@id":"https:\/\/santbult.es\/va\/entrega-image-sant-vicent-2024\/#primaryimage"},"thumbnailUrl":"https:\/\/santbult.es\/wp-content\/uploads\/2024\/05\/acto-25-mayo-2024.jpg","datePublished":"2024-05-26T21:07:36+00:00","dateModified":"2024-05-26T21:14:36+00:00","description":"SANT BULT | Acte d'entrega de l'image de Sant Vicent Ferrer a Na To\u00f1a X\u00e0tiva, Honorable Clavariesa 2024","breadcrumb":{"@id":"https:\/\/santbult.es\/va\/entrega-image-sant-vicent-2024\/#breadcrumb"},"inLanguage":"val","potentialAction":[{"@type":"ReadAction","target":["https:\/\/santbult.es\/va\/entrega-image-sant-vicent-2024\/"]}]},{"@type":"ImageObject","inLanguage":"val","@id":"https:\/\/santbult.es\/va\/entrega-image-sant-vicent-2024\/#primaryimage","url":"https:\/\/santbult.es\/wp-content\/uploads\/2024\/05\/acto-25-mayo-2024.jpg","contentUrl":"https:\/\/santbult.es\/wp-content\/uploads\/2024\/05\/acto-25-mayo-2024.jpg","width":1600,"height":1200},{"@type":"BreadcrumbList","@id":"https:\/\/santbult.es\/va\/entrega-image-sant-vicent-2024\/#breadcrumb","itemListElement":[{"@type":"ListItem","position":1,"name":"Archivo Hist\u00f3rico","item":"https:\/\/santbult.es\/category\/archivo-historico\/"},{"@type":"ListItem","position":2,"name":"Entrega image Sant Vicent 2024"}]},{"@type":"WebSite","@id":"https:\/\/santbult.es\/#website","url":"https:\/\/santbult.es\/","name":"Festes de Sant Bult \u2013 La Xerea","description":"B\u00e9 Rellev\u00e0ncia Local Immaterial","publisher":{"@id":"https:\/\/santbult.es\/#organization"},"potentialAction":[{"@type":"SearchAction","target":{"@type":"EntryPoint","urlTemplate":"https:\/\/santbult.es\/?s={search_term_string}"},"query-input":{"@type":"PropertyValueSpecification","valueRequired":true,"valueName":"search_term_string"}}],"inLanguage":"val"},{"@type":"Organization","@id":"https:\/\/santbult.es\/#organization","name":"Sant Bult","url":"https:\/\/santbult.es\/","logo":{"@type":"ImageObject","inLanguage":"val","@id":"https:\/\/santbult.es\/#\/schema\/logo\/image\/","url":"https:\/\/santbult.es\/wp-content\/uploads\/2019\/04\/mini-sant-bult.png","contentUrl":"https:\/\/santbult.es\/wp-content\/uploads\/2019\/04\/mini-sant-bult.png","width":330,"height":330,"caption":"Sant Bult"},"image":{"@id":"https:\/\/santbult.es\/#\/schema\/logo\/image\/"},"sameAs":["https:\/\/www.facebook.com\/santbult","https:\/\/x.com\/sant_bult","https:\/\/www.instagram.com\/sant_bult\/","https:\/\/www.youtube.com\/channel\/UCViTQedoyMvyMj-pAq4doMA"]},{"@type":"Person","@id":"https:\/\/santbult.es\/#\/schema\/person\/a2291a6450b44bc876c6fe81b146f15d","name":"santbult","image":{"@type":"ImageObject","inLanguage":"val","@id":"https:\/\/secure.gravatar.com\/avatar\/946e8694005d0bd75998ba9f0cf5ce2939c3dc003df972082147d2a625f3837d?s=96&d=mm&r=g","url":"https:\/\/secure.gravatar.com\/avatar\/946e8694005d0bd75998ba9f0cf5ce2939c3dc003df972082147d2a625f3837d?s=96&d=mm&r=g","contentUrl":"https:\/\/secure.gravatar.com\/avatar\/946e8694005d0bd75998ba9f0cf5ce2939c3dc003df972082147d2a625f3837d?s=96&d=mm&r=g","caption":"santbult"},"sameAs":["https:\/\/santbult.es"]}]}},"_links":{"self":[{"href":"https:\/\/santbult.es\/va\/wp-json\/wp\/v2\/posts\/14760","targetHints":{"allow":["GET"]}}],"collection":[{"href":"https:\/\/santbult.es\/va\/wp-json\/wp\/v2\/posts"}],"about":[{"href":"https:\/\/santbult.es\/va\/wp-json\/wp\/v2\/types\/post"}],"author":[{"embeddable":true,"href":"https:\/\/santbult.es\/va\/wp-json\/wp\/v2\/users\/1"}],"replies":[{"embeddable":true,"href":"https:\/\/santbult.es\/va\/wp-json\/wp\/v2\/comments?post=14760"}],"version-history":[{"count":2,"href":"https:\/\/santbult.es\/va\/wp-json\/wp\/v2\/posts\/14760\/revisions"}],"predecessor-version":[{"id":14765,"href":"https:\/\/santbult.es\/va\/wp-json\/wp\/v2\/posts\/14760\/revisions\/14765"}],"wp:featuredmedia":[{"embeddable":true,"href":"https:\/\/santbult.es\/va\/wp-json\/wp\/v2\/media\/14761"}],"wp:attachment":[{"href":"https:\/\/santbult.es\/va\/wp-json\/wp\/v2\/media?parent=14760"}],"wp:term":[{"taxonomy":"category","embeddable":true,"href":"https:\/\/santbult.es\/va\/wp-json\/wp\/v2\/categories?post=14760"},{"taxonomy":"post_tag","embeddable":true,"href":"https:\/\/santbult.es\/va\/wp-json\/wp\/v2\/tags?post=14760"}],"curies":[{"name":"wp","href":"https:\/\/api.w.org\/{rel}","templated":true}]}}