{"id":14260,"date":"2024-03-18T19:44:04","date_gmt":"2024-03-18T18:44:04","guid":{"rendered":"https:\/\/santbult.es\/?p=14260"},"modified":"2024-04-04T14:48:16","modified_gmt":"2024-04-04T12:48:16","slug":"mascleta-18-marc-2024","status":"publish","type":"post","link":"https:\/\/santbult.es\/va\/mascleta-18-marc-2024\/","title":{"rendered":"Masclet\u00e0 18 mar\u00e7 2024"},"content":{"rendered":"<div class=\"wpb-content-wrapper\"><p>[vc_row][vc_column][vc_separator color=&#8221;blue&#8221; align=&#8221;align_left&#8221; border_width=&#8221;2&#8243; el_width=&#8221;10&#8243;][\/vc_column][\/vc_row][vc_row][vc_column][vc_single_image image=&#8221;14251&#8243; img_size=&#8221;full&#8221; alignment=&#8221;center&#8221;][\/vc_column][\/vc_row][vc_row][vc_column][vc_empty_space][\/vc_column][\/vc_row][vc_row][vc_column][vc_column_text]<\/p>\n<h3><strong>INCREIBLE MASCLET\u00c0 18 MAR\u00c7 DE PIROT\u00c8CNIA VALENCIANA<\/strong><\/h3>\n<p>El dilluns 18 de mar\u00e7 de 2024, ha acodit al balc\u00f3 a vore la masclet\u00e0 invitada per l\u2019Ajuntament de Val\u00e9ncia, D\u00f1a. Paula Bellido Suay, Presidenta de Sant Bult, en representaci\u00f3 de la Festa de Sant Bult.<\/p>\n<p>Agrair l\u2019invitaci\u00f3 rebuda i haver pogut gojar d\u2019este espect\u00e0cul pirot\u00e8cnic de les Falles 2024. Hem aprofitat l\u2019ocasi\u00f3 per a conversar en la Fallera Major de Val\u00e9ncia i felicitar-li per estes magnifiques Falles 2024.[\/vc_column_text][\/vc_column][\/vc_row][vc_row][vc_column][vc_single_image image=&#8221;14252&#8243; img_size=&#8221;full&#8221; alignment=&#8221;center&#8221;][\/vc_column][\/vc_row][vc_row][vc_column width=&#8221;1\/2&#8243;][vc_single_image image=&#8221;14253&#8243; img_size=&#8221;full&#8221; alignment=&#8221;center&#8221;][\/vc_column][vc_column width=&#8221;1\/2&#8243;][vc_single_image image=&#8221;14250&#8243; img_size=&#8221;full&#8221; alignment=&#8221;center&#8221;][\/vc_column][\/vc_row]<\/p>\n<\/div>","protected":false},"excerpt":{"rendered":"<p>[vc_row][vc_column][vc_separator color=&#8221;blue&#8221; align=&#8221;align_left&#8221; border_width=&#8221;2&#8243; el_width=&#8221;10&#8243;][\/vc_column][\/vc_row][vc_row][vc_column][vc_single_image image=&#8221;14251&#8243; img_size=&#8221;full&#8221; alignment=&#8221;center&#8221;][\/vc_column][\/vc_row][vc_row][vc_column][vc_empty_space][\/vc_column][\/vc_row][vc_row][vc_column][vc_column_text] INCREIBLE MASCLET\u00c0 18 MAR\u00c7 DE PIROT\u00c8CNIA VALENCIANA El dilluns 18 de mar\u00e7 de 2024, ha acodit al&hellip;<\/p>\n","protected":false},"author":1,"featured_media":14251,"comment_status":"closed","ping_status":"closed","sticky":false,"template":"","format":"standard","meta":{"footnotes":""},"categories":[747,177,493],"tags":[],"class_list":["post-14260","post","type-post","status-publish","format-standard","has-post-thumbnail","hentry","category-2024-va","category-archiu-historic","category-inici"],"yoast_head":"<!-- This site is optimized with the Yoast SEO Premium plugin v24.8 (Yoast SEO v27.4) - https:\/\/yoast.com\/product\/yoast-seo-premium-wordpress\/ -->\n<title>Masclet\u00e0 18 mar\u00e7 2024 - Festes de Sant Bult \u2013 La Xerea<\/title>\n<meta name=\"description\" content=\"SANT BULT | L&#039;Ajuntament de Val\u00e9ncia invita a D\u00f1a. Paula Bellido Presidenta de Sant Bult a presenciar la masclet\u00e0 18 mar\u00e7\" \/>\n<meta name=\"robots\" content=\"index, follow, max-snippet:-1, max-image-preview:large, max-video-preview:-1\" \/>\n<link rel=\"canonical\" href=\"https:\/\/santbult.es\/va\/mascleta-18-marc-2024\/\" \/>\n<meta property=\"og:locale\" content=\"en_US\" \/>\n<meta property=\"og:type\" content=\"article\" \/>\n<meta property=\"og:title\" content=\"Masclet\u00e0 18 mar\u00e7 2024\" \/>\n<meta property=\"og:description\" content=\"SANT BULT | L&#039;Ajuntament de Val\u00e9ncia invita a D\u00f1a. Paula Bellido Presidenta de Sant Bult a presenciar la masclet\u00e0 18 mar\u00e7\" \/>\n<meta property=\"og:url\" content=\"https:\/\/santbult.es\/va\/mascleta-18-marc-2024\/\" \/>\n<meta property=\"og:site_name\" content=\"Festes de Sant Bult \u2013 La Xerea\" \/>\n<meta property=\"article:publisher\" content=\"https:\/\/www.facebook.com\/santbult\" \/>\n<meta property=\"article:published_time\" content=\"2024-03-18T18:44:04+00:00\" \/>\n<meta property=\"article:modified_time\" content=\"2024-04-04T12:48:16+00:00\" \/>\n<meta property=\"og:image\" content=\"https:\/\/santbult.es\/wp-content\/uploads\/2024\/03\/IMG-20240318-WA0040.jpg\" \/>\n\t<meta property=\"og:image:width\" content=\"2048\" \/>\n\t<meta property=\"og:image:height\" content=\"1536\" \/>\n\t<meta property=\"og:image:type\" content=\"image\/jpeg\" \/>\n<meta name=\"author\" content=\"santbult\" \/>\n<meta name=\"twitter:card\" content=\"summary_large_image\" \/>\n<meta name=\"twitter:description\" content=\"SANT BULT | El Ayuntamiento de Valencia invita a D\u00f1a. Paula Bellido Presidenta de Sant Bult a presenciar la masclet\u00e0 18 marzo\" \/>\n<meta name=\"twitter:creator\" content=\"@sant_bult\" \/>\n<meta name=\"twitter:site\" content=\"@sant_bult\" \/>\n<meta name=\"twitter:label1\" content=\"Written by\" \/>\n\t<meta name=\"twitter:data1\" content=\"santbult\" \/>\n\t<meta name=\"twitter:label2\" content=\"Est. reading time\" \/>\n\t<meta name=\"twitter:data2\" content=\"1 minute\" \/>\n<script type=\"application\/ld+json\" class=\"yoast-schema-graph\">{\"@context\":\"https:\\\/\\\/schema.org\",\"@graph\":[{\"@type\":\"Article\",\"@id\":\"https:\\\/\\\/santbult.es\\\/va\\\/mascleta-18-marc-2024\\\/#article\",\"isPartOf\":{\"@id\":\"https:\\\/\\\/santbult.es\\\/va\\\/mascleta-18-marc-2024\\\/\"},\"author\":{\"name\":\"santbult\",\"@id\":\"https:\\\/\\\/santbult.es\\\/#\\\/schema\\\/person\\\/a2291a6450b44bc876c6fe81b146f15d\"},\"headline\":\"Masclet\u00e0 18 mar\u00e7 2024\",\"datePublished\":\"2024-03-18T18:44:04+00:00\",\"dateModified\":\"2024-04-04T12:48:16+00:00\",\"mainEntityOfPage\":{\"@id\":\"https:\\\/\\\/santbult.es\\\/va\\\/mascleta-18-marc-2024\\\/\"},\"wordCount\":193,\"publisher\":{\"@id\":\"https:\\\/\\\/santbult.es\\\/#organization\"},\"image\":{\"@id\":\"https:\\\/\\\/santbult.es\\\/va\\\/mascleta-18-marc-2024\\\/#primaryimage\"},\"thumbnailUrl\":\"https:\\\/\\\/santbult.es\\\/wp-content\\\/uploads\\\/2024\\\/03\\\/IMG-20240318-WA0040.jpg\",\"articleSection\":[\"2024\",\"Archiu Hist\u00f2ric\",\"Inici\"],\"inLanguage\":\"val\"},{\"@type\":\"WebPage\",\"@id\":\"https:\\\/\\\/santbult.es\\\/va\\\/mascleta-18-marc-2024\\\/\",\"url\":\"https:\\\/\\\/santbult.es\\\/va\\\/mascleta-18-marc-2024\\\/\",\"name\":\"Masclet\u00e0 18 mar\u00e7 2024 - Festes de Sant Bult \u2013 La Xerea\",\"isPartOf\":{\"@id\":\"https:\\\/\\\/santbult.es\\\/#website\"},\"primaryImageOfPage\":{\"@id\":\"https:\\\/\\\/santbult.es\\\/va\\\/mascleta-18-marc-2024\\\/#primaryimage\"},\"image\":{\"@id\":\"https:\\\/\\\/santbult.es\\\/va\\\/mascleta-18-marc-2024\\\/#primaryimage\"},\"thumbnailUrl\":\"https:\\\/\\\/santbult.es\\\/wp-content\\\/uploads\\\/2024\\\/03\\\/IMG-20240318-WA0040.jpg\",\"datePublished\":\"2024-03-18T18:44:04+00:00\",\"dateModified\":\"2024-04-04T12:48:16+00:00\",\"description\":\"SANT BULT | L'Ajuntament de Val\u00e9ncia invita a D\u00f1a. Paula Bellido Presidenta de Sant Bult a presenciar la masclet\u00e0 18 mar\u00e7\",\"breadcrumb\":{\"@id\":\"https:\\\/\\\/santbult.es\\\/va\\\/mascleta-18-marc-2024\\\/#breadcrumb\"},\"inLanguage\":\"val\",\"potentialAction\":[{\"@type\":\"ReadAction\",\"target\":[\"https:\\\/\\\/santbult.es\\\/va\\\/mascleta-18-marc-2024\\\/\"]}]},{\"@type\":\"ImageObject\",\"inLanguage\":\"val\",\"@id\":\"https:\\\/\\\/santbult.es\\\/va\\\/mascleta-18-marc-2024\\\/#primaryimage\",\"url\":\"https:\\\/\\\/santbult.es\\\/wp-content\\\/uploads\\\/2024\\\/03\\\/IMG-20240318-WA0040.jpg\",\"contentUrl\":\"https:\\\/\\\/santbult.es\\\/wp-content\\\/uploads\\\/2024\\\/03\\\/IMG-20240318-WA0040.jpg\",\"width\":2048,\"height\":1536},{\"@type\":\"BreadcrumbList\",\"@id\":\"https:\\\/\\\/santbult.es\\\/va\\\/mascleta-18-marc-2024\\\/#breadcrumb\",\"itemListElement\":[{\"@type\":\"ListItem\",\"position\":1,\"name\":\"Archiu Hist\u00f2ric\",\"item\":\"https:\\\/\\\/santbult.es\\\/va\\\/category\\\/archiu-historic\\\/\"},{\"@type\":\"ListItem\",\"position\":2,\"name\":\"2024\",\"item\":\"https:\\\/\\\/santbult.es\\\/va\\\/category\\\/archiu-historic\\\/2024-va\\\/\"},{\"@type\":\"ListItem\",\"position\":3,\"name\":\"Masclet\u00e0 18 mar\u00e7 2024\"}]},{\"@type\":\"WebSite\",\"@id\":\"https:\\\/\\\/santbult.es\\\/#website\",\"url\":\"https:\\\/\\\/santbult.es\\\/\",\"name\":\"Festes de Sant Bult \u2013 La Xerea\",\"description\":\"B\u00e9 Rellev\u00e0ncia Local Immaterial\",\"publisher\":{\"@id\":\"https:\\\/\\\/santbult.es\\\/#organization\"},\"potentialAction\":[{\"@type\":\"SearchAction\",\"target\":{\"@type\":\"EntryPoint\",\"urlTemplate\":\"https:\\\/\\\/santbult.es\\\/?s={search_term_string}\"},\"query-input\":{\"@type\":\"PropertyValueSpecification\",\"valueRequired\":true,\"valueName\":\"search_term_string\"}}],\"inLanguage\":\"val\"},{\"@type\":\"Organization\",\"@id\":\"https:\\\/\\\/santbult.es\\\/#organization\",\"name\":\"Sant Bult\",\"url\":\"https:\\\/\\\/santbult.es\\\/\",\"logo\":{\"@type\":\"ImageObject\",\"inLanguage\":\"val\",\"@id\":\"https:\\\/\\\/santbult.es\\\/#\\\/schema\\\/logo\\\/image\\\/\",\"url\":\"https:\\\/\\\/santbult.es\\\/wp-content\\\/uploads\\\/2019\\\/04\\\/mini-sant-bult.png\",\"contentUrl\":\"https:\\\/\\\/santbult.es\\\/wp-content\\\/uploads\\\/2019\\\/04\\\/mini-sant-bult.png\",\"width\":330,\"height\":330,\"caption\":\"Sant Bult\"},\"image\":{\"@id\":\"https:\\\/\\\/santbult.es\\\/#\\\/schema\\\/logo\\\/image\\\/\"},\"sameAs\":[\"https:\\\/\\\/www.facebook.com\\\/santbult\",\"https:\\\/\\\/x.com\\\/sant_bult\",\"https:\\\/\\\/www.instagram.com\\\/sant_bult\\\/\",\"https:\\\/\\\/www.youtube.com\\\/channel\\\/UCViTQedoyMvyMj-pAq4doMA\"]},{\"@type\":\"Person\",\"@id\":\"https:\\\/\\\/santbult.es\\\/#\\\/schema\\\/person\\\/a2291a6450b44bc876c6fe81b146f15d\",\"name\":\"santbult\",\"image\":{\"@type\":\"ImageObject\",\"inLanguage\":\"val\",\"@id\":\"https:\\\/\\\/secure.gravatar.com\\\/avatar\\\/946e8694005d0bd75998ba9f0cf5ce2939c3dc003df972082147d2a625f3837d?s=96&d=mm&r=g\",\"url\":\"https:\\\/\\\/secure.gravatar.com\\\/avatar\\\/946e8694005d0bd75998ba9f0cf5ce2939c3dc003df972082147d2a625f3837d?s=96&d=mm&r=g\",\"contentUrl\":\"https:\\\/\\\/secure.gravatar.com\\\/avatar\\\/946e8694005d0bd75998ba9f0cf5ce2939c3dc003df972082147d2a625f3837d?s=96&d=mm&r=g\",\"caption\":\"santbult\"},\"sameAs\":[\"https:\\\/\\\/santbult.es\"]}]}<\/script>\n<!-- \/ Yoast SEO Premium plugin. -->","yoast_head_json":{"title":"Masclet\u00e0 18 mar\u00e7 2024 - Festes de Sant Bult \u2013 La Xerea","description":"SANT BULT | L'Ajuntament de Val\u00e9ncia invita a D\u00f1a. Paula Bellido Presidenta de Sant Bult a presenciar la masclet\u00e0 18 mar\u00e7","robots":{"index":"index","follow":"follow","max-snippet":"max-snippet:-1","max-image-preview":"max-image-preview:large","max-video-preview":"max-video-preview:-1"},"canonical":"https:\/\/santbult.es\/va\/mascleta-18-marc-2024\/","og_locale":"en_US","og_type":"article","og_title":"Masclet\u00e0 18 mar\u00e7 2024","og_description":"SANT BULT | L'Ajuntament de Val\u00e9ncia invita a D\u00f1a. Paula Bellido Presidenta de Sant Bult a presenciar la masclet\u00e0 18 mar\u00e7","og_url":"https:\/\/santbult.es\/va\/mascleta-18-marc-2024\/","og_site_name":"Festes de Sant Bult \u2013 La Xerea","article_publisher":"https:\/\/www.facebook.com\/santbult","article_published_time":"2024-03-18T18:44:04+00:00","article_modified_time":"2024-04-04T12:48:16+00:00","og_image":[{"width":2048,"height":1536,"url":"https:\/\/santbult.es\/wp-content\/uploads\/2024\/03\/IMG-20240318-WA0040.jpg","type":"image\/jpeg"}],"author":"santbult","twitter_card":"summary_large_image","twitter_description":"SANT BULT | El Ayuntamiento de Valencia invita a D\u00f1a. Paula Bellido Presidenta de Sant Bult a presenciar la masclet\u00e0 18 marzo","twitter_creator":"@sant_bult","twitter_site":"@sant_bult","twitter_misc":{"Written by":"santbult","Est. reading time":"1 minute"},"schema":{"@context":"https:\/\/schema.org","@graph":[{"@type":"Article","@id":"https:\/\/santbult.es\/va\/mascleta-18-marc-2024\/#article","isPartOf":{"@id":"https:\/\/santbult.es\/va\/mascleta-18-marc-2024\/"},"author":{"name":"santbult","@id":"https:\/\/santbult.es\/#\/schema\/person\/a2291a6450b44bc876c6fe81b146f15d"},"headline":"Masclet\u00e0 18 mar\u00e7 2024","datePublished":"2024-03-18T18:44:04+00:00","dateModified":"2024-04-04T12:48:16+00:00","mainEntityOfPage":{"@id":"https:\/\/santbult.es\/va\/mascleta-18-marc-2024\/"},"wordCount":193,"publisher":{"@id":"https:\/\/santbult.es\/#organization"},"image":{"@id":"https:\/\/santbult.es\/va\/mascleta-18-marc-2024\/#primaryimage"},"thumbnailUrl":"https:\/\/santbult.es\/wp-content\/uploads\/2024\/03\/IMG-20240318-WA0040.jpg","articleSection":["2024","Archiu Hist\u00f2ric","Inici"],"inLanguage":"val"},{"@type":"WebPage","@id":"https:\/\/santbult.es\/va\/mascleta-18-marc-2024\/","url":"https:\/\/santbult.es\/va\/mascleta-18-marc-2024\/","name":"Masclet\u00e0 18 mar\u00e7 2024 - Festes de Sant Bult \u2013 La Xerea","isPartOf":{"@id":"https:\/\/santbult.es\/#website"},"primaryImageOfPage":{"@id":"https:\/\/santbult.es\/va\/mascleta-18-marc-2024\/#primaryimage"},"image":{"@id":"https:\/\/santbult.es\/va\/mascleta-18-marc-2024\/#primaryimage"},"thumbnailUrl":"https:\/\/santbult.es\/wp-content\/uploads\/2024\/03\/IMG-20240318-WA0040.jpg","datePublished":"2024-03-18T18:44:04+00:00","dateModified":"2024-04-04T12:48:16+00:00","description":"SANT BULT | L'Ajuntament de Val\u00e9ncia invita a D\u00f1a. Paula Bellido Presidenta de Sant Bult a presenciar la masclet\u00e0 18 mar\u00e7","breadcrumb":{"@id":"https:\/\/santbult.es\/va\/mascleta-18-marc-2024\/#breadcrumb"},"inLanguage":"val","potentialAction":[{"@type":"ReadAction","target":["https:\/\/santbult.es\/va\/mascleta-18-marc-2024\/"]}]},{"@type":"ImageObject","inLanguage":"val","@id":"https:\/\/santbult.es\/va\/mascleta-18-marc-2024\/#primaryimage","url":"https:\/\/santbult.es\/wp-content\/uploads\/2024\/03\/IMG-20240318-WA0040.jpg","contentUrl":"https:\/\/santbult.es\/wp-content\/uploads\/2024\/03\/IMG-20240318-WA0040.jpg","width":2048,"height":1536},{"@type":"BreadcrumbList","@id":"https:\/\/santbult.es\/va\/mascleta-18-marc-2024\/#breadcrumb","itemListElement":[{"@type":"ListItem","position":1,"name":"Archiu Hist\u00f2ric","item":"https:\/\/santbult.es\/va\/category\/archiu-historic\/"},{"@type":"ListItem","position":2,"name":"2024","item":"https:\/\/santbult.es\/va\/category\/archiu-historic\/2024-va\/"},{"@type":"ListItem","position":3,"name":"Masclet\u00e0 18 mar\u00e7 2024"}]},{"@type":"WebSite","@id":"https:\/\/santbult.es\/#website","url":"https:\/\/santbult.es\/","name":"Festes de Sant Bult \u2013 La Xerea","description":"B\u00e9 Rellev\u00e0ncia Local Immaterial","publisher":{"@id":"https:\/\/santbult.es\/#organization"},"potentialAction":[{"@type":"SearchAction","target":{"@type":"EntryPoint","urlTemplate":"https:\/\/santbult.es\/?s={search_term_string}"},"query-input":{"@type":"PropertyValueSpecification","valueRequired":true,"valueName":"search_term_string"}}],"inLanguage":"val"},{"@type":"Organization","@id":"https:\/\/santbult.es\/#organization","name":"Sant Bult","url":"https:\/\/santbult.es\/","logo":{"@type":"ImageObject","inLanguage":"val","@id":"https:\/\/santbult.es\/#\/schema\/logo\/image\/","url":"https:\/\/santbult.es\/wp-content\/uploads\/2019\/04\/mini-sant-bult.png","contentUrl":"https:\/\/santbult.es\/wp-content\/uploads\/2019\/04\/mini-sant-bult.png","width":330,"height":330,"caption":"Sant Bult"},"image":{"@id":"https:\/\/santbult.es\/#\/schema\/logo\/image\/"},"sameAs":["https:\/\/www.facebook.com\/santbult","https:\/\/x.com\/sant_bult","https:\/\/www.instagram.com\/sant_bult\/","https:\/\/www.youtube.com\/channel\/UCViTQedoyMvyMj-pAq4doMA"]},{"@type":"Person","@id":"https:\/\/santbult.es\/#\/schema\/person\/a2291a6450b44bc876c6fe81b146f15d","name":"santbult","image":{"@type":"ImageObject","inLanguage":"val","@id":"https:\/\/secure.gravatar.com\/avatar\/946e8694005d0bd75998ba9f0cf5ce2939c3dc003df972082147d2a625f3837d?s=96&d=mm&r=g","url":"https:\/\/secure.gravatar.com\/avatar\/946e8694005d0bd75998ba9f0cf5ce2939c3dc003df972082147d2a625f3837d?s=96&d=mm&r=g","contentUrl":"https:\/\/secure.gravatar.com\/avatar\/946e8694005d0bd75998ba9f0cf5ce2939c3dc003df972082147d2a625f3837d?s=96&d=mm&r=g","caption":"santbult"},"sameAs":["https:\/\/santbult.es"]}]}},"_links":{"self":[{"href":"https:\/\/santbult.es\/va\/wp-json\/wp\/v2\/posts\/14260","targetHints":{"allow":["GET"]}}],"collection":[{"href":"https:\/\/santbult.es\/va\/wp-json\/wp\/v2\/posts"}],"about":[{"href":"https:\/\/santbult.es\/va\/wp-json\/wp\/v2\/types\/post"}],"author":[{"embeddable":true,"href":"https:\/\/santbult.es\/va\/wp-json\/wp\/v2\/users\/1"}],"replies":[{"embeddable":true,"href":"https:\/\/santbult.es\/va\/wp-json\/wp\/v2\/comments?post=14260"}],"version-history":[{"count":6,"href":"https:\/\/santbult.es\/va\/wp-json\/wp\/v2\/posts\/14260\/revisions"}],"predecessor-version":[{"id":14456,"href":"https:\/\/santbult.es\/va\/wp-json\/wp\/v2\/posts\/14260\/revisions\/14456"}],"wp:featuredmedia":[{"embeddable":true,"href":"https:\/\/santbult.es\/va\/wp-json\/wp\/v2\/media\/14251"}],"wp:attachment":[{"href":"https:\/\/santbult.es\/va\/wp-json\/wp\/v2\/media?parent=14260"}],"wp:term":[{"taxonomy":"category","embeddable":true,"href":"https:\/\/santbult.es\/va\/wp-json\/wp\/v2\/categories?post=14260"},{"taxonomy":"post_tag","embeddable":true,"href":"https:\/\/santbult.es\/va\/wp-json\/wp\/v2\/tags?post=14260"}],"curies":[{"name":"wp","href":"https:\/\/api.w.org\/{rel}","templated":true}]}}