{"id":14216,"date":"2024-03-04T23:03:38","date_gmt":"2024-03-04T22:03:38","guid":{"rendered":"https:\/\/santbult.es\/?p=14216"},"modified":"2024-03-05T19:56:31","modified_gmt":"2024-03-05T18:56:31","slug":"prego-semana-santa-marinera-2024","status":"publish","type":"post","link":"https:\/\/santbult.es\/va\/prego-semana-santa-marinera-2024\/","title":{"rendered":"Preg\u00f3 semana santa marinera 2024"},"content":{"rendered":"<p><img loading=\"lazy\" decoding=\"async\" src=\"https:\/\/santbult.es\/wp-content\/uploads\/2024\/03\/Imagen-de-WhatsApp-2024-03-04-a-las-17.56.51_bbda7ecf.jpg\" sizes=\"auto, (max-width: 1600px) 100vw, 1600px\" srcset=\"https:\/\/santbult.es\/wp-content\/uploads\/2024\/03\/Imagen-de-WhatsApp-2024-03-04-a-las-17.56.51_bbda7ecf.jpg 1600w, https:\/\/santbult.es\/wp-content\/uploads\/2024\/03\/Imagen-de-WhatsApp-2024-03-04-a-las-17.56.51_bbda7ecf-300x200.jpg 300w, https:\/\/santbult.es\/wp-content\/uploads\/2024\/03\/Imagen-de-WhatsApp-2024-03-04-a-las-17.56.51_bbda7ecf-1024x682.jpg 1024w, https:\/\/santbult.es\/wp-content\/uploads\/2024\/03\/Imagen-de-WhatsApp-2024-03-04-a-las-17.56.51_bbda7ecf-768x512.jpg 768w, https:\/\/santbult.es\/wp-content\/uploads\/2024\/03\/Imagen-de-WhatsApp-2024-03-04-a-las-17.56.51_bbda7ecf-1536x1023.jpg 1536w\" alt=\"\" width=\"1600\" height=\"1066\" \/><\/p>\n<p>El passat divendres 1 de mar\u00e7 de 2024, va tindre lloc en la parr\u00f2quia de la nostra senyora dels \u00c0ngels en el barri del Cabanyal, la llectura de la crida de festes de la Semana Santa Marinera 2024.<\/p>\n<p>Invitats a l&#8217;acte pel president En Carles Genis Romance, en representaci\u00f3 de la Festa Sant Bult, va acodir a l&#8217;acte Na Ana Falero Giralt, Clavariesa Major de Sant Bult 2023 junt a Na Paula Bellido Suay. La pregonera d&#8217;enguany 2024 ha segut Na Mercedes Andr\u00e9s Celma, embaixadora de la salut i tradici\u00f3. L&#8217;acte va contar tamb\u00e9 en el maravell\u00f3s concert de &#8220;A la llum de la lirica&#8221;.<\/p>\n<p>Agra\u00efm enormement l&#8217;atenci\u00f3 rebuda pel Cabanyal, en especial saludar al nostre amics germans de la Real Hermandad de Jes\u00fas con la Cruz y Cristo Resucitado, per contar en Sant Bult un any m\u00e9s en les pr\u00f2ximes festes venidores. A la seua volta agrair al president de la Semana Santa Marinera, per l&#8217;invitaci\u00f3 a l&#8217;acte de llectura de la crida, i a la seua pregonera.<\/p>\n<p>Per supost a la regidora de Festes Na. M\u00f3nica Gil i a Monsenyor Enrique Benavent Vidal, que molt pronte i quan l&#8217;agenda li&#8217;l permeta, ha desijat con\u00e9ixer en persona la talla de Sant Bult en el barri de la Xerea.<\/p>\n<p>Gr\u00e0cies i Bona Semana Santa Marinera 2024<\/p>\n<p><img loading=\"lazy\" decoding=\"async\" src=\"https:\/\/santbult.es\/wp-content\/uploads\/2024\/03\/Imagen-de-WhatsApp-2024-03-04-a-las-17.53.49_9e1adb7c-768x1024.jpg\" sizes=\"auto, (max-width: 768px) 100vw, 768px\" srcset=\"https:\/\/santbult.es\/wp-content\/uploads\/2024\/03\/Imagen-de-WhatsApp-2024-03-04-a-las-17.53.49_9e1adb7c-768x1024.jpg 768w, https:\/\/santbult.es\/wp-content\/uploads\/2024\/03\/Imagen-de-WhatsApp-2024-03-04-a-las-17.53.49_9e1adb7c-225x300.jpg 225w, https:\/\/santbult.es\/wp-content\/uploads\/2024\/03\/Imagen-de-WhatsApp-2024-03-04-a-las-17.53.49_9e1adb7c-1152x1536.jpg 1152w, https:\/\/santbult.es\/wp-content\/uploads\/2024\/03\/Imagen-de-WhatsApp-2024-03-04-a-las-17.53.49_9e1adb7c.jpg 1200w\" alt=\"\" width=\"768\" height=\"1024\" \/><br \/>\n<img loading=\"lazy\" decoding=\"async\" src=\"https:\/\/santbult.es\/wp-content\/uploads\/2024\/03\/Imagen-de-WhatsApp-2024-03-04-a-las-17.53.49_6c1169d8-768x1024.jpg\" sizes=\"auto, (max-width: 768px) 100vw, 768px\" srcset=\"https:\/\/santbult.es\/wp-content\/uploads\/2024\/03\/Imagen-de-WhatsApp-2024-03-04-a-las-17.53.49_6c1169d8-768x1024.jpg 768w, https:\/\/santbult.es\/wp-content\/uploads\/2024\/03\/Imagen-de-WhatsApp-2024-03-04-a-las-17.53.49_6c1169d8-225x300.jpg 225w, https:\/\/santbult.es\/wp-content\/uploads\/2024\/03\/Imagen-de-WhatsApp-2024-03-04-a-las-17.53.49_6c1169d8-1152x1536.jpg 1152w, https:\/\/santbult.es\/wp-content\/uploads\/2024\/03\/Imagen-de-WhatsApp-2024-03-04-a-las-17.53.49_6c1169d8.jpg 1200w\" alt=\"\" width=\"768\" height=\"1024\" \/><br \/>\n<img loading=\"lazy\" decoding=\"async\" src=\"https:\/\/santbult.es\/wp-content\/uploads\/2024\/03\/Imagen-de-WhatsApp-2024-03-04-a-las-17.55.34_592b13c8-768x1024.jpg\" sizes=\"auto, (max-width: 768px) 100vw, 768px\" srcset=\"https:\/\/santbult.es\/wp-content\/uploads\/2024\/03\/Imagen-de-WhatsApp-2024-03-04-a-las-17.55.34_592b13c8-768x1024.jpg 768w, https:\/\/santbult.es\/wp-content\/uploads\/2024\/03\/Imagen-de-WhatsApp-2024-03-04-a-las-17.55.34_592b13c8-225x300.jpg 225w, https:\/\/santbult.es\/wp-content\/uploads\/2024\/03\/Imagen-de-WhatsApp-2024-03-04-a-las-17.55.34_592b13c8-1152x1536.jpg 1152w, https:\/\/santbult.es\/wp-content\/uploads\/2024\/03\/Imagen-de-WhatsApp-2024-03-04-a-las-17.55.34_592b13c8.jpg 1200w\" alt=\"\" width=\"768\" height=\"1024\" \/><br \/>\n<img loading=\"lazy\" decoding=\"async\" src=\"https:\/\/santbult.es\/wp-content\/uploads\/2024\/03\/Imagen-de-WhatsApp-2024-03-04-a-las-17.55.10_76917269-1024x682.jpg\" sizes=\"auto, (max-width: 843px) 100vw, 843px\" srcset=\"https:\/\/santbult.es\/wp-content\/uploads\/2024\/03\/Imagen-de-WhatsApp-2024-03-04-a-las-17.55.10_76917269-1024x682.jpg 1024w, https:\/\/santbult.es\/wp-content\/uploads\/2024\/03\/Imagen-de-WhatsApp-2024-03-04-a-las-17.55.10_76917269-300x200.jpg 300w, https:\/\/santbult.es\/wp-content\/uploads\/2024\/03\/Imagen-de-WhatsApp-2024-03-04-a-las-17.55.10_76917269-768x512.jpg 768w, https:\/\/santbult.es\/wp-content\/uploads\/2024\/03\/Imagen-de-WhatsApp-2024-03-04-a-las-17.55.10_76917269-1536x1023.jpg 1536w, https:\/\/santbult.es\/wp-content\/uploads\/2024\/03\/Imagen-de-WhatsApp-2024-03-04-a-las-17.55.10_76917269.jpg 1600w\" alt=\"\" width=\"843\" height=\"561\" \/><\/p>\n","protected":false},"excerpt":{"rendered":"<p>Sant Bult | L&#8217;1 de mar\u00e7 va tindre lloc en la parr\u00f2quia de la nostra senyora dels \u00c0ngels la llectura del preg\u00f3 semana santa marinera 2024<\/p>\n","protected":false},"author":1,"featured_media":14211,"comment_status":"closed","ping_status":"closed","sticky":false,"template":"","format":"standard","meta":{"footnotes":""},"categories":[747,177,493],"tags":[],"class_list":["post-14216","post","type-post","status-publish","format-standard","has-post-thumbnail","hentry","category-2024-va","category-archiu-historic","category-inici"],"yoast_head":"<!-- This site is optimized with the Yoast SEO Premium plugin v24.8 (Yoast SEO v27.4) - https:\/\/yoast.com\/product\/yoast-seo-premium-wordpress\/ -->\n<title>Preg\u00f3 semana santa marinera 2024 - Festes de Sant Bult \u2013 La Xerea<\/title>\n<meta name=\"description\" content=\"Sant Bult | L&#039;1 de mar\u00e7 va tindre lloc en la parr\u00f2quia de la nostra senyora dels \u00c0ngels la llectura del preg\u00f3 semana santa marinera 2024\" \/>\n<meta name=\"robots\" content=\"index, follow, max-snippet:-1, max-image-preview:large, max-video-preview:-1\" \/>\n<link rel=\"canonical\" href=\"https:\/\/santbult.es\/va\/prego-semana-santa-marinera-2024\/\" \/>\n<meta property=\"og:locale\" content=\"en_US\" \/>\n<meta property=\"og:type\" content=\"article\" \/>\n<meta property=\"og:title\" content=\"Preg\u00f3 semana santa marinera 2024\" \/>\n<meta property=\"og:description\" content=\"Sant Bult | L&#039;1 de mar\u00e7 va tindre lloc en la parr\u00f2quia de la nostra senyora dels \u00c0ngels la llectura del preg\u00f3 semana santa marinera 2024\" \/>\n<meta property=\"og:url\" content=\"https:\/\/santbult.es\/va\/prego-semana-santa-marinera-2024\/\" \/>\n<meta property=\"og:site_name\" content=\"Festes de Sant Bult \u2013 La Xerea\" \/>\n<meta property=\"article:publisher\" content=\"https:\/\/www.facebook.com\/santbult\" \/>\n<meta property=\"article:published_time\" content=\"2024-03-04T22:03:38+00:00\" \/>\n<meta property=\"article:modified_time\" content=\"2024-03-05T18:56:31+00:00\" \/>\n<meta property=\"og:image\" content=\"https:\/\/santbult.es\/wp-content\/uploads\/2024\/03\/Imagen-de-WhatsApp-2024-03-04-a-las-17.56.51_bbda7ecf.jpg\" \/>\n\t<meta property=\"og:image:width\" content=\"1600\" \/>\n\t<meta property=\"og:image:height\" content=\"1066\" \/>\n\t<meta property=\"og:image:type\" content=\"image\/jpeg\" \/>\n<meta name=\"author\" content=\"santbult\" \/>\n<meta name=\"twitter:card\" content=\"summary_large_image\" \/>\n<meta name=\"twitter:description\" content=\"Sant Bult | L&#039;1 de mar\u00e7 va tindre lloc en la parr\u00f2quia de la nostra senyora dels \u00c0ngels la llectura del preg\u00f3 semana santa marinera 2024\" \/>\n<meta name=\"twitter:creator\" content=\"@sant_bult\" \/>\n<meta name=\"twitter:site\" content=\"@sant_bult\" \/>\n<meta name=\"twitter:label1\" content=\"Written by\" \/>\n\t<meta name=\"twitter:data1\" content=\"santbult\" \/>\n\t<meta name=\"twitter:label2\" content=\"Est. reading time\" \/>\n\t<meta name=\"twitter:data2\" content=\"3 minutes\" \/>\n<script type=\"application\/ld+json\" class=\"yoast-schema-graph\">{\"@context\":\"https:\\\/\\\/schema.org\",\"@graph\":[{\"@type\":\"Article\",\"@id\":\"https:\\\/\\\/santbult.es\\\/va\\\/prego-semana-santa-marinera-2024\\\/#article\",\"isPartOf\":{\"@id\":\"https:\\\/\\\/santbult.es\\\/va\\\/prego-semana-santa-marinera-2024\\\/\"},\"author\":{\"name\":\"santbult\",\"@id\":\"https:\\\/\\\/santbult.es\\\/#\\\/schema\\\/person\\\/a2291a6450b44bc876c6fe81b146f15d\"},\"headline\":\"Preg\u00f3 semana santa marinera 2024\",\"datePublished\":\"2024-03-04T22:03:38+00:00\",\"dateModified\":\"2024-03-05T18:56:31+00:00\",\"mainEntityOfPage\":{\"@id\":\"https:\\\/\\\/santbult.es\\\/va\\\/prego-semana-santa-marinera-2024\\\/\"},\"wordCount\":233,\"publisher\":{\"@id\":\"https:\\\/\\\/santbult.es\\\/#organization\"},\"image\":{\"@id\":\"https:\\\/\\\/santbult.es\\\/va\\\/prego-semana-santa-marinera-2024\\\/#primaryimage\"},\"thumbnailUrl\":\"https:\\\/\\\/santbult.es\\\/wp-content\\\/uploads\\\/2024\\\/03\\\/Imagen-de-WhatsApp-2024-03-04-a-las-17.56.51_bbda7ecf.jpg\",\"articleSection\":[\"2024\",\"Archiu Hist\u00f2ric\",\"Inici\"],\"inLanguage\":\"val\"},{\"@type\":\"WebPage\",\"@id\":\"https:\\\/\\\/santbult.es\\\/va\\\/prego-semana-santa-marinera-2024\\\/\",\"url\":\"https:\\\/\\\/santbult.es\\\/va\\\/prego-semana-santa-marinera-2024\\\/\",\"name\":\"Preg\u00f3 semana santa marinera 2024 - Festes de Sant Bult \u2013 La Xerea\",\"isPartOf\":{\"@id\":\"https:\\\/\\\/santbult.es\\\/#website\"},\"primaryImageOfPage\":{\"@id\":\"https:\\\/\\\/santbult.es\\\/va\\\/prego-semana-santa-marinera-2024\\\/#primaryimage\"},\"image\":{\"@id\":\"https:\\\/\\\/santbult.es\\\/va\\\/prego-semana-santa-marinera-2024\\\/#primaryimage\"},\"thumbnailUrl\":\"https:\\\/\\\/santbult.es\\\/wp-content\\\/uploads\\\/2024\\\/03\\\/Imagen-de-WhatsApp-2024-03-04-a-las-17.56.51_bbda7ecf.jpg\",\"datePublished\":\"2024-03-04T22:03:38+00:00\",\"dateModified\":\"2024-03-05T18:56:31+00:00\",\"description\":\"Sant Bult | L'1 de mar\u00e7 va tindre lloc en la parr\u00f2quia de la nostra senyora dels \u00c0ngels la llectura del preg\u00f3 semana santa marinera 2024\",\"breadcrumb\":{\"@id\":\"https:\\\/\\\/santbult.es\\\/va\\\/prego-semana-santa-marinera-2024\\\/#breadcrumb\"},\"inLanguage\":\"val\",\"potentialAction\":[{\"@type\":\"ReadAction\",\"target\":[\"https:\\\/\\\/santbult.es\\\/va\\\/prego-semana-santa-marinera-2024\\\/\"]}]},{\"@type\":\"ImageObject\",\"inLanguage\":\"val\",\"@id\":\"https:\\\/\\\/santbult.es\\\/va\\\/prego-semana-santa-marinera-2024\\\/#primaryimage\",\"url\":\"https:\\\/\\\/santbult.es\\\/wp-content\\\/uploads\\\/2024\\\/03\\\/Imagen-de-WhatsApp-2024-03-04-a-las-17.56.51_bbda7ecf.jpg\",\"contentUrl\":\"https:\\\/\\\/santbult.es\\\/wp-content\\\/uploads\\\/2024\\\/03\\\/Imagen-de-WhatsApp-2024-03-04-a-las-17.56.51_bbda7ecf.jpg\",\"width\":1600,\"height\":1066},{\"@type\":\"BreadcrumbList\",\"@id\":\"https:\\\/\\\/santbult.es\\\/va\\\/prego-semana-santa-marinera-2024\\\/#breadcrumb\",\"itemListElement\":[{\"@type\":\"ListItem\",\"position\":1,\"name\":\"Archiu Hist\u00f2ric\",\"item\":\"https:\\\/\\\/santbult.es\\\/va\\\/category\\\/archiu-historic\\\/\"},{\"@type\":\"ListItem\",\"position\":2,\"name\":\"2024\",\"item\":\"https:\\\/\\\/santbult.es\\\/va\\\/category\\\/archiu-historic\\\/2024-va\\\/\"},{\"@type\":\"ListItem\",\"position\":3,\"name\":\"Preg\u00f3 semana santa marinera 2024\"}]},{\"@type\":\"WebSite\",\"@id\":\"https:\\\/\\\/santbult.es\\\/#website\",\"url\":\"https:\\\/\\\/santbult.es\\\/\",\"name\":\"Festes de Sant Bult \u2013 La Xerea\",\"description\":\"B\u00e9 Rellev\u00e0ncia Local Immaterial\",\"publisher\":{\"@id\":\"https:\\\/\\\/santbult.es\\\/#organization\"},\"potentialAction\":[{\"@type\":\"SearchAction\",\"target\":{\"@type\":\"EntryPoint\",\"urlTemplate\":\"https:\\\/\\\/santbult.es\\\/?s={search_term_string}\"},\"query-input\":{\"@type\":\"PropertyValueSpecification\",\"valueRequired\":true,\"valueName\":\"search_term_string\"}}],\"inLanguage\":\"val\"},{\"@type\":\"Organization\",\"@id\":\"https:\\\/\\\/santbult.es\\\/#organization\",\"name\":\"Sant Bult\",\"url\":\"https:\\\/\\\/santbult.es\\\/\",\"logo\":{\"@type\":\"ImageObject\",\"inLanguage\":\"val\",\"@id\":\"https:\\\/\\\/santbult.es\\\/#\\\/schema\\\/logo\\\/image\\\/\",\"url\":\"https:\\\/\\\/santbult.es\\\/wp-content\\\/uploads\\\/2019\\\/04\\\/mini-sant-bult.png\",\"contentUrl\":\"https:\\\/\\\/santbult.es\\\/wp-content\\\/uploads\\\/2019\\\/04\\\/mini-sant-bult.png\",\"width\":330,\"height\":330,\"caption\":\"Sant Bult\"},\"image\":{\"@id\":\"https:\\\/\\\/santbult.es\\\/#\\\/schema\\\/logo\\\/image\\\/\"},\"sameAs\":[\"https:\\\/\\\/www.facebook.com\\\/santbult\",\"https:\\\/\\\/x.com\\\/sant_bult\",\"https:\\\/\\\/www.instagram.com\\\/sant_bult\\\/\",\"https:\\\/\\\/www.youtube.com\\\/channel\\\/UCViTQedoyMvyMj-pAq4doMA\"]},{\"@type\":\"Person\",\"@id\":\"https:\\\/\\\/santbult.es\\\/#\\\/schema\\\/person\\\/a2291a6450b44bc876c6fe81b146f15d\",\"name\":\"santbult\",\"image\":{\"@type\":\"ImageObject\",\"inLanguage\":\"val\",\"@id\":\"https:\\\/\\\/secure.gravatar.com\\\/avatar\\\/946e8694005d0bd75998ba9f0cf5ce2939c3dc003df972082147d2a625f3837d?s=96&d=mm&r=g\",\"url\":\"https:\\\/\\\/secure.gravatar.com\\\/avatar\\\/946e8694005d0bd75998ba9f0cf5ce2939c3dc003df972082147d2a625f3837d?s=96&d=mm&r=g\",\"contentUrl\":\"https:\\\/\\\/secure.gravatar.com\\\/avatar\\\/946e8694005d0bd75998ba9f0cf5ce2939c3dc003df972082147d2a625f3837d?s=96&d=mm&r=g\",\"caption\":\"santbult\"},\"sameAs\":[\"https:\\\/\\\/santbult.es\"]}]}<\/script>\n<!-- \/ Yoast SEO Premium plugin. -->","yoast_head_json":{"title":"Preg\u00f3 semana santa marinera 2024 - Festes de Sant Bult \u2013 La Xerea","description":"Sant Bult | L'1 de mar\u00e7 va tindre lloc en la parr\u00f2quia de la nostra senyora dels \u00c0ngels la llectura del preg\u00f3 semana santa marinera 2024","robots":{"index":"index","follow":"follow","max-snippet":"max-snippet:-1","max-image-preview":"max-image-preview:large","max-video-preview":"max-video-preview:-1"},"canonical":"https:\/\/santbult.es\/va\/prego-semana-santa-marinera-2024\/","og_locale":"en_US","og_type":"article","og_title":"Preg\u00f3 semana santa marinera 2024","og_description":"Sant Bult | L'1 de mar\u00e7 va tindre lloc en la parr\u00f2quia de la nostra senyora dels \u00c0ngels la llectura del preg\u00f3 semana santa marinera 2024","og_url":"https:\/\/santbult.es\/va\/prego-semana-santa-marinera-2024\/","og_site_name":"Festes de Sant Bult \u2013 La Xerea","article_publisher":"https:\/\/www.facebook.com\/santbult","article_published_time":"2024-03-04T22:03:38+00:00","article_modified_time":"2024-03-05T18:56:31+00:00","og_image":[{"width":1600,"height":1066,"url":"https:\/\/santbult.es\/wp-content\/uploads\/2024\/03\/Imagen-de-WhatsApp-2024-03-04-a-las-17.56.51_bbda7ecf.jpg","type":"image\/jpeg"}],"author":"santbult","twitter_card":"summary_large_image","twitter_description":"Sant Bult | L'1 de mar\u00e7 va tindre lloc en la parr\u00f2quia de la nostra senyora dels \u00c0ngels la llectura del preg\u00f3 semana santa marinera 2024","twitter_creator":"@sant_bult","twitter_site":"@sant_bult","twitter_misc":{"Written by":"santbult","Est. reading time":"3 minutes"},"schema":{"@context":"https:\/\/schema.org","@graph":[{"@type":"Article","@id":"https:\/\/santbult.es\/va\/prego-semana-santa-marinera-2024\/#article","isPartOf":{"@id":"https:\/\/santbult.es\/va\/prego-semana-santa-marinera-2024\/"},"author":{"name":"santbult","@id":"https:\/\/santbult.es\/#\/schema\/person\/a2291a6450b44bc876c6fe81b146f15d"},"headline":"Preg\u00f3 semana santa marinera 2024","datePublished":"2024-03-04T22:03:38+00:00","dateModified":"2024-03-05T18:56:31+00:00","mainEntityOfPage":{"@id":"https:\/\/santbult.es\/va\/prego-semana-santa-marinera-2024\/"},"wordCount":233,"publisher":{"@id":"https:\/\/santbult.es\/#organization"},"image":{"@id":"https:\/\/santbult.es\/va\/prego-semana-santa-marinera-2024\/#primaryimage"},"thumbnailUrl":"https:\/\/santbult.es\/wp-content\/uploads\/2024\/03\/Imagen-de-WhatsApp-2024-03-04-a-las-17.56.51_bbda7ecf.jpg","articleSection":["2024","Archiu Hist\u00f2ric","Inici"],"inLanguage":"val"},{"@type":"WebPage","@id":"https:\/\/santbult.es\/va\/prego-semana-santa-marinera-2024\/","url":"https:\/\/santbult.es\/va\/prego-semana-santa-marinera-2024\/","name":"Preg\u00f3 semana santa marinera 2024 - Festes de Sant Bult \u2013 La Xerea","isPartOf":{"@id":"https:\/\/santbult.es\/#website"},"primaryImageOfPage":{"@id":"https:\/\/santbult.es\/va\/prego-semana-santa-marinera-2024\/#primaryimage"},"image":{"@id":"https:\/\/santbult.es\/va\/prego-semana-santa-marinera-2024\/#primaryimage"},"thumbnailUrl":"https:\/\/santbult.es\/wp-content\/uploads\/2024\/03\/Imagen-de-WhatsApp-2024-03-04-a-las-17.56.51_bbda7ecf.jpg","datePublished":"2024-03-04T22:03:38+00:00","dateModified":"2024-03-05T18:56:31+00:00","description":"Sant Bult | L'1 de mar\u00e7 va tindre lloc en la parr\u00f2quia de la nostra senyora dels \u00c0ngels la llectura del preg\u00f3 semana santa marinera 2024","breadcrumb":{"@id":"https:\/\/santbult.es\/va\/prego-semana-santa-marinera-2024\/#breadcrumb"},"inLanguage":"val","potentialAction":[{"@type":"ReadAction","target":["https:\/\/santbult.es\/va\/prego-semana-santa-marinera-2024\/"]}]},{"@type":"ImageObject","inLanguage":"val","@id":"https:\/\/santbult.es\/va\/prego-semana-santa-marinera-2024\/#primaryimage","url":"https:\/\/santbult.es\/wp-content\/uploads\/2024\/03\/Imagen-de-WhatsApp-2024-03-04-a-las-17.56.51_bbda7ecf.jpg","contentUrl":"https:\/\/santbult.es\/wp-content\/uploads\/2024\/03\/Imagen-de-WhatsApp-2024-03-04-a-las-17.56.51_bbda7ecf.jpg","width":1600,"height":1066},{"@type":"BreadcrumbList","@id":"https:\/\/santbult.es\/va\/prego-semana-santa-marinera-2024\/#breadcrumb","itemListElement":[{"@type":"ListItem","position":1,"name":"Archiu Hist\u00f2ric","item":"https:\/\/santbult.es\/va\/category\/archiu-historic\/"},{"@type":"ListItem","position":2,"name":"2024","item":"https:\/\/santbult.es\/va\/category\/archiu-historic\/2024-va\/"},{"@type":"ListItem","position":3,"name":"Preg\u00f3 semana santa marinera 2024"}]},{"@type":"WebSite","@id":"https:\/\/santbult.es\/#website","url":"https:\/\/santbult.es\/","name":"Festes de Sant Bult \u2013 La Xerea","description":"B\u00e9 Rellev\u00e0ncia Local Immaterial","publisher":{"@id":"https:\/\/santbult.es\/#organization"},"potentialAction":[{"@type":"SearchAction","target":{"@type":"EntryPoint","urlTemplate":"https:\/\/santbult.es\/?s={search_term_string}"},"query-input":{"@type":"PropertyValueSpecification","valueRequired":true,"valueName":"search_term_string"}}],"inLanguage":"val"},{"@type":"Organization","@id":"https:\/\/santbult.es\/#organization","name":"Sant Bult","url":"https:\/\/santbult.es\/","logo":{"@type":"ImageObject","inLanguage":"val","@id":"https:\/\/santbult.es\/#\/schema\/logo\/image\/","url":"https:\/\/santbult.es\/wp-content\/uploads\/2019\/04\/mini-sant-bult.png","contentUrl":"https:\/\/santbult.es\/wp-content\/uploads\/2019\/04\/mini-sant-bult.png","width":330,"height":330,"caption":"Sant Bult"},"image":{"@id":"https:\/\/santbult.es\/#\/schema\/logo\/image\/"},"sameAs":["https:\/\/www.facebook.com\/santbult","https:\/\/x.com\/sant_bult","https:\/\/www.instagram.com\/sant_bult\/","https:\/\/www.youtube.com\/channel\/UCViTQedoyMvyMj-pAq4doMA"]},{"@type":"Person","@id":"https:\/\/santbult.es\/#\/schema\/person\/a2291a6450b44bc876c6fe81b146f15d","name":"santbult","image":{"@type":"ImageObject","inLanguage":"val","@id":"https:\/\/secure.gravatar.com\/avatar\/946e8694005d0bd75998ba9f0cf5ce2939c3dc003df972082147d2a625f3837d?s=96&d=mm&r=g","url":"https:\/\/secure.gravatar.com\/avatar\/946e8694005d0bd75998ba9f0cf5ce2939c3dc003df972082147d2a625f3837d?s=96&d=mm&r=g","contentUrl":"https:\/\/secure.gravatar.com\/avatar\/946e8694005d0bd75998ba9f0cf5ce2939c3dc003df972082147d2a625f3837d?s=96&d=mm&r=g","caption":"santbult"},"sameAs":["https:\/\/santbult.es"]}]}},"_links":{"self":[{"href":"https:\/\/santbult.es\/va\/wp-json\/wp\/v2\/posts\/14216","targetHints":{"allow":["GET"]}}],"collection":[{"href":"https:\/\/santbult.es\/va\/wp-json\/wp\/v2\/posts"}],"about":[{"href":"https:\/\/santbult.es\/va\/wp-json\/wp\/v2\/types\/post"}],"author":[{"embeddable":true,"href":"https:\/\/santbult.es\/va\/wp-json\/wp\/v2\/users\/1"}],"replies":[{"embeddable":true,"href":"https:\/\/santbult.es\/va\/wp-json\/wp\/v2\/comments?post=14216"}],"version-history":[{"count":6,"href":"https:\/\/santbult.es\/va\/wp-json\/wp\/v2\/posts\/14216\/revisions"}],"predecessor-version":[{"id":14225,"href":"https:\/\/santbult.es\/va\/wp-json\/wp\/v2\/posts\/14216\/revisions\/14225"}],"wp:featuredmedia":[{"embeddable":true,"href":"https:\/\/santbult.es\/va\/wp-json\/wp\/v2\/media\/14211"}],"wp:attachment":[{"href":"https:\/\/santbult.es\/va\/wp-json\/wp\/v2\/media?parent=14216"}],"wp:term":[{"taxonomy":"category","embeddable":true,"href":"https:\/\/santbult.es\/va\/wp-json\/wp\/v2\/categories?post=14216"},{"taxonomy":"post_tag","embeddable":true,"href":"https:\/\/santbult.es\/va\/wp-json\/wp\/v2\/tags?post=14216"}],"curies":[{"name":"wp","href":"https:\/\/api.w.org\/{rel}","templated":true}]}}