{"id":13349,"date":"2024-01-13T19:38:39","date_gmt":"2024-01-13T18:38:39","guid":{"rendered":"https:\/\/santbult.es\/?p=13349"},"modified":"2024-01-13T19:39:33","modified_gmt":"2024-01-13T18:39:33","slug":"exaltacio-falla-placa-sant-bult-2024","status":"publish","type":"post","link":"https:\/\/santbult.es\/va\/exaltacio-falla-placa-sant-bult-2024\/","title":{"rendered":"Exaltaci\u00f3 Falla Pla\u00e7a Sant Bult 2024"},"content":{"rendered":"<p><img loading=\"lazy\" decoding=\"async\" src=\"https:\/\/santbult.es\/wp-content\/uploads\/2024\/01\/Imagen-de-WhatsApp-2024-01-13-a-las-18.53.54_b2eb37bb.jpg\" sizes=\"auto, (max-width: 843px) 100vw, 843px\" srcset=\"https:\/\/santbult.es\/wp-content\/uploads\/2024\/01\/Imagen-de-WhatsApp-2024-01-13-a-las-18.53.54_b2eb37bb.jpg 1024w, https:\/\/santbult.es\/wp-content\/uploads\/2024\/01\/Imagen-de-WhatsApp-2024-01-13-a-las-18.53.54_b2eb37bb-300x225.jpg 300w, https:\/\/santbult.es\/wp-content\/uploads\/2024\/01\/Imagen-de-WhatsApp-2024-01-13-a-las-18.53.54_b2eb37bb-768x576.jpg 768w\" alt=\"\" width=\"843\" height=\"632\" \/><\/p>\n<p>En la vesprada del dissabte 13 de giner de 2024, la Festa de Sant Bult en nom de la seua presidenta Na Paula Bellido ha acodit a l&#8217;acte d&#8217;exaltaci\u00f3 de les Falleres Majors i President de les Falles 2024.<\/p>\n<p>Volem felicitar a les recent exaltades com a Falleres Majors, chiqueta Aitana Garrido Bonell &#8211; Fallera Major Infantil 2024 i srta. Ana Mu\u00f1oz Garc\u00e9s &#8211; Fallera Major 2024 i D. Francisco L\u00f3pez Moral &#8211; President Falla Sant Bult.<\/p>\n<p>Gr\u00e0cies un any m\u00e9s per l&#8217;invitaci\u00f3 rebuda a la Festa de Sant Bult que tant vincul t\u00e9 en la Falla Sant Bult i agrair el bon tracte rebut per tota la comissi\u00f3.<\/p>\n<p>Enhorabona i bones Falles 2024.<\/p>\n<p><img loading=\"lazy\" decoding=\"async\" src=\"https:\/\/santbult.es\/wp-content\/uploads\/2024\/01\/Imagen-de-WhatsApp-2024-01-13-a-las-18.53.54_aa21104b.jpg\" sizes=\"auto, (max-width: 843px) 100vw, 843px\" srcset=\"https:\/\/santbult.es\/wp-content\/uploads\/2024\/01\/Imagen-de-WhatsApp-2024-01-13-a-las-18.53.54_aa21104b.jpg 1024w, https:\/\/santbult.es\/wp-content\/uploads\/2024\/01\/Imagen-de-WhatsApp-2024-01-13-a-las-18.53.54_aa21104b-300x225.jpg 300w, https:\/\/santbult.es\/wp-content\/uploads\/2024\/01\/Imagen-de-WhatsApp-2024-01-13-a-las-18.53.54_aa21104b-768x576.jpg 768w\" alt=\"\" width=\"843\" height=\"632\" \/><br \/>\n<img loading=\"lazy\" decoding=\"async\" src=\"https:\/\/santbult.es\/wp-content\/uploads\/2024\/01\/Imagen-de-WhatsApp-2024-01-13-a-las-18.53.54_f8d8b86d.jpg\" sizes=\"auto, (max-width: 843px) 100vw, 843px\" srcset=\"https:\/\/santbult.es\/wp-content\/uploads\/2024\/01\/Imagen-de-WhatsApp-2024-01-13-a-las-18.53.54_f8d8b86d.jpg 1024w, https:\/\/santbult.es\/wp-content\/uploads\/2024\/01\/Imagen-de-WhatsApp-2024-01-13-a-las-18.53.54_f8d8b86d-300x225.jpg 300w, https:\/\/santbult.es\/wp-content\/uploads\/2024\/01\/Imagen-de-WhatsApp-2024-01-13-a-las-18.53.54_f8d8b86d-768x576.jpg 768w\" alt=\"\" width=\"843\" height=\"632\" \/><\/p>\n","protected":false},"excerpt":{"rendered":"<p>En la vesprada del dissabte 13 de giner de 2024, la Festa de Sant Bult en nom de la seua presidenta Na Paula Bellido ha&hellip;<\/p>\n","protected":false},"author":1,"featured_media":13341,"comment_status":"closed","ping_status":"closed","sticky":false,"template":"","format":"standard","meta":{"footnotes":""},"categories":[746,177,493],"tags":[],"class_list":["post-13349","post","type-post","status-publish","format-standard","has-post-thumbnail","hentry","category-2024-es","category-archiu-historic","category-inici"],"yoast_head":"<!-- This site is optimized with the Yoast SEO Premium plugin v24.8 (Yoast SEO v27.4) - https:\/\/yoast.com\/product\/yoast-seo-premium-wordpress\/ -->\n<title>Exaltaci\u00f3 Falla Pla\u00e7a Sant Bult 2024 - Festes de Sant Bult \u2013 La Xerea<\/title>\n<meta name=\"description\" content=\"SANT BULT | La Festa Sant Bult invitada a l&#039;exaltaci\u00f3 de la Falla Pla\u00e7a Sant Bult de l&#039;any 2024.\" \/>\n<meta name=\"robots\" content=\"index, follow, max-snippet:-1, max-image-preview:large, max-video-preview:-1\" \/>\n<link rel=\"canonical\" href=\"https:\/\/santbult.es\/exaltacion-falla-plaza-sant-bult-2024\/\" \/>\n<meta property=\"og:locale\" content=\"en_US\" \/>\n<meta property=\"og:type\" content=\"article\" \/>\n<meta property=\"og:title\" content=\"Exaltaci\u00f3 Falla Pla\u00e7a Sant Bult 2024\" \/>\n<meta property=\"og:description\" content=\"Festes de Sant Bult \u2013 La Xerea\" \/>\n<meta property=\"og:url\" content=\"https:\/\/santbult.es\/exaltacion-falla-plaza-sant-bult-2024\/\" \/>\n<meta property=\"og:site_name\" content=\"Festes de Sant Bult \u2013 La Xerea\" \/>\n<meta property=\"article:publisher\" content=\"https:\/\/www.facebook.com\/santbult\" \/>\n<meta property=\"article:published_time\" content=\"2024-01-13T18:38:39+00:00\" \/>\n<meta property=\"article:modified_time\" content=\"2024-01-13T18:39:33+00:00\" \/>\n<meta property=\"og:image\" content=\"https:\/\/santbult.es\/wp-content\/uploads\/2024\/01\/Imagen-de-WhatsApp-2024-01-13-a-las-18.53.54_b2eb37bb.jpg\" \/>\n\t<meta property=\"og:image:width\" content=\"1024\" \/>\n\t<meta property=\"og:image:height\" content=\"768\" \/>\n\t<meta property=\"og:image:type\" content=\"image\/jpeg\" \/>\n<meta name=\"author\" content=\"santbult\" \/>\n<meta name=\"twitter:card\" content=\"summary_large_image\" \/>\n<meta name=\"twitter:creator\" content=\"@sant_bult\" \/>\n<meta name=\"twitter:site\" content=\"@sant_bult\" \/>\n<meta name=\"twitter:label1\" content=\"Written by\" \/>\n\t<meta name=\"twitter:data1\" content=\"santbult\" \/>\n\t<meta name=\"twitter:label2\" content=\"Est. reading time\" \/>\n\t<meta name=\"twitter:data2\" content=\"2 minutes\" \/>\n<script type=\"application\/ld+json\" class=\"yoast-schema-graph\">{\"@context\":\"https:\\\/\\\/schema.org\",\"@graph\":[{\"@type\":\"Article\",\"@id\":\"https:\\\/\\\/santbult.es\\\/exaltacion-falla-plaza-sant-bult-2024\\\/#article\",\"isPartOf\":{\"@id\":\"https:\\\/\\\/santbult.es\\\/exaltacion-falla-plaza-sant-bult-2024\\\/\"},\"author\":{\"name\":\"santbult\",\"@id\":\"https:\\\/\\\/santbult.es\\\/#\\\/schema\\\/person\\\/a2291a6450b44bc876c6fe81b146f15d\"},\"headline\":\"Exaltaci\u00f3 Falla Pla\u00e7a Sant Bult 2024\",\"datePublished\":\"2024-01-13T18:38:39+00:00\",\"dateModified\":\"2024-01-13T18:39:33+00:00\",\"mainEntityOfPage\":{\"@id\":\"https:\\\/\\\/santbult.es\\\/exaltacion-falla-plaza-sant-bult-2024\\\/\"},\"wordCount\":122,\"publisher\":{\"@id\":\"https:\\\/\\\/santbult.es\\\/#organization\"},\"image\":{\"@id\":\"https:\\\/\\\/santbult.es\\\/exaltacion-falla-plaza-sant-bult-2024\\\/#primaryimage\"},\"thumbnailUrl\":\"https:\\\/\\\/santbult.es\\\/wp-content\\\/uploads\\\/2024\\\/01\\\/Imagen-de-WhatsApp-2024-01-13-a-las-18.53.54_b2eb37bb.jpg\",\"articleSection\":[\"2024\",\"Archiu Hist\u00f2ric\",\"Inici\"],\"inLanguage\":\"val\"},{\"@type\":\"WebPage\",\"@id\":\"https:\\\/\\\/santbult.es\\\/exaltacion-falla-plaza-sant-bult-2024\\\/\",\"url\":\"https:\\\/\\\/santbult.es\\\/exaltacion-falla-plaza-sant-bult-2024\\\/\",\"name\":\"Exaltaci\u00f3 Falla Pla\u00e7a Sant Bult 2024 - Festes de Sant Bult \u2013 La Xerea\",\"isPartOf\":{\"@id\":\"https:\\\/\\\/santbult.es\\\/#website\"},\"primaryImageOfPage\":{\"@id\":\"https:\\\/\\\/santbult.es\\\/exaltacion-falla-plaza-sant-bult-2024\\\/#primaryimage\"},\"image\":{\"@id\":\"https:\\\/\\\/santbult.es\\\/exaltacion-falla-plaza-sant-bult-2024\\\/#primaryimage\"},\"thumbnailUrl\":\"https:\\\/\\\/santbult.es\\\/wp-content\\\/uploads\\\/2024\\\/01\\\/Imagen-de-WhatsApp-2024-01-13-a-las-18.53.54_b2eb37bb.jpg\",\"datePublished\":\"2024-01-13T18:38:39+00:00\",\"dateModified\":\"2024-01-13T18:39:33+00:00\",\"description\":\"SANT BULT | La Festa Sant Bult invitada a l'exaltaci\u00f3 de la Falla Pla\u00e7a Sant Bult de l'any 2024.\",\"breadcrumb\":{\"@id\":\"https:\\\/\\\/santbult.es\\\/exaltacion-falla-plaza-sant-bult-2024\\\/#breadcrumb\"},\"inLanguage\":\"val\",\"potentialAction\":[{\"@type\":\"ReadAction\",\"target\":[\"https:\\\/\\\/santbult.es\\\/exaltacion-falla-plaza-sant-bult-2024\\\/\"]}]},{\"@type\":\"ImageObject\",\"inLanguage\":\"val\",\"@id\":\"https:\\\/\\\/santbult.es\\\/exaltacion-falla-plaza-sant-bult-2024\\\/#primaryimage\",\"url\":\"https:\\\/\\\/santbult.es\\\/wp-content\\\/uploads\\\/2024\\\/01\\\/Imagen-de-WhatsApp-2024-01-13-a-las-18.53.54_b2eb37bb.jpg\",\"contentUrl\":\"https:\\\/\\\/santbult.es\\\/wp-content\\\/uploads\\\/2024\\\/01\\\/Imagen-de-WhatsApp-2024-01-13-a-las-18.53.54_b2eb37bb.jpg\",\"width\":1024,\"height\":768},{\"@type\":\"BreadcrumbList\",\"@id\":\"https:\\\/\\\/santbult.es\\\/exaltacion-falla-plaza-sant-bult-2024\\\/#breadcrumb\",\"itemListElement\":[{\"@type\":\"ListItem\",\"position\":1,\"name\":\"Archivo Hist\u00f3rico\",\"item\":\"https:\\\/\\\/santbult.es\\\/category\\\/archivo-historico\\\/\"},{\"@type\":\"ListItem\",\"position\":2,\"name\":\"2024\",\"item\":\"https:\\\/\\\/santbult.es\\\/category\\\/archivo-historico\\\/2024-es\\\/\"},{\"@type\":\"ListItem\",\"position\":3,\"name\":\"Exaltaci\u00f3 Falla Pla\u00e7a Sant Bult 2024\"}]},{\"@type\":\"WebSite\",\"@id\":\"https:\\\/\\\/santbult.es\\\/#website\",\"url\":\"https:\\\/\\\/santbult.es\\\/\",\"name\":\"Festes de Sant Bult \u2013 La Xerea\",\"description\":\"B\u00e9 Rellev\u00e0ncia Local Immaterial\",\"publisher\":{\"@id\":\"https:\\\/\\\/santbult.es\\\/#organization\"},\"potentialAction\":[{\"@type\":\"SearchAction\",\"target\":{\"@type\":\"EntryPoint\",\"urlTemplate\":\"https:\\\/\\\/santbult.es\\\/?s={search_term_string}\"},\"query-input\":{\"@type\":\"PropertyValueSpecification\",\"valueRequired\":true,\"valueName\":\"search_term_string\"}}],\"inLanguage\":\"val\"},{\"@type\":\"Organization\",\"@id\":\"https:\\\/\\\/santbult.es\\\/#organization\",\"name\":\"Sant Bult\",\"url\":\"https:\\\/\\\/santbult.es\\\/\",\"logo\":{\"@type\":\"ImageObject\",\"inLanguage\":\"val\",\"@id\":\"https:\\\/\\\/santbult.es\\\/#\\\/schema\\\/logo\\\/image\\\/\",\"url\":\"https:\\\/\\\/santbult.es\\\/wp-content\\\/uploads\\\/2019\\\/04\\\/mini-sant-bult.png\",\"contentUrl\":\"https:\\\/\\\/santbult.es\\\/wp-content\\\/uploads\\\/2019\\\/04\\\/mini-sant-bult.png\",\"width\":330,\"height\":330,\"caption\":\"Sant Bult\"},\"image\":{\"@id\":\"https:\\\/\\\/santbult.es\\\/#\\\/schema\\\/logo\\\/image\\\/\"},\"sameAs\":[\"https:\\\/\\\/www.facebook.com\\\/santbult\",\"https:\\\/\\\/x.com\\\/sant_bult\",\"https:\\\/\\\/www.instagram.com\\\/sant_bult\\\/\",\"https:\\\/\\\/www.youtube.com\\\/channel\\\/UCViTQedoyMvyMj-pAq4doMA\"]},{\"@type\":\"Person\",\"@id\":\"https:\\\/\\\/santbult.es\\\/#\\\/schema\\\/person\\\/a2291a6450b44bc876c6fe81b146f15d\",\"name\":\"santbult\",\"image\":{\"@type\":\"ImageObject\",\"inLanguage\":\"val\",\"@id\":\"https:\\\/\\\/secure.gravatar.com\\\/avatar\\\/946e8694005d0bd75998ba9f0cf5ce2939c3dc003df972082147d2a625f3837d?s=96&d=mm&r=g\",\"url\":\"https:\\\/\\\/secure.gravatar.com\\\/avatar\\\/946e8694005d0bd75998ba9f0cf5ce2939c3dc003df972082147d2a625f3837d?s=96&d=mm&r=g\",\"contentUrl\":\"https:\\\/\\\/secure.gravatar.com\\\/avatar\\\/946e8694005d0bd75998ba9f0cf5ce2939c3dc003df972082147d2a625f3837d?s=96&d=mm&r=g\",\"caption\":\"santbult\"},\"sameAs\":[\"https:\\\/\\\/santbult.es\"]}]}<\/script>\n<!-- \/ Yoast SEO Premium plugin. -->","yoast_head_json":{"title":"Exaltaci\u00f3 Falla Pla\u00e7a Sant Bult 2024 - Festes de Sant Bult \u2013 La Xerea","description":"SANT BULT | La Festa Sant Bult invitada a l'exaltaci\u00f3 de la Falla Pla\u00e7a Sant Bult de l'any 2024.","robots":{"index":"index","follow":"follow","max-snippet":"max-snippet:-1","max-image-preview":"max-image-preview:large","max-video-preview":"max-video-preview:-1"},"canonical":"https:\/\/santbult.es\/exaltacion-falla-plaza-sant-bult-2024\/","og_locale":"en_US","og_type":"article","og_title":"Exaltaci\u00f3 Falla Pla\u00e7a Sant Bult 2024","og_description":"Festes de Sant Bult \u2013 La Xerea","og_url":"https:\/\/santbult.es\/exaltacion-falla-plaza-sant-bult-2024\/","og_site_name":"Festes de Sant Bult \u2013 La Xerea","article_publisher":"https:\/\/www.facebook.com\/santbult","article_published_time":"2024-01-13T18:38:39+00:00","article_modified_time":"2024-01-13T18:39:33+00:00","og_image":[{"width":1024,"height":768,"url":"https:\/\/santbult.es\/wp-content\/uploads\/2024\/01\/Imagen-de-WhatsApp-2024-01-13-a-las-18.53.54_b2eb37bb.jpg","type":"image\/jpeg"}],"author":"santbult","twitter_card":"summary_large_image","twitter_creator":"@sant_bult","twitter_site":"@sant_bult","twitter_misc":{"Written by":"santbult","Est. reading time":"2 minutes"},"schema":{"@context":"https:\/\/schema.org","@graph":[{"@type":"Article","@id":"https:\/\/santbult.es\/exaltacion-falla-plaza-sant-bult-2024\/#article","isPartOf":{"@id":"https:\/\/santbult.es\/exaltacion-falla-plaza-sant-bult-2024\/"},"author":{"name":"santbult","@id":"https:\/\/santbult.es\/#\/schema\/person\/a2291a6450b44bc876c6fe81b146f15d"},"headline":"Exaltaci\u00f3 Falla Pla\u00e7a Sant Bult 2024","datePublished":"2024-01-13T18:38:39+00:00","dateModified":"2024-01-13T18:39:33+00:00","mainEntityOfPage":{"@id":"https:\/\/santbult.es\/exaltacion-falla-plaza-sant-bult-2024\/"},"wordCount":122,"publisher":{"@id":"https:\/\/santbult.es\/#organization"},"image":{"@id":"https:\/\/santbult.es\/exaltacion-falla-plaza-sant-bult-2024\/#primaryimage"},"thumbnailUrl":"https:\/\/santbult.es\/wp-content\/uploads\/2024\/01\/Imagen-de-WhatsApp-2024-01-13-a-las-18.53.54_b2eb37bb.jpg","articleSection":["2024","Archiu Hist\u00f2ric","Inici"],"inLanguage":"val"},{"@type":"WebPage","@id":"https:\/\/santbult.es\/exaltacion-falla-plaza-sant-bult-2024\/","url":"https:\/\/santbult.es\/exaltacion-falla-plaza-sant-bult-2024\/","name":"Exaltaci\u00f3 Falla Pla\u00e7a Sant Bult 2024 - Festes de Sant Bult \u2013 La Xerea","isPartOf":{"@id":"https:\/\/santbult.es\/#website"},"primaryImageOfPage":{"@id":"https:\/\/santbult.es\/exaltacion-falla-plaza-sant-bult-2024\/#primaryimage"},"image":{"@id":"https:\/\/santbult.es\/exaltacion-falla-plaza-sant-bult-2024\/#primaryimage"},"thumbnailUrl":"https:\/\/santbult.es\/wp-content\/uploads\/2024\/01\/Imagen-de-WhatsApp-2024-01-13-a-las-18.53.54_b2eb37bb.jpg","datePublished":"2024-01-13T18:38:39+00:00","dateModified":"2024-01-13T18:39:33+00:00","description":"SANT BULT | La Festa Sant Bult invitada a l'exaltaci\u00f3 de la Falla Pla\u00e7a Sant Bult de l'any 2024.","breadcrumb":{"@id":"https:\/\/santbult.es\/exaltacion-falla-plaza-sant-bult-2024\/#breadcrumb"},"inLanguage":"val","potentialAction":[{"@type":"ReadAction","target":["https:\/\/santbult.es\/exaltacion-falla-plaza-sant-bult-2024\/"]}]},{"@type":"ImageObject","inLanguage":"val","@id":"https:\/\/santbult.es\/exaltacion-falla-plaza-sant-bult-2024\/#primaryimage","url":"https:\/\/santbult.es\/wp-content\/uploads\/2024\/01\/Imagen-de-WhatsApp-2024-01-13-a-las-18.53.54_b2eb37bb.jpg","contentUrl":"https:\/\/santbult.es\/wp-content\/uploads\/2024\/01\/Imagen-de-WhatsApp-2024-01-13-a-las-18.53.54_b2eb37bb.jpg","width":1024,"height":768},{"@type":"BreadcrumbList","@id":"https:\/\/santbult.es\/exaltacion-falla-plaza-sant-bult-2024\/#breadcrumb","itemListElement":[{"@type":"ListItem","position":1,"name":"Archivo Hist\u00f3rico","item":"https:\/\/santbult.es\/category\/archivo-historico\/"},{"@type":"ListItem","position":2,"name":"2024","item":"https:\/\/santbult.es\/category\/archivo-historico\/2024-es\/"},{"@type":"ListItem","position":3,"name":"Exaltaci\u00f3 Falla Pla\u00e7a Sant Bult 2024"}]},{"@type":"WebSite","@id":"https:\/\/santbult.es\/#website","url":"https:\/\/santbult.es\/","name":"Festes de Sant Bult \u2013 La Xerea","description":"B\u00e9 Rellev\u00e0ncia Local Immaterial","publisher":{"@id":"https:\/\/santbult.es\/#organization"},"potentialAction":[{"@type":"SearchAction","target":{"@type":"EntryPoint","urlTemplate":"https:\/\/santbult.es\/?s={search_term_string}"},"query-input":{"@type":"PropertyValueSpecification","valueRequired":true,"valueName":"search_term_string"}}],"inLanguage":"val"},{"@type":"Organization","@id":"https:\/\/santbult.es\/#organization","name":"Sant Bult","url":"https:\/\/santbult.es\/","logo":{"@type":"ImageObject","inLanguage":"val","@id":"https:\/\/santbult.es\/#\/schema\/logo\/image\/","url":"https:\/\/santbult.es\/wp-content\/uploads\/2019\/04\/mini-sant-bult.png","contentUrl":"https:\/\/santbult.es\/wp-content\/uploads\/2019\/04\/mini-sant-bult.png","width":330,"height":330,"caption":"Sant Bult"},"image":{"@id":"https:\/\/santbult.es\/#\/schema\/logo\/image\/"},"sameAs":["https:\/\/www.facebook.com\/santbult","https:\/\/x.com\/sant_bult","https:\/\/www.instagram.com\/sant_bult\/","https:\/\/www.youtube.com\/channel\/UCViTQedoyMvyMj-pAq4doMA"]},{"@type":"Person","@id":"https:\/\/santbult.es\/#\/schema\/person\/a2291a6450b44bc876c6fe81b146f15d","name":"santbult","image":{"@type":"ImageObject","inLanguage":"val","@id":"https:\/\/secure.gravatar.com\/avatar\/946e8694005d0bd75998ba9f0cf5ce2939c3dc003df972082147d2a625f3837d?s=96&d=mm&r=g","url":"https:\/\/secure.gravatar.com\/avatar\/946e8694005d0bd75998ba9f0cf5ce2939c3dc003df972082147d2a625f3837d?s=96&d=mm&r=g","contentUrl":"https:\/\/secure.gravatar.com\/avatar\/946e8694005d0bd75998ba9f0cf5ce2939c3dc003df972082147d2a625f3837d?s=96&d=mm&r=g","caption":"santbult"},"sameAs":["https:\/\/santbult.es"]}]}},"_links":{"self":[{"href":"https:\/\/santbult.es\/va\/wp-json\/wp\/v2\/posts\/13349","targetHints":{"allow":["GET"]}}],"collection":[{"href":"https:\/\/santbult.es\/va\/wp-json\/wp\/v2\/posts"}],"about":[{"href":"https:\/\/santbult.es\/va\/wp-json\/wp\/v2\/types\/post"}],"author":[{"embeddable":true,"href":"https:\/\/santbult.es\/va\/wp-json\/wp\/v2\/users\/1"}],"replies":[{"embeddable":true,"href":"https:\/\/santbult.es\/va\/wp-json\/wp\/v2\/comments?post=13349"}],"version-history":[{"count":5,"href":"https:\/\/santbult.es\/va\/wp-json\/wp\/v2\/posts\/13349\/revisions"}],"predecessor-version":[{"id":13355,"href":"https:\/\/santbult.es\/va\/wp-json\/wp\/v2\/posts\/13349\/revisions\/13355"}],"wp:featuredmedia":[{"embeddable":true,"href":"https:\/\/santbult.es\/va\/wp-json\/wp\/v2\/media\/13341"}],"wp:attachment":[{"href":"https:\/\/santbult.es\/va\/wp-json\/wp\/v2\/media?parent=13349"}],"wp:term":[{"taxonomy":"category","embeddable":true,"href":"https:\/\/santbult.es\/va\/wp-json\/wp\/v2\/categories?post=13349"},{"taxonomy":"post_tag","embeddable":true,"href":"https:\/\/santbult.es\/va\/wp-json\/wp\/v2\/tags?post=13349"}],"curies":[{"name":"wp","href":"https:\/\/api.w.org\/{rel}","templated":true}]}}