{"id":10541,"date":"2023-05-10T12:02:00","date_gmt":"2023-05-10T10:02:00","guid":{"rendered":"https:\/\/santbult.es\/?p=10541"},"modified":"2024-04-14T21:55:52","modified_gmt":"2024-04-14T19:55:52","slug":"centenari-coronacio","status":"publish","type":"post","link":"https:\/\/santbult.es\/va\/centenari-coronacio\/","title":{"rendered":"Centenari coronaci\u00f3 1923 &#8211; 2023"},"content":{"rendered":"<div class=\"wpb-content-wrapper\"><p>[vc_row][vc_column][vc_separator color=&#8221;blue&#8221; align=&#8221;align_left&#8221; border_width=&#8221;2&#8243; el_width=&#8221;10&#8243;][\/vc_column][\/vc_row][vc_row][vc_column][vc_single_image image=&#8221;10512&#8243; img_size=&#8221;full&#8221; alignment=&#8221;center&#8221; css=&#8221;&#8221;][\/vc_column][\/vc_row][vc_row][vc_column][vc_empty_space][\/vc_column][\/vc_row][vc_row][vc_column][vc_column_text css=&#8221;&#8221;]Ha comen\u00e7at un m\u00e9s de Maig prou especial per als valencians. La Patrona de la ciutat de Val\u00e9ncia la Verge dels Desamparats celebra el seu centenari de coronaci\u00f3 i per a tal ocasi\u00f3 s\u2019han programat una s\u00e9rie d\u2019actes entorn a l\u2019image, l\u2019hist\u00f2ria i la tradici\u00f3 que ha marcat a tantes generacions.<br \/>\nUn fervor que engalana els carrers de la ciutat en el segon dumenge de maig, i trauen en trasllat i process\u00f3 a la seua image, la Geperudeta.[\/vc_column_text][\/vc_column][\/vc_row][vc_row][vc_column][vc_column_text css=&#8221;&#8221;]<\/p>\n<h3><strong>LA VERGE DELS DESAMPARATS VISITA A SANT BULT<\/strong><\/h3>\n<p>[\/vc_column_text][\/vc_column][\/vc_row][vc_row][vc_column][vc_column_text css=&#8221;&#8221;]La festa de Sant Bult vol unir-se a la celebraci\u00f3 i tindre en el recort a la Mare de D\u00e9u en les seues visites tan especials per a nosatres al barri de la Xerea i a les Festes de Sant Bult.[\/vc_column_text][\/vc_column][\/vc_row][vc_row][vc_column width=&#8221;1\/2&#8243;][vc_single_image image=&#8221;10517&#8243; img_size=&#8221;full&#8221; alignment=&#8221;center&#8221; css=&#8221;&#8221;][\/vc_column][vc_column width=&#8221;1\/2&#8243;][vc_single_image image=&#8221;10516&#8243; img_size=&#8221;full&#8221; alignment=&#8221;center&#8221; css=&#8221;&#8221;][\/vc_column][\/vc_row][vc_row][vc_column][vc_column_text css=&#8221;&#8221;](L\u2019image de la Verge dels Desamparats, recorrent els carrers del barri de la Xerea, 1974.)[\/vc_column_text][\/vc_column][\/vc_row][vc_row][vc_column][vc_single_image image=&#8221;10515&#8243; img_size=&#8221;full&#8221; alignment=&#8221;center&#8221; css=&#8221;&#8221;][\/vc_column][\/vc_row][vc_row][vc_column][vc_column_text css=&#8221;&#8221;](D. Jos\u00e9 Sabater, recitant versos a l\u2019image de la Verge dels Desamparats en la Pla\u00e7a Sant Bult, 1974.)[\/vc_column_text][\/vc_column][\/vc_row][vc_row][vc_column][vc_column_text css=&#8221;&#8221;]<\/p>\n<h3><strong>VERGE DELS DESAMPARATS TORNA A LA XEREA<\/strong><\/h3>\n<p>[\/vc_column_text][\/vc_column][\/vc_row][vc_row][vc_column][vc_column_text css=&#8221;&#8221;]Varen passar els anys i en 1995, sent President D. Antonio Bellido Aparicio junt al President D. Antonio Bellido Lapiedra, va demanar invitaci\u00f3 a la Real Bas\u00edlica, per a que la Verge dels Desamparats, desfilara junt a Sant Bult en process\u00f3 i els ve\u00efns, clavarios i amics de Sant Bult pogueren, rendir pleites\u00eda al seu Mare de D\u00e9u.<\/p>\n<p>Tot el barri engalanat per a l\u2019ocasi\u00f3 va rebre a la seua patrona, rebuda entre p\u00e9tals i mirades de complicitat per cada una dels carrers que passava i ve\u00efns i ve\u00efnes emocionats de vore com la Verge dels Desamparats s\u2019acostava als seus balcons, per a tindre front a front la mirada de pau de la perla del Turia.[\/vc_column_text][\/vc_column][\/vc_row][vc_row][vc_column width=&#8221;1\/2&#8243;][vc_single_image image=&#8221;10518&#8243; img_size=&#8221;full&#8221; alignment=&#8221;center&#8221; css=&#8221;&#8221;][\/vc_column][vc_column width=&#8221;1\/2&#8243;][vc_single_image image=&#8221;10519&#8243; img_size=&#8221;full&#8221; alignment=&#8221;center&#8221; css=&#8221;&#8221;][\/vc_column][\/vc_row][vc_row][vc_column width=&#8221;1\/2&#8243;][vc_single_image image=&#8221;10520&#8243; img_size=&#8221;full&#8221; alignment=&#8221;center&#8221; css=&#8221;&#8221;][\/vc_column][vc_column width=&#8221;1\/2&#8243;][vc_single_image image=&#8221;10521&#8243; img_size=&#8221;full&#8221; alignment=&#8221;center&#8221; css=&#8221;&#8221;][\/vc_column][\/vc_row][vc_row][vc_column][vc_column_text css=&#8221;&#8221;](Instant\u00e0nees de la Verge dels Desamparats portada a muscles en la process\u00f3 en honor a l\u2019Image de Sant Bult en 1995.)[\/vc_column_text][\/vc_column][\/vc_row][vc_row][vc_column][vc_column_text css=&#8221;&#8221;]<\/p>\n<h3><strong>MODISTAS PER A LA VERGE<\/strong><\/h3>\n<p>[\/vc_column_text][\/vc_column][\/vc_row][vc_row][vc_column][vc_column_text css=&#8221;&#8221;]En una atra ocasi\u00f3, en maig de 2013, la verge dels Desamparats no va visitar el barri de la Xerea, si no que dos de les seues ve\u00efnes i clavarias de Sant Bult Mari Montero i Vicen Sarri\u00f3n, varen ser les encarregades de confeccionar el mant plateado que portava en el Trasllat la Verge dels Desamparats, tan elegant i a les que des de Sant Bult volem felicitar i agrair que compartiren en nosatres este fet tan important en les seues vides.[\/vc_column_text][\/vc_column][\/vc_row][vc_row][vc_column][vc_single_image image=&#8221;14497&#8243; img_size=&#8221;full&#8221; alignment=&#8221;center&#8221; css=&#8221;&#8221;][\/vc_column][\/vc_row][vc_row][vc_column][vc_column_text css=&#8221;&#8221;](Mari Montero y Vicen Sarri\u00f3n junt a la Verge dels Desamparats.)[\/vc_column_text][\/vc_column][\/vc_row][vc_row][vc_column][vc_column_text css=&#8221;&#8221;]<\/p>\n<h3><strong>UN MANT A LA SOLIDARITAT<\/strong><\/h3>\n<p>[\/vc_column_text][\/vc_column][\/vc_row][vc_row][vc_column][vc_column_text css=&#8221;&#8221;]Ya una miqueta m\u00e9s propenc als nostres dies, la Festa de Sant Bult i la Verge dels Desamparats es tornen a creuar en el seu ampar.<\/p>\n<p>El diari Les Prov\u00edncies, baixe una gran ajuda dels seus llectors, devots i ve\u00efns de Val\u00e9ncia, varen confeccionar tots junts un\u00a0<a href=\"https:\/\/santbult.es\/va\/sant_bult_mant_solidaritat\/\">Mant de solidaritat<\/a>\u00a0a la Verge dels Desamparats, en mostra de totes aquelles persones que estaven malitas i que nos havien deixat pel Coronavirus.<\/p>\n<p><a href=\"https:\/\/www.lasprovincias.es\/\" target=\"_blank\" rel=\"noopener\">Les Prov\u00edncies<\/a>\u00a0en el seu acte en la seua s\u00e8u, va voler invitar a la societat valenciana i a les festes populars de la ciutat per a rebre a la Verge a la seua arribada a la s\u00e8u.[\/vc_column_text][\/vc_column][\/vc_row][vc_row][vc_column][vc_single_image image=&#8221;10527&#8243; img_size=&#8221;full&#8221; alignment=&#8221;center&#8221; css=&#8221;&#8221;][\/vc_column][\/vc_row][vc_row][vc_column][vc_column_text css=&#8221;&#8221;](Verge dels Desamparats en el seu Mant de la Solidaritat \u2013 Foto Les Prov\u00edncies.)[\/vc_column_text][\/vc_column][\/vc_row][vc_row][vc_column][vc_column_text css=&#8221;&#8221;]Per a esta ocasi\u00f3 acodim en Na Alicia Castillo, Clavariesa Major de Sant Bult, acompanyada de Na Paula Bellido Presidenta de Sant Bult. Agra\u00efm esta invitaci\u00f3 tan especial i per supost de tornar a trobar-nos en el cam\u00ed la Verge dels Desamparats i Sant Bult.[\/vc_column_text][\/vc_column][\/vc_row][vc_row][vc_column][vc_single_image image=&#8221;10528&#8243; img_size=&#8221;full&#8221; alignment=&#8221;center&#8221; css=&#8221;&#8221;][\/vc_column][\/vc_row][vc_row][vc_column][vc_column_text css=&#8221;&#8221;](Na Paula Bellido, Presidenta de Sant Bult i Na Alicia Castillo, Clavariesa Major 2022, junt a la Verge dels Desamparats)[\/vc_column_text][\/vc_column][\/vc_row][vc_row][vc_column][vc_column_text css=&#8221;&#8221;]<\/p>\n<h3><strong>ACTE CENTENARI CORONACI\u00d3<\/strong><\/h3>\n<p>[\/vc_column_text][\/vc_column][\/vc_row][vc_row][vc_column][vc_column_text css=&#8221;&#8221;]El dissabte 13 de maig de 2023, va tindre lloc en el Pont del Real l\u2019acte del centenari de la coronaci\u00f3 de la Verge dels Desamparats. L\u2019image original de la Real Bas\u00edlica va rec\u00f3rrer els carrers de la ciutat de Val\u00e9ncia per a rebre els honors en el seu centenari com a Patrona de la ciutat de Val\u00e9ncia.<\/p>\n<p>A l\u2019acte des del Palau del Temple,\u00a0va ser invitada la Festa de Sant Bult, acodint a l\u2019acte Na Ana Falero Clavariesa Major de la Festa de Sant Bult 2023 i Na Paula Bellido Presidenta de la Festa de Sant Bult.[\/vc_column_text][\/vc_column][\/vc_row][vc_row][vc_column width=&#8221;1\/2&#8243;][vc_single_image image=&#8221;10639&#8243; img_size=&#8221;full&#8221; alignment=&#8221;center&#8221; css=&#8221;&#8221;][\/vc_column][vc_column width=&#8221;1\/2&#8243;][vc_raw_html css=&#8221;&#8221;]JTNDYmxvY2txdW90ZSUyMGNsYXNzJTNEJTIydGlrdG9rLWVtYmVkJTIyJTIwY2l0ZSUzRCUyMmh0dHBzJTNBJTJGJTJGd3d3LnRpa3Rvay5jb20lMkYlNDBzYW50YnVsdCUyRnZpZGVvJTJGNzIzMjcxNzUxNDIwNjE3MDM5NSUyMiUyMGRhdGEtdmlkZW8taWQlM0QlMjI3MjMyNzE3NTE0MjA2MTcwMzk1JTIyJTIwc3R5bGUlM0QlMjJtYXgtd2lkdGglM0ElMjA2MDVweCUzQm1pbi13aWR0aCUzQSUyMDMyNXB4JTNCJTIyJTIwJTNFJTIwJTNDc2VjdGlvbiUzRSUyMCUzQ2ElMjB0YXJnZXQlM0QlMjJfYmxhbmslMjIlMjB0aXRsZSUzRCUyMiU0MHNhbnRidWx0JTIyJTIwaHJlZiUzRCUyMmh0dHBzJTNBJTJGJTJGd3d3LnRpa3Rvay5jb20lMkYlNDBzYW50YnVsdCUzRnJlZmVyJTNEZW1iZWQlMjIlM0UlNDBzYW50YnVsdCUzQyUyRmElM0UlMjBTQU5UJTIwQlVMVCUyMCU3QyUyMEFjdG8lMjBjb25tZW1vcmF0aXZvJTIwY2VudGVuYXJpbyUyMGRlJTIwbGElMjBjb3JvbmFjaSVDMyVCM24lMjBWaXJnZW4lMjBkZSUyMGxvcyUyMERlc2FtcGFyYWRvcy4lMjAlM0NhJTIwdGl0bGUlM0QlMjJzYW50YnVsdCUyMiUyMHRhcmdldCUzRCUyMl9ibGFuayUyMiUyMGhyZWYlM0QlMjJodHRwcyUzQSUyRiUyRnd3dy50aWt0b2suY29tJTJGdGFnJTJGc2FudGJ1bHQlM0ZyZWZlciUzRGVtYmVkJTIyJTNFJTIzU2FudEJ1bHQlM0MlMkZhJTNFJTIwJTNDYSUyMHRpdGxlJTNEJTIyc2FudGJ1bHQyMyUyMiUyMHRhcmdldCUzRCUyMl9ibGFuayUyMiUyMGhyZWYlM0QlMjJodHRwcyUzQSUyRiUyRnd3dy50aWt0b2suY29tJTJGdGFnJTJGc2FudGJ1bHQyMyUzRnJlZmVyJTNEZW1iZWQlMjIlM0UlMjNTYW50QnVsdDIzJTNDJTJGYSUzRSUyMCUzQ2ElMjB0aXRsZSUzRCUyMnZpcmdlbmRlbG9zZGVzYW1wYXJhZG9zJTIyJTIwdGFyZ2V0JTNEJTIyX2JsYW5rJTIyJTIwaHJlZiUzRCUyMmh0dHBzJTNBJTJGJTJGd3d3LnRpa3Rvay5jb20lMkZ0YWclMkZ2aXJnZW5kZWxvc2Rlc2FtcGFyYWRvcyUzRnJlZmVyJTNEZW1iZWQlMjIlM0UlMjNWaXJnZW5EZUxvc0Rlc2FtcGFyYWRvcyUzQyUyRmElM0UlMjAlM0NhJTIwdGFyZ2V0JTNEJTIyX2JsYW5rJTIyJTIwdGl0bGUlM0QlMjIlRTIlOTklQUMlMjBzb25pZG8lMjBvcmlnaW5hbCUyMC0lMjBGaWVzdGElMjBTYW50JTIwQnVsdCUyMiUyMGhyZWYlM0QlMjJodHRwcyUzQSUyRiUyRnd3dy50aWt0b2suY29tJTJGbXVzaWMlMkZzb25pZG8tb3JpZ2luYWwtNzIzMjcxNzU2OTUwNDM5ODEwNyUzRnJlZmVyJTNEZW1iZWQlMjIlM0UlRTIlOTklQUMlMjBzb25pZG8lMjBvcmlnaW5hbCUyMC0lMjBGaWVzdGElMjBTYW50JTIwQnVsdCUzQyUyRmElM0UlMjAlM0MlMkZzZWN0aW9uJTNFJTIwJTNDJTJGYmxvY2txdW90ZSUzRSUyMCUzQ3NjcmlwdCUyMGFzeW5jJTIwc3JjJTNEJTIyaHR0cHMlM0ElMkYlMkZ3d3cudGlrdG9rLmNvbSUyRmVtYmVkLmpzJTIyJTNFJTNDJTJGc2NyaXB0JTNF[\/vc_raw_html][\/vc_column][\/vc_row][vc_row][vc_column][vc_column_text css=&#8221;&#8221;]<\/p>\n<h3><strong>FUTUR<\/strong><\/h3>\n<p>[\/vc_column_text][\/vc_column][\/vc_row][vc_row][vc_column][vc_column_text css=&#8221;&#8221;]Tirar una vista arrere i vore que el fervor i la devoci\u00f3 per la Verge dels Desamparats ve de fa temps i que tamb\u00e9 ha estat unida a l\u2019Image del Crist de Sant Bult, no nos queda d\u2019una atra que demanar que pronte la Mare de D\u00e9u puga visitar-nos en la nostra festa, que estarem encantats de rebre-la en els honors que be es mereix.<\/p>\n<p>La casa de Sant Bult sempre estar\u00e0 oberta per a que nos visite quan puga ser.<\/p>\n<p><strong>VIXCA LA MARE DE D\u00c9U DELS DESAMPARATS<\/strong><\/p>\n<p>1923 \u2013 2023[\/vc_column_text][\/vc_column][\/vc_row][vc_row][vc_column width=&#8221;1\/2&#8243;][vc_single_image image=&#8221;10529&#8243; img_size=&#8221;full&#8221; alignment=&#8221;center&#8221; css=&#8221;&#8221;][vc_column_text css=&#8221;&#8221;]Altar Verge dels Desamparats 1923[\/vc_column_text][\/vc_column][vc_column width=&#8221;1\/2&#8243;][vc_single_image image=&#8221;10530&#8243; img_size=&#8221;full&#8221; alignment=&#8221;center&#8221; css=&#8221;&#8221;][vc_column_text css=&#8221;&#8221;]Altar Verge dels Desamparats 2023[\/vc_column_text][\/vc_column][\/vc_row]<\/p>\n<\/div>","protected":false},"excerpt":{"rendered":"<p>[vc_row][vc_column][vc_separator color=&#8221;blue&#8221; align=&#8221;align_left&#8221; border_width=&#8221;2&#8243; el_width=&#8221;10&#8243;][\/vc_column][\/vc_row][vc_row][vc_column][vc_single_image image=&#8221;10512&#8243; img_size=&#8221;full&#8221; alignment=&#8221;center&#8221; css=&#8221;&#8221;][\/vc_column][\/vc_row][vc_row][vc_column][vc_empty_space][\/vc_column][\/vc_row][vc_row][vc_column][vc_column_text css=&#8221;&#8221;]Ha comen\u00e7at un m\u00e9s de Maig prou especial per als valencians. La Patrona de la ciutat&hellip;<\/p>\n","protected":false},"author":1,"featured_media":10512,"comment_status":"closed","ping_status":"closed","sticky":false,"template":"","format":"standard","meta":{"footnotes":""},"categories":[744,177,493],"tags":[],"class_list":["post-10541","post","type-post","status-publish","format-standard","has-post-thumbnail","hentry","category-2023-va","category-archiu-historic","category-inici"],"yoast_head":"<!-- This site is optimized with the Yoast SEO Premium plugin v24.8 (Yoast SEO v27.4) - https:\/\/yoast.com\/product\/yoast-seo-premium-wordpress\/ -->\n<title>Centenari coronaci\u00f3 1923 - 2023 - Festes de Sant Bult \u2013 La Xerea<\/title>\n<meta name=\"description\" content=\"SANT BULT | Centenari de la coronaci\u00f3 de la Verge dels Desamparats i s vinculaci\u00f3 en l&#039;Image de Sant Bult\" \/>\n<meta name=\"robots\" content=\"index, follow, max-snippet:-1, max-image-preview:large, max-video-preview:-1\" \/>\n<link rel=\"canonical\" href=\"https:\/\/santbult.es\/va\/centenari-coronacio\/\" \/>\n<meta property=\"og:locale\" content=\"en_US\" \/>\n<meta property=\"og:type\" content=\"article\" \/>\n<meta property=\"og:title\" content=\"Centenari coronaci\u00f3 1923 - 2023\" \/>\n<meta property=\"og:description\" content=\"SANT BULT | Centenari de la coronaci\u00f3 de la Verge dels Desamparats i s vinculaci\u00f3 en l&#039;Image de Sant Bult\" \/>\n<meta property=\"og:url\" content=\"https:\/\/santbult.es\/va\/centenari-coronacio\/\" \/>\n<meta property=\"og:site_name\" content=\"Festes de Sant Bult \u2013 La Xerea\" \/>\n<meta property=\"article:publisher\" content=\"https:\/\/www.facebook.com\/santbult\" \/>\n<meta property=\"article:published_time\" content=\"2023-05-10T10:02:00+00:00\" \/>\n<meta property=\"article:modified_time\" content=\"2024-04-14T19:55:52+00:00\" \/>\n<meta property=\"og:image\" content=\"https:\/\/santbult.es\/wp-content\/uploads\/2023\/05\/restauracion-virgen-desamparados.jpg\" \/>\n\t<meta property=\"og:image:width\" content=\"624\" \/>\n\t<meta property=\"og:image:height\" content=\"385\" \/>\n\t<meta property=\"og:image:type\" content=\"image\/jpeg\" \/>\n<meta name=\"author\" content=\"santbult\" \/>\n<meta name=\"twitter:card\" content=\"summary_large_image\" \/>\n<meta name=\"twitter:description\" content=\"SANT BULT | Centenari de la coronaci\u00f3 de la Verge dels Desamparats i s vinculaci\u00f3 en l&#039;Image de Sant Bult\" \/>\n<meta name=\"twitter:creator\" content=\"@sant_bult\" \/>\n<meta name=\"twitter:site\" content=\"@sant_bult\" \/>\n<meta name=\"twitter:label1\" content=\"Written by\" \/>\n\t<meta name=\"twitter:data1\" content=\"santbult\" \/>\n\t<meta name=\"twitter:label2\" content=\"Est. reading time\" \/>\n\t<meta name=\"twitter:data2\" content=\"8 minutes\" \/>\n<script type=\"application\/ld+json\" class=\"yoast-schema-graph\">{\"@context\":\"https:\\\/\\\/schema.org\",\"@graph\":[{\"@type\":\"Article\",\"@id\":\"https:\\\/\\\/santbult.es\\\/va\\\/centenari-coronacio\\\/#article\",\"isPartOf\":{\"@id\":\"https:\\\/\\\/santbult.es\\\/va\\\/centenari-coronacio\\\/\"},\"author\":{\"name\":\"santbult\",\"@id\":\"https:\\\/\\\/santbult.es\\\/#\\\/schema\\\/person\\\/a2291a6450b44bc876c6fe81b146f15d\"},\"headline\":\"Centenari coronaci\u00f3 1923 &#8211; 2023\",\"datePublished\":\"2023-05-10T10:02:00+00:00\",\"dateModified\":\"2024-04-14T19:55:52+00:00\",\"mainEntityOfPage\":{\"@id\":\"https:\\\/\\\/santbult.es\\\/va\\\/centenari-coronacio\\\/\"},\"wordCount\":1602,\"publisher\":{\"@id\":\"https:\\\/\\\/santbult.es\\\/#organization\"},\"image\":{\"@id\":\"https:\\\/\\\/santbult.es\\\/va\\\/centenari-coronacio\\\/#primaryimage\"},\"thumbnailUrl\":\"https:\\\/\\\/santbult.es\\\/wp-content\\\/uploads\\\/2023\\\/05\\\/restauracion-virgen-desamparados.jpg\",\"articleSection\":[\"2023\",\"Archiu Hist\u00f2ric\",\"Inici\"],\"inLanguage\":\"val\"},{\"@type\":\"WebPage\",\"@id\":\"https:\\\/\\\/santbult.es\\\/va\\\/centenari-coronacio\\\/\",\"url\":\"https:\\\/\\\/santbult.es\\\/va\\\/centenari-coronacio\\\/\",\"name\":\"Centenari coronaci\u00f3 1923 - 2023 - Festes de Sant Bult \u2013 La Xerea\",\"isPartOf\":{\"@id\":\"https:\\\/\\\/santbult.es\\\/#website\"},\"primaryImageOfPage\":{\"@id\":\"https:\\\/\\\/santbult.es\\\/va\\\/centenari-coronacio\\\/#primaryimage\"},\"image\":{\"@id\":\"https:\\\/\\\/santbult.es\\\/va\\\/centenari-coronacio\\\/#primaryimage\"},\"thumbnailUrl\":\"https:\\\/\\\/santbult.es\\\/wp-content\\\/uploads\\\/2023\\\/05\\\/restauracion-virgen-desamparados.jpg\",\"datePublished\":\"2023-05-10T10:02:00+00:00\",\"dateModified\":\"2024-04-14T19:55:52+00:00\",\"description\":\"SANT BULT | Centenari de la coronaci\u00f3 de la Verge dels Desamparats i s vinculaci\u00f3 en l'Image de Sant Bult\",\"breadcrumb\":{\"@id\":\"https:\\\/\\\/santbult.es\\\/va\\\/centenari-coronacio\\\/#breadcrumb\"},\"inLanguage\":\"val\",\"potentialAction\":[{\"@type\":\"ReadAction\",\"target\":[\"https:\\\/\\\/santbult.es\\\/va\\\/centenari-coronacio\\\/\"]}]},{\"@type\":\"ImageObject\",\"inLanguage\":\"val\",\"@id\":\"https:\\\/\\\/santbult.es\\\/va\\\/centenari-coronacio\\\/#primaryimage\",\"url\":\"https:\\\/\\\/santbult.es\\\/wp-content\\\/uploads\\\/2023\\\/05\\\/restauracion-virgen-desamparados.jpg\",\"contentUrl\":\"https:\\\/\\\/santbult.es\\\/wp-content\\\/uploads\\\/2023\\\/05\\\/restauracion-virgen-desamparados.jpg\",\"width\":624,\"height\":385,\"caption\":\"centenario coronaci\u00f3n\"},{\"@type\":\"BreadcrumbList\",\"@id\":\"https:\\\/\\\/santbult.es\\\/va\\\/centenari-coronacio\\\/#breadcrumb\",\"itemListElement\":[{\"@type\":\"ListItem\",\"position\":1,\"name\":\"Archiu Hist\u00f2ric\",\"item\":\"https:\\\/\\\/santbult.es\\\/va\\\/category\\\/archiu-historic\\\/\"},{\"@type\":\"ListItem\",\"position\":2,\"name\":\"Centenari coronaci\u00f3 1923 &#8211; 2023\"}]},{\"@type\":\"WebSite\",\"@id\":\"https:\\\/\\\/santbult.es\\\/#website\",\"url\":\"https:\\\/\\\/santbult.es\\\/\",\"name\":\"Festes de Sant Bult \u2013 La Xerea\",\"description\":\"B\u00e9 Rellev\u00e0ncia Local Immaterial\",\"publisher\":{\"@id\":\"https:\\\/\\\/santbult.es\\\/#organization\"},\"potentialAction\":[{\"@type\":\"SearchAction\",\"target\":{\"@type\":\"EntryPoint\",\"urlTemplate\":\"https:\\\/\\\/santbult.es\\\/?s={search_term_string}\"},\"query-input\":{\"@type\":\"PropertyValueSpecification\",\"valueRequired\":true,\"valueName\":\"search_term_string\"}}],\"inLanguage\":\"val\"},{\"@type\":\"Organization\",\"@id\":\"https:\\\/\\\/santbult.es\\\/#organization\",\"name\":\"Sant Bult\",\"url\":\"https:\\\/\\\/santbult.es\\\/\",\"logo\":{\"@type\":\"ImageObject\",\"inLanguage\":\"val\",\"@id\":\"https:\\\/\\\/santbult.es\\\/#\\\/schema\\\/logo\\\/image\\\/\",\"url\":\"https:\\\/\\\/santbult.es\\\/wp-content\\\/uploads\\\/2019\\\/04\\\/mini-sant-bult.png\",\"contentUrl\":\"https:\\\/\\\/santbult.es\\\/wp-content\\\/uploads\\\/2019\\\/04\\\/mini-sant-bult.png\",\"width\":330,\"height\":330,\"caption\":\"Sant Bult\"},\"image\":{\"@id\":\"https:\\\/\\\/santbult.es\\\/#\\\/schema\\\/logo\\\/image\\\/\"},\"sameAs\":[\"https:\\\/\\\/www.facebook.com\\\/santbult\",\"https:\\\/\\\/x.com\\\/sant_bult\",\"https:\\\/\\\/www.instagram.com\\\/sant_bult\\\/\",\"https:\\\/\\\/www.youtube.com\\\/channel\\\/UCViTQedoyMvyMj-pAq4doMA\"]},{\"@type\":\"Person\",\"@id\":\"https:\\\/\\\/santbult.es\\\/#\\\/schema\\\/person\\\/a2291a6450b44bc876c6fe81b146f15d\",\"name\":\"santbult\",\"image\":{\"@type\":\"ImageObject\",\"inLanguage\":\"val\",\"@id\":\"https:\\\/\\\/secure.gravatar.com\\\/avatar\\\/946e8694005d0bd75998ba9f0cf5ce2939c3dc003df972082147d2a625f3837d?s=96&d=mm&r=g\",\"url\":\"https:\\\/\\\/secure.gravatar.com\\\/avatar\\\/946e8694005d0bd75998ba9f0cf5ce2939c3dc003df972082147d2a625f3837d?s=96&d=mm&r=g\",\"contentUrl\":\"https:\\\/\\\/secure.gravatar.com\\\/avatar\\\/946e8694005d0bd75998ba9f0cf5ce2939c3dc003df972082147d2a625f3837d?s=96&d=mm&r=g\",\"caption\":\"santbult\"},\"sameAs\":[\"https:\\\/\\\/santbult.es\"]}]}<\/script>\n<!-- \/ Yoast SEO Premium plugin. -->","yoast_head_json":{"title":"Centenari coronaci\u00f3 1923 - 2023 - Festes de Sant Bult \u2013 La Xerea","description":"SANT BULT | Centenari de la coronaci\u00f3 de la Verge dels Desamparats i s vinculaci\u00f3 en l'Image de Sant Bult","robots":{"index":"index","follow":"follow","max-snippet":"max-snippet:-1","max-image-preview":"max-image-preview:large","max-video-preview":"max-video-preview:-1"},"canonical":"https:\/\/santbult.es\/va\/centenari-coronacio\/","og_locale":"en_US","og_type":"article","og_title":"Centenari coronaci\u00f3 1923 - 2023","og_description":"SANT BULT | Centenari de la coronaci\u00f3 de la Verge dels Desamparats i s vinculaci\u00f3 en l'Image de Sant Bult","og_url":"https:\/\/santbult.es\/va\/centenari-coronacio\/","og_site_name":"Festes de Sant Bult \u2013 La Xerea","article_publisher":"https:\/\/www.facebook.com\/santbult","article_published_time":"2023-05-10T10:02:00+00:00","article_modified_time":"2024-04-14T19:55:52+00:00","og_image":[{"width":624,"height":385,"url":"https:\/\/santbult.es\/wp-content\/uploads\/2023\/05\/restauracion-virgen-desamparados.jpg","type":"image\/jpeg"}],"author":"santbult","twitter_card":"summary_large_image","twitter_description":"SANT BULT | Centenari de la coronaci\u00f3 de la Verge dels Desamparats i s vinculaci\u00f3 en l'Image de Sant Bult","twitter_creator":"@sant_bult","twitter_site":"@sant_bult","twitter_misc":{"Written by":"santbult","Est. reading time":"8 minutes"},"schema":{"@context":"https:\/\/schema.org","@graph":[{"@type":"Article","@id":"https:\/\/santbult.es\/va\/centenari-coronacio\/#article","isPartOf":{"@id":"https:\/\/santbult.es\/va\/centenari-coronacio\/"},"author":{"name":"santbult","@id":"https:\/\/santbult.es\/#\/schema\/person\/a2291a6450b44bc876c6fe81b146f15d"},"headline":"Centenari coronaci\u00f3 1923 &#8211; 2023","datePublished":"2023-05-10T10:02:00+00:00","dateModified":"2024-04-14T19:55:52+00:00","mainEntityOfPage":{"@id":"https:\/\/santbult.es\/va\/centenari-coronacio\/"},"wordCount":1602,"publisher":{"@id":"https:\/\/santbult.es\/#organization"},"image":{"@id":"https:\/\/santbult.es\/va\/centenari-coronacio\/#primaryimage"},"thumbnailUrl":"https:\/\/santbult.es\/wp-content\/uploads\/2023\/05\/restauracion-virgen-desamparados.jpg","articleSection":["2023","Archiu Hist\u00f2ric","Inici"],"inLanguage":"val"},{"@type":"WebPage","@id":"https:\/\/santbult.es\/va\/centenari-coronacio\/","url":"https:\/\/santbult.es\/va\/centenari-coronacio\/","name":"Centenari coronaci\u00f3 1923 - 2023 - Festes de Sant Bult \u2013 La Xerea","isPartOf":{"@id":"https:\/\/santbult.es\/#website"},"primaryImageOfPage":{"@id":"https:\/\/santbult.es\/va\/centenari-coronacio\/#primaryimage"},"image":{"@id":"https:\/\/santbult.es\/va\/centenari-coronacio\/#primaryimage"},"thumbnailUrl":"https:\/\/santbult.es\/wp-content\/uploads\/2023\/05\/restauracion-virgen-desamparados.jpg","datePublished":"2023-05-10T10:02:00+00:00","dateModified":"2024-04-14T19:55:52+00:00","description":"SANT BULT | Centenari de la coronaci\u00f3 de la Verge dels Desamparats i s vinculaci\u00f3 en l'Image de Sant Bult","breadcrumb":{"@id":"https:\/\/santbult.es\/va\/centenari-coronacio\/#breadcrumb"},"inLanguage":"val","potentialAction":[{"@type":"ReadAction","target":["https:\/\/santbult.es\/va\/centenari-coronacio\/"]}]},{"@type":"ImageObject","inLanguage":"val","@id":"https:\/\/santbult.es\/va\/centenari-coronacio\/#primaryimage","url":"https:\/\/santbult.es\/wp-content\/uploads\/2023\/05\/restauracion-virgen-desamparados.jpg","contentUrl":"https:\/\/santbult.es\/wp-content\/uploads\/2023\/05\/restauracion-virgen-desamparados.jpg","width":624,"height":385,"caption":"centenario coronaci\u00f3n"},{"@type":"BreadcrumbList","@id":"https:\/\/santbult.es\/va\/centenari-coronacio\/#breadcrumb","itemListElement":[{"@type":"ListItem","position":1,"name":"Archiu Hist\u00f2ric","item":"https:\/\/santbult.es\/va\/category\/archiu-historic\/"},{"@type":"ListItem","position":2,"name":"Centenari coronaci\u00f3 1923 &#8211; 2023"}]},{"@type":"WebSite","@id":"https:\/\/santbult.es\/#website","url":"https:\/\/santbult.es\/","name":"Festes de Sant Bult \u2013 La Xerea","description":"B\u00e9 Rellev\u00e0ncia Local Immaterial","publisher":{"@id":"https:\/\/santbult.es\/#organization"},"potentialAction":[{"@type":"SearchAction","target":{"@type":"EntryPoint","urlTemplate":"https:\/\/santbult.es\/?s={search_term_string}"},"query-input":{"@type":"PropertyValueSpecification","valueRequired":true,"valueName":"search_term_string"}}],"inLanguage":"val"},{"@type":"Organization","@id":"https:\/\/santbult.es\/#organization","name":"Sant Bult","url":"https:\/\/santbult.es\/","logo":{"@type":"ImageObject","inLanguage":"val","@id":"https:\/\/santbult.es\/#\/schema\/logo\/image\/","url":"https:\/\/santbult.es\/wp-content\/uploads\/2019\/04\/mini-sant-bult.png","contentUrl":"https:\/\/santbult.es\/wp-content\/uploads\/2019\/04\/mini-sant-bult.png","width":330,"height":330,"caption":"Sant Bult"},"image":{"@id":"https:\/\/santbult.es\/#\/schema\/logo\/image\/"},"sameAs":["https:\/\/www.facebook.com\/santbult","https:\/\/x.com\/sant_bult","https:\/\/www.instagram.com\/sant_bult\/","https:\/\/www.youtube.com\/channel\/UCViTQedoyMvyMj-pAq4doMA"]},{"@type":"Person","@id":"https:\/\/santbult.es\/#\/schema\/person\/a2291a6450b44bc876c6fe81b146f15d","name":"santbult","image":{"@type":"ImageObject","inLanguage":"val","@id":"https:\/\/secure.gravatar.com\/avatar\/946e8694005d0bd75998ba9f0cf5ce2939c3dc003df972082147d2a625f3837d?s=96&d=mm&r=g","url":"https:\/\/secure.gravatar.com\/avatar\/946e8694005d0bd75998ba9f0cf5ce2939c3dc003df972082147d2a625f3837d?s=96&d=mm&r=g","contentUrl":"https:\/\/secure.gravatar.com\/avatar\/946e8694005d0bd75998ba9f0cf5ce2939c3dc003df972082147d2a625f3837d?s=96&d=mm&r=g","caption":"santbult"},"sameAs":["https:\/\/santbult.es"]}]}},"_links":{"self":[{"href":"https:\/\/santbult.es\/va\/wp-json\/wp\/v2\/posts\/10541","targetHints":{"allow":["GET"]}}],"collection":[{"href":"https:\/\/santbult.es\/va\/wp-json\/wp\/v2\/posts"}],"about":[{"href":"https:\/\/santbult.es\/va\/wp-json\/wp\/v2\/types\/post"}],"author":[{"embeddable":true,"href":"https:\/\/santbult.es\/va\/wp-json\/wp\/v2\/users\/1"}],"replies":[{"embeddable":true,"href":"https:\/\/santbult.es\/va\/wp-json\/wp\/v2\/comments?post=10541"}],"version-history":[{"count":3,"href":"https:\/\/santbult.es\/va\/wp-json\/wp\/v2\/posts\/10541\/revisions"}],"predecessor-version":[{"id":14500,"href":"https:\/\/santbult.es\/va\/wp-json\/wp\/v2\/posts\/10541\/revisions\/14500"}],"wp:featuredmedia":[{"embeddable":true,"href":"https:\/\/santbult.es\/va\/wp-json\/wp\/v2\/media\/10512"}],"wp:attachment":[{"href":"https:\/\/santbult.es\/va\/wp-json\/wp\/v2\/media?parent=10541"}],"wp:term":[{"taxonomy":"category","embeddable":true,"href":"https:\/\/santbult.es\/va\/wp-json\/wp\/v2\/categories?post=10541"},{"taxonomy":"post_tag","embeddable":true,"href":"https:\/\/santbult.es\/va\/wp-json\/wp\/v2\/tags?post=10541"}],"curies":[{"name":"wp","href":"https:\/\/api.w.org\/{rel}","templated":true}]}}