{"id":10418,"date":"2023-04-06T14:53:31","date_gmt":"2023-04-06T12:53:31","guid":{"rendered":"https:\/\/santbult.es\/?p=10418"},"modified":"2023-11-29T22:01:03","modified_gmt":"2023-11-29T21:01:03","slug":"semana-santa-marinera-23","status":"publish","type":"post","link":"https:\/\/santbult.es\/va\/semana-santa-marinera-23\/","title":{"rendered":"Semana Santa Marinera 2023"},"content":{"rendered":"<p><img decoding=\"async\" width=\"843\" height=\"632\" src=\"https:\/\/santbult.es\/wp-content\/uploads\/2023\/04\/DSC03866-1024x768.jpg\" alt=\"\" loading=\"lazy\" srcset=\"https:\/\/santbult.es\/wp-content\/uploads\/2023\/04\/DSC03866-1024x768.jpg 1024w, https:\/\/santbult.es\/wp-content\/uploads\/2023\/04\/DSC03866-300x225.jpg 300w, https:\/\/santbult.es\/wp-content\/uploads\/2023\/04\/DSC03866-768x576.jpg 768w, https:\/\/santbult.es\/wp-content\/uploads\/2023\/04\/DSC03866.jpg 1066w\" sizes=\"auto, (max-width: 843px) 100vw, 843px\"><\/p>\n<p>Aplegat el m\u00e9s d&#8217;abril, comen\u00e7a la semana santa marinera 2023. Enguany \u00e9s el XX aniversari que l&#8217;image del Crist de Sant Bult, procesiona pels carrers del Cabanyal junt a la <strong>Real Hermandad de Jes\u00fas con la Cruz y Cristo Resucitado<\/strong>.<\/p>\n<p><img decoding=\"async\" width=\"843\" height=\"632\" src=\"https:\/\/santbult.es\/wp-content\/uploads\/2023\/04\/DSC03772-1024x768.jpg\" alt=\"\" loading=\"lazy\" srcset=\"https:\/\/santbult.es\/wp-content\/uploads\/2023\/04\/DSC03772-1024x768.jpg 1024w, https:\/\/santbult.es\/wp-content\/uploads\/2023\/04\/DSC03772-300x225.jpg 300w, https:\/\/santbult.es\/wp-content\/uploads\/2023\/04\/DSC03772-768x576.jpg 768w, https:\/\/santbult.es\/wp-content\/uploads\/2023\/04\/DSC03772.jpg 1066w\" sizes=\"auto, (max-width: 843px) 100vw, 843px\"><br \/>\n<img decoding=\"async\" width=\"843\" height=\"632\" src=\"https:\/\/santbult.es\/wp-content\/uploads\/2023\/04\/DSC03795-1024x768.jpg\" alt=\"\" loading=\"lazy\" srcset=\"https:\/\/santbult.es\/wp-content\/uploads\/2023\/04\/DSC03795-1024x768.jpg 1024w, https:\/\/santbult.es\/wp-content\/uploads\/2023\/04\/DSC03795-300x225.jpg 300w, https:\/\/santbult.es\/wp-content\/uploads\/2023\/04\/DSC03795-768x576.jpg 768w, https:\/\/santbult.es\/wp-content\/uploads\/2023\/04\/DSC03795.jpg 1066w\" sizes=\"auto, (max-width: 843px) 100vw, 843px\"><\/p>\n<p>En la tarde del lunes 3 de abril de 2023, hemos acudido a la invitaci\u00f3n realizada por la citada Hermandad, para acompa\u00f1arles en su semana grande fiestas. Al acto acompa\u00f1ando a la Imagen del Cristo de Sant Bult, han acudido un grupo de clavarios, D\u00f1a. Pepa Benito Presidenta de las Clavariesas de Sant Bult, D\u00f1a. Alicia Castillo, Clavariesa Mayor de Sant Bult 2022 y D\u00f1a. Ana Falero Giralt, Clavariesa Mayor de la Fiesta de Sant Bult 2023 junto a D\u00f1a. Paula Bellido Presidenta de Sant Bult.<\/p>\n<p>Este a\u00f1o adem\u00e1s es muy especial para nosotros, la Real Hermandad de Jes\u00fas con la Cruz, ha querido ofrecer a la fiesta que la imagen del Cristo de Sant Bult les acompa\u00f1e durante toda la semana santa en su sede social y ser expuesta junto a la imagen titular de Jes\u00fas con la Cruz.<\/p>\n<p>Puedes leer <a href=\"https:\/\/santbult.es\/xx-anivesario\/\">aqu\u00ed<\/a> el programa completo de la Hermandad.<\/p>\n<p>En la vesprada del dilluns 3 d&#8217;abril de 2023, hem acodit a l&#8217;invitaci\u00f3 realisada per la citada Germandat, per a acompanyar-los en la seua semana gran festes. A l&#8217;acte acompanyant a l&#8217;Image del Crist de Sant Bult, han acodit un grup de clavarios, D\u00f1a. Pepa Benito Presidenta de les Clavariesas de Sant Bult, D\u00f1a. Alicia Castillo, Clavariesa Major de Sant Bult 2022 i D\u00f1a. Ana Falero Giralt, Clavariesa Major de la Festa de Sant Bult 2023 junt a D\u00f1a. Paula Bellido Presidenta de Sant Bult.<\/p>\n<p>Enguany adem\u00e9s \u00e9s molt especial per a nosatres, la Real Hermandad de Jes\u00fas con la Cruz, ha volgut oferir a la festa que l&#8217;image del Crist de Sant Bult els acompanye durant tota la semana santa en la seua s\u00e8u social i ser exposta junt a l&#8217;image titular de Jes\u00fas en la Creu.<\/p>\n<p>Pots llegir <a href=\"https:\/\/santbult.es\/va\/xx-aniversari\/\">ac\u00ed<\/a> el programa complet de la Germandat.<\/p>\n<p><img decoding=\"async\" width=\"843\" height=\"632\" src=\"https:\/\/santbult.es\/wp-content\/uploads\/2023\/04\/DSC04120-1024x768.jpg\" alt=\"\" loading=\"lazy\" srcset=\"https:\/\/santbult.es\/wp-content\/uploads\/2023\/04\/DSC04120-1024x768.jpg 1024w, https:\/\/santbult.es\/wp-content\/uploads\/2023\/04\/DSC04120-300x225.jpg 300w, https:\/\/santbult.es\/wp-content\/uploads\/2023\/04\/DSC04120-768x576.jpg 768w, https:\/\/santbult.es\/wp-content\/uploads\/2023\/04\/DSC04120.jpg 1066w\" sizes=\"auto, (max-width: 843px) 100vw, 843px\"><br \/>\n<img decoding=\"async\" width=\"843\" height=\"632\" src=\"https:\/\/santbult.es\/wp-content\/uploads\/2023\/04\/DSC04024-1024x768.jpg\" alt=\"\" loading=\"lazy\" srcset=\"https:\/\/santbult.es\/wp-content\/uploads\/2023\/04\/DSC04024-1024x768.jpg 1024w, https:\/\/santbult.es\/wp-content\/uploads\/2023\/04\/DSC04024-300x225.jpg 300w, https:\/\/santbult.es\/wp-content\/uploads\/2023\/04\/DSC04024-768x576.jpg 768w, https:\/\/santbult.es\/wp-content\/uploads\/2023\/04\/DSC04024.jpg 1066w\" sizes=\"auto, (max-width: 843px) 100vw, 843px\"><\/p>\n<p>Agra\u00efm de tot cor l&#8217;invitaci\u00f3 tan especial en enguany 2023, encantats de celebrar el XX Aniversari de junt a la Real Hermandad. I que abd\u00f3s festes seguim colaborant junts durant molts anys.<\/p>\n<p>Agra\u00efm a D\u00f1a. M\u00aa Jos\u00e9 Dami\u00e1, Presidenta de la Real Hermandad de Jes\u00fas con la Cruz y Cristo Resucitado per rebre a tots els amics de Sant Bult en els seus dies grans i sempre estar disposta a colaborar junt a Sant Bult.<\/p>\n<p><img decoding=\"async\" width=\"843\" height=\"632\" src=\"https:\/\/santbult.es\/wp-content\/uploads\/2023\/04\/DSC03829-1024x768.jpg\" alt=\"\" loading=\"lazy\" srcset=\"https:\/\/santbult.es\/wp-content\/uploads\/2023\/04\/DSC03829-1024x768.jpg 1024w, https:\/\/santbult.es\/wp-content\/uploads\/2023\/04\/DSC03829-300x225.jpg 300w, https:\/\/santbult.es\/wp-content\/uploads\/2023\/04\/DSC03829-768x576.jpg 768w, https:\/\/santbult.es\/wp-content\/uploads\/2023\/04\/DSC03829.jpg 1066w\" sizes=\"auto, (max-width: 843px) 100vw, 843px\"><br \/>\n<img decoding=\"async\" width=\"843\" height=\"632\" src=\"https:\/\/santbult.es\/wp-content\/uploads\/2023\/04\/DSC03869-1024x768.jpg\" alt=\"\" loading=\"lazy\" srcset=\"https:\/\/santbult.es\/wp-content\/uploads\/2023\/04\/DSC03869-1024x768.jpg 1024w, https:\/\/santbult.es\/wp-content\/uploads\/2023\/04\/DSC03869-300x225.jpg 300w, https:\/\/santbult.es\/wp-content\/uploads\/2023\/04\/DSC03869-768x576.jpg 768w, https:\/\/santbult.es\/wp-content\/uploads\/2023\/04\/DSC03869.jpg 1066w\" sizes=\"auto, (max-width: 843px) 100vw, 843px\"><br \/>\n<img decoding=\"async\" width=\"843\" height=\"632\" src=\"https:\/\/santbult.es\/wp-content\/uploads\/2023\/04\/DSC04114-1024x768.jpg\" alt=\"\" loading=\"lazy\" srcset=\"https:\/\/santbult.es\/wp-content\/uploads\/2023\/04\/DSC04114-1024x768.jpg 1024w, https:\/\/santbult.es\/wp-content\/uploads\/2023\/04\/DSC04114-300x225.jpg 300w, https:\/\/santbult.es\/wp-content\/uploads\/2023\/04\/DSC04114-768x576.jpg 768w, https:\/\/santbult.es\/wp-content\/uploads\/2023\/04\/DSC04114.jpg 1066w\" sizes=\"auto, (max-width: 843px) 100vw, 843px\"><br \/>\n<img decoding=\"async\" width=\"843\" height=\"632\" src=\"https:\/\/santbult.es\/wp-content\/uploads\/2023\/04\/DSC04122-1024x768.jpg\" alt=\"\" loading=\"lazy\" srcset=\"https:\/\/santbult.es\/wp-content\/uploads\/2023\/04\/DSC04122-1024x768.jpg 1024w, https:\/\/santbult.es\/wp-content\/uploads\/2023\/04\/DSC04122-300x225.jpg 300w, https:\/\/santbult.es\/wp-content\/uploads\/2023\/04\/DSC04122-768x576.jpg 768w, https:\/\/santbult.es\/wp-content\/uploads\/2023\/04\/DSC04122.jpg 1066w\" sizes=\"auto, (max-width: 843px) 100vw, 843px\"><br \/>\n<img decoding=\"async\" width=\"843\" height=\"632\" src=\"https:\/\/santbult.es\/wp-content\/uploads\/2023\/04\/DSC04177-1024x768.jpg\" alt=\"\" loading=\"lazy\" srcset=\"https:\/\/santbult.es\/wp-content\/uploads\/2023\/04\/DSC04177-1024x768.jpg 1024w, https:\/\/santbult.es\/wp-content\/uploads\/2023\/04\/DSC04177-300x225.jpg 300w, https:\/\/santbult.es\/wp-content\/uploads\/2023\/04\/DSC04177-768x576.jpg 768w, https:\/\/santbult.es\/wp-content\/uploads\/2023\/04\/DSC04177.jpg 1066w\" sizes=\"auto, (max-width: 843px) 100vw, 843px\"><br \/>\n<img decoding=\"async\" width=\"843\" height=\"632\" src=\"https:\/\/santbult.es\/wp-content\/uploads\/2023\/04\/DSC04206-1024x768.jpg\" alt=\"\" loading=\"lazy\" srcset=\"https:\/\/santbult.es\/wp-content\/uploads\/2023\/04\/DSC04206-1024x768.jpg 1024w, https:\/\/santbult.es\/wp-content\/uploads\/2023\/04\/DSC04206-300x225.jpg 300w, https:\/\/santbult.es\/wp-content\/uploads\/2023\/04\/DSC04206-768x576.jpg 768w, https:\/\/santbult.es\/wp-content\/uploads\/2023\/04\/DSC04206.jpg 1066w\" sizes=\"auto, (max-width: 843px) 100vw, 843px\"><br \/>\n<img decoding=\"async\" width=\"843\" height=\"632\" src=\"https:\/\/santbult.es\/wp-content\/uploads\/2023\/04\/DSC04213-1024x768.jpg\" alt=\"\" loading=\"lazy\" srcset=\"https:\/\/santbult.es\/wp-content\/uploads\/2023\/04\/DSC04213-1024x768.jpg 1024w, https:\/\/santbult.es\/wp-content\/uploads\/2023\/04\/DSC04213-300x225.jpg 300w, https:\/\/santbult.es\/wp-content\/uploads\/2023\/04\/DSC04213-768x576.jpg 768w, https:\/\/santbult.es\/wp-content\/uploads\/2023\/04\/DSC04213.jpg 1066w\" sizes=\"auto, (max-width: 843px) 100vw, 843px\"><\/p>\n<p>Pots vore el nostre \u00e0lbum complet en el perfil de Facebook <a href=\"https:\/\/www.facebook.com\/santbult\/posts\/604227071749195\" target=\"_blank\" rel=\"noopener\"><strong>FESTIVIDAD DE SANT BULT<\/strong><\/a><\/p>\n","protected":false},"excerpt":{"rendered":"<p>Aplegat el m\u00e9s d&#8217;abril, comen\u00e7a la semana santa marinera 2023. Enguany \u00e9s el XX aniversari que l&#8217;image del Crist de Sant Bult, procesiona pels carrers&hellip;<\/p>\n","protected":false},"author":1,"featured_media":10392,"comment_status":"closed","ping_status":"closed","sticky":false,"template":"","format":"standard","meta":{"footnotes":""},"categories":[177,493,352],"tags":[],"class_list":["post-10418","post","type-post","status-publish","format-standard","has-post-thumbnail","hentry","category-archiu-historic","category-inici","category-raco-personal"],"yoast_head":"<!-- This site is optimized with the Yoast SEO Premium plugin v24.8 (Yoast SEO v27.4) - https:\/\/yoast.com\/product\/yoast-seo-premium-wordpress\/ -->\n<title>Semana Santa Marinera 2023 - Festes de Sant Bult \u2013 La Xerea<\/title>\n<meta name=\"description\" content=\"SANT BULT | El Crist de Sant Bult junt a la Real Germandat de Jes\u00fas en la Creu, procesionan pels carrers del Cabanyal. Semana Santa Marinera 23\" \/>\n<meta name=\"robots\" content=\"index, follow, max-snippet:-1, max-image-preview:large, max-video-preview:-1\" \/>\n<link rel=\"canonical\" href=\"https:\/\/santbult.es\/va\/semana-santa-marinera-23\/\" \/>\n<meta property=\"og:locale\" content=\"en_US\" \/>\n<meta property=\"og:type\" content=\"article\" \/>\n<meta property=\"og:title\" content=\"Semana Santa Marinera 2023\" \/>\n<meta property=\"og:description\" content=\"SANT BULT | El Crist de Sant Bult junt a la Real Germandat de Jes\u00fas en la Creu, procesionan pels carrers del Cabanyal. Semana Santa Marinera 23\" \/>\n<meta property=\"og:url\" content=\"https:\/\/santbult.es\/va\/semana-santa-marinera-23\/\" \/>\n<meta property=\"og:site_name\" content=\"Festes de Sant Bult \u2013 La Xerea\" \/>\n<meta property=\"article:publisher\" content=\"https:\/\/www.facebook.com\/santbult\" \/>\n<meta property=\"article:published_time\" content=\"2023-04-06T12:53:31+00:00\" \/>\n<meta property=\"article:modified_time\" content=\"2023-11-29T21:01:03+00:00\" \/>\n<meta property=\"og:image\" content=\"https:\/\/santbult.es\/wp-content\/uploads\/2023\/04\/DSC03866.jpg\" \/>\n\t<meta property=\"og:image:width\" content=\"1066\" \/>\n\t<meta property=\"og:image:height\" content=\"800\" \/>\n\t<meta property=\"og:image:type\" content=\"image\/jpeg\" \/>\n<meta name=\"author\" content=\"santbult\" \/>\n<meta name=\"twitter:card\" content=\"summary_large_image\" \/>\n<meta name=\"twitter:description\" content=\"SANT BULT | El Crist de Sant Bult junt a la Real Germandat de Jes\u00fas en la Creu, procesionan pels carrers del Cabanyal. Semana Santa Marinera 23\" \/>\n<meta name=\"twitter:creator\" content=\"@sant_bult\" \/>\n<meta name=\"twitter:site\" content=\"@sant_bult\" \/>\n<meta name=\"twitter:label1\" content=\"Written by\" \/>\n\t<meta name=\"twitter:data1\" content=\"santbult\" \/>\n\t<meta name=\"twitter:label2\" content=\"Est. reading time\" \/>\n\t<meta name=\"twitter:data2\" content=\"5 minutes\" \/>\n<script type=\"application\/ld+json\" class=\"yoast-schema-graph\">{\"@context\":\"https:\\\/\\\/schema.org\",\"@graph\":[{\"@type\":\"Article\",\"@id\":\"https:\\\/\\\/santbult.es\\\/va\\\/semana-santa-marinera-23\\\/#article\",\"isPartOf\":{\"@id\":\"https:\\\/\\\/santbult.es\\\/va\\\/semana-santa-marinera-23\\\/\"},\"author\":{\"name\":\"santbult\",\"@id\":\"https:\\\/\\\/santbult.es\\\/#\\\/schema\\\/person\\\/a2291a6450b44bc876c6fe81b146f15d\"},\"headline\":\"Semana Santa Marinera 2023\",\"datePublished\":\"2023-04-06T12:53:31+00:00\",\"dateModified\":\"2023-11-29T21:01:03+00:00\",\"mainEntityOfPage\":{\"@id\":\"https:\\\/\\\/santbult.es\\\/va\\\/semana-santa-marinera-23\\\/\"},\"wordCount\":456,\"publisher\":{\"@id\":\"https:\\\/\\\/santbult.es\\\/#organization\"},\"image\":{\"@id\":\"https:\\\/\\\/santbult.es\\\/va\\\/semana-santa-marinera-23\\\/#primaryimage\"},\"thumbnailUrl\":\"https:\\\/\\\/santbult.es\\\/wp-content\\\/uploads\\\/2023\\\/04\\\/DSC03866.jpg\",\"articleSection\":[\"Archiu Hist\u00f2ric\",\"Inici\",\"Rac\u00f3 Personal\"],\"inLanguage\":\"val\"},{\"@type\":\"WebPage\",\"@id\":\"https:\\\/\\\/santbult.es\\\/va\\\/semana-santa-marinera-23\\\/\",\"url\":\"https:\\\/\\\/santbult.es\\\/va\\\/semana-santa-marinera-23\\\/\",\"name\":\"Semana Santa Marinera 2023 - Festes de Sant Bult \u2013 La Xerea\",\"isPartOf\":{\"@id\":\"https:\\\/\\\/santbult.es\\\/#website\"},\"primaryImageOfPage\":{\"@id\":\"https:\\\/\\\/santbult.es\\\/va\\\/semana-santa-marinera-23\\\/#primaryimage\"},\"image\":{\"@id\":\"https:\\\/\\\/santbult.es\\\/va\\\/semana-santa-marinera-23\\\/#primaryimage\"},\"thumbnailUrl\":\"https:\\\/\\\/santbult.es\\\/wp-content\\\/uploads\\\/2023\\\/04\\\/DSC03866.jpg\",\"datePublished\":\"2023-04-06T12:53:31+00:00\",\"dateModified\":\"2023-11-29T21:01:03+00:00\",\"description\":\"SANT BULT | El Crist de Sant Bult junt a la Real Germandat de Jes\u00fas en la Creu, procesionan pels carrers del Cabanyal. Semana Santa Marinera 23\",\"breadcrumb\":{\"@id\":\"https:\\\/\\\/santbult.es\\\/va\\\/semana-santa-marinera-23\\\/#breadcrumb\"},\"inLanguage\":\"val\",\"potentialAction\":[{\"@type\":\"ReadAction\",\"target\":[\"https:\\\/\\\/santbult.es\\\/va\\\/semana-santa-marinera-23\\\/\"]}]},{\"@type\":\"ImageObject\",\"inLanguage\":\"val\",\"@id\":\"https:\\\/\\\/santbult.es\\\/va\\\/semana-santa-marinera-23\\\/#primaryimage\",\"url\":\"https:\\\/\\\/santbult.es\\\/wp-content\\\/uploads\\\/2023\\\/04\\\/DSC03866.jpg\",\"contentUrl\":\"https:\\\/\\\/santbult.es\\\/wp-content\\\/uploads\\\/2023\\\/04\\\/DSC03866.jpg\",\"width\":1066,\"height\":800},{\"@type\":\"BreadcrumbList\",\"@id\":\"https:\\\/\\\/santbult.es\\\/va\\\/semana-santa-marinera-23\\\/#breadcrumb\",\"itemListElement\":[{\"@type\":\"ListItem\",\"position\":1,\"name\":\"Inici\",\"item\":\"https:\\\/\\\/santbult.es\\\/va\\\/category\\\/inici\\\/\"},{\"@type\":\"ListItem\",\"position\":2,\"name\":\"Semana Santa Marinera 2023\"}]},{\"@type\":\"WebSite\",\"@id\":\"https:\\\/\\\/santbult.es\\\/#website\",\"url\":\"https:\\\/\\\/santbult.es\\\/\",\"name\":\"Festes de Sant Bult \u2013 La Xerea\",\"description\":\"B\u00e9 Rellev\u00e0ncia Local Immaterial\",\"publisher\":{\"@id\":\"https:\\\/\\\/santbult.es\\\/#organization\"},\"potentialAction\":[{\"@type\":\"SearchAction\",\"target\":{\"@type\":\"EntryPoint\",\"urlTemplate\":\"https:\\\/\\\/santbult.es\\\/?s={search_term_string}\"},\"query-input\":{\"@type\":\"PropertyValueSpecification\",\"valueRequired\":true,\"valueName\":\"search_term_string\"}}],\"inLanguage\":\"val\"},{\"@type\":\"Organization\",\"@id\":\"https:\\\/\\\/santbult.es\\\/#organization\",\"name\":\"Sant Bult\",\"url\":\"https:\\\/\\\/santbult.es\\\/\",\"logo\":{\"@type\":\"ImageObject\",\"inLanguage\":\"val\",\"@id\":\"https:\\\/\\\/santbult.es\\\/#\\\/schema\\\/logo\\\/image\\\/\",\"url\":\"https:\\\/\\\/santbult.es\\\/wp-content\\\/uploads\\\/2019\\\/04\\\/mini-sant-bult.png\",\"contentUrl\":\"https:\\\/\\\/santbult.es\\\/wp-content\\\/uploads\\\/2019\\\/04\\\/mini-sant-bult.png\",\"width\":330,\"height\":330,\"caption\":\"Sant Bult\"},\"image\":{\"@id\":\"https:\\\/\\\/santbult.es\\\/#\\\/schema\\\/logo\\\/image\\\/\"},\"sameAs\":[\"https:\\\/\\\/www.facebook.com\\\/santbult\",\"https:\\\/\\\/x.com\\\/sant_bult\",\"https:\\\/\\\/www.instagram.com\\\/sant_bult\\\/\",\"https:\\\/\\\/www.youtube.com\\\/channel\\\/UCViTQedoyMvyMj-pAq4doMA\"]},{\"@type\":\"Person\",\"@id\":\"https:\\\/\\\/santbult.es\\\/#\\\/schema\\\/person\\\/a2291a6450b44bc876c6fe81b146f15d\",\"name\":\"santbult\",\"image\":{\"@type\":\"ImageObject\",\"inLanguage\":\"val\",\"@id\":\"https:\\\/\\\/secure.gravatar.com\\\/avatar\\\/946e8694005d0bd75998ba9f0cf5ce2939c3dc003df972082147d2a625f3837d?s=96&d=mm&r=g\",\"url\":\"https:\\\/\\\/secure.gravatar.com\\\/avatar\\\/946e8694005d0bd75998ba9f0cf5ce2939c3dc003df972082147d2a625f3837d?s=96&d=mm&r=g\",\"contentUrl\":\"https:\\\/\\\/secure.gravatar.com\\\/avatar\\\/946e8694005d0bd75998ba9f0cf5ce2939c3dc003df972082147d2a625f3837d?s=96&d=mm&r=g\",\"caption\":\"santbult\"},\"sameAs\":[\"https:\\\/\\\/santbult.es\"]}]}<\/script>\n<!-- \/ Yoast SEO Premium plugin. -->","yoast_head_json":{"title":"Semana Santa Marinera 2023 - Festes de Sant Bult \u2013 La Xerea","description":"SANT BULT | El Crist de Sant Bult junt a la Real Germandat de Jes\u00fas en la Creu, procesionan pels carrers del Cabanyal. Semana Santa Marinera 23","robots":{"index":"index","follow":"follow","max-snippet":"max-snippet:-1","max-image-preview":"max-image-preview:large","max-video-preview":"max-video-preview:-1"},"canonical":"https:\/\/santbult.es\/va\/semana-santa-marinera-23\/","og_locale":"en_US","og_type":"article","og_title":"Semana Santa Marinera 2023","og_description":"SANT BULT | El Crist de Sant Bult junt a la Real Germandat de Jes\u00fas en la Creu, procesionan pels carrers del Cabanyal. Semana Santa Marinera 23","og_url":"https:\/\/santbult.es\/va\/semana-santa-marinera-23\/","og_site_name":"Festes de Sant Bult \u2013 La Xerea","article_publisher":"https:\/\/www.facebook.com\/santbult","article_published_time":"2023-04-06T12:53:31+00:00","article_modified_time":"2023-11-29T21:01:03+00:00","og_image":[{"width":1066,"height":800,"url":"https:\/\/santbult.es\/wp-content\/uploads\/2023\/04\/DSC03866.jpg","type":"image\/jpeg"}],"author":"santbult","twitter_card":"summary_large_image","twitter_description":"SANT BULT | El Crist de Sant Bult junt a la Real Germandat de Jes\u00fas en la Creu, procesionan pels carrers del Cabanyal. Semana Santa Marinera 23","twitter_creator":"@sant_bult","twitter_site":"@sant_bult","twitter_misc":{"Written by":"santbult","Est. reading time":"5 minutes"},"schema":{"@context":"https:\/\/schema.org","@graph":[{"@type":"Article","@id":"https:\/\/santbult.es\/va\/semana-santa-marinera-23\/#article","isPartOf":{"@id":"https:\/\/santbult.es\/va\/semana-santa-marinera-23\/"},"author":{"name":"santbult","@id":"https:\/\/santbult.es\/#\/schema\/person\/a2291a6450b44bc876c6fe81b146f15d"},"headline":"Semana Santa Marinera 2023","datePublished":"2023-04-06T12:53:31+00:00","dateModified":"2023-11-29T21:01:03+00:00","mainEntityOfPage":{"@id":"https:\/\/santbult.es\/va\/semana-santa-marinera-23\/"},"wordCount":456,"publisher":{"@id":"https:\/\/santbult.es\/#organization"},"image":{"@id":"https:\/\/santbult.es\/va\/semana-santa-marinera-23\/#primaryimage"},"thumbnailUrl":"https:\/\/santbult.es\/wp-content\/uploads\/2023\/04\/DSC03866.jpg","articleSection":["Archiu Hist\u00f2ric","Inici","Rac\u00f3 Personal"],"inLanguage":"val"},{"@type":"WebPage","@id":"https:\/\/santbult.es\/va\/semana-santa-marinera-23\/","url":"https:\/\/santbult.es\/va\/semana-santa-marinera-23\/","name":"Semana Santa Marinera 2023 - Festes de Sant Bult \u2013 La Xerea","isPartOf":{"@id":"https:\/\/santbult.es\/#website"},"primaryImageOfPage":{"@id":"https:\/\/santbult.es\/va\/semana-santa-marinera-23\/#primaryimage"},"image":{"@id":"https:\/\/santbult.es\/va\/semana-santa-marinera-23\/#primaryimage"},"thumbnailUrl":"https:\/\/santbult.es\/wp-content\/uploads\/2023\/04\/DSC03866.jpg","datePublished":"2023-04-06T12:53:31+00:00","dateModified":"2023-11-29T21:01:03+00:00","description":"SANT BULT | El Crist de Sant Bult junt a la Real Germandat de Jes\u00fas en la Creu, procesionan pels carrers del Cabanyal. Semana Santa Marinera 23","breadcrumb":{"@id":"https:\/\/santbult.es\/va\/semana-santa-marinera-23\/#breadcrumb"},"inLanguage":"val","potentialAction":[{"@type":"ReadAction","target":["https:\/\/santbult.es\/va\/semana-santa-marinera-23\/"]}]},{"@type":"ImageObject","inLanguage":"val","@id":"https:\/\/santbult.es\/va\/semana-santa-marinera-23\/#primaryimage","url":"https:\/\/santbult.es\/wp-content\/uploads\/2023\/04\/DSC03866.jpg","contentUrl":"https:\/\/santbult.es\/wp-content\/uploads\/2023\/04\/DSC03866.jpg","width":1066,"height":800},{"@type":"BreadcrumbList","@id":"https:\/\/santbult.es\/va\/semana-santa-marinera-23\/#breadcrumb","itemListElement":[{"@type":"ListItem","position":1,"name":"Inici","item":"https:\/\/santbult.es\/va\/category\/inici\/"},{"@type":"ListItem","position":2,"name":"Semana Santa Marinera 2023"}]},{"@type":"WebSite","@id":"https:\/\/santbult.es\/#website","url":"https:\/\/santbult.es\/","name":"Festes de Sant Bult \u2013 La Xerea","description":"B\u00e9 Rellev\u00e0ncia Local Immaterial","publisher":{"@id":"https:\/\/santbult.es\/#organization"},"potentialAction":[{"@type":"SearchAction","target":{"@type":"EntryPoint","urlTemplate":"https:\/\/santbult.es\/?s={search_term_string}"},"query-input":{"@type":"PropertyValueSpecification","valueRequired":true,"valueName":"search_term_string"}}],"inLanguage":"val"},{"@type":"Organization","@id":"https:\/\/santbult.es\/#organization","name":"Sant Bult","url":"https:\/\/santbult.es\/","logo":{"@type":"ImageObject","inLanguage":"val","@id":"https:\/\/santbult.es\/#\/schema\/logo\/image\/","url":"https:\/\/santbult.es\/wp-content\/uploads\/2019\/04\/mini-sant-bult.png","contentUrl":"https:\/\/santbult.es\/wp-content\/uploads\/2019\/04\/mini-sant-bult.png","width":330,"height":330,"caption":"Sant Bult"},"image":{"@id":"https:\/\/santbult.es\/#\/schema\/logo\/image\/"},"sameAs":["https:\/\/www.facebook.com\/santbult","https:\/\/x.com\/sant_bult","https:\/\/www.instagram.com\/sant_bult\/","https:\/\/www.youtube.com\/channel\/UCViTQedoyMvyMj-pAq4doMA"]},{"@type":"Person","@id":"https:\/\/santbult.es\/#\/schema\/person\/a2291a6450b44bc876c6fe81b146f15d","name":"santbult","image":{"@type":"ImageObject","inLanguage":"val","@id":"https:\/\/secure.gravatar.com\/avatar\/946e8694005d0bd75998ba9f0cf5ce2939c3dc003df972082147d2a625f3837d?s=96&d=mm&r=g","url":"https:\/\/secure.gravatar.com\/avatar\/946e8694005d0bd75998ba9f0cf5ce2939c3dc003df972082147d2a625f3837d?s=96&d=mm&r=g","contentUrl":"https:\/\/secure.gravatar.com\/avatar\/946e8694005d0bd75998ba9f0cf5ce2939c3dc003df972082147d2a625f3837d?s=96&d=mm&r=g","caption":"santbult"},"sameAs":["https:\/\/santbult.es"]}]}},"_links":{"self":[{"href":"https:\/\/santbult.es\/va\/wp-json\/wp\/v2\/posts\/10418","targetHints":{"allow":["GET"]}}],"collection":[{"href":"https:\/\/santbult.es\/va\/wp-json\/wp\/v2\/posts"}],"about":[{"href":"https:\/\/santbult.es\/va\/wp-json\/wp\/v2\/types\/post"}],"author":[{"embeddable":true,"href":"https:\/\/santbult.es\/va\/wp-json\/wp\/v2\/users\/1"}],"replies":[{"embeddable":true,"href":"https:\/\/santbult.es\/va\/wp-json\/wp\/v2\/comments?post=10418"}],"version-history":[{"count":1,"href":"https:\/\/santbult.es\/va\/wp-json\/wp\/v2\/posts\/10418\/revisions"}],"predecessor-version":[{"id":13104,"href":"https:\/\/santbult.es\/va\/wp-json\/wp\/v2\/posts\/10418\/revisions\/13104"}],"wp:featuredmedia":[{"embeddable":true,"href":"https:\/\/santbult.es\/va\/wp-json\/wp\/v2\/media\/10392"}],"wp:attachment":[{"href":"https:\/\/santbult.es\/va\/wp-json\/wp\/v2\/media?parent=10418"}],"wp:term":[{"taxonomy":"category","embeddable":true,"href":"https:\/\/santbult.es\/va\/wp-json\/wp\/v2\/categories?post=10418"},{"taxonomy":"post_tag","embeddable":true,"href":"https:\/\/santbult.es\/va\/wp-json\/wp\/v2\/tags?post=10418"}],"curies":[{"name":"wp","href":"https:\/\/api.w.org\/{rel}","templated":true}]}}