{"id":10304,"date":"2023-03-26T16:40:48","date_gmt":"2023-03-26T14:40:48","guid":{"rendered":"https:\/\/santbult.es\/?p=10304"},"modified":"2023-11-29T22:01:07","modified_gmt":"2023-11-29T21:01:07","slug":"guardo-br","status":"publish","type":"post","link":"https:\/\/santbult.es\/va\/guardo-br\/","title":{"rendered":"Guard\u00f3 BRL Festa Sant Bult"},"content":{"rendered":"<p><img decoding=\"async\" width=\"768\" height=\"1023\" src=\"https:\/\/santbult.es\/wp-content\/uploads\/2023\/03\/IMG_20230325_182051-768x1023.jpg\" alt=\"\" loading=\"lazy\" srcset=\"https:\/\/santbult.es\/wp-content\/uploads\/2023\/03\/IMG_20230325_182051-768x1023.jpg 768w, https:\/\/santbult.es\/wp-content\/uploads\/2023\/03\/IMG_20230325_182051-225x300.jpg 225w, https:\/\/santbult.es\/wp-content\/uploads\/2023\/03\/IMG_20230325_182051-769x1024.jpg 769w, https:\/\/santbult.es\/wp-content\/uploads\/2023\/03\/IMG_20230325_182051-1153x1536.jpg 1153w, https:\/\/santbult.es\/wp-content\/uploads\/2023\/03\/IMG_20230325_182051-1538x2048.jpg 1538w, https:\/\/santbult.es\/wp-content\/uploads\/2023\/03\/IMG_20230325_182051-scaled.jpg 1922w\" sizes=\"auto, (max-width: 768px) 100vw, 768px\" \/>\t\t\t\t\t\t\t\t\t\t\t\t\t\t<\/p>\n<p>En la vesprada del disabte 25 de mar\u00e7 de 2023, va tenir lloc en la Llar &#8211; Escola Sant Bult, la celebraci\u00f3 del Guard\u00f3 de la Festa de Sant Bult com a B\u00e9 de Rellevancia Local Immaterial.<\/p>\n<p>Al acte van acodir en representaci\u00f3 de la Generalitat Valenciana: <strong>D. Ximo L\u00f3pez Camps<\/strong> com a Secretari Auton\u00f3mic de Cultura i Deport. Per part del Ajuntament de Val\u00e9ncia, acodiren: <strong>D. Pere Fuset Tortosa<\/strong> en Representaci\u00f3 del Alcalde D. Joan Rib\u00f3 i <strong>Srta. Nuria Llopis Borrego<\/strong> en Representaci\u00f3 de D\u00f1a. Sandra G\u00f3mez.<\/p>\n<p>\t\t\t\t\t\t\t\t\t\t\t\t<img decoding=\"async\" width=\"843\" height=\"632\" src=\"https:\/\/santbult.es\/wp-content\/uploads\/2023\/03\/DSC03610-1024x768.jpg\" alt=\"\" loading=\"lazy\" srcset=\"https:\/\/santbult.es\/wp-content\/uploads\/2023\/03\/DSC03610-1024x768.jpg 1024w, https:\/\/santbult.es\/wp-content\/uploads\/2023\/03\/DSC03610-300x225.jpg 300w, https:\/\/santbult.es\/wp-content\/uploads\/2023\/03\/DSC03610-768x576.jpg 768w, https:\/\/santbult.es\/wp-content\/uploads\/2023\/03\/DSC03610-1536x1152.jpg 1536w, https:\/\/santbult.es\/wp-content\/uploads\/2023\/03\/DSC03610-2048x1536.jpg 2048w\" sizes=\"auto, (max-width: 843px) 100vw, 843px\" \/><br \/>\n\t\t\t\t\t\t\t\t\t\t\t\t<img decoding=\"async\" width=\"843\" height=\"632\" src=\"https:\/\/santbult.es\/wp-content\/uploads\/2023\/03\/DSC03681-1024x768.jpg\" alt=\"\" loading=\"lazy\" srcset=\"https:\/\/santbult.es\/wp-content\/uploads\/2023\/03\/DSC03681-1024x768.jpg 1024w, https:\/\/santbult.es\/wp-content\/uploads\/2023\/03\/DSC03681-300x225.jpg 300w, https:\/\/santbult.es\/wp-content\/uploads\/2023\/03\/DSC03681-768x576.jpg 768w, https:\/\/santbult.es\/wp-content\/uploads\/2023\/03\/DSC03681-1536x1152.jpg 1536w, https:\/\/santbult.es\/wp-content\/uploads\/2023\/03\/DSC03681-2048x1536.jpg 2048w\" sizes=\"auto, (max-width: 843px) 100vw, 843px\" \/>\t\t\t\t\t\t\t\t\t\t\t\t\t\t<\/p>\n<p>Previ al acte pel Guard\u00f3 obtingut, des de la Junta Directiva de Sant Bult, se va voler fer un homenatje d&#8217;agra\u00efment al President de les Festes de Sant Bult durant estos 25 anys (1998 a 2023), a D. Antonio Bellido Lapiedra.<\/p>\n<p>Els asistents van poder agra\u00efr la trajectoria en estos anys fent particep a D. Antonio Bellido a escoltar i posteriorment agra\u00efr cada una de las mostres de carinyo rebudes sempre. La Presidenta de Sant Bult\u00a0 D\u00f1a. Paula Bellido, va ser l&#8217;encarregada de llegir el manifiest dels logros obtinguts en la Festa de Sant Bult en 2017 y en 2023, llegint tamb\u00e9 la signatura en el llibre d&#8217;honor de Sant Bult, per part de D. Antonio Bellido.<\/p>\n<p>Agra\u00efm a tots els que van aceptar acudir a este acte tan important per a la Festa de Sant Bult. Vam obrir les portes de la nova seu social de Sant Bult fa uns messos i gr\u00e0cies a la Rehabilitaci\u00f3 Integral de l&#8217;edifici, la vesprada del disabte se va poder oferir un acto en el ens van unir amics i ve\u00eens de la Xerea, en torn a l&#8217;Image de Sant Bult.<\/p>\n<p>\t\t\t\t\t\t\t\t\t\t\t\t<img decoding=\"async\" width=\"843\" height=\"632\" src=\"https:\/\/santbult.es\/wp-content\/uploads\/2023\/03\/DSC03617-1024x768.jpg\" alt=\"\" loading=\"lazy\" srcset=\"https:\/\/santbult.es\/wp-content\/uploads\/2023\/03\/DSC03617-1024x768.jpg 1024w, https:\/\/santbult.es\/wp-content\/uploads\/2023\/03\/DSC03617-300x225.jpg 300w, https:\/\/santbult.es\/wp-content\/uploads\/2023\/03\/DSC03617-768x576.jpg 768w, https:\/\/santbult.es\/wp-content\/uploads\/2023\/03\/DSC03617-1536x1152.jpg 1536w, https:\/\/santbult.es\/wp-content\/uploads\/2023\/03\/DSC03617-2048x1536.jpg 2048w\" sizes=\"auto, (max-width: 843px) 100vw, 843px\" \/><br \/>\n\t\t\t\t\t\t\t\t\t\t\t\t<img decoding=\"async\" width=\"843\" height=\"632\" src=\"https:\/\/santbult.es\/wp-content\/uploads\/2023\/03\/DSC03611-1024x768.jpg\" alt=\"\" loading=\"lazy\" srcset=\"https:\/\/santbult.es\/wp-content\/uploads\/2023\/03\/DSC03611-1024x768.jpg 1024w, https:\/\/santbult.es\/wp-content\/uploads\/2023\/03\/DSC03611-300x225.jpg 300w, https:\/\/santbult.es\/wp-content\/uploads\/2023\/03\/DSC03611-768x576.jpg 768w, https:\/\/santbult.es\/wp-content\/uploads\/2023\/03\/DSC03611-1536x1152.jpg 1536w, https:\/\/santbult.es\/wp-content\/uploads\/2023\/03\/DSC03611-2048x1536.jpg 2048w\" sizes=\"auto, (max-width: 843px) 100vw, 843px\" \/><br \/>\n\t\t\t\t\t\t\t\t\t\t\t\t<img decoding=\"async\" width=\"843\" height=\"632\" src=\"https:\/\/santbult.es\/wp-content\/uploads\/2023\/03\/DSC03623-1024x768.jpg\" alt=\"\" loading=\"lazy\" srcset=\"https:\/\/santbult.es\/wp-content\/uploads\/2023\/03\/DSC03623-1024x768.jpg 1024w, https:\/\/santbult.es\/wp-content\/uploads\/2023\/03\/DSC03623-300x225.jpg 300w, https:\/\/santbult.es\/wp-content\/uploads\/2023\/03\/DSC03623-768x576.jpg 768w, https:\/\/santbult.es\/wp-content\/uploads\/2023\/03\/DSC03623-1536x1152.jpg 1536w, https:\/\/santbult.es\/wp-content\/uploads\/2023\/03\/DSC03623-2048x1536.jpg 2048w\" sizes=\"auto, (max-width: 843px) 100vw, 843px\" \/><br \/>\n\t\t\t\t\t\t\t\t\t\t\t\t<img decoding=\"async\" width=\"843\" height=\"632\" src=\"https:\/\/santbult.es\/wp-content\/uploads\/2023\/03\/DSC03687-1024x768.jpg\" alt=\"\" loading=\"lazy\" srcset=\"https:\/\/santbult.es\/wp-content\/uploads\/2023\/03\/DSC03687-1024x768.jpg 1024w, https:\/\/santbult.es\/wp-content\/uploads\/2023\/03\/DSC03687-300x225.jpg 300w, https:\/\/santbult.es\/wp-content\/uploads\/2023\/03\/DSC03687-768x576.jpg 768w, https:\/\/santbult.es\/wp-content\/uploads\/2023\/03\/DSC03687-1536x1152.jpg 1536w, https:\/\/santbult.es\/wp-content\/uploads\/2023\/03\/DSC03687-2048x1536.jpg 2048w\" sizes=\"auto, (max-width: 843px) 100vw, 843px\" \/><\/p>\n","protected":false},"excerpt":{"rendered":"<p>En la vesprada del disabte 25 de mar\u00e7 de 2023, va tenir lloc en la Llar &#8211; Escola Sant Bult, la celebraci\u00f3 del Guard\u00f3 de&hellip;<\/p>\n","protected":false},"author":1,"featured_media":10294,"comment_status":"closed","ping_status":"closed","sticky":false,"template":"","format":"standard","meta":{"footnotes":""},"categories":[177,493,368,352],"tags":[],"class_list":["post-10304","post","type-post","status-publish","format-standard","has-post-thumbnail","hentry","category-archiu-historic","category-inici","category-projectes","category-raco-personal"],"yoast_head":"<!-- This site is optimized with the Yoast SEO Premium plugin v24.8 (Yoast SEO v27.4) - https:\/\/yoast.com\/product\/yoast-seo-premium-wordpress\/ -->\n<title>Guard\u00f3 BRL Festa Sant Bult - Festes de Sant Bult \u2013 La Xerea<\/title>\n<meta name=\"description\" content=\"SANT BULT | Guard\u00f3 BRL a la Festa de Sant Bult. Un acte de reconeixement al esfor\u00e7 i treball per mantenir la festa de Sant Bult\" \/>\n<meta name=\"robots\" content=\"index, follow, max-snippet:-1, max-image-preview:large, max-video-preview:-1\" \/>\n<link rel=\"canonical\" href=\"https:\/\/santbult.es\/va\/guardo-br\/\" \/>\n<meta property=\"og:locale\" content=\"en_US\" \/>\n<meta property=\"og:type\" content=\"article\" \/>\n<meta property=\"og:title\" content=\"Guard\u00f3 BRL Festa Sant Bult\" \/>\n<meta property=\"og:description\" content=\"SANT BULT | Guard\u00f3 BRL a la Festa de Sant Bult. Un acte de reconeixement al esfor\u00e7 i treball per mantenir la festa de Sant Bult\" \/>\n<meta property=\"og:url\" content=\"https:\/\/santbult.es\/va\/guardo-br\/\" \/>\n<meta property=\"og:site_name\" content=\"Festes de Sant Bult \u2013 La Xerea\" \/>\n<meta property=\"article:publisher\" content=\"https:\/\/www.facebook.com\/santbult\" \/>\n<meta property=\"article:published_time\" content=\"2023-03-26T14:40:48+00:00\" \/>\n<meta property=\"article:modified_time\" content=\"2023-11-29T21:01:07+00:00\" \/>\n<meta property=\"og:image\" content=\"https:\/\/santbult.es\/wp-content\/uploads\/2023\/03\/IMG_20230325_182051-scaled.jpg\" \/>\n\t<meta property=\"og:image:width\" content=\"1922\" \/>\n\t<meta property=\"og:image:height\" content=\"2560\" \/>\n\t<meta property=\"og:image:type\" content=\"image\/jpeg\" \/>\n<meta name=\"author\" content=\"santbult\" \/>\n<meta name=\"twitter:card\" content=\"summary_large_image\" \/>\n<meta name=\"twitter:description\" content=\"SANT BULT | Guard\u00f3 BRL a la Festa de Sant Bult. Un acte de reconeixement al esfor\u00e7 i treball per mantenir la festa de Sant Bult\" \/>\n<meta name=\"twitter:creator\" content=\"@sant_bult\" \/>\n<meta name=\"twitter:site\" content=\"@sant_bult\" \/>\n<meta name=\"twitter:label1\" content=\"Written by\" \/>\n\t<meta name=\"twitter:data1\" content=\"santbult\" \/>\n\t<meta name=\"twitter:label2\" content=\"Est. reading time\" \/>\n\t<meta name=\"twitter:data2\" content=\"3 minutes\" \/>\n<script type=\"application\/ld+json\" class=\"yoast-schema-graph\">{\"@context\":\"https:\\\/\\\/schema.org\",\"@graph\":[{\"@type\":\"Article\",\"@id\":\"https:\\\/\\\/santbult.es\\\/va\\\/guardo-br\\\/#article\",\"isPartOf\":{\"@id\":\"https:\\\/\\\/santbult.es\\\/va\\\/guardo-br\\\/\"},\"author\":{\"name\":\"santbult\",\"@id\":\"https:\\\/\\\/santbult.es\\\/#\\\/schema\\\/person\\\/a2291a6450b44bc876c6fe81b146f15d\"},\"headline\":\"Guard\u00f3 BRL Festa Sant Bult\",\"datePublished\":\"2023-03-26T14:40:48+00:00\",\"dateModified\":\"2023-11-29T21:01:07+00:00\",\"mainEntityOfPage\":{\"@id\":\"https:\\\/\\\/santbult.es\\\/va\\\/guardo-br\\\/\"},\"wordCount\":291,\"publisher\":{\"@id\":\"https:\\\/\\\/santbult.es\\\/#organization\"},\"image\":{\"@id\":\"https:\\\/\\\/santbult.es\\\/va\\\/guardo-br\\\/#primaryimage\"},\"thumbnailUrl\":\"https:\\\/\\\/santbult.es\\\/wp-content\\\/uploads\\\/2023\\\/03\\\/IMG_20230325_182051-scaled.jpg\",\"articleSection\":[\"Archiu Hist\u00f2ric\",\"Inici\",\"Projectes\",\"Rac\u00f3 Personal\"],\"inLanguage\":\"val\"},{\"@type\":\"WebPage\",\"@id\":\"https:\\\/\\\/santbult.es\\\/va\\\/guardo-br\\\/\",\"url\":\"https:\\\/\\\/santbult.es\\\/va\\\/guardo-br\\\/\",\"name\":\"Guard\u00f3 BRL Festa Sant Bult - Festes de Sant Bult \u2013 La Xerea\",\"isPartOf\":{\"@id\":\"https:\\\/\\\/santbult.es\\\/#website\"},\"primaryImageOfPage\":{\"@id\":\"https:\\\/\\\/santbult.es\\\/va\\\/guardo-br\\\/#primaryimage\"},\"image\":{\"@id\":\"https:\\\/\\\/santbult.es\\\/va\\\/guardo-br\\\/#primaryimage\"},\"thumbnailUrl\":\"https:\\\/\\\/santbult.es\\\/wp-content\\\/uploads\\\/2023\\\/03\\\/IMG_20230325_182051-scaled.jpg\",\"datePublished\":\"2023-03-26T14:40:48+00:00\",\"dateModified\":\"2023-11-29T21:01:07+00:00\",\"description\":\"SANT BULT | Guard\u00f3 BRL a la Festa de Sant Bult. Un acte de reconeixement al esfor\u00e7 i treball per mantenir la festa de Sant Bult\",\"breadcrumb\":{\"@id\":\"https:\\\/\\\/santbult.es\\\/va\\\/guardo-br\\\/#breadcrumb\"},\"inLanguage\":\"val\",\"potentialAction\":[{\"@type\":\"ReadAction\",\"target\":[\"https:\\\/\\\/santbult.es\\\/va\\\/guardo-br\\\/\"]}]},{\"@type\":\"ImageObject\",\"inLanguage\":\"val\",\"@id\":\"https:\\\/\\\/santbult.es\\\/va\\\/guardo-br\\\/#primaryimage\",\"url\":\"https:\\\/\\\/santbult.es\\\/wp-content\\\/uploads\\\/2023\\\/03\\\/IMG_20230325_182051-scaled.jpg\",\"contentUrl\":\"https:\\\/\\\/santbult.es\\\/wp-content\\\/uploads\\\/2023\\\/03\\\/IMG_20230325_182051-scaled.jpg\",\"width\":1922,\"height\":2560},{\"@type\":\"BreadcrumbList\",\"@id\":\"https:\\\/\\\/santbult.es\\\/va\\\/guardo-br\\\/#breadcrumb\",\"itemListElement\":[{\"@type\":\"ListItem\",\"position\":1,\"name\":\"Inici\",\"item\":\"https:\\\/\\\/santbult.es\\\/va\\\/category\\\/inici\\\/\"},{\"@type\":\"ListItem\",\"position\":2,\"name\":\"Guard\u00f3 BRL Festa Sant Bult\"}]},{\"@type\":\"WebSite\",\"@id\":\"https:\\\/\\\/santbult.es\\\/#website\",\"url\":\"https:\\\/\\\/santbult.es\\\/\",\"name\":\"Festes de Sant Bult \u2013 La Xerea\",\"description\":\"B\u00e9 Rellev\u00e0ncia Local Immaterial\",\"publisher\":{\"@id\":\"https:\\\/\\\/santbult.es\\\/#organization\"},\"potentialAction\":[{\"@type\":\"SearchAction\",\"target\":{\"@type\":\"EntryPoint\",\"urlTemplate\":\"https:\\\/\\\/santbult.es\\\/?s={search_term_string}\"},\"query-input\":{\"@type\":\"PropertyValueSpecification\",\"valueRequired\":true,\"valueName\":\"search_term_string\"}}],\"inLanguage\":\"val\"},{\"@type\":\"Organization\",\"@id\":\"https:\\\/\\\/santbult.es\\\/#organization\",\"name\":\"Sant Bult\",\"url\":\"https:\\\/\\\/santbult.es\\\/\",\"logo\":{\"@type\":\"ImageObject\",\"inLanguage\":\"val\",\"@id\":\"https:\\\/\\\/santbult.es\\\/#\\\/schema\\\/logo\\\/image\\\/\",\"url\":\"https:\\\/\\\/santbult.es\\\/wp-content\\\/uploads\\\/2019\\\/04\\\/mini-sant-bult.png\",\"contentUrl\":\"https:\\\/\\\/santbult.es\\\/wp-content\\\/uploads\\\/2019\\\/04\\\/mini-sant-bult.png\",\"width\":330,\"height\":330,\"caption\":\"Sant Bult\"},\"image\":{\"@id\":\"https:\\\/\\\/santbult.es\\\/#\\\/schema\\\/logo\\\/image\\\/\"},\"sameAs\":[\"https:\\\/\\\/www.facebook.com\\\/santbult\",\"https:\\\/\\\/x.com\\\/sant_bult\",\"https:\\\/\\\/www.instagram.com\\\/sant_bult\\\/\",\"https:\\\/\\\/www.youtube.com\\\/channel\\\/UCViTQedoyMvyMj-pAq4doMA\"]},{\"@type\":\"Person\",\"@id\":\"https:\\\/\\\/santbult.es\\\/#\\\/schema\\\/person\\\/a2291a6450b44bc876c6fe81b146f15d\",\"name\":\"santbult\",\"image\":{\"@type\":\"ImageObject\",\"inLanguage\":\"val\",\"@id\":\"https:\\\/\\\/secure.gravatar.com\\\/avatar\\\/946e8694005d0bd75998ba9f0cf5ce2939c3dc003df972082147d2a625f3837d?s=96&d=mm&r=g\",\"url\":\"https:\\\/\\\/secure.gravatar.com\\\/avatar\\\/946e8694005d0bd75998ba9f0cf5ce2939c3dc003df972082147d2a625f3837d?s=96&d=mm&r=g\",\"contentUrl\":\"https:\\\/\\\/secure.gravatar.com\\\/avatar\\\/946e8694005d0bd75998ba9f0cf5ce2939c3dc003df972082147d2a625f3837d?s=96&d=mm&r=g\",\"caption\":\"santbult\"},\"sameAs\":[\"https:\\\/\\\/santbult.es\"]}]}<\/script>\n<!-- \/ Yoast SEO Premium plugin. -->","yoast_head_json":{"title":"Guard\u00f3 BRL Festa Sant Bult - Festes de Sant Bult \u2013 La Xerea","description":"SANT BULT | Guard\u00f3 BRL a la Festa de Sant Bult. Un acte de reconeixement al esfor\u00e7 i treball per mantenir la festa de Sant Bult","robots":{"index":"index","follow":"follow","max-snippet":"max-snippet:-1","max-image-preview":"max-image-preview:large","max-video-preview":"max-video-preview:-1"},"canonical":"https:\/\/santbult.es\/va\/guardo-br\/","og_locale":"en_US","og_type":"article","og_title":"Guard\u00f3 BRL Festa Sant Bult","og_description":"SANT BULT | Guard\u00f3 BRL a la Festa de Sant Bult. Un acte de reconeixement al esfor\u00e7 i treball per mantenir la festa de Sant Bult","og_url":"https:\/\/santbult.es\/va\/guardo-br\/","og_site_name":"Festes de Sant Bult \u2013 La Xerea","article_publisher":"https:\/\/www.facebook.com\/santbult","article_published_time":"2023-03-26T14:40:48+00:00","article_modified_time":"2023-11-29T21:01:07+00:00","og_image":[{"width":1922,"height":2560,"url":"https:\/\/santbult.es\/wp-content\/uploads\/2023\/03\/IMG_20230325_182051-scaled.jpg","type":"image\/jpeg"}],"author":"santbult","twitter_card":"summary_large_image","twitter_description":"SANT BULT | Guard\u00f3 BRL a la Festa de Sant Bult. Un acte de reconeixement al esfor\u00e7 i treball per mantenir la festa de Sant Bult","twitter_creator":"@sant_bult","twitter_site":"@sant_bult","twitter_misc":{"Written by":"santbult","Est. reading time":"3 minutes"},"schema":{"@context":"https:\/\/schema.org","@graph":[{"@type":"Article","@id":"https:\/\/santbult.es\/va\/guardo-br\/#article","isPartOf":{"@id":"https:\/\/santbult.es\/va\/guardo-br\/"},"author":{"name":"santbult","@id":"https:\/\/santbult.es\/#\/schema\/person\/a2291a6450b44bc876c6fe81b146f15d"},"headline":"Guard\u00f3 BRL Festa Sant Bult","datePublished":"2023-03-26T14:40:48+00:00","dateModified":"2023-11-29T21:01:07+00:00","mainEntityOfPage":{"@id":"https:\/\/santbult.es\/va\/guardo-br\/"},"wordCount":291,"publisher":{"@id":"https:\/\/santbult.es\/#organization"},"image":{"@id":"https:\/\/santbult.es\/va\/guardo-br\/#primaryimage"},"thumbnailUrl":"https:\/\/santbult.es\/wp-content\/uploads\/2023\/03\/IMG_20230325_182051-scaled.jpg","articleSection":["Archiu Hist\u00f2ric","Inici","Projectes","Rac\u00f3 Personal"],"inLanguage":"val"},{"@type":"WebPage","@id":"https:\/\/santbult.es\/va\/guardo-br\/","url":"https:\/\/santbult.es\/va\/guardo-br\/","name":"Guard\u00f3 BRL Festa Sant Bult - Festes de Sant Bult \u2013 La Xerea","isPartOf":{"@id":"https:\/\/santbult.es\/#website"},"primaryImageOfPage":{"@id":"https:\/\/santbult.es\/va\/guardo-br\/#primaryimage"},"image":{"@id":"https:\/\/santbult.es\/va\/guardo-br\/#primaryimage"},"thumbnailUrl":"https:\/\/santbult.es\/wp-content\/uploads\/2023\/03\/IMG_20230325_182051-scaled.jpg","datePublished":"2023-03-26T14:40:48+00:00","dateModified":"2023-11-29T21:01:07+00:00","description":"SANT BULT | Guard\u00f3 BRL a la Festa de Sant Bult. Un acte de reconeixement al esfor\u00e7 i treball per mantenir la festa de Sant Bult","breadcrumb":{"@id":"https:\/\/santbult.es\/va\/guardo-br\/#breadcrumb"},"inLanguage":"val","potentialAction":[{"@type":"ReadAction","target":["https:\/\/santbult.es\/va\/guardo-br\/"]}]},{"@type":"ImageObject","inLanguage":"val","@id":"https:\/\/santbult.es\/va\/guardo-br\/#primaryimage","url":"https:\/\/santbult.es\/wp-content\/uploads\/2023\/03\/IMG_20230325_182051-scaled.jpg","contentUrl":"https:\/\/santbult.es\/wp-content\/uploads\/2023\/03\/IMG_20230325_182051-scaled.jpg","width":1922,"height":2560},{"@type":"BreadcrumbList","@id":"https:\/\/santbult.es\/va\/guardo-br\/#breadcrumb","itemListElement":[{"@type":"ListItem","position":1,"name":"Inici","item":"https:\/\/santbult.es\/va\/category\/inici\/"},{"@type":"ListItem","position":2,"name":"Guard\u00f3 BRL Festa Sant Bult"}]},{"@type":"WebSite","@id":"https:\/\/santbult.es\/#website","url":"https:\/\/santbult.es\/","name":"Festes de Sant Bult \u2013 La Xerea","description":"B\u00e9 Rellev\u00e0ncia Local Immaterial","publisher":{"@id":"https:\/\/santbult.es\/#organization"},"potentialAction":[{"@type":"SearchAction","target":{"@type":"EntryPoint","urlTemplate":"https:\/\/santbult.es\/?s={search_term_string}"},"query-input":{"@type":"PropertyValueSpecification","valueRequired":true,"valueName":"search_term_string"}}],"inLanguage":"val"},{"@type":"Organization","@id":"https:\/\/santbult.es\/#organization","name":"Sant Bult","url":"https:\/\/santbult.es\/","logo":{"@type":"ImageObject","inLanguage":"val","@id":"https:\/\/santbult.es\/#\/schema\/logo\/image\/","url":"https:\/\/santbult.es\/wp-content\/uploads\/2019\/04\/mini-sant-bult.png","contentUrl":"https:\/\/santbult.es\/wp-content\/uploads\/2019\/04\/mini-sant-bult.png","width":330,"height":330,"caption":"Sant Bult"},"image":{"@id":"https:\/\/santbult.es\/#\/schema\/logo\/image\/"},"sameAs":["https:\/\/www.facebook.com\/santbult","https:\/\/x.com\/sant_bult","https:\/\/www.instagram.com\/sant_bult\/","https:\/\/www.youtube.com\/channel\/UCViTQedoyMvyMj-pAq4doMA"]},{"@type":"Person","@id":"https:\/\/santbult.es\/#\/schema\/person\/a2291a6450b44bc876c6fe81b146f15d","name":"santbult","image":{"@type":"ImageObject","inLanguage":"val","@id":"https:\/\/secure.gravatar.com\/avatar\/946e8694005d0bd75998ba9f0cf5ce2939c3dc003df972082147d2a625f3837d?s=96&d=mm&r=g","url":"https:\/\/secure.gravatar.com\/avatar\/946e8694005d0bd75998ba9f0cf5ce2939c3dc003df972082147d2a625f3837d?s=96&d=mm&r=g","contentUrl":"https:\/\/secure.gravatar.com\/avatar\/946e8694005d0bd75998ba9f0cf5ce2939c3dc003df972082147d2a625f3837d?s=96&d=mm&r=g","caption":"santbult"},"sameAs":["https:\/\/santbult.es"]}]}},"_links":{"self":[{"href":"https:\/\/santbult.es\/va\/wp-json\/wp\/v2\/posts\/10304","targetHints":{"allow":["GET"]}}],"collection":[{"href":"https:\/\/santbult.es\/va\/wp-json\/wp\/v2\/posts"}],"about":[{"href":"https:\/\/santbult.es\/va\/wp-json\/wp\/v2\/types\/post"}],"author":[{"embeddable":true,"href":"https:\/\/santbult.es\/va\/wp-json\/wp\/v2\/users\/1"}],"replies":[{"embeddable":true,"href":"https:\/\/santbult.es\/va\/wp-json\/wp\/v2\/comments?post=10304"}],"version-history":[{"count":1,"href":"https:\/\/santbult.es\/va\/wp-json\/wp\/v2\/posts\/10304\/revisions"}],"predecessor-version":[{"id":13106,"href":"https:\/\/santbult.es\/va\/wp-json\/wp\/v2\/posts\/10304\/revisions\/13106"}],"wp:featuredmedia":[{"embeddable":true,"href":"https:\/\/santbult.es\/va\/wp-json\/wp\/v2\/media\/10294"}],"wp:attachment":[{"href":"https:\/\/santbult.es\/va\/wp-json\/wp\/v2\/media?parent=10304"}],"wp:term":[{"taxonomy":"category","embeddable":true,"href":"https:\/\/santbult.es\/va\/wp-json\/wp\/v2\/categories?post=10304"},{"taxonomy":"post_tag","embeddable":true,"href":"https:\/\/santbult.es\/va\/wp-json\/wp\/v2\/tags?post=10304"}],"curies":[{"name":"wp","href":"https:\/\/api.w.org\/{rel}","templated":true}]}}