{"id":10229,"date":"2023-03-08T10:02:00","date_gmt":"2023-03-08T09:02:00","guid":{"rendered":"https:\/\/santbult.es\/?p=10229"},"modified":"2025-06-26T19:15:08","modified_gmt":"2025-06-26T17:15:08","slug":"paula-bellido-suay-presidenta-festes-sant-bult","status":"publish","type":"post","link":"https:\/\/santbult.es\/va\/paula-bellido-suay-presidenta-festes-sant-bult\/","title":{"rendered":"Paula Bellido Suay, Presidenta Llar Escola Festes Sant Bult"},"content":{"rendered":"<div class=\"wpb-content-wrapper\"><p>[vc_row][vc_column][vc_separator color=&#8221;blue&#8221; align=&#8221;align_left&#8221; border_width=&#8221;2&#8243; el_width=&#8221;10&#8243;][\/vc_column][\/vc_row][vc_row content_placement=&#8221;middle&#8221;][vc_column width=&#8221;1\/2&#8243;][vc_single_image image=&#8221;10221&#8243; img_size=&#8221;full&#8221; alignment=&#8221;center&#8221;][\/vc_column][vc_column width=&#8221;1\/2&#8243;][vc_column_text]El passat 3 de febrer es va elegir per unanimitat la nova junta directiva de Sant Bult i el relleu en el c\u00e0rrec de presid\u00e8ncia de la Festa de Sant Bult. Despuix de molts anys en Antonio Bellido com a President de les Festes i havent conseguit concloure la Rehabilitaci\u00f3 de la Llar \u2013 Escola de Sant Bult, ha decidit donar un pas a les noves generacions de Sant Bult.<\/p>\n<p>Paula Bellido Suay, ha segut elegida la primera presidenta de la Llar \u2013 Escola de Sant Bult. Pertany a una fam\u00edlia que ha estat sempre vinculada a Sant Bult. Paula definix \u201c<em>Antonio Bellido l\u2019anterior president, ha segut el meu millor mestre i\u00a0 el meu major referent<\/em>\u201d. A partir d\u2019ara la nova presidenta de Sant Bult afronta en moltes ganes i ilusi\u00f3 este c\u00e0rrec per a donar continu\u00eftat a les Festes de Sant Bult. \u00c9s important mantindre les tradicions i Paula Bellido t\u00e9 posada la mirada en el futur de la Festa.<\/p>\n<p>En estos anys la festa de Sant Bult va ser declarada en 2017 Festa d\u2019Inter\u00e9s Tur\u00edstic Local de la Comunitat Valenciana i recent estrenat l\u2019any 2023 s\u2019ha conseguit el Guard\u00f3 de Be de Rellev\u00e0ncia Local Immaterial, un guard\u00f3 que demostra el bon treball per preservar una festa que du en els carrers de la Xerea celebrant-se des de l\u2019any de la conquista de la Ciutat de Val\u00e9ncia en 1238 i que un alba\u00f1il D. Manuel Navarro, don\u00f3 l\u2019Image de Sant Bult per a que tinguera unes festes com ben es mereixia i tot aix\u00f2 ha conseguit que se nos reconega entre moltes atres festes per part de la Generalitat Valenciana com a festa tradicional del barri de la Xerea.[\/vc_column_text][\/vc_column][\/vc_row][vc_row content_placement=&#8221;middle&#8221;][vc_column width=&#8221;1\/2&#8243;][vc_column_text]Els objectius que s\u2019ha marcat Paula Bellido com a nova presidenta de Sant Bult, \u00e9s continuar en la llabor de difusi\u00f3 de la Festa, intentar que aquelles persones que desconeixen la festa s\u2019acosten al barri en festes i puguen con\u00e9ixer l\u2019hist\u00f2ria i festes en honor a l\u2019Image de Sant Bult. El c\u00e0rrec de la Presid\u00e8ncia \u00e9s una responsabilitat, en el que tens que donar la millor image de la festa i una proposta de Paula \u00e9s conseguir que el c\u00e0rrec de la presid\u00e8ncia no estiga tan centralisat i siga l\u2019uni\u00f3 d\u2019idees i millores en la festa. La Festa de Sant Bult seguix hui en dia celebrant-se i que menys que havent estrenat la Llar \u2013 Escola rehabilitat, pugam entre tots conseguir donar vida a la nostra s\u00e8u i conseguir reunir a tots els ve\u00efns de la Xerea en ella.[\/vc_column_text][\/vc_column][vc_column width=&#8221;1\/2&#8243;][vc_single_image image=&#8221;10222&#8243; img_size=&#8221;full&#8221; alignment=&#8221;center&#8221;][\/vc_column][\/vc_row][vc_row][vc_column][vc_empty_space][\/vc_column][\/vc_row]<\/p>\n<\/div>","protected":false},"excerpt":{"rendered":"<p>[vc_row][vc_column][vc_separator color=&#8221;blue&#8221; align=&#8221;align_left&#8221; border_width=&#8221;2&#8243; el_width=&#8221;10&#8243;][\/vc_column][\/vc_row][vc_row content_placement=&#8221;middle&#8221;][vc_column width=&#8221;1\/2&#8243;][vc_single_image image=&#8221;10221&#8243; img_size=&#8221;full&#8221; alignment=&#8221;center&#8221;][\/vc_column][vc_column width=&#8221;1\/2&#8243;][vc_column_text]El passat 3 de febrer es va elegir per unanimitat la nova junta directiva de&hellip;<\/p>\n","protected":false},"author":1,"featured_media":10223,"comment_status":"closed","ping_status":"closed","sticky":false,"template":"","format":"standard","meta":{"footnotes":""},"categories":[744,177,493,358,777],"tags":[],"class_list":["post-10229","post","type-post","status-publish","format-standard","has-post-thumbnail","hentry","category-2023-va","category-archiu-historic","category-inici","category-junta-sant-bult-val","category-principal-va"],"yoast_head":"<!-- This site is optimized with the Yoast SEO Premium plugin v24.8 (Yoast SEO v27.4) - https:\/\/yoast.com\/product\/yoast-seo-premium-wordpress\/ -->\n<title>Paula Bellido Suay, Presidenta Llar Escola Festes Sant Bult - Festes de Sant Bult \u2013 La Xerea<\/title>\n<meta name=\"description\" content=\"SANT BULT | Paula Bellido, elegida per unanimitat com a primera Presidenta de la Llar - Escola de Sant Bult.\" \/>\n<meta name=\"robots\" content=\"index, follow, max-snippet:-1, max-image-preview:large, max-video-preview:-1\" \/>\n<link rel=\"canonical\" href=\"https:\/\/santbult.es\/va\/paula-bellido-suay-presidenta-festes-sant-bult\/\" \/>\n<meta property=\"og:locale\" content=\"en_US\" \/>\n<meta property=\"og:type\" content=\"article\" \/>\n<meta property=\"og:title\" content=\"Paula Bellido Suay, Presidenta Llar Escola Festes Sant Bult\" \/>\n<meta property=\"og:description\" content=\"SANT BULT | Paula Bellido, elegida per unanimitat com a primera Presidenta de la Llar - Escola de Sant Bult.\" \/>\n<meta property=\"og:url\" content=\"https:\/\/santbult.es\/va\/paula-bellido-suay-presidenta-festes-sant-bult\/\" \/>\n<meta property=\"og:site_name\" content=\"Festes de Sant Bult \u2013 La Xerea\" \/>\n<meta property=\"article:publisher\" content=\"https:\/\/www.facebook.com\/santbult\" \/>\n<meta property=\"article:published_time\" content=\"2023-03-08T09:02:00+00:00\" \/>\n<meta property=\"article:modified_time\" content=\"2025-06-26T17:15:08+00:00\" \/>\n<meta property=\"og:image\" content=\"https:\/\/santbult.es\/wp-content\/uploads\/2023\/03\/paula-bellido-03.jpg\" \/>\n\t<meta property=\"og:image:width\" content=\"768\" \/>\n\t<meta property=\"og:image:height\" content=\"628\" \/>\n\t<meta property=\"og:image:type\" content=\"image\/jpeg\" \/>\n<meta name=\"author\" content=\"santbult\" \/>\n<meta name=\"twitter:card\" content=\"summary_large_image\" \/>\n<meta name=\"twitter:description\" content=\"SANT BULT | Paula Bellido, elegida per unanimitat com a primera Presidenta de la Llar - Escola de Sant Bult.\" \/>\n<meta name=\"twitter:creator\" content=\"@sant_bult\" \/>\n<meta name=\"twitter:site\" content=\"@sant_bult\" \/>\n<meta name=\"twitter:label1\" content=\"Written by\" \/>\n\t<meta name=\"twitter:data1\" content=\"santbult\" \/>\n\t<meta name=\"twitter:label2\" content=\"Est. reading time\" \/>\n\t<meta name=\"twitter:data2\" content=\"3 minutes\" \/>\n<script type=\"application\/ld+json\" class=\"yoast-schema-graph\">{\"@context\":\"https:\\\/\\\/schema.org\",\"@graph\":[{\"@type\":\"Article\",\"@id\":\"https:\\\/\\\/santbult.es\\\/va\\\/paula-bellido-suay-presidenta-festes-sant-bult\\\/#article\",\"isPartOf\":{\"@id\":\"https:\\\/\\\/santbult.es\\\/va\\\/paula-bellido-suay-presidenta-festes-sant-bult\\\/\"},\"author\":{\"name\":\"santbult\",\"@id\":\"https:\\\/\\\/santbult.es\\\/#\\\/schema\\\/person\\\/a2291a6450b44bc876c6fe81b146f15d\"},\"headline\":\"Paula Bellido Suay, Presidenta Llar Escola Festes Sant Bult\",\"datePublished\":\"2023-03-08T09:02:00+00:00\",\"dateModified\":\"2025-06-26T17:15:08+00:00\",\"mainEntityOfPage\":{\"@id\":\"https:\\\/\\\/santbult.es\\\/va\\\/paula-bellido-suay-presidenta-festes-sant-bult\\\/\"},\"wordCount\":546,\"publisher\":{\"@id\":\"https:\\\/\\\/santbult.es\\\/#organization\"},\"image\":{\"@id\":\"https:\\\/\\\/santbult.es\\\/va\\\/paula-bellido-suay-presidenta-festes-sant-bult\\\/#primaryimage\"},\"thumbnailUrl\":\"https:\\\/\\\/santbult.es\\\/wp-content\\\/uploads\\\/2023\\\/03\\\/paula-bellido-03.jpg\",\"articleSection\":[\"2023\",\"Archiu Hist\u00f2ric\",\"Inici\",\"Junta Sant Bult\",\"Principal\"],\"inLanguage\":\"val\"},{\"@type\":\"WebPage\",\"@id\":\"https:\\\/\\\/santbult.es\\\/va\\\/paula-bellido-suay-presidenta-festes-sant-bult\\\/\",\"url\":\"https:\\\/\\\/santbult.es\\\/va\\\/paula-bellido-suay-presidenta-festes-sant-bult\\\/\",\"name\":\"Paula Bellido Suay, Presidenta Llar Escola Festes Sant Bult - Festes de Sant Bult \u2013 La Xerea\",\"isPartOf\":{\"@id\":\"https:\\\/\\\/santbult.es\\\/#website\"},\"primaryImageOfPage\":{\"@id\":\"https:\\\/\\\/santbult.es\\\/va\\\/paula-bellido-suay-presidenta-festes-sant-bult\\\/#primaryimage\"},\"image\":{\"@id\":\"https:\\\/\\\/santbult.es\\\/va\\\/paula-bellido-suay-presidenta-festes-sant-bult\\\/#primaryimage\"},\"thumbnailUrl\":\"https:\\\/\\\/santbult.es\\\/wp-content\\\/uploads\\\/2023\\\/03\\\/paula-bellido-03.jpg\",\"datePublished\":\"2023-03-08T09:02:00+00:00\",\"dateModified\":\"2025-06-26T17:15:08+00:00\",\"description\":\"SANT BULT | Paula Bellido, elegida per unanimitat com a primera Presidenta de la Llar - Escola de Sant Bult.\",\"breadcrumb\":{\"@id\":\"https:\\\/\\\/santbult.es\\\/va\\\/paula-bellido-suay-presidenta-festes-sant-bult\\\/#breadcrumb\"},\"inLanguage\":\"val\",\"potentialAction\":[{\"@type\":\"ReadAction\",\"target\":[\"https:\\\/\\\/santbult.es\\\/va\\\/paula-bellido-suay-presidenta-festes-sant-bult\\\/\"]}]},{\"@type\":\"ImageObject\",\"inLanguage\":\"val\",\"@id\":\"https:\\\/\\\/santbult.es\\\/va\\\/paula-bellido-suay-presidenta-festes-sant-bult\\\/#primaryimage\",\"url\":\"https:\\\/\\\/santbult.es\\\/wp-content\\\/uploads\\\/2023\\\/03\\\/paula-bellido-03.jpg\",\"contentUrl\":\"https:\\\/\\\/santbult.es\\\/wp-content\\\/uploads\\\/2023\\\/03\\\/paula-bellido-03.jpg\",\"width\":768,\"height\":628},{\"@type\":\"BreadcrumbList\",\"@id\":\"https:\\\/\\\/santbult.es\\\/va\\\/paula-bellido-suay-presidenta-festes-sant-bult\\\/#breadcrumb\",\"itemListElement\":[{\"@type\":\"ListItem\",\"position\":1,\"name\":\"Inici\",\"item\":\"https:\\\/\\\/santbult.es\\\/va\\\/category\\\/inici\\\/\"},{\"@type\":\"ListItem\",\"position\":2,\"name\":\"Paula Bellido Suay, Presidenta Llar Escola Festes Sant Bult\"}]},{\"@type\":\"WebSite\",\"@id\":\"https:\\\/\\\/santbult.es\\\/#website\",\"url\":\"https:\\\/\\\/santbult.es\\\/\",\"name\":\"Festes de Sant Bult \u2013 La Xerea\",\"description\":\"B\u00e9 Rellev\u00e0ncia Local Immaterial\",\"publisher\":{\"@id\":\"https:\\\/\\\/santbult.es\\\/#organization\"},\"potentialAction\":[{\"@type\":\"SearchAction\",\"target\":{\"@type\":\"EntryPoint\",\"urlTemplate\":\"https:\\\/\\\/santbult.es\\\/?s={search_term_string}\"},\"query-input\":{\"@type\":\"PropertyValueSpecification\",\"valueRequired\":true,\"valueName\":\"search_term_string\"}}],\"inLanguage\":\"val\"},{\"@type\":\"Organization\",\"@id\":\"https:\\\/\\\/santbult.es\\\/#organization\",\"name\":\"Sant Bult\",\"url\":\"https:\\\/\\\/santbult.es\\\/\",\"logo\":{\"@type\":\"ImageObject\",\"inLanguage\":\"val\",\"@id\":\"https:\\\/\\\/santbult.es\\\/#\\\/schema\\\/logo\\\/image\\\/\",\"url\":\"https:\\\/\\\/santbult.es\\\/wp-content\\\/uploads\\\/2019\\\/04\\\/mini-sant-bult.png\",\"contentUrl\":\"https:\\\/\\\/santbult.es\\\/wp-content\\\/uploads\\\/2019\\\/04\\\/mini-sant-bult.png\",\"width\":330,\"height\":330,\"caption\":\"Sant Bult\"},\"image\":{\"@id\":\"https:\\\/\\\/santbult.es\\\/#\\\/schema\\\/logo\\\/image\\\/\"},\"sameAs\":[\"https:\\\/\\\/www.facebook.com\\\/santbult\",\"https:\\\/\\\/x.com\\\/sant_bult\",\"https:\\\/\\\/www.instagram.com\\\/sant_bult\\\/\",\"https:\\\/\\\/www.youtube.com\\\/channel\\\/UCViTQedoyMvyMj-pAq4doMA\"]},{\"@type\":\"Person\",\"@id\":\"https:\\\/\\\/santbult.es\\\/#\\\/schema\\\/person\\\/a2291a6450b44bc876c6fe81b146f15d\",\"name\":\"santbult\",\"image\":{\"@type\":\"ImageObject\",\"inLanguage\":\"val\",\"@id\":\"https:\\\/\\\/secure.gravatar.com\\\/avatar\\\/946e8694005d0bd75998ba9f0cf5ce2939c3dc003df972082147d2a625f3837d?s=96&d=mm&r=g\",\"url\":\"https:\\\/\\\/secure.gravatar.com\\\/avatar\\\/946e8694005d0bd75998ba9f0cf5ce2939c3dc003df972082147d2a625f3837d?s=96&d=mm&r=g\",\"contentUrl\":\"https:\\\/\\\/secure.gravatar.com\\\/avatar\\\/946e8694005d0bd75998ba9f0cf5ce2939c3dc003df972082147d2a625f3837d?s=96&d=mm&r=g\",\"caption\":\"santbult\"},\"sameAs\":[\"https:\\\/\\\/santbult.es\"]}]}<\/script>\n<!-- \/ Yoast SEO Premium plugin. -->","yoast_head_json":{"title":"Paula Bellido Suay, Presidenta Llar Escola Festes Sant Bult - Festes de Sant Bult \u2013 La Xerea","description":"SANT BULT | Paula Bellido, elegida per unanimitat com a primera Presidenta de la Llar - Escola de Sant Bult.","robots":{"index":"index","follow":"follow","max-snippet":"max-snippet:-1","max-image-preview":"max-image-preview:large","max-video-preview":"max-video-preview:-1"},"canonical":"https:\/\/santbult.es\/va\/paula-bellido-suay-presidenta-festes-sant-bult\/","og_locale":"en_US","og_type":"article","og_title":"Paula Bellido Suay, Presidenta Llar Escola Festes Sant Bult","og_description":"SANT BULT | Paula Bellido, elegida per unanimitat com a primera Presidenta de la Llar - Escola de Sant Bult.","og_url":"https:\/\/santbult.es\/va\/paula-bellido-suay-presidenta-festes-sant-bult\/","og_site_name":"Festes de Sant Bult \u2013 La Xerea","article_publisher":"https:\/\/www.facebook.com\/santbult","article_published_time":"2023-03-08T09:02:00+00:00","article_modified_time":"2025-06-26T17:15:08+00:00","og_image":[{"width":768,"height":628,"url":"https:\/\/santbult.es\/wp-content\/uploads\/2023\/03\/paula-bellido-03.jpg","type":"image\/jpeg"}],"author":"santbult","twitter_card":"summary_large_image","twitter_description":"SANT BULT | Paula Bellido, elegida per unanimitat com a primera Presidenta de la Llar - Escola de Sant Bult.","twitter_creator":"@sant_bult","twitter_site":"@sant_bult","twitter_misc":{"Written by":"santbult","Est. reading time":"3 minutes"},"schema":{"@context":"https:\/\/schema.org","@graph":[{"@type":"Article","@id":"https:\/\/santbult.es\/va\/paula-bellido-suay-presidenta-festes-sant-bult\/#article","isPartOf":{"@id":"https:\/\/santbult.es\/va\/paula-bellido-suay-presidenta-festes-sant-bult\/"},"author":{"name":"santbult","@id":"https:\/\/santbult.es\/#\/schema\/person\/a2291a6450b44bc876c6fe81b146f15d"},"headline":"Paula Bellido Suay, Presidenta Llar Escola Festes Sant Bult","datePublished":"2023-03-08T09:02:00+00:00","dateModified":"2025-06-26T17:15:08+00:00","mainEntityOfPage":{"@id":"https:\/\/santbult.es\/va\/paula-bellido-suay-presidenta-festes-sant-bult\/"},"wordCount":546,"publisher":{"@id":"https:\/\/santbult.es\/#organization"},"image":{"@id":"https:\/\/santbult.es\/va\/paula-bellido-suay-presidenta-festes-sant-bult\/#primaryimage"},"thumbnailUrl":"https:\/\/santbult.es\/wp-content\/uploads\/2023\/03\/paula-bellido-03.jpg","articleSection":["2023","Archiu Hist\u00f2ric","Inici","Junta Sant Bult","Principal"],"inLanguage":"val"},{"@type":"WebPage","@id":"https:\/\/santbult.es\/va\/paula-bellido-suay-presidenta-festes-sant-bult\/","url":"https:\/\/santbult.es\/va\/paula-bellido-suay-presidenta-festes-sant-bult\/","name":"Paula Bellido Suay, Presidenta Llar Escola Festes Sant Bult - Festes de Sant Bult \u2013 La Xerea","isPartOf":{"@id":"https:\/\/santbult.es\/#website"},"primaryImageOfPage":{"@id":"https:\/\/santbult.es\/va\/paula-bellido-suay-presidenta-festes-sant-bult\/#primaryimage"},"image":{"@id":"https:\/\/santbult.es\/va\/paula-bellido-suay-presidenta-festes-sant-bult\/#primaryimage"},"thumbnailUrl":"https:\/\/santbult.es\/wp-content\/uploads\/2023\/03\/paula-bellido-03.jpg","datePublished":"2023-03-08T09:02:00+00:00","dateModified":"2025-06-26T17:15:08+00:00","description":"SANT BULT | Paula Bellido, elegida per unanimitat com a primera Presidenta de la Llar - Escola de Sant Bult.","breadcrumb":{"@id":"https:\/\/santbult.es\/va\/paula-bellido-suay-presidenta-festes-sant-bult\/#breadcrumb"},"inLanguage":"val","potentialAction":[{"@type":"ReadAction","target":["https:\/\/santbult.es\/va\/paula-bellido-suay-presidenta-festes-sant-bult\/"]}]},{"@type":"ImageObject","inLanguage":"val","@id":"https:\/\/santbult.es\/va\/paula-bellido-suay-presidenta-festes-sant-bult\/#primaryimage","url":"https:\/\/santbult.es\/wp-content\/uploads\/2023\/03\/paula-bellido-03.jpg","contentUrl":"https:\/\/santbult.es\/wp-content\/uploads\/2023\/03\/paula-bellido-03.jpg","width":768,"height":628},{"@type":"BreadcrumbList","@id":"https:\/\/santbult.es\/va\/paula-bellido-suay-presidenta-festes-sant-bult\/#breadcrumb","itemListElement":[{"@type":"ListItem","position":1,"name":"Inici","item":"https:\/\/santbult.es\/va\/category\/inici\/"},{"@type":"ListItem","position":2,"name":"Paula Bellido Suay, Presidenta Llar Escola Festes Sant Bult"}]},{"@type":"WebSite","@id":"https:\/\/santbult.es\/#website","url":"https:\/\/santbult.es\/","name":"Festes de Sant Bult \u2013 La Xerea","description":"B\u00e9 Rellev\u00e0ncia Local Immaterial","publisher":{"@id":"https:\/\/santbult.es\/#organization"},"potentialAction":[{"@type":"SearchAction","target":{"@type":"EntryPoint","urlTemplate":"https:\/\/santbult.es\/?s={search_term_string}"},"query-input":{"@type":"PropertyValueSpecification","valueRequired":true,"valueName":"search_term_string"}}],"inLanguage":"val"},{"@type":"Organization","@id":"https:\/\/santbult.es\/#organization","name":"Sant Bult","url":"https:\/\/santbult.es\/","logo":{"@type":"ImageObject","inLanguage":"val","@id":"https:\/\/santbult.es\/#\/schema\/logo\/image\/","url":"https:\/\/santbult.es\/wp-content\/uploads\/2019\/04\/mini-sant-bult.png","contentUrl":"https:\/\/santbult.es\/wp-content\/uploads\/2019\/04\/mini-sant-bult.png","width":330,"height":330,"caption":"Sant Bult"},"image":{"@id":"https:\/\/santbult.es\/#\/schema\/logo\/image\/"},"sameAs":["https:\/\/www.facebook.com\/santbult","https:\/\/x.com\/sant_bult","https:\/\/www.instagram.com\/sant_bult\/","https:\/\/www.youtube.com\/channel\/UCViTQedoyMvyMj-pAq4doMA"]},{"@type":"Person","@id":"https:\/\/santbult.es\/#\/schema\/person\/a2291a6450b44bc876c6fe81b146f15d","name":"santbult","image":{"@type":"ImageObject","inLanguage":"val","@id":"https:\/\/secure.gravatar.com\/avatar\/946e8694005d0bd75998ba9f0cf5ce2939c3dc003df972082147d2a625f3837d?s=96&d=mm&r=g","url":"https:\/\/secure.gravatar.com\/avatar\/946e8694005d0bd75998ba9f0cf5ce2939c3dc003df972082147d2a625f3837d?s=96&d=mm&r=g","contentUrl":"https:\/\/secure.gravatar.com\/avatar\/946e8694005d0bd75998ba9f0cf5ce2939c3dc003df972082147d2a625f3837d?s=96&d=mm&r=g","caption":"santbult"},"sameAs":["https:\/\/santbult.es"]}]}},"_links":{"self":[{"href":"https:\/\/santbult.es\/va\/wp-json\/wp\/v2\/posts\/10229","targetHints":{"allow":["GET"]}}],"collection":[{"href":"https:\/\/santbult.es\/va\/wp-json\/wp\/v2\/posts"}],"about":[{"href":"https:\/\/santbult.es\/va\/wp-json\/wp\/v2\/types\/post"}],"author":[{"embeddable":true,"href":"https:\/\/santbult.es\/va\/wp-json\/wp\/v2\/users\/1"}],"replies":[{"embeddable":true,"href":"https:\/\/santbult.es\/va\/wp-json\/wp\/v2\/comments?post=10229"}],"version-history":[{"count":3,"href":"https:\/\/santbult.es\/va\/wp-json\/wp\/v2\/posts\/10229\/revisions"}],"predecessor-version":[{"id":17244,"href":"https:\/\/santbult.es\/va\/wp-json\/wp\/v2\/posts\/10229\/revisions\/17244"}],"wp:featuredmedia":[{"embeddable":true,"href":"https:\/\/santbult.es\/va\/wp-json\/wp\/v2\/media\/10223"}],"wp:attachment":[{"href":"https:\/\/santbult.es\/va\/wp-json\/wp\/v2\/media?parent=10229"}],"wp:term":[{"taxonomy":"category","embeddable":true,"href":"https:\/\/santbult.es\/va\/wp-json\/wp\/v2\/categories?post=10229"},{"taxonomy":"post_tag","embeddable":true,"href":"https:\/\/santbult.es\/va\/wp-json\/wp\/v2\/tags?post=10229"}],"curies":[{"name":"wp","href":"https:\/\/api.w.org\/{rel}","templated":true}]}}